{"id":6910,"date":"2026-04-10T15:42:29","date_gmt":"2026-04-10T15:42:29","guid":{"rendered":"https:\/\/periodicocentroccidente.com\/?p=6910"},"modified":"2026-04-10T15:42:29","modified_gmt":"2026-04-10T15:42:29","slug":"vigilancia-sobre-fiebre-amarilla-se-concentra-en-aragua-barinas-lara-y-portuguesa","status":"publish","type":"post","link":"https:\/\/periodicocentroccidente.com\/?p=6910","title":{"rendered":"Vigilancia sobre fiebre amarilla se concentra en Aragua, Barinas, Lara y Portuguesa"},"content":{"rendered":"<p><strong>Especial.-<\/strong><\/p>\n<p>El Ministerio de Salud ha intensificado este a\u00f1o la vigilancia sobre la fiebre amarilla, lo que se evidencia en un aumento de 41,8% en el n\u00famero de ex\u00e1menes realizados durante las primeras 12 semanas respecto al mismo periodo de 2025, seg\u00fan se desprende del bolet\u00edn epidemiol\u00f3gico del Ministerio de Salud de la semana del 15 al 21 de marzo.<\/p>\n<p>Indica igualmente el bolet\u00edn que iniciado la campa\u00f1a de intensificaci\u00f3n de vacunaci\u00f3n, priorizando la ejecuci\u00f3n de la misma en 22 parroquias en las entidades federales<br \/>\nAragua, Barinas, Lara y Portuguesa en una primera etapa, siendo las entidades con mayor densidad de casos.<\/p>\n<p>Advierte en Ministerio que el 60,5% de los 25 casos humanos presentados en 2026 se relacionan con el ciclo selv\u00e1tico-rural, afectando principalmente al sexo masculino (58%), y que la mayor incidencia se encuentra en el grupo etario de 20 a 29 a\u00f1os con un 24% de los casos confirmados en estas edades.<\/p>\n<p>El riesgo ocupacional con alta vulnerabilidad es en agricultores (9), amas de casa (6) y obreros (3). Los casos se han presentado en Barinas (12), Monagas (5), Amazonas (4), Bol\u00edvar (2), M\u00e9rida (2), Lara (2), Apure (2), Portuguesa (2), Aragua (2), Trujillo (1), T\u00e1chira (1), Carabobo (1), Cojedes (1), Gu\u00e1rico (1).<\/p>\n<p><img loading=\"lazy\" decoding=\"async\" class=\"alignnone size-medium wp-image-6915\" src=\"https:\/\/periodicocentroccidente.com\/wp-content\/uploads\/2026\/04\/1008561725-300x252.jpg\" alt=\"\" width=\"300\" height=\"252\" srcset=\"https:\/\/periodicocentroccidente.com\/wp-content\/uploads\/2026\/04\/1008561725-300x252.jpg 300w, https:\/\/periodicocentroccidente.com\/wp-content\/uploads\/2026\/04\/1008561725-1024x860.jpg 1024w, https:\/\/periodicocentroccidente.com\/wp-content\/uploads\/2026\/04\/1008561725-768x645.jpg 768w, https:\/\/periodicocentroccidente.com\/wp-content\/uploads\/2026\/04\/1008561725.jpg 1152w\" sizes=\"auto, (max-width: 300px) 100vw, 300px\" \/>\u00a0 \u00a0 <img loading=\"lazy\" decoding=\"async\" class=\"alignnone size-medium wp-image-6913\" src=\"https:\/\/periodicocentroccidente.com\/wp-content\/uploads\/2026\/04\/1008561699-225x300.jpg\" alt=\"\" width=\"225\" height=\"300\" srcset=\"https:\/\/periodicocentroccidente.com\/wp-content\/uploads\/2026\/04\/1008561699-225x300.jpg 225w, https:\/\/periodicocentroccidente.com\/wp-content\/uploads\/2026\/04\/1008561699-768x1024.jpg 768w, https:\/\/periodicocentroccidente.com\/wp-content\/uploads\/2026\/04\/1008561699.jpg 960w\" sizes=\"auto, (max-width: 225px) 100vw, 225px\" \/><\/p>\n<p><img loading=\"lazy\" decoding=\"async\" class=\"alignnone size-medium wp-image-6917\" src=\"https:\/\/periodicocentroccidente.com\/wp-content\/uploads\/2026\/04\/unnamed-4-225x300.jpg\" alt=\"\" width=\"225\" height=\"300\" srcset=\"https:\/\/periodicocentroccidente.com\/wp-content\/uploads\/2026\/04\/unnamed-4-225x300.jpg 225w, https:\/\/periodicocentroccidente.com\/wp-content\/uploads\/2026\/04\/unnamed-4-768x1024.jpg 768w, https:\/\/periodicocentroccidente.com\/wp-content\/uploads\/2026\/04\/unnamed-4.jpg 960w\" sizes=\"auto, (max-width: 225px) 100vw, 225px\" \/>\u00a0 \u00a0 \u00a0 <img loading=\"lazy\" decoding=\"async\" class=\"alignnone size-medium wp-image-6919\" src=\"https:\/\/periodicocentroccidente.com\/wp-content\/uploads\/2026\/04\/vacunaa-300x175.jpg\" alt=\"\" width=\"300\" height=\"175\" srcset=\"https:\/\/periodicocentroccidente.com\/wp-content\/uploads\/2026\/04\/vacunaa-300x175.jpg 300w, https:\/\/periodicocentroccidente.com\/wp-content\/uploads\/2026\/04\/vacunaa-768x448.jpg 768w, https:\/\/periodicocentroccidente.com\/wp-content\/uploads\/2026\/04\/vacunaa.jpg 942w\" sizes=\"auto, (max-width: 300px) 100vw, 300px\" \/><\/p>\n","protected":false},"excerpt":{"rendered":"<p>Especial.- El Ministerio de Salud ha intensificado este a&ntilde;o la vigilancia sobre la fiebre amarilla, lo que se evidencia en un aumento de 41,8% en el n&uacute;mero de ex&aacute;menes realizados durante las primeras 12 semanas respecto al mismo periodo de 2025, seg&uacute;n se desprende del bolet&iacute;n epidemiol&oacute;gico del Ministerio de Salud de la semana del &hellip;<\/p>\n","protected":false},"author":2,"featured_media":6918,"comment_status":"open","ping_status":"open","sticky":false,"template":"","format":"standard","meta":{"_jetpack_memberships_contains_paid_content":false,"footnotes":""},"categories":[127],"tags":[],"class_list":["post-6910","post","type-post","status-publish","format-standard","has-post-thumbnail","hentry","category-noticias-recientes"],"yoast_head":"<!-- This site is optimized with the Yoast SEO plugin v24.8.1 - https:\/\/yoast.com\/wordpress\/plugins\/seo\/ -->\n<title>Vigilancia sobre fiebre amarilla se concentra en Aragua, Barinas, Lara y Portuguesa -<\/title>\n<meta name=\"robots\" content=\"index, follow, max-snippet:-1, max-image-preview:large, max-video-preview:-1\" \/>\n<link rel=\"canonical\" href=\"https:\/\/periodicocentroccidente.com\/?p=6910\" \/>\n<meta property=\"og:locale\" content=\"es_ES\" \/>\n<meta property=\"og:type\" content=\"article\" \/>\n<meta property=\"og:title\" content=\"Vigilancia sobre fiebre amarilla se concentra en Aragua, Barinas, Lara y Portuguesa -\" \/>\n<meta property=\"og:description\" content=\"Especial.- El Ministerio de Salud ha intensificado este a&ntilde;o la vigilancia sobre la fiebre amarilla, lo que se evidencia en un aumento de 41,8% en el n&uacute;mero de ex&aacute;menes realizados durante las primeras 12 semanas respecto al mismo periodo de 2025, seg&uacute;n se desprende del bolet&iacute;n epidemiol&oacute;gico del Ministerio de Salud de la semana del &hellip;\" \/>\n<meta property=\"og:url\" content=\"https:\/\/periodicocentroccidente.com\/?p=6910\" \/>\n<meta property=\"article:published_time\" content=\"2026-04-10T15:42:29+00:00\" \/>\n<meta property=\"og:image\" content=\"https:\/\/periodicocentroccidente.com\/wp-content\/uploads\/2026\/04\/vacuna2.jpg\" \/>\n\t<meta property=\"og:image:width\" content=\"1253\" \/>\n\t<meta property=\"og:image:height\" content=\"635\" \/>\n\t<meta property=\"og:image:type\" content=\"image\/jpeg\" \/>\n<meta name=\"author\" content=\"Ricardo\" \/>\n<meta name=\"twitter:card\" content=\"summary_large_image\" \/>\n<meta name=\"twitter:label1\" content=\"Escrito por\" \/>\n\t<meta name=\"twitter:data1\" content=\"Ricardo\" \/>\n\t<meta name=\"twitter:label2\" content=\"Tiempo de lectura\" \/>\n\t<meta name=\"twitter:data2\" content=\"2 minutos\" \/>\n<script type=\"application\/ld+json\" class=\"yoast-schema-graph\">{\"@context\":\"https:\/\/schema.org\",\"@graph\":[{\"@type\":\"WebPage\",\"@id\":\"https:\/\/periodicocentroccidente.com\/?p=6910\",\"url\":\"https:\/\/periodicocentroccidente.com\/?p=6910\",\"name\":\"Vigilancia sobre fiebre amarilla se concentra en Aragua, Barinas, Lara y Portuguesa -\",\"isPartOf\":{\"@id\":\"https:\/\/periodicocentroccidente.com\/#website\"},\"primaryImageOfPage\":{\"@id\":\"https:\/\/periodicocentroccidente.com\/?p=6910#primaryimage\"},\"image\":{\"@id\":\"https:\/\/periodicocentroccidente.com\/?p=6910#primaryimage\"},\"thumbnailUrl\":\"https:\/\/periodicocentroccidente.com\/wp-content\/uploads\/2026\/04\/vacuna2.jpg\",\"datePublished\":\"2026-04-10T15:42:29+00:00\",\"author\":{\"@id\":\"https:\/\/periodicocentroccidente.com\/#\/schema\/person\/f4e4a651098f3db198244657b7130e7e\"},\"breadcrumb\":{\"@id\":\"https:\/\/periodicocentroccidente.com\/?p=6910#breadcrumb\"},\"inLanguage\":\"es\",\"potentialAction\":[{\"@type\":\"ReadAction\",\"target\":[\"https:\/\/periodicocentroccidente.com\/?p=6910\"]}]},{\"@type\":\"ImageObject\",\"inLanguage\":\"es\",\"@id\":\"https:\/\/periodicocentroccidente.com\/?p=6910#primaryimage\",\"url\":\"https:\/\/periodicocentroccidente.com\/wp-content\/uploads\/2026\/04\/vacuna2.jpg\",\"contentUrl\":\"https:\/\/periodicocentroccidente.com\/wp-content\/uploads\/2026\/04\/vacuna2.jpg\",\"width\":1253,\"height\":635},{\"@type\":\"BreadcrumbList\",\"@id\":\"https:\/\/periodicocentroccidente.com\/?p=6910#breadcrumb\",\"itemListElement\":[{\"@type\":\"ListItem\",\"position\":1,\"name\":\"Portada\",\"item\":\"https:\/\/periodicocentroccidente.com\/\"},{\"@type\":\"ListItem\",\"position\":2,\"name\":\"Vigilancia sobre fiebre amarilla se concentra en Aragua, Barinas, Lara y Portuguesa\"}]},{\"@type\":\"WebSite\",\"@id\":\"https:\/\/periodicocentroccidente.com\/#website\",\"url\":\"https:\/\/periodicocentroccidente.com\/\",\"name\":\"\",\"description\":\"Periodismo serio y responsable\",\"potentialAction\":[{\"@type\":\"SearchAction\",\"target\":{\"@type\":\"EntryPoint\",\"urlTemplate\":\"https:\/\/periodicocentroccidente.com\/?s={search_term_string}\"},\"query-input\":{\"@type\":\"PropertyValueSpecification\",\"valueRequired\":true,\"valueName\":\"search_term_string\"}}],\"inLanguage\":\"es\"},{\"@type\":\"Person\",\"@id\":\"https:\/\/periodicocentroccidente.com\/#\/schema\/person\/f4e4a651098f3db198244657b7130e7e\",\"name\":\"Ricardo\",\"image\":{\"@type\":\"ImageObject\",\"inLanguage\":\"es\",\"@id\":\"https:\/\/periodicocentroccidente.com\/#\/schema\/person\/image\/\",\"url\":\"https:\/\/secure.gravatar.com\/avatar\/402e6137108ec0fdaa7809184382fb1dd2f8b00264c1d945d341f2b8f90db429?s=96&d=mm&r=g\",\"contentUrl\":\"https:\/\/secure.gravatar.com\/avatar\/402e6137108ec0fdaa7809184382fb1dd2f8b00264c1d945d341f2b8f90db429?s=96&d=mm&r=g\",\"caption\":\"Ricardo\"},\"url\":\"https:\/\/periodicocentroccidente.com\/?author=2\"}]}<\/script>\n<!-- \/ Yoast SEO plugin. -->","yoast_head_json":{"title":"Vigilancia sobre fiebre amarilla se concentra en Aragua, Barinas, Lara y Portuguesa -","robots":{"index":"index","follow":"follow","max-snippet":"max-snippet:-1","max-image-preview":"max-image-preview:large","max-video-preview":"max-video-preview:-1"},"canonical":"https:\/\/periodicocentroccidente.com\/?p=6910","og_locale":"es_ES","og_type":"article","og_title":"Vigilancia sobre fiebre amarilla se concentra en Aragua, Barinas, Lara y Portuguesa -","og_description":"Especial.- El Ministerio de Salud ha intensificado este a&ntilde;o la vigilancia sobre la fiebre amarilla, lo que se evidencia en un aumento de 41,8% en el n&uacute;mero de ex&aacute;menes realizados durante las primeras 12 semanas respecto al mismo periodo de 2025, seg&uacute;n se desprende del bolet&iacute;n epidemiol&oacute;gico del Ministerio de Salud de la semana del &hellip;","og_url":"https:\/\/periodicocentroccidente.com\/?p=6910","article_published_time":"2026-04-10T15:42:29+00:00","og_image":[{"width":1253,"height":635,"url":"https:\/\/periodicocentroccidente.com\/wp-content\/uploads\/2026\/04\/vacuna2.jpg","type":"image\/jpeg"}],"author":"Ricardo","twitter_card":"summary_large_image","twitter_misc":{"Escrito por":"Ricardo","Tiempo de lectura":"2 minutos"},"schema":{"@context":"https:\/\/schema.org","@graph":[{"@type":"WebPage","@id":"https:\/\/periodicocentroccidente.com\/?p=6910","url":"https:\/\/periodicocentroccidente.com\/?p=6910","name":"Vigilancia sobre fiebre amarilla se concentra en Aragua, Barinas, Lara y Portuguesa -","isPartOf":{"@id":"https:\/\/periodicocentroccidente.com\/#website"},"primaryImageOfPage":{"@id":"https:\/\/periodicocentroccidente.com\/?p=6910#primaryimage"},"image":{"@id":"https:\/\/periodicocentroccidente.com\/?p=6910#primaryimage"},"thumbnailUrl":"https:\/\/periodicocentroccidente.com\/wp-content\/uploads\/2026\/04\/vacuna2.jpg","datePublished":"2026-04-10T15:42:29+00:00","author":{"@id":"https:\/\/periodicocentroccidente.com\/#\/schema\/person\/f4e4a651098f3db198244657b7130e7e"},"breadcrumb":{"@id":"https:\/\/periodicocentroccidente.com\/?p=6910#breadcrumb"},"inLanguage":"es","potentialAction":[{"@type":"ReadAction","target":["https:\/\/periodicocentroccidente.com\/?p=6910"]}]},{"@type":"ImageObject","inLanguage":"es","@id":"https:\/\/periodicocentroccidente.com\/?p=6910#primaryimage","url":"https:\/\/periodicocentroccidente.com\/wp-content\/uploads\/2026\/04\/vacuna2.jpg","contentUrl":"https:\/\/periodicocentroccidente.com\/wp-content\/uploads\/2026\/04\/vacuna2.jpg","width":1253,"height":635},{"@type":"BreadcrumbList","@id":"https:\/\/periodicocentroccidente.com\/?p=6910#breadcrumb","itemListElement":[{"@type":"ListItem","position":1,"name":"Portada","item":"https:\/\/periodicocentroccidente.com\/"},{"@type":"ListItem","position":2,"name":"Vigilancia sobre fiebre amarilla se concentra en Aragua, Barinas, Lara y Portuguesa"}]},{"@type":"WebSite","@id":"https:\/\/periodicocentroccidente.com\/#website","url":"https:\/\/periodicocentroccidente.com\/","name":"","description":"Periodismo serio y responsable","potentialAction":[{"@type":"SearchAction","target":{"@type":"EntryPoint","urlTemplate":"https:\/\/periodicocentroccidente.com\/?s={search_term_string}"},"query-input":{"@type":"PropertyValueSpecification","valueRequired":true,"valueName":"search_term_string"}}],"inLanguage":"es"},{"@type":"Person","@id":"https:\/\/periodicocentroccidente.com\/#\/schema\/person\/f4e4a651098f3db198244657b7130e7e","name":"Ricardo","image":{"@type":"ImageObject","inLanguage":"es","@id":"https:\/\/periodicocentroccidente.com\/#\/schema\/person\/image\/","url":"https:\/\/secure.gravatar.com\/avatar\/402e6137108ec0fdaa7809184382fb1dd2f8b00264c1d945d341f2b8f90db429?s=96&d=mm&r=g","contentUrl":"https:\/\/secure.gravatar.com\/avatar\/402e6137108ec0fdaa7809184382fb1dd2f8b00264c1d945d341f2b8f90db429?s=96&d=mm&r=g","caption":"Ricardo"},"url":"https:\/\/periodicocentroccidente.com\/?author=2"}]}},"jetpack_featured_media_url":"https:\/\/periodicocentroccidente.com\/wp-content\/uploads\/2026\/04\/vacuna2.jpg","jetpack_sharing_enabled":true,"jetpack-related-posts":[],"_links":{"self":[{"href":"https:\/\/periodicocentroccidente.com\/index.php?rest_route=\/wp\/v2\/posts\/6910","targetHints":{"allow":["GET"]}}],"collection":[{"href":"https:\/\/periodicocentroccidente.com\/index.php?rest_route=\/wp\/v2\/posts"}],"about":[{"href":"https:\/\/periodicocentroccidente.com\/index.php?rest_route=\/wp\/v2\/types\/post"}],"author":[{"embeddable":true,"href":"https:\/\/periodicocentroccidente.com\/index.php?rest_route=\/wp\/v2\/users\/2"}],"replies":[{"embeddable":true,"href":"https:\/\/periodicocentroccidente.com\/index.php?rest_route=%2Fwp%2Fv2%2Fcomments&post=6910"}],"version-history":[{"count":1,"href":"https:\/\/periodicocentroccidente.com\/index.php?rest_route=\/wp\/v2\/posts\/6910\/revisions"}],"predecessor-version":[{"id":6920,"href":"https:\/\/periodicocentroccidente.com\/index.php?rest_route=\/wp\/v2\/posts\/6910\/revisions\/6920"}],"wp:featuredmedia":[{"embeddable":true,"href":"https:\/\/periodicocentroccidente.com\/index.php?rest_route=\/wp\/v2\/media\/6918"}],"wp:attachment":[{"href":"https:\/\/periodicocentroccidente.com\/index.php?rest_route=%2Fwp%2Fv2%2Fmedia&parent=6910"}],"wp:term":[{"taxonomy":"category","embeddable":true,"href":"https:\/\/periodicocentroccidente.com\/index.php?rest_route=%2Fwp%2Fv2%2Fcategories&post=6910"},{"taxonomy":"post_tag","embeddable":true,"href":"https:\/\/periodicocentroccidente.com\/index.php?rest_route=%2Fwp%2Fv2%2Ftags&post=6910"}],"curies":[{"name":"wp","href":"https:\/\/api.w.org\/{rel}","templated":true}]}}