{"id":6905,"date":"2026-04-10T15:17:07","date_gmt":"2026-04-10T15:17:07","guid":{"rendered":"https:\/\/periodicocentroccidente.com\/?p=6905"},"modified":"2026-04-10T15:17:07","modified_gmt":"2026-04-10T15:17:07","slug":"pensionados-y-jubilados-tomaron-el-centro-de-acarigua-en-reclamo-de-reinvindicaciones","status":"publish","type":"post","link":"https:\/\/periodicocentroccidente.com\/?p=6905","title":{"rendered":"Pensionados y jubilados tomaron el centro de Acarigua en reclamo de reinvindicaciones"},"content":{"rendered":"<p><strong>Especial.-<\/strong><\/p>\n<p>Cientos de jubilados pensionados y trabajadores del sector p\u00fablico, en general, tomaron las calles del centro de Acarigua, este jueves 9 de abril, en reclamo de una serie de reivindicaciones salariales y laborales que les permitan condiciones de vida digna.<\/p>\n<p>La protesta encabezada por l\u00edderes de la FVM, Fetramagisterio, Asociaci\u00f3n de jubilados, y otros dirigentes de gremios regionales, parti\u00f3 desde las puertas de la oficina central de Corpoelec donde, con pancartas en mano, se hizo un reclamo relacionado con los constantes bajones y apagones que afectan diariamente y por largas horas, a las comunidades. El recorrido continu\u00f3 a lo largo de la avenida Libertador hasta la plaza Bolivar de Acarigua, donde se celebr\u00f3 una asamblea de trabajadores, espacio donde la dirigencia regional pronunci\u00f3 encendidos discursos para denunciar el enga\u00f1o de la presidenta interina de Venezuela, Delsy Rodr\u00edguez, al anunciar \u2013 la noche del mi\u00e9rcoles- , un aumento \u00abresponsable\u00bb del salario, a partir del 1 de mayo, lo cual no entienden qu\u00e9 significa, pero lo que si entienden es que \u00abdeben batallar, diariamente, contra el alto costo de la vida, con un salario s\u00faper devaluado, expresaron.<\/p>\n<p>Este ingreso economico es, a la larga, un incremento en los bonos que no representan un ajuste salarial porque los bonos no son salarios, sostuvieron los dirigentes.<br \/>\nPara el profesor Pablo Rangel, secretario general de la FVM de Portuguesa, con est\u00e1 propuesta \u00abla interina descarta las expectativas sobre un aumento salarial ajustado al Art 91 de la Constituci\u00f3n\u00bb, uno de los justos reclamos que se han puesto sobre la mesa.<\/p>\n<p>La dirigencia dej\u00f3 claro a sus representados y autoridades nacionales su voluntad de \u00abno cesar en seguir luchando por un aumento salarial constitucional\u00bb.<\/p>\n<p>Tambi\u00e9n, del seno de la protesta fue aprobada la propuesta de solicitar a todas las coaliciones nacionales la convocatoria de un paro general de trabajadores.<\/p>\n<p><strong>\u00a0<em>Mayami Alvarado<\/em><\/strong><\/p>\n<p><img loading=\"lazy\" decoding=\"async\" class=\"alignnone size-medium wp-image-6908\" src=\"https:\/\/periodicocentroccidente.com\/wp-content\/uploads\/2026\/04\/572338-300x234.jpg\" alt=\"\" width=\"300\" height=\"234\" srcset=\"https:\/\/periodicocentroccidente.com\/wp-content\/uploads\/2026\/04\/572338-300x234.jpg 300w, https:\/\/periodicocentroccidente.com\/wp-content\/uploads\/2026\/04\/572338-768x600.jpg 768w, https:\/\/periodicocentroccidente.com\/wp-content\/uploads\/2026\/04\/572338.jpg 807w\" sizes=\"auto, (max-width: 300px) 100vw, 300px\" \/>\u00a0 \u00a0 <img loading=\"lazy\" decoding=\"async\" class=\"alignnone size-medium wp-image-6907\" src=\"https:\/\/periodicocentroccidente.com\/wp-content\/uploads\/2026\/04\/46974-809x840-1-289x300.jpg\" alt=\"\" width=\"289\" height=\"300\" srcset=\"https:\/\/periodicocentroccidente.com\/wp-content\/uploads\/2026\/04\/46974-809x840-1-289x300.jpg 289w, https:\/\/periodicocentroccidente.com\/wp-content\/uploads\/2026\/04\/46974-809x840-1-768x797.jpg 768w, https:\/\/periodicocentroccidente.com\/wp-content\/uploads\/2026\/04\/46974-809x840-1.jpg 809w\" sizes=\"auto, (max-width: 289px) 100vw, 289px\" \/><\/p>\n","protected":false},"excerpt":{"rendered":"<p>Especial.- Cientos de jubilados pensionados y trabajadores del sector p&uacute;blico, en general, tomaron las calles del centro de Acarigua, este jueves 9 de abril, en reclamo de una serie de reivindicaciones salariales y laborales que les permitan condiciones de vida digna. La protesta encabezada por l&iacute;deres de la FVM, Fetramagisterio, Asociaci&oacute;n de jubilados, y otros &hellip;<\/p>\n","protected":false},"author":2,"featured_media":6906,"comment_status":"open","ping_status":"open","sticky":false,"template":"","format":"standard","meta":{"_jetpack_memberships_contains_paid_content":false,"footnotes":""},"categories":[128],"tags":[],"class_list":["post-6905","post","type-post","status-publish","format-standard","has-post-thumbnail","hentry","category-noticias-del-cono-norte"],"yoast_head":"<!-- This site is optimized with the Yoast SEO plugin v24.8.1 - https:\/\/yoast.com\/wordpress\/plugins\/seo\/ -->\n<title>Pensionados y jubilados tomaron el centro de Acarigua en reclamo de reinvindicaciones -<\/title>\n<meta name=\"robots\" content=\"index, follow, max-snippet:-1, max-image-preview:large, max-video-preview:-1\" \/>\n<link rel=\"canonical\" href=\"https:\/\/periodicocentroccidente.com\/?p=6905\" \/>\n<meta property=\"og:locale\" content=\"es_ES\" \/>\n<meta property=\"og:type\" content=\"article\" \/>\n<meta property=\"og:title\" content=\"Pensionados y jubilados tomaron el centro de Acarigua en reclamo de reinvindicaciones -\" \/>\n<meta property=\"og:description\" content=\"Especial.- Cientos de jubilados pensionados y trabajadores del sector p&uacute;blico, en general, tomaron las calles del centro de Acarigua, este jueves 9 de abril, en reclamo de una serie de reivindicaciones salariales y laborales que les permitan condiciones de vida digna. La protesta encabezada por l&iacute;deres de la FVM, Fetramagisterio, Asociaci&oacute;n de jubilados, y otros &hellip;\" \/>\n<meta property=\"og:url\" content=\"https:\/\/periodicocentroccidente.com\/?p=6905\" \/>\n<meta property=\"article:published_time\" content=\"2026-04-10T15:17:07+00:00\" \/>\n<meta property=\"og:image\" content=\"https:\/\/periodicocentroccidente.com\/wp-content\/uploads\/2026\/04\/46972.jpg\" \/>\n\t<meta property=\"og:image:width\" content=\"791\" \/>\n\t<meta property=\"og:image:height\" content=\"713\" \/>\n\t<meta property=\"og:image:type\" content=\"image\/jpeg\" \/>\n<meta name=\"author\" content=\"Ricardo\" \/>\n<meta name=\"twitter:card\" content=\"summary_large_image\" \/>\n<meta name=\"twitter:label1\" content=\"Escrito por\" \/>\n\t<meta name=\"twitter:data1\" content=\"Ricardo\" \/>\n\t<meta name=\"twitter:label2\" content=\"Tiempo de lectura\" \/>\n\t<meta name=\"twitter:data2\" content=\"2 minutos\" \/>\n<script type=\"application\/ld+json\" class=\"yoast-schema-graph\">{\"@context\":\"https:\/\/schema.org\",\"@graph\":[{\"@type\":\"WebPage\",\"@id\":\"https:\/\/periodicocentroccidente.com\/?p=6905\",\"url\":\"https:\/\/periodicocentroccidente.com\/?p=6905\",\"name\":\"Pensionados y jubilados tomaron el centro de Acarigua en reclamo de reinvindicaciones -\",\"isPartOf\":{\"@id\":\"https:\/\/periodicocentroccidente.com\/#website\"},\"primaryImageOfPage\":{\"@id\":\"https:\/\/periodicocentroccidente.com\/?p=6905#primaryimage\"},\"image\":{\"@id\":\"https:\/\/periodicocentroccidente.com\/?p=6905#primaryimage\"},\"thumbnailUrl\":\"https:\/\/periodicocentroccidente.com\/wp-content\/uploads\/2026\/04\/46972.jpg\",\"datePublished\":\"2026-04-10T15:17:07+00:00\",\"author\":{\"@id\":\"https:\/\/periodicocentroccidente.com\/#\/schema\/person\/f4e4a651098f3db198244657b7130e7e\"},\"breadcrumb\":{\"@id\":\"https:\/\/periodicocentroccidente.com\/?p=6905#breadcrumb\"},\"inLanguage\":\"es\",\"potentialAction\":[{\"@type\":\"ReadAction\",\"target\":[\"https:\/\/periodicocentroccidente.com\/?p=6905\"]}]},{\"@type\":\"ImageObject\",\"inLanguage\":\"es\",\"@id\":\"https:\/\/periodicocentroccidente.com\/?p=6905#primaryimage\",\"url\":\"https:\/\/periodicocentroccidente.com\/wp-content\/uploads\/2026\/04\/46972.jpg\",\"contentUrl\":\"https:\/\/periodicocentroccidente.com\/wp-content\/uploads\/2026\/04\/46972.jpg\",\"width\":791,\"height\":713},{\"@type\":\"BreadcrumbList\",\"@id\":\"https:\/\/periodicocentroccidente.com\/?p=6905#breadcrumb\",\"itemListElement\":[{\"@type\":\"ListItem\",\"position\":1,\"name\":\"Portada\",\"item\":\"https:\/\/periodicocentroccidente.com\/\"},{\"@type\":\"ListItem\",\"position\":2,\"name\":\"Pensionados y jubilados tomaron el centro de Acarigua en reclamo de reinvindicaciones\"}]},{\"@type\":\"WebSite\",\"@id\":\"https:\/\/periodicocentroccidente.com\/#website\",\"url\":\"https:\/\/periodicocentroccidente.com\/\",\"name\":\"\",\"description\":\"Periodismo serio y responsable\",\"potentialAction\":[{\"@type\":\"SearchAction\",\"target\":{\"@type\":\"EntryPoint\",\"urlTemplate\":\"https:\/\/periodicocentroccidente.com\/?s={search_term_string}\"},\"query-input\":{\"@type\":\"PropertyValueSpecification\",\"valueRequired\":true,\"valueName\":\"search_term_string\"}}],\"inLanguage\":\"es\"},{\"@type\":\"Person\",\"@id\":\"https:\/\/periodicocentroccidente.com\/#\/schema\/person\/f4e4a651098f3db198244657b7130e7e\",\"name\":\"Ricardo\",\"image\":{\"@type\":\"ImageObject\",\"inLanguage\":\"es\",\"@id\":\"https:\/\/periodicocentroccidente.com\/#\/schema\/person\/image\/\",\"url\":\"https:\/\/secure.gravatar.com\/avatar\/402e6137108ec0fdaa7809184382fb1dd2f8b00264c1d945d341f2b8f90db429?s=96&d=mm&r=g\",\"contentUrl\":\"https:\/\/secure.gravatar.com\/avatar\/402e6137108ec0fdaa7809184382fb1dd2f8b00264c1d945d341f2b8f90db429?s=96&d=mm&r=g\",\"caption\":\"Ricardo\"},\"url\":\"https:\/\/periodicocentroccidente.com\/?author=2\"}]}<\/script>\n<!-- \/ Yoast SEO plugin. -->","yoast_head_json":{"title":"Pensionados y jubilados tomaron el centro de Acarigua en reclamo de reinvindicaciones -","robots":{"index":"index","follow":"follow","max-snippet":"max-snippet:-1","max-image-preview":"max-image-preview:large","max-video-preview":"max-video-preview:-1"},"canonical":"https:\/\/periodicocentroccidente.com\/?p=6905","og_locale":"es_ES","og_type":"article","og_title":"Pensionados y jubilados tomaron el centro de Acarigua en reclamo de reinvindicaciones -","og_description":"Especial.- Cientos de jubilados pensionados y trabajadores del sector p&uacute;blico, en general, tomaron las calles del centro de Acarigua, este jueves 9 de abril, en reclamo de una serie de reivindicaciones salariales y laborales que les permitan condiciones de vida digna. La protesta encabezada por l&iacute;deres de la FVM, Fetramagisterio, Asociaci&oacute;n de jubilados, y otros &hellip;","og_url":"https:\/\/periodicocentroccidente.com\/?p=6905","article_published_time":"2026-04-10T15:17:07+00:00","og_image":[{"width":791,"height":713,"url":"https:\/\/periodicocentroccidente.com\/wp-content\/uploads\/2026\/04\/46972.jpg","type":"image\/jpeg"}],"author":"Ricardo","twitter_card":"summary_large_image","twitter_misc":{"Escrito por":"Ricardo","Tiempo de lectura":"2 minutos"},"schema":{"@context":"https:\/\/schema.org","@graph":[{"@type":"WebPage","@id":"https:\/\/periodicocentroccidente.com\/?p=6905","url":"https:\/\/periodicocentroccidente.com\/?p=6905","name":"Pensionados y jubilados tomaron el centro de Acarigua en reclamo de reinvindicaciones -","isPartOf":{"@id":"https:\/\/periodicocentroccidente.com\/#website"},"primaryImageOfPage":{"@id":"https:\/\/periodicocentroccidente.com\/?p=6905#primaryimage"},"image":{"@id":"https:\/\/periodicocentroccidente.com\/?p=6905#primaryimage"},"thumbnailUrl":"https:\/\/periodicocentroccidente.com\/wp-content\/uploads\/2026\/04\/46972.jpg","datePublished":"2026-04-10T15:17:07+00:00","author":{"@id":"https:\/\/periodicocentroccidente.com\/#\/schema\/person\/f4e4a651098f3db198244657b7130e7e"},"breadcrumb":{"@id":"https:\/\/periodicocentroccidente.com\/?p=6905#breadcrumb"},"inLanguage":"es","potentialAction":[{"@type":"ReadAction","target":["https:\/\/periodicocentroccidente.com\/?p=6905"]}]},{"@type":"ImageObject","inLanguage":"es","@id":"https:\/\/periodicocentroccidente.com\/?p=6905#primaryimage","url":"https:\/\/periodicocentroccidente.com\/wp-content\/uploads\/2026\/04\/46972.jpg","contentUrl":"https:\/\/periodicocentroccidente.com\/wp-content\/uploads\/2026\/04\/46972.jpg","width":791,"height":713},{"@type":"BreadcrumbList","@id":"https:\/\/periodicocentroccidente.com\/?p=6905#breadcrumb","itemListElement":[{"@type":"ListItem","position":1,"name":"Portada","item":"https:\/\/periodicocentroccidente.com\/"},{"@type":"ListItem","position":2,"name":"Pensionados y jubilados tomaron el centro de Acarigua en reclamo de reinvindicaciones"}]},{"@type":"WebSite","@id":"https:\/\/periodicocentroccidente.com\/#website","url":"https:\/\/periodicocentroccidente.com\/","name":"","description":"Periodismo serio y responsable","potentialAction":[{"@type":"SearchAction","target":{"@type":"EntryPoint","urlTemplate":"https:\/\/periodicocentroccidente.com\/?s={search_term_string}"},"query-input":{"@type":"PropertyValueSpecification","valueRequired":true,"valueName":"search_term_string"}}],"inLanguage":"es"},{"@type":"Person","@id":"https:\/\/periodicocentroccidente.com\/#\/schema\/person\/f4e4a651098f3db198244657b7130e7e","name":"Ricardo","image":{"@type":"ImageObject","inLanguage":"es","@id":"https:\/\/periodicocentroccidente.com\/#\/schema\/person\/image\/","url":"https:\/\/secure.gravatar.com\/avatar\/402e6137108ec0fdaa7809184382fb1dd2f8b00264c1d945d341f2b8f90db429?s=96&d=mm&r=g","contentUrl":"https:\/\/secure.gravatar.com\/avatar\/402e6137108ec0fdaa7809184382fb1dd2f8b00264c1d945d341f2b8f90db429?s=96&d=mm&r=g","caption":"Ricardo"},"url":"https:\/\/periodicocentroccidente.com\/?author=2"}]}},"jetpack_featured_media_url":"https:\/\/periodicocentroccidente.com\/wp-content\/uploads\/2026\/04\/46972.jpg","jetpack_sharing_enabled":true,"jetpack-related-posts":[],"_links":{"self":[{"href":"https:\/\/periodicocentroccidente.com\/index.php?rest_route=\/wp\/v2\/posts\/6905","targetHints":{"allow":["GET"]}}],"collection":[{"href":"https:\/\/periodicocentroccidente.com\/index.php?rest_route=\/wp\/v2\/posts"}],"about":[{"href":"https:\/\/periodicocentroccidente.com\/index.php?rest_route=\/wp\/v2\/types\/post"}],"author":[{"embeddable":true,"href":"https:\/\/periodicocentroccidente.com\/index.php?rest_route=\/wp\/v2\/users\/2"}],"replies":[{"embeddable":true,"href":"https:\/\/periodicocentroccidente.com\/index.php?rest_route=%2Fwp%2Fv2%2Fcomments&post=6905"}],"version-history":[{"count":1,"href":"https:\/\/periodicocentroccidente.com\/index.php?rest_route=\/wp\/v2\/posts\/6905\/revisions"}],"predecessor-version":[{"id":6909,"href":"https:\/\/periodicocentroccidente.com\/index.php?rest_route=\/wp\/v2\/posts\/6905\/revisions\/6909"}],"wp:featuredmedia":[{"embeddable":true,"href":"https:\/\/periodicocentroccidente.com\/index.php?rest_route=\/wp\/v2\/media\/6906"}],"wp:attachment":[{"href":"https:\/\/periodicocentroccidente.com\/index.php?rest_route=%2Fwp%2Fv2%2Fmedia&parent=6905"}],"wp:term":[{"taxonomy":"category","embeddable":true,"href":"https:\/\/periodicocentroccidente.com\/index.php?rest_route=%2Fwp%2Fv2%2Fcategories&post=6905"},{"taxonomy":"post_tag","embeddable":true,"href":"https:\/\/periodicocentroccidente.com\/index.php?rest_route=%2Fwp%2Fv2%2Ftags&post=6905"}],"curies":[{"name":"wp","href":"https:\/\/api.w.org\/{rel}","templated":true}]}}