{"id":6902,"date":"2026-04-10T15:09:49","date_gmt":"2026-04-10T15:09:49","guid":{"rendered":"https:\/\/periodicocentroccidente.com\/?p=6902"},"modified":"2026-04-10T15:09:49","modified_gmt":"2026-04-10T15:09:49","slug":"clep-inicio-mesa-de-trabajo-con-representantes-del-ministerio-de-la-cultura-deporte-y-turismo-de-portuguesa","status":"publish","type":"post","link":"https:\/\/periodicocentroccidente.com\/?p=6902","title":{"rendered":"CLEP inici\u00f3 mesa de trabajo con representantes del Ministerio de la Cultura, Deporte y Turismo de Portuguesa"},"content":{"rendered":"<p><strong>Especial.-<\/strong><\/p>\n<p>En la sala delegada del Consejo Legislativo del Estado, se realiz\u00f3 una productiva reuni\u00f3n encabezada por el legislador Albin Alvarado, presidente de la Comisi\u00f3n Permanente de Educaci\u00f3n, Ciencia, Innovaci\u00f3n, Cultura, Deporte y Turismo, la directiva del Ministerio de la Cultura, el Instituto de Deporte (Indeport), y Corportur, adem\u00e1s del equipo de asesores jur\u00eddicos del CLEP.<\/p>\n<p>Con el prop\u00f3sito de debatir el estatus de las Leyes de Cultura, Deporte y Turismo se planific\u00f3 lo que ser\u00e1n los pr\u00f3ximos encuentros para recibir las propuestas de los proyectos de Leyes de las instituciones involucradas, las cuales ser\u00e1n evaluadas para su posible reforma.<\/p>\n<p>\u201cDesde el Consejo Legislativo se trabaja para realizar instrumentos legales dise\u00f1ados para potenciar el talento y los motores estrat\u00e9gicos de nuestra regi\u00f3n, con un compromiso conjunto que reafirma nuestra responsabilidad con el desarrollo integral de Portuguesa\u201d. explic\u00f3 el legislador Albin Alvarado.<\/p>\n","protected":false},"excerpt":{"rendered":"<p>Especial.- En la sala delegada del Consejo Legislativo del Estado, se realiz&oacute; una productiva reuni&oacute;n encabezada por el legislador Albin Alvarado, presidente de la Comisi&oacute;n Permanente de Educaci&oacute;n, Ciencia, Innovaci&oacute;n, Cultura, Deporte y Turismo, la directiva del Ministerio de la Cultura, el Instituto de Deporte (Indeport), y Corportur, adem&aacute;s del equipo de asesores jur&iacute;dicos del &hellip;<\/p>\n","protected":false},"author":2,"featured_media":6903,"comment_status":"open","ping_status":"open","sticky":false,"template":"","format":"standard","meta":{"_jetpack_memberships_contains_paid_content":false,"footnotes":""},"categories":[127],"tags":[],"class_list":["post-6902","post","type-post","status-publish","format-standard","has-post-thumbnail","hentry","category-noticias-recientes"],"yoast_head":"<!-- This site is optimized with the Yoast SEO plugin v24.8.1 - https:\/\/yoast.com\/wordpress\/plugins\/seo\/ -->\n<title>CLEP inici\u00f3 mesa de trabajo con representantes del Ministerio de la Cultura, Deporte y Turismo de Portuguesa -<\/title>\n<meta name=\"robots\" content=\"index, follow, max-snippet:-1, max-image-preview:large, max-video-preview:-1\" \/>\n<link rel=\"canonical\" href=\"https:\/\/periodicocentroccidente.com\/?p=6902\" \/>\n<meta property=\"og:locale\" content=\"es_ES\" \/>\n<meta property=\"og:type\" content=\"article\" \/>\n<meta property=\"og:title\" content=\"CLEP inici\u00f3 mesa de trabajo con representantes del Ministerio de la Cultura, Deporte y Turismo de Portuguesa -\" \/>\n<meta property=\"og:description\" content=\"Especial.- En la sala delegada del Consejo Legislativo del Estado, se realiz&oacute; una productiva reuni&oacute;n encabezada por el legislador Albin Alvarado, presidente de la Comisi&oacute;n Permanente de Educaci&oacute;n, Ciencia, Innovaci&oacute;n, Cultura, Deporte y Turismo, la directiva del Ministerio de la Cultura, el Instituto de Deporte (Indeport), y Corportur, adem&aacute;s del equipo de asesores jur&iacute;dicos del &hellip;\" \/>\n<meta property=\"og:url\" content=\"https:\/\/periodicocentroccidente.com\/?p=6902\" \/>\n<meta property=\"article:published_time\" content=\"2026-04-10T15:09:49+00:00\" \/>\n<meta property=\"og:image\" content=\"https:\/\/periodicocentroccidente.com\/wp-content\/uploads\/2026\/04\/004-3.jpg\" \/>\n\t<meta property=\"og:image:width\" content=\"1280\" \/>\n\t<meta property=\"og:image:height\" content=\"960\" \/>\n\t<meta property=\"og:image:type\" content=\"image\/jpeg\" \/>\n<meta name=\"author\" content=\"Ricardo\" \/>\n<meta name=\"twitter:card\" content=\"summary_large_image\" \/>\n<meta name=\"twitter:label1\" content=\"Escrito por\" \/>\n\t<meta name=\"twitter:data1\" content=\"Ricardo\" \/>\n\t<meta name=\"twitter:label2\" content=\"Tiempo de lectura\" \/>\n\t<meta name=\"twitter:data2\" content=\"1 minuto\" \/>\n<script type=\"application\/ld+json\" class=\"yoast-schema-graph\">{\"@context\":\"https:\/\/schema.org\",\"@graph\":[{\"@type\":\"WebPage\",\"@id\":\"https:\/\/periodicocentroccidente.com\/?p=6902\",\"url\":\"https:\/\/periodicocentroccidente.com\/?p=6902\",\"name\":\"CLEP inici\u00f3 mesa de trabajo con representantes del Ministerio de la Cultura, Deporte y Turismo de Portuguesa -\",\"isPartOf\":{\"@id\":\"https:\/\/periodicocentroccidente.com\/#website\"},\"primaryImageOfPage\":{\"@id\":\"https:\/\/periodicocentroccidente.com\/?p=6902#primaryimage\"},\"image\":{\"@id\":\"https:\/\/periodicocentroccidente.com\/?p=6902#primaryimage\"},\"thumbnailUrl\":\"https:\/\/periodicocentroccidente.com\/wp-content\/uploads\/2026\/04\/004-3.jpg\",\"datePublished\":\"2026-04-10T15:09:49+00:00\",\"author\":{\"@id\":\"https:\/\/periodicocentroccidente.com\/#\/schema\/person\/f4e4a651098f3db198244657b7130e7e\"},\"breadcrumb\":{\"@id\":\"https:\/\/periodicocentroccidente.com\/?p=6902#breadcrumb\"},\"inLanguage\":\"es\",\"potentialAction\":[{\"@type\":\"ReadAction\",\"target\":[\"https:\/\/periodicocentroccidente.com\/?p=6902\"]}]},{\"@type\":\"ImageObject\",\"inLanguage\":\"es\",\"@id\":\"https:\/\/periodicocentroccidente.com\/?p=6902#primaryimage\",\"url\":\"https:\/\/periodicocentroccidente.com\/wp-content\/uploads\/2026\/04\/004-3.jpg\",\"contentUrl\":\"https:\/\/periodicocentroccidente.com\/wp-content\/uploads\/2026\/04\/004-3.jpg\",\"width\":1280,\"height\":960},{\"@type\":\"BreadcrumbList\",\"@id\":\"https:\/\/periodicocentroccidente.com\/?p=6902#breadcrumb\",\"itemListElement\":[{\"@type\":\"ListItem\",\"position\":1,\"name\":\"Portada\",\"item\":\"https:\/\/periodicocentroccidente.com\/\"},{\"@type\":\"ListItem\",\"position\":2,\"name\":\"CLEP inici\u00f3 mesa de trabajo con representantes del Ministerio de la Cultura, Deporte y Turismo de Portuguesa\"}]},{\"@type\":\"WebSite\",\"@id\":\"https:\/\/periodicocentroccidente.com\/#website\",\"url\":\"https:\/\/periodicocentroccidente.com\/\",\"name\":\"\",\"description\":\"Periodismo serio y responsable\",\"potentialAction\":[{\"@type\":\"SearchAction\",\"target\":{\"@type\":\"EntryPoint\",\"urlTemplate\":\"https:\/\/periodicocentroccidente.com\/?s={search_term_string}\"},\"query-input\":{\"@type\":\"PropertyValueSpecification\",\"valueRequired\":true,\"valueName\":\"search_term_string\"}}],\"inLanguage\":\"es\"},{\"@type\":\"Person\",\"@id\":\"https:\/\/periodicocentroccidente.com\/#\/schema\/person\/f4e4a651098f3db198244657b7130e7e\",\"name\":\"Ricardo\",\"image\":{\"@type\":\"ImageObject\",\"inLanguage\":\"es\",\"@id\":\"https:\/\/periodicocentroccidente.com\/#\/schema\/person\/image\/\",\"url\":\"https:\/\/secure.gravatar.com\/avatar\/402e6137108ec0fdaa7809184382fb1dd2f8b00264c1d945d341f2b8f90db429?s=96&d=mm&r=g\",\"contentUrl\":\"https:\/\/secure.gravatar.com\/avatar\/402e6137108ec0fdaa7809184382fb1dd2f8b00264c1d945d341f2b8f90db429?s=96&d=mm&r=g\",\"caption\":\"Ricardo\"},\"url\":\"https:\/\/periodicocentroccidente.com\/?author=2\"}]}<\/script>\n<!-- \/ Yoast SEO plugin. -->","yoast_head_json":{"title":"CLEP inici\u00f3 mesa de trabajo con representantes del Ministerio de la Cultura, Deporte y Turismo de Portuguesa -","robots":{"index":"index","follow":"follow","max-snippet":"max-snippet:-1","max-image-preview":"max-image-preview:large","max-video-preview":"max-video-preview:-1"},"canonical":"https:\/\/periodicocentroccidente.com\/?p=6902","og_locale":"es_ES","og_type":"article","og_title":"CLEP inici\u00f3 mesa de trabajo con representantes del Ministerio de la Cultura, Deporte y Turismo de Portuguesa -","og_description":"Especial.- En la sala delegada del Consejo Legislativo del Estado, se realiz&oacute; una productiva reuni&oacute;n encabezada por el legislador Albin Alvarado, presidente de la Comisi&oacute;n Permanente de Educaci&oacute;n, Ciencia, Innovaci&oacute;n, Cultura, Deporte y Turismo, la directiva del Ministerio de la Cultura, el Instituto de Deporte (Indeport), y Corportur, adem&aacute;s del equipo de asesores jur&iacute;dicos del &hellip;","og_url":"https:\/\/periodicocentroccidente.com\/?p=6902","article_published_time":"2026-04-10T15:09:49+00:00","og_image":[{"width":1280,"height":960,"url":"https:\/\/periodicocentroccidente.com\/wp-content\/uploads\/2026\/04\/004-3.jpg","type":"image\/jpeg"}],"author":"Ricardo","twitter_card":"summary_large_image","twitter_misc":{"Escrito por":"Ricardo","Tiempo de lectura":"1 minuto"},"schema":{"@context":"https:\/\/schema.org","@graph":[{"@type":"WebPage","@id":"https:\/\/periodicocentroccidente.com\/?p=6902","url":"https:\/\/periodicocentroccidente.com\/?p=6902","name":"CLEP inici\u00f3 mesa de trabajo con representantes del Ministerio de la Cultura, Deporte y Turismo de Portuguesa -","isPartOf":{"@id":"https:\/\/periodicocentroccidente.com\/#website"},"primaryImageOfPage":{"@id":"https:\/\/periodicocentroccidente.com\/?p=6902#primaryimage"},"image":{"@id":"https:\/\/periodicocentroccidente.com\/?p=6902#primaryimage"},"thumbnailUrl":"https:\/\/periodicocentroccidente.com\/wp-content\/uploads\/2026\/04\/004-3.jpg","datePublished":"2026-04-10T15:09:49+00:00","author":{"@id":"https:\/\/periodicocentroccidente.com\/#\/schema\/person\/f4e4a651098f3db198244657b7130e7e"},"breadcrumb":{"@id":"https:\/\/periodicocentroccidente.com\/?p=6902#breadcrumb"},"inLanguage":"es","potentialAction":[{"@type":"ReadAction","target":["https:\/\/periodicocentroccidente.com\/?p=6902"]}]},{"@type":"ImageObject","inLanguage":"es","@id":"https:\/\/periodicocentroccidente.com\/?p=6902#primaryimage","url":"https:\/\/periodicocentroccidente.com\/wp-content\/uploads\/2026\/04\/004-3.jpg","contentUrl":"https:\/\/periodicocentroccidente.com\/wp-content\/uploads\/2026\/04\/004-3.jpg","width":1280,"height":960},{"@type":"BreadcrumbList","@id":"https:\/\/periodicocentroccidente.com\/?p=6902#breadcrumb","itemListElement":[{"@type":"ListItem","position":1,"name":"Portada","item":"https:\/\/periodicocentroccidente.com\/"},{"@type":"ListItem","position":2,"name":"CLEP inici\u00f3 mesa de trabajo con representantes del Ministerio de la Cultura, Deporte y Turismo de Portuguesa"}]},{"@type":"WebSite","@id":"https:\/\/periodicocentroccidente.com\/#website","url":"https:\/\/periodicocentroccidente.com\/","name":"","description":"Periodismo serio y responsable","potentialAction":[{"@type":"SearchAction","target":{"@type":"EntryPoint","urlTemplate":"https:\/\/periodicocentroccidente.com\/?s={search_term_string}"},"query-input":{"@type":"PropertyValueSpecification","valueRequired":true,"valueName":"search_term_string"}}],"inLanguage":"es"},{"@type":"Person","@id":"https:\/\/periodicocentroccidente.com\/#\/schema\/person\/f4e4a651098f3db198244657b7130e7e","name":"Ricardo","image":{"@type":"ImageObject","inLanguage":"es","@id":"https:\/\/periodicocentroccidente.com\/#\/schema\/person\/image\/","url":"https:\/\/secure.gravatar.com\/avatar\/402e6137108ec0fdaa7809184382fb1dd2f8b00264c1d945d341f2b8f90db429?s=96&d=mm&r=g","contentUrl":"https:\/\/secure.gravatar.com\/avatar\/402e6137108ec0fdaa7809184382fb1dd2f8b00264c1d945d341f2b8f90db429?s=96&d=mm&r=g","caption":"Ricardo"},"url":"https:\/\/periodicocentroccidente.com\/?author=2"}]}},"jetpack_featured_media_url":"https:\/\/periodicocentroccidente.com\/wp-content\/uploads\/2026\/04\/004-3.jpg","jetpack_sharing_enabled":true,"jetpack-related-posts":[],"_links":{"self":[{"href":"https:\/\/periodicocentroccidente.com\/index.php?rest_route=\/wp\/v2\/posts\/6902","targetHints":{"allow":["GET"]}}],"collection":[{"href":"https:\/\/periodicocentroccidente.com\/index.php?rest_route=\/wp\/v2\/posts"}],"about":[{"href":"https:\/\/periodicocentroccidente.com\/index.php?rest_route=\/wp\/v2\/types\/post"}],"author":[{"embeddable":true,"href":"https:\/\/periodicocentroccidente.com\/index.php?rest_route=\/wp\/v2\/users\/2"}],"replies":[{"embeddable":true,"href":"https:\/\/periodicocentroccidente.com\/index.php?rest_route=%2Fwp%2Fv2%2Fcomments&post=6902"}],"version-history":[{"count":1,"href":"https:\/\/periodicocentroccidente.com\/index.php?rest_route=\/wp\/v2\/posts\/6902\/revisions"}],"predecessor-version":[{"id":6904,"href":"https:\/\/periodicocentroccidente.com\/index.php?rest_route=\/wp\/v2\/posts\/6902\/revisions\/6904"}],"wp:featuredmedia":[{"embeddable":true,"href":"https:\/\/periodicocentroccidente.com\/index.php?rest_route=\/wp\/v2\/media\/6903"}],"wp:attachment":[{"href":"https:\/\/periodicocentroccidente.com\/index.php?rest_route=%2Fwp%2Fv2%2Fmedia&parent=6902"}],"wp:term":[{"taxonomy":"category","embeddable":true,"href":"https:\/\/periodicocentroccidente.com\/index.php?rest_route=%2Fwp%2Fv2%2Fcategories&post=6902"},{"taxonomy":"post_tag","embeddable":true,"href":"https:\/\/periodicocentroccidente.com\/index.php?rest_route=%2Fwp%2Fv2%2Ftags&post=6902"}],"curies":[{"name":"wp","href":"https:\/\/api.w.org\/{rel}","templated":true}]}}