{"id":6885,"date":"2026-04-10T14:30:02","date_gmt":"2026-04-10T14:30:02","guid":{"rendered":"https:\/\/periodicocentroccidente.com\/?p=6885"},"modified":"2026-04-10T14:30:02","modified_gmt":"2026-04-10T14:30:02","slug":"vpa-concentra-investigacion-y-experiencias-con-la-inauguracion-del-v-congreso-nacional-del-cafe-y-la-caficultura","status":"publish","type":"post","link":"https:\/\/periodicocentroccidente.com\/?p=6885","title":{"rendered":"VPA concentra investigaci\u00f3n y experiencias con la inauguraci\u00f3n del V Congreso Nacional del Caf\u00e9 y la Caficultura"},"content":{"rendered":"<p><strong>Especial.-<\/strong><\/p>\n<div dir=\"auto\">En un ambiente de celebraci\u00f3n y compromiso acad\u00e9mico, se dio inicio al V Congreso Nacional del Caf\u00e9 y la Caficultura en el estado Portuguesa. El evento re\u00fane a autoridades regionales, representantes del sector cient\u00edfico y acad\u00e9mico, y a la fuerza productora del campo venezolano para debatir el futuro de uno de los rubros m\u00e1s emblem\u00e1ticos del pa\u00eds.<\/div>\n<div dir=\"auto\"><\/div>\n<div dir=\"auto\">La apertura del congreso estuvo a cargo del Vicerrector de Producci\u00f3n Agr\u00edcola de la Unellez, Magister Jos\u00e9 Gregorio Baudo quien en sus palabras destac\u00f3 el honor que merece para la Universidad que Siembra, recibir a algunos directores y directoras de importantes programas acad\u00e9micos de la Unellez, estudiantes, docentes, investigadores, autoridades nacionales y estadales, y desde luego a los productores cafetaleros de diversos estados del pa\u00eds.<\/div>\n<div dir=\"auto\"><\/div>\n<div dir=\"auto\">\u201cEste evento de alto nivel, demuestra que las autoridades, desde la Ministra Ana Mar\u00eda Sanju\u00e1n, y en esta casa de estudios la Rectora Katiuska Angulo, est\u00e1n comprometidas con el desarrollo de la maquinaria econ\u00f3mica venezolana desde la academia con la m\u00e1s alta vinculaci\u00f3n sociocomunitaria\u201d.<\/div>\n<div dir=\"auto\"><\/div>\n<div dir=\"auto\">Este primer d\u00eda de jornada cont\u00f3 con la presencia de figuras como Josmary Borjas, presidenta de la Corporaci\u00f3n Venezolana de Caf\u00e9 (CVC); Edgar Ter\u00e1n, autoridad \u00fanica del Ambiente en Portuguesa; Evelio \u00c1lvarez, presidente de la Federaci\u00f3n Nacional de Caficultores; y la Dra. Mayrelis Castillo, directora de la Universidad Pedag\u00f3gica Experimental Libertador (UPEL) en la entidad.<\/div>\n<div dir=\"auto\"><\/div>\n<div dir=\"auto\">Asimismo, se destac\u00f3 la participaci\u00f3n del Instituto Venezolano de Investigaciones Cient\u00edficas (IVIC), la Universidad Centroccidental Lisandro Alvarado (UCLA) y Asocaf\u00e9 Miranda, quienes brindan soporte t\u00e9cnico y cient\u00edfico a las jornadas.<\/div>\n<div dir=\"auto\">La oportunidad fue propicia para anunciar los avances que presenta el proyecto de apertura de la carrera de Ingenier\u00eda en Caf\u00e9 y Cacao que adelanta la Unellez ante la Oficina de Planificaci\u00f3n del Sector Universitario.<\/div>\n<div dir=\"auto\">\u00abEs un hito para el estado. Buscamos dejar atr\u00e1s el modelo monoexportador petrolero para volver a la cultura del caf\u00e9 y el cacao, donde Venezuela tiene un potencial extraordinario\u00bb, afirm\u00f3 durante su intervenci\u00f3n.<\/div>\n<div dir=\"auto\"><\/div>\n<div dir=\"auto\">Agreg\u00f3 que el congreso tambi\u00e9n servir\u00e1 de plataforma para el dise\u00f1o de estudios avanzados y postgrados enfocados en el manejo agron\u00f3mico y agroecol\u00f3gico del caf\u00e9. Inst\u00f3 a los ponentes a profundizar en t\u00e9cnicas que permitan una producci\u00f3n sostenible y de alta calidad.<\/div>\n<div dir=\"auto\"><\/div>\n<div dir=\"auto\">El momento de apertura concluy\u00f3 con un reconocimiento otorgado por el comit\u00e9 organizador al homenajeado, ingeniero Miguel \u00c1ngel Mar\u00edn, por sus aportes y destacada trayectoria en el sector cafetalero.<\/div>\n<div dir=\"auto\">Tambi\u00e9n se cont\u00f3 con la participaci\u00f3n del Sistema Nacional de Orquestas y Coros Juveniles e Infantiles de Venezuela, que celebr\u00f3 recientemente su 51 aniversario.<\/div>\n<div dir=\"auto\"><\/div>\n<div dir=\"auto\">Se estima una participaci\u00f3n directa de 350 personas inscritas, aunque la afluencia diaria podr\u00eda alcanzar las 700 personas gracias a la Expoferia instalada en el recinto. Este espacio comercial y recreativo permite a la comunidad local y a las familias disfrutar de la degustaci\u00f3n de caf\u00e9s de alta calidad mientras apoyan a las instituciones y comercios locales.<\/div>\n<div dir=\"auto\"><\/div>\n<div dir=\"auto\"><strong>Prensa Cecap, Cynthia Higuera Garc\u00eda<\/strong><\/div>\n<div dir=\"auto\"><\/div>\n<div dir=\"auto\"><img loading=\"lazy\" decoding=\"async\" class=\"alignnone size-medium wp-image-6892\" src=\"https:\/\/periodicocentroccidente.com\/wp-content\/uploads\/2026\/04\/1008559527-300x169.jpg\" alt=\"\" width=\"300\" height=\"169\" srcset=\"https:\/\/periodicocentroccidente.com\/wp-content\/uploads\/2026\/04\/1008559527-300x169.jpg 300w, https:\/\/periodicocentroccidente.com\/wp-content\/uploads\/2026\/04\/1008559527-768x432.jpg 768w, https:\/\/periodicocentroccidente.com\/wp-content\/uploads\/2026\/04\/1008559527-390x220.jpg 390w, https:\/\/periodicocentroccidente.com\/wp-content\/uploads\/2026\/04\/1008559527.jpg 960w\" sizes=\"auto, (max-width: 300px) 100vw, 300px\" \/>\u00a0 \u00a0 \u00a0 <img loading=\"lazy\" decoding=\"async\" class=\"alignnone size-medium wp-image-6888\" src=\"https:\/\/periodicocentroccidente.com\/wp-content\/uploads\/2026\/04\/1008559523-300x169.jpg\" alt=\"\" width=\"300\" height=\"169\" srcset=\"https:\/\/periodicocentroccidente.com\/wp-content\/uploads\/2026\/04\/1008559523-300x169.jpg 300w, https:\/\/periodicocentroccidente.com\/wp-content\/uploads\/2026\/04\/1008559523-768x432.jpg 768w, https:\/\/periodicocentroccidente.com\/wp-content\/uploads\/2026\/04\/1008559523-390x220.jpg 390w, https:\/\/periodicocentroccidente.com\/wp-content\/uploads\/2026\/04\/1008559523.jpg 960w\" sizes=\"auto, (max-width: 300px) 100vw, 300px\" \/><\/div>\n<div dir=\"auto\"><\/div>\n<div dir=\"auto\"><img loading=\"lazy\" decoding=\"async\" class=\"alignnone size-medium wp-image-6887\" src=\"https:\/\/periodicocentroccidente.com\/wp-content\/uploads\/2026\/04\/1008559516-300x169.jpg\" alt=\"\" width=\"300\" height=\"169\" srcset=\"https:\/\/periodicocentroccidente.com\/wp-content\/uploads\/2026\/04\/1008559516-300x169.jpg 300w, https:\/\/periodicocentroccidente.com\/wp-content\/uploads\/2026\/04\/1008559516-768x432.jpg 768w, https:\/\/periodicocentroccidente.com\/wp-content\/uploads\/2026\/04\/1008559516-390x220.jpg 390w, https:\/\/periodicocentroccidente.com\/wp-content\/uploads\/2026\/04\/1008559516.jpg 960w\" sizes=\"auto, (max-width: 300px) 100vw, 300px\" \/>\u00a0 \u00a0 \u00a0 <img loading=\"lazy\" decoding=\"async\" class=\"alignnone size-medium wp-image-6886\" src=\"https:\/\/periodicocentroccidente.com\/wp-content\/uploads\/2026\/04\/1008559515-300x169.jpg\" alt=\"\" width=\"300\" height=\"169\" srcset=\"https:\/\/periodicocentroccidente.com\/wp-content\/uploads\/2026\/04\/1008559515-300x169.jpg 300w, https:\/\/periodicocentroccidente.com\/wp-content\/uploads\/2026\/04\/1008559515-1024x576.jpg 1024w, https:\/\/periodicocentroccidente.com\/wp-content\/uploads\/2026\/04\/1008559515-768x432.jpg 768w, https:\/\/periodicocentroccidente.com\/wp-content\/uploads\/2026\/04\/1008559515-390x220.jpg 390w, https:\/\/periodicocentroccidente.com\/wp-content\/uploads\/2026\/04\/1008559515.jpg 1280w\" sizes=\"auto, (max-width: 300px) 100vw, 300px\" \/><\/div>\n<div dir=\"auto\"><\/div>\n<div dir=\"auto\"><img loading=\"lazy\" decoding=\"async\" class=\"alignnone size-medium wp-image-6889\" src=\"https:\/\/periodicocentroccidente.com\/wp-content\/uploads\/2026\/04\/1008559524-169x300.jpg\" alt=\"\" width=\"169\" height=\"300\" srcset=\"https:\/\/periodicocentroccidente.com\/wp-content\/uploads\/2026\/04\/1008559524-169x300.jpg 169w, https:\/\/periodicocentroccidente.com\/wp-content\/uploads\/2026\/04\/1008559524.jpg 540w\" sizes=\"auto, (max-width: 169px) 100vw, 169px\" \/>\u00a0 \u00a0 <img loading=\"lazy\" decoding=\"async\" class=\"alignnone size-medium wp-image-6890\" src=\"https:\/\/periodicocentroccidente.com\/wp-content\/uploads\/2026\/04\/1008559525-300x169.jpg\" alt=\"\" width=\"300\" height=\"169\" srcset=\"https:\/\/periodicocentroccidente.com\/wp-content\/uploads\/2026\/04\/1008559525-300x169.jpg 300w, https:\/\/periodicocentroccidente.com\/wp-content\/uploads\/2026\/04\/1008559525-768x432.jpg 768w, https:\/\/periodicocentroccidente.com\/wp-content\/uploads\/2026\/04\/1008559525-390x220.jpg 390w, https:\/\/periodicocentroccidente.com\/wp-content\/uploads\/2026\/04\/1008559525.jpg 960w\" sizes=\"auto, (max-width: 300px) 100vw, 300px\" \/><\/div>\n","protected":false},"excerpt":{"rendered":"<p>Especial.- En un ambiente de celebraci&oacute;n y compromiso acad&eacute;mico, se dio inicio al V Congreso Nacional del Caf&eacute; y la Caficultura en el estado Portuguesa. El evento re&uacute;ne a autoridades regionales, representantes del sector cient&iacute;fico y acad&eacute;mico, y a la fuerza productora del campo venezolano para debatir el futuro de uno de los rubros m&aacute;s &hellip;<\/p>\n","protected":false},"author":2,"featured_media":6891,"comment_status":"open","ping_status":"open","sticky":false,"template":"","format":"standard","meta":{"_jetpack_memberships_contains_paid_content":false,"footnotes":""},"categories":[127],"tags":[],"class_list":["post-6885","post","type-post","status-publish","format-standard","has-post-thumbnail","hentry","category-noticias-recientes"],"yoast_head":"<!-- This site is optimized with the Yoast SEO plugin v24.8.1 - https:\/\/yoast.com\/wordpress\/plugins\/seo\/ -->\n<title>VPA concentra investigaci\u00f3n y experiencias con la inauguraci\u00f3n del V Congreso Nacional del Caf\u00e9 y la Caficultura -<\/title>\n<meta name=\"robots\" content=\"index, follow, max-snippet:-1, max-image-preview:large, max-video-preview:-1\" \/>\n<link rel=\"canonical\" href=\"https:\/\/periodicocentroccidente.com\/?p=6885\" \/>\n<meta property=\"og:locale\" content=\"es_ES\" \/>\n<meta property=\"og:type\" content=\"article\" \/>\n<meta property=\"og:title\" content=\"VPA concentra investigaci\u00f3n y experiencias con la inauguraci\u00f3n del V Congreso Nacional del Caf\u00e9 y la Caficultura -\" \/>\n<meta property=\"og:description\" content=\"Especial.- En un ambiente de celebraci&oacute;n y compromiso acad&eacute;mico, se dio inicio al V Congreso Nacional del Caf&eacute; y la Caficultura en el estado Portuguesa. El evento re&uacute;ne a autoridades regionales, representantes del sector cient&iacute;fico y acad&eacute;mico, y a la fuerza productora del campo venezolano para debatir el futuro de uno de los rubros m&aacute;s &hellip;\" \/>\n<meta property=\"og:url\" content=\"https:\/\/periodicocentroccidente.com\/?p=6885\" \/>\n<meta property=\"article:published_time\" content=\"2026-04-10T14:30:02+00:00\" \/>\n<meta property=\"og:image\" content=\"https:\/\/periodicocentroccidente.com\/wp-content\/uploads\/2026\/04\/1008559526.jpg\" \/>\n\t<meta property=\"og:image:width\" content=\"1020\" \/>\n\t<meta property=\"og:image:height\" content=\"768\" \/>\n\t<meta property=\"og:image:type\" content=\"image\/jpeg\" \/>\n<meta name=\"author\" content=\"Ricardo\" \/>\n<meta name=\"twitter:card\" content=\"summary_large_image\" \/>\n<meta name=\"twitter:label1\" content=\"Escrito por\" \/>\n\t<meta name=\"twitter:data1\" content=\"Ricardo\" \/>\n\t<meta name=\"twitter:label2\" content=\"Tiempo de lectura\" \/>\n\t<meta name=\"twitter:data2\" content=\"4 minutos\" \/>\n<script type=\"application\/ld+json\" class=\"yoast-schema-graph\">{\"@context\":\"https:\/\/schema.org\",\"@graph\":[{\"@type\":\"WebPage\",\"@id\":\"https:\/\/periodicocentroccidente.com\/?p=6885\",\"url\":\"https:\/\/periodicocentroccidente.com\/?p=6885\",\"name\":\"VPA concentra investigaci\u00f3n y experiencias con la inauguraci\u00f3n del V Congreso Nacional del Caf\u00e9 y la Caficultura -\",\"isPartOf\":{\"@id\":\"https:\/\/periodicocentroccidente.com\/#website\"},\"primaryImageOfPage\":{\"@id\":\"https:\/\/periodicocentroccidente.com\/?p=6885#primaryimage\"},\"image\":{\"@id\":\"https:\/\/periodicocentroccidente.com\/?p=6885#primaryimage\"},\"thumbnailUrl\":\"https:\/\/periodicocentroccidente.com\/wp-content\/uploads\/2026\/04\/1008559526.jpg\",\"datePublished\":\"2026-04-10T14:30:02+00:00\",\"author\":{\"@id\":\"https:\/\/periodicocentroccidente.com\/#\/schema\/person\/f4e4a651098f3db198244657b7130e7e\"},\"breadcrumb\":{\"@id\":\"https:\/\/periodicocentroccidente.com\/?p=6885#breadcrumb\"},\"inLanguage\":\"es\",\"potentialAction\":[{\"@type\":\"ReadAction\",\"target\":[\"https:\/\/periodicocentroccidente.com\/?p=6885\"]}]},{\"@type\":\"ImageObject\",\"inLanguage\":\"es\",\"@id\":\"https:\/\/periodicocentroccidente.com\/?p=6885#primaryimage\",\"url\":\"https:\/\/periodicocentroccidente.com\/wp-content\/uploads\/2026\/04\/1008559526.jpg\",\"contentUrl\":\"https:\/\/periodicocentroccidente.com\/wp-content\/uploads\/2026\/04\/1008559526.jpg\",\"width\":1020,\"height\":768},{\"@type\":\"BreadcrumbList\",\"@id\":\"https:\/\/periodicocentroccidente.com\/?p=6885#breadcrumb\",\"itemListElement\":[{\"@type\":\"ListItem\",\"position\":1,\"name\":\"Portada\",\"item\":\"https:\/\/periodicocentroccidente.com\/\"},{\"@type\":\"ListItem\",\"position\":2,\"name\":\"VPA concentra investigaci\u00f3n y experiencias con la inauguraci\u00f3n del V Congreso Nacional del Caf\u00e9 y la Caficultura\"}]},{\"@type\":\"WebSite\",\"@id\":\"https:\/\/periodicocentroccidente.com\/#website\",\"url\":\"https:\/\/periodicocentroccidente.com\/\",\"name\":\"\",\"description\":\"Periodismo serio y responsable\",\"potentialAction\":[{\"@type\":\"SearchAction\",\"target\":{\"@type\":\"EntryPoint\",\"urlTemplate\":\"https:\/\/periodicocentroccidente.com\/?s={search_term_string}\"},\"query-input\":{\"@type\":\"PropertyValueSpecification\",\"valueRequired\":true,\"valueName\":\"search_term_string\"}}],\"inLanguage\":\"es\"},{\"@type\":\"Person\",\"@id\":\"https:\/\/periodicocentroccidente.com\/#\/schema\/person\/f4e4a651098f3db198244657b7130e7e\",\"name\":\"Ricardo\",\"image\":{\"@type\":\"ImageObject\",\"inLanguage\":\"es\",\"@id\":\"https:\/\/periodicocentroccidente.com\/#\/schema\/person\/image\/\",\"url\":\"https:\/\/secure.gravatar.com\/avatar\/402e6137108ec0fdaa7809184382fb1dd2f8b00264c1d945d341f2b8f90db429?s=96&d=mm&r=g\",\"contentUrl\":\"https:\/\/secure.gravatar.com\/avatar\/402e6137108ec0fdaa7809184382fb1dd2f8b00264c1d945d341f2b8f90db429?s=96&d=mm&r=g\",\"caption\":\"Ricardo\"},\"url\":\"https:\/\/periodicocentroccidente.com\/?author=2\"}]}<\/script>\n<!-- \/ Yoast SEO plugin. -->","yoast_head_json":{"title":"VPA concentra investigaci\u00f3n y experiencias con la inauguraci\u00f3n del V Congreso Nacional del Caf\u00e9 y la Caficultura -","robots":{"index":"index","follow":"follow","max-snippet":"max-snippet:-1","max-image-preview":"max-image-preview:large","max-video-preview":"max-video-preview:-1"},"canonical":"https:\/\/periodicocentroccidente.com\/?p=6885","og_locale":"es_ES","og_type":"article","og_title":"VPA concentra investigaci\u00f3n y experiencias con la inauguraci\u00f3n del V Congreso Nacional del Caf\u00e9 y la Caficultura -","og_description":"Especial.- En un ambiente de celebraci&oacute;n y compromiso acad&eacute;mico, se dio inicio al V Congreso Nacional del Caf&eacute; y la Caficultura en el estado Portuguesa. El evento re&uacute;ne a autoridades regionales, representantes del sector cient&iacute;fico y acad&eacute;mico, y a la fuerza productora del campo venezolano para debatir el futuro de uno de los rubros m&aacute;s &hellip;","og_url":"https:\/\/periodicocentroccidente.com\/?p=6885","article_published_time":"2026-04-10T14:30:02+00:00","og_image":[{"width":1020,"height":768,"url":"https:\/\/periodicocentroccidente.com\/wp-content\/uploads\/2026\/04\/1008559526.jpg","type":"image\/jpeg"}],"author":"Ricardo","twitter_card":"summary_large_image","twitter_misc":{"Escrito por":"Ricardo","Tiempo de lectura":"4 minutos"},"schema":{"@context":"https:\/\/schema.org","@graph":[{"@type":"WebPage","@id":"https:\/\/periodicocentroccidente.com\/?p=6885","url":"https:\/\/periodicocentroccidente.com\/?p=6885","name":"VPA concentra investigaci\u00f3n y experiencias con la inauguraci\u00f3n del V Congreso Nacional del Caf\u00e9 y la Caficultura -","isPartOf":{"@id":"https:\/\/periodicocentroccidente.com\/#website"},"primaryImageOfPage":{"@id":"https:\/\/periodicocentroccidente.com\/?p=6885#primaryimage"},"image":{"@id":"https:\/\/periodicocentroccidente.com\/?p=6885#primaryimage"},"thumbnailUrl":"https:\/\/periodicocentroccidente.com\/wp-content\/uploads\/2026\/04\/1008559526.jpg","datePublished":"2026-04-10T14:30:02+00:00","author":{"@id":"https:\/\/periodicocentroccidente.com\/#\/schema\/person\/f4e4a651098f3db198244657b7130e7e"},"breadcrumb":{"@id":"https:\/\/periodicocentroccidente.com\/?p=6885#breadcrumb"},"inLanguage":"es","potentialAction":[{"@type":"ReadAction","target":["https:\/\/periodicocentroccidente.com\/?p=6885"]}]},{"@type":"ImageObject","inLanguage":"es","@id":"https:\/\/periodicocentroccidente.com\/?p=6885#primaryimage","url":"https:\/\/periodicocentroccidente.com\/wp-content\/uploads\/2026\/04\/1008559526.jpg","contentUrl":"https:\/\/periodicocentroccidente.com\/wp-content\/uploads\/2026\/04\/1008559526.jpg","width":1020,"height":768},{"@type":"BreadcrumbList","@id":"https:\/\/periodicocentroccidente.com\/?p=6885#breadcrumb","itemListElement":[{"@type":"ListItem","position":1,"name":"Portada","item":"https:\/\/periodicocentroccidente.com\/"},{"@type":"ListItem","position":2,"name":"VPA concentra investigaci\u00f3n y experiencias con la inauguraci\u00f3n del V Congreso Nacional del Caf\u00e9 y la Caficultura"}]},{"@type":"WebSite","@id":"https:\/\/periodicocentroccidente.com\/#website","url":"https:\/\/periodicocentroccidente.com\/","name":"","description":"Periodismo serio y responsable","potentialAction":[{"@type":"SearchAction","target":{"@type":"EntryPoint","urlTemplate":"https:\/\/periodicocentroccidente.com\/?s={search_term_string}"},"query-input":{"@type":"PropertyValueSpecification","valueRequired":true,"valueName":"search_term_string"}}],"inLanguage":"es"},{"@type":"Person","@id":"https:\/\/periodicocentroccidente.com\/#\/schema\/person\/f4e4a651098f3db198244657b7130e7e","name":"Ricardo","image":{"@type":"ImageObject","inLanguage":"es","@id":"https:\/\/periodicocentroccidente.com\/#\/schema\/person\/image\/","url":"https:\/\/secure.gravatar.com\/avatar\/402e6137108ec0fdaa7809184382fb1dd2f8b00264c1d945d341f2b8f90db429?s=96&d=mm&r=g","contentUrl":"https:\/\/secure.gravatar.com\/avatar\/402e6137108ec0fdaa7809184382fb1dd2f8b00264c1d945d341f2b8f90db429?s=96&d=mm&r=g","caption":"Ricardo"},"url":"https:\/\/periodicocentroccidente.com\/?author=2"}]}},"jetpack_featured_media_url":"https:\/\/periodicocentroccidente.com\/wp-content\/uploads\/2026\/04\/1008559526.jpg","jetpack_sharing_enabled":true,"jetpack-related-posts":[],"_links":{"self":[{"href":"https:\/\/periodicocentroccidente.com\/index.php?rest_route=\/wp\/v2\/posts\/6885","targetHints":{"allow":["GET"]}}],"collection":[{"href":"https:\/\/periodicocentroccidente.com\/index.php?rest_route=\/wp\/v2\/posts"}],"about":[{"href":"https:\/\/periodicocentroccidente.com\/index.php?rest_route=\/wp\/v2\/types\/post"}],"author":[{"embeddable":true,"href":"https:\/\/periodicocentroccidente.com\/index.php?rest_route=\/wp\/v2\/users\/2"}],"replies":[{"embeddable":true,"href":"https:\/\/periodicocentroccidente.com\/index.php?rest_route=%2Fwp%2Fv2%2Fcomments&post=6885"}],"version-history":[{"count":1,"href":"https:\/\/periodicocentroccidente.com\/index.php?rest_route=\/wp\/v2\/posts\/6885\/revisions"}],"predecessor-version":[{"id":6893,"href":"https:\/\/periodicocentroccidente.com\/index.php?rest_route=\/wp\/v2\/posts\/6885\/revisions\/6893"}],"wp:featuredmedia":[{"embeddable":true,"href":"https:\/\/periodicocentroccidente.com\/index.php?rest_route=\/wp\/v2\/media\/6891"}],"wp:attachment":[{"href":"https:\/\/periodicocentroccidente.com\/index.php?rest_route=%2Fwp%2Fv2%2Fmedia&parent=6885"}],"wp:term":[{"taxonomy":"category","embeddable":true,"href":"https:\/\/periodicocentroccidente.com\/index.php?rest_route=%2Fwp%2Fv2%2Fcategories&post=6885"},{"taxonomy":"post_tag","embeddable":true,"href":"https:\/\/periodicocentroccidente.com\/index.php?rest_route=%2Fwp%2Fv2%2Ftags&post=6885"}],"curies":[{"name":"wp","href":"https:\/\/api.w.org\/{rel}","templated":true}]}}