{"id":6878,"date":"2026-04-10T14:02:53","date_gmt":"2026-04-10T14:02:53","guid":{"rendered":"https:\/\/periodicocentroccidente.com\/?p=6878"},"modified":"2026-04-10T14:02:53","modified_gmt":"2026-04-10T14:02:53","slug":"conflicto-administrativo-paraliza-actividades-academicas-en-el-cen-juan-jose-landaeta","status":"publish","type":"post","link":"https:\/\/periodicocentroccidente.com\/?p=6878","title":{"rendered":"Conflicto administrativo paraliza actividades acad\u00e9micas en el CEN Juan Jos\u00e9 Landaeta"},"content":{"rendered":"<p><strong>Especial.-<\/strong><\/p>\n<p>Las actividades escolares en el Complejo Educativo Nacional Juan Jos\u00e9 Landaeta,(CEN JJL) ubicado en Nueva Bolivia del municipio Tulio Febres Cordero, se encuentran suspendidos tras la renuncia voluntaria de su Directora, la profesora In\u00e9s Meza. La comunidad de padres, representantes y estudiantes mantiene la toma de las instalaciones como medida de presi\u00f3n, exigiendo la presencia de las autoridades del Centro de Desarrollo de la Calidad Educativa (CDCE) estadal.<\/p>\n<p><strong>Postura de las autoridades educativas<\/strong><br \/>\n\u200bJhon Tello, director municipal del CDCE, compareci\u00f3 ante la emisora local Sur 90.9 FM para aclarar la situaci\u00f3n. Durante su intervenci\u00f3n, reconoci\u00f3 la gesti\u00f3n de la docente saliente:<br \/>\n\u200b\u00bbAgradecemos el desempe\u00f1o loable y \u00e9tico de la profesora In\u00e9s Meza. Sin embargo, ella present\u00f3 una renuncia irrevocable el pasado 3 de marzo, la cual fue aceptada tras el an\u00e1lisis correspondiente\u00bb, puntualiz\u00f3 Tello.<br \/>\n\u200b \u200bEl directivo lament\u00f3 los incidentes ocurridos durante su reciente visita al plantel, denunciando faltas de respeto por parte de algunos manifestantes. Asimismo, asegur\u00f3 que las autoridades regionales ya est\u00e1n al tanto de la situaci\u00f3n para proceder conforme a la ley.<\/p>\n<p><strong>Llamado a la conciliaci\u00f3n estudiantil<\/strong><br \/>\nRepresentantes de la Organizaci\u00f3n Bolivariana Estudiantil (OBE) tambi\u00e9n fijaron posici\u00f3n. Aar\u00f3n Estrada, secretario nacional de media general, calific\u00f3 el conflicto como un asunto estrictamente administrativo y no pedag\u00f3gico.<br \/>\nAar\u00f3n Estrada (OBE Nacional): \u00abLlamamos a la reconciliaci\u00f3n y a deponer actitudes que impidan el derecho a la educaci\u00f3n de quienes desean retornar a las aulas\u00bb.<br \/>\nLaury Gonz\u00e1lez (Vocera estudiantil): \u00abEstamos iniciando el tercer momento pedag\u00f3gico. Esta paralizaci\u00f3n nos afecta a todos; los problemas administrativos deben resolverlos los directivos sin vulnerar nuestro proceso de aprendizaje\u00bb.<\/p>\n<p><strong>Situaci\u00f3n actual<\/strong><br \/>\nHasta el momento, las instalaciones permanecen cerradas. Se espera que en las pr\u00f3ximas horas se establezca una mesa de di\u00e1logo formal entre el CDCE M\u00e9rida y la comunidad educativa para garantizar el restablecimiento del derecho a la educaci\u00f3n de los niveles de Primaria y Media General.<\/p>\n<p><strong>Luis Alonso Cede\u00f1o\/ Panamericana) @en2voces\u00a0<\/strong><\/p>\n<p><img loading=\"lazy\" decoding=\"async\" class=\"alignnone size-medium wp-image-6880\" src=\"https:\/\/periodicocentroccidente.com\/wp-content\/uploads\/2026\/04\/1003253669-300x225.jpg\" alt=\"\" width=\"300\" height=\"225\" srcset=\"https:\/\/periodicocentroccidente.com\/wp-content\/uploads\/2026\/04\/1003253669-300x225.jpg 300w, https:\/\/periodicocentroccidente.com\/wp-content\/uploads\/2026\/04\/1003253669-1024x768.jpg 1024w, https:\/\/periodicocentroccidente.com\/wp-content\/uploads\/2026\/04\/1003253669-768x576.jpg 768w, https:\/\/periodicocentroccidente.com\/wp-content\/uploads\/2026\/04\/1003253669.jpg 1280w\" sizes=\"auto, (max-width: 300px) 100vw, 300px\" \/><\/p>\n","protected":false},"excerpt":{"rendered":"<p>Especial.- Las actividades escolares en el Complejo Educativo Nacional Juan Jos&eacute; Landaeta,(CEN JJL) ubicado en Nueva Bolivia del municipio Tulio Febres Cordero, se encuentran suspendidos tras la renuncia voluntaria de su Directora, la profesora In&eacute;s Meza. La comunidad de padres, representantes y estudiantes mantiene la toma de las instalaciones como medida de presi&oacute;n, exigiendo la &hellip;<\/p>\n","protected":false},"author":2,"featured_media":6879,"comment_status":"open","ping_status":"open","sticky":false,"template":"","format":"standard","meta":{"_jetpack_memberships_contains_paid_content":false,"footnotes":""},"categories":[127],"tags":[],"class_list":["post-6878","post","type-post","status-publish","format-standard","has-post-thumbnail","hentry","category-noticias-recientes"],"yoast_head":"<!-- This site is optimized with the Yoast SEO plugin v24.8.1 - https:\/\/yoast.com\/wordpress\/plugins\/seo\/ -->\n<title>Conflicto administrativo paraliza actividades acad\u00e9micas en el CEN Juan Jos\u00e9 Landaeta -<\/title>\n<meta name=\"robots\" content=\"index, follow, max-snippet:-1, max-image-preview:large, max-video-preview:-1\" \/>\n<link rel=\"canonical\" href=\"https:\/\/periodicocentroccidente.com\/?p=6878\" \/>\n<meta property=\"og:locale\" content=\"es_ES\" \/>\n<meta property=\"og:type\" content=\"article\" \/>\n<meta property=\"og:title\" content=\"Conflicto administrativo paraliza actividades acad\u00e9micas en el CEN Juan Jos\u00e9 Landaeta -\" \/>\n<meta property=\"og:description\" content=\"Especial.- Las actividades escolares en el Complejo Educativo Nacional Juan Jos&eacute; Landaeta,(CEN JJL) ubicado en Nueva Bolivia del municipio Tulio Febres Cordero, se encuentran suspendidos tras la renuncia voluntaria de su Directora, la profesora In&eacute;s Meza. La comunidad de padres, representantes y estudiantes mantiene la toma de las instalaciones como medida de presi&oacute;n, exigiendo la &hellip;\" \/>\n<meta property=\"og:url\" content=\"https:\/\/periodicocentroccidente.com\/?p=6878\" \/>\n<meta property=\"article:published_time\" content=\"2026-04-10T14:02:53+00:00\" \/>\n<meta property=\"og:image\" content=\"https:\/\/periodicocentroccidente.com\/wp-content\/uploads\/2026\/04\/1003253524.jpg\" \/>\n\t<meta property=\"og:image:width\" content=\"1031\" \/>\n\t<meta property=\"og:image:height\" content=\"615\" \/>\n\t<meta property=\"og:image:type\" content=\"image\/jpeg\" \/>\n<meta name=\"author\" content=\"Ricardo\" \/>\n<meta name=\"twitter:card\" content=\"summary_large_image\" \/>\n<meta name=\"twitter:label1\" content=\"Escrito por\" \/>\n\t<meta name=\"twitter:data1\" content=\"Ricardo\" \/>\n\t<meta name=\"twitter:label2\" content=\"Tiempo de lectura\" \/>\n\t<meta name=\"twitter:data2\" content=\"2 minutos\" \/>\n<script type=\"application\/ld+json\" class=\"yoast-schema-graph\">{\"@context\":\"https:\/\/schema.org\",\"@graph\":[{\"@type\":\"WebPage\",\"@id\":\"https:\/\/periodicocentroccidente.com\/?p=6878\",\"url\":\"https:\/\/periodicocentroccidente.com\/?p=6878\",\"name\":\"Conflicto administrativo paraliza actividades acad\u00e9micas en el CEN Juan Jos\u00e9 Landaeta -\",\"isPartOf\":{\"@id\":\"https:\/\/periodicocentroccidente.com\/#website\"},\"primaryImageOfPage\":{\"@id\":\"https:\/\/periodicocentroccidente.com\/?p=6878#primaryimage\"},\"image\":{\"@id\":\"https:\/\/periodicocentroccidente.com\/?p=6878#primaryimage\"},\"thumbnailUrl\":\"https:\/\/periodicocentroccidente.com\/wp-content\/uploads\/2026\/04\/1003253524.jpg\",\"datePublished\":\"2026-04-10T14:02:53+00:00\",\"author\":{\"@id\":\"https:\/\/periodicocentroccidente.com\/#\/schema\/person\/f4e4a651098f3db198244657b7130e7e\"},\"breadcrumb\":{\"@id\":\"https:\/\/periodicocentroccidente.com\/?p=6878#breadcrumb\"},\"inLanguage\":\"es\",\"potentialAction\":[{\"@type\":\"ReadAction\",\"target\":[\"https:\/\/periodicocentroccidente.com\/?p=6878\"]}]},{\"@type\":\"ImageObject\",\"inLanguage\":\"es\",\"@id\":\"https:\/\/periodicocentroccidente.com\/?p=6878#primaryimage\",\"url\":\"https:\/\/periodicocentroccidente.com\/wp-content\/uploads\/2026\/04\/1003253524.jpg\",\"contentUrl\":\"https:\/\/periodicocentroccidente.com\/wp-content\/uploads\/2026\/04\/1003253524.jpg\",\"width\":1031,\"height\":615},{\"@type\":\"BreadcrumbList\",\"@id\":\"https:\/\/periodicocentroccidente.com\/?p=6878#breadcrumb\",\"itemListElement\":[{\"@type\":\"ListItem\",\"position\":1,\"name\":\"Portada\",\"item\":\"https:\/\/periodicocentroccidente.com\/\"},{\"@type\":\"ListItem\",\"position\":2,\"name\":\"Conflicto administrativo paraliza actividades acad\u00e9micas en el CEN Juan Jos\u00e9 Landaeta\"}]},{\"@type\":\"WebSite\",\"@id\":\"https:\/\/periodicocentroccidente.com\/#website\",\"url\":\"https:\/\/periodicocentroccidente.com\/\",\"name\":\"\",\"description\":\"Periodismo serio y responsable\",\"potentialAction\":[{\"@type\":\"SearchAction\",\"target\":{\"@type\":\"EntryPoint\",\"urlTemplate\":\"https:\/\/periodicocentroccidente.com\/?s={search_term_string}\"},\"query-input\":{\"@type\":\"PropertyValueSpecification\",\"valueRequired\":true,\"valueName\":\"search_term_string\"}}],\"inLanguage\":\"es\"},{\"@type\":\"Person\",\"@id\":\"https:\/\/periodicocentroccidente.com\/#\/schema\/person\/f4e4a651098f3db198244657b7130e7e\",\"name\":\"Ricardo\",\"image\":{\"@type\":\"ImageObject\",\"inLanguage\":\"es\",\"@id\":\"https:\/\/periodicocentroccidente.com\/#\/schema\/person\/image\/\",\"url\":\"https:\/\/secure.gravatar.com\/avatar\/402e6137108ec0fdaa7809184382fb1dd2f8b00264c1d945d341f2b8f90db429?s=96&d=mm&r=g\",\"contentUrl\":\"https:\/\/secure.gravatar.com\/avatar\/402e6137108ec0fdaa7809184382fb1dd2f8b00264c1d945d341f2b8f90db429?s=96&d=mm&r=g\",\"caption\":\"Ricardo\"},\"url\":\"https:\/\/periodicocentroccidente.com\/?author=2\"}]}<\/script>\n<!-- \/ Yoast SEO plugin. -->","yoast_head_json":{"title":"Conflicto administrativo paraliza actividades acad\u00e9micas en el CEN Juan Jos\u00e9 Landaeta -","robots":{"index":"index","follow":"follow","max-snippet":"max-snippet:-1","max-image-preview":"max-image-preview:large","max-video-preview":"max-video-preview:-1"},"canonical":"https:\/\/periodicocentroccidente.com\/?p=6878","og_locale":"es_ES","og_type":"article","og_title":"Conflicto administrativo paraliza actividades acad\u00e9micas en el CEN Juan Jos\u00e9 Landaeta -","og_description":"Especial.- Las actividades escolares en el Complejo Educativo Nacional Juan Jos&eacute; Landaeta,(CEN JJL) ubicado en Nueva Bolivia del municipio Tulio Febres Cordero, se encuentran suspendidos tras la renuncia voluntaria de su Directora, la profesora In&eacute;s Meza. La comunidad de padres, representantes y estudiantes mantiene la toma de las instalaciones como medida de presi&oacute;n, exigiendo la &hellip;","og_url":"https:\/\/periodicocentroccidente.com\/?p=6878","article_published_time":"2026-04-10T14:02:53+00:00","og_image":[{"width":1031,"height":615,"url":"https:\/\/periodicocentroccidente.com\/wp-content\/uploads\/2026\/04\/1003253524.jpg","type":"image\/jpeg"}],"author":"Ricardo","twitter_card":"summary_large_image","twitter_misc":{"Escrito por":"Ricardo","Tiempo de lectura":"2 minutos"},"schema":{"@context":"https:\/\/schema.org","@graph":[{"@type":"WebPage","@id":"https:\/\/periodicocentroccidente.com\/?p=6878","url":"https:\/\/periodicocentroccidente.com\/?p=6878","name":"Conflicto administrativo paraliza actividades acad\u00e9micas en el CEN Juan Jos\u00e9 Landaeta -","isPartOf":{"@id":"https:\/\/periodicocentroccidente.com\/#website"},"primaryImageOfPage":{"@id":"https:\/\/periodicocentroccidente.com\/?p=6878#primaryimage"},"image":{"@id":"https:\/\/periodicocentroccidente.com\/?p=6878#primaryimage"},"thumbnailUrl":"https:\/\/periodicocentroccidente.com\/wp-content\/uploads\/2026\/04\/1003253524.jpg","datePublished":"2026-04-10T14:02:53+00:00","author":{"@id":"https:\/\/periodicocentroccidente.com\/#\/schema\/person\/f4e4a651098f3db198244657b7130e7e"},"breadcrumb":{"@id":"https:\/\/periodicocentroccidente.com\/?p=6878#breadcrumb"},"inLanguage":"es","potentialAction":[{"@type":"ReadAction","target":["https:\/\/periodicocentroccidente.com\/?p=6878"]}]},{"@type":"ImageObject","inLanguage":"es","@id":"https:\/\/periodicocentroccidente.com\/?p=6878#primaryimage","url":"https:\/\/periodicocentroccidente.com\/wp-content\/uploads\/2026\/04\/1003253524.jpg","contentUrl":"https:\/\/periodicocentroccidente.com\/wp-content\/uploads\/2026\/04\/1003253524.jpg","width":1031,"height":615},{"@type":"BreadcrumbList","@id":"https:\/\/periodicocentroccidente.com\/?p=6878#breadcrumb","itemListElement":[{"@type":"ListItem","position":1,"name":"Portada","item":"https:\/\/periodicocentroccidente.com\/"},{"@type":"ListItem","position":2,"name":"Conflicto administrativo paraliza actividades acad\u00e9micas en el CEN Juan Jos\u00e9 Landaeta"}]},{"@type":"WebSite","@id":"https:\/\/periodicocentroccidente.com\/#website","url":"https:\/\/periodicocentroccidente.com\/","name":"","description":"Periodismo serio y responsable","potentialAction":[{"@type":"SearchAction","target":{"@type":"EntryPoint","urlTemplate":"https:\/\/periodicocentroccidente.com\/?s={search_term_string}"},"query-input":{"@type":"PropertyValueSpecification","valueRequired":true,"valueName":"search_term_string"}}],"inLanguage":"es"},{"@type":"Person","@id":"https:\/\/periodicocentroccidente.com\/#\/schema\/person\/f4e4a651098f3db198244657b7130e7e","name":"Ricardo","image":{"@type":"ImageObject","inLanguage":"es","@id":"https:\/\/periodicocentroccidente.com\/#\/schema\/person\/image\/","url":"https:\/\/secure.gravatar.com\/avatar\/402e6137108ec0fdaa7809184382fb1dd2f8b00264c1d945d341f2b8f90db429?s=96&d=mm&r=g","contentUrl":"https:\/\/secure.gravatar.com\/avatar\/402e6137108ec0fdaa7809184382fb1dd2f8b00264c1d945d341f2b8f90db429?s=96&d=mm&r=g","caption":"Ricardo"},"url":"https:\/\/periodicocentroccidente.com\/?author=2"}]}},"jetpack_featured_media_url":"https:\/\/periodicocentroccidente.com\/wp-content\/uploads\/2026\/04\/1003253524.jpg","jetpack_sharing_enabled":true,"jetpack-related-posts":[],"_links":{"self":[{"href":"https:\/\/periodicocentroccidente.com\/index.php?rest_route=\/wp\/v2\/posts\/6878","targetHints":{"allow":["GET"]}}],"collection":[{"href":"https:\/\/periodicocentroccidente.com\/index.php?rest_route=\/wp\/v2\/posts"}],"about":[{"href":"https:\/\/periodicocentroccidente.com\/index.php?rest_route=\/wp\/v2\/types\/post"}],"author":[{"embeddable":true,"href":"https:\/\/periodicocentroccidente.com\/index.php?rest_route=\/wp\/v2\/users\/2"}],"replies":[{"embeddable":true,"href":"https:\/\/periodicocentroccidente.com\/index.php?rest_route=%2Fwp%2Fv2%2Fcomments&post=6878"}],"version-history":[{"count":1,"href":"https:\/\/periodicocentroccidente.com\/index.php?rest_route=\/wp\/v2\/posts\/6878\/revisions"}],"predecessor-version":[{"id":6881,"href":"https:\/\/periodicocentroccidente.com\/index.php?rest_route=\/wp\/v2\/posts\/6878\/revisions\/6881"}],"wp:featuredmedia":[{"embeddable":true,"href":"https:\/\/periodicocentroccidente.com\/index.php?rest_route=\/wp\/v2\/media\/6879"}],"wp:attachment":[{"href":"https:\/\/periodicocentroccidente.com\/index.php?rest_route=%2Fwp%2Fv2%2Fmedia&parent=6878"}],"wp:term":[{"taxonomy":"category","embeddable":true,"href":"https:\/\/periodicocentroccidente.com\/index.php?rest_route=%2Fwp%2Fv2%2Fcategories&post=6878"},{"taxonomy":"post_tag","embeddable":true,"href":"https:\/\/periodicocentroccidente.com\/index.php?rest_route=%2Fwp%2Fv2%2Ftags&post=6878"}],"curies":[{"name":"wp","href":"https:\/\/api.w.org\/{rel}","templated":true}]}}