{"id":6870,"date":"2026-04-09T17:50:31","date_gmt":"2026-04-09T17:50:31","guid":{"rendered":"https:\/\/periodicocentroccidente.com\/?p=6870"},"modified":"2026-04-09T17:50:31","modified_gmt":"2026-04-09T17:50:31","slug":"capturan-a-ciudadano-solicitado-por-la-justicia-en-acarigua","status":"publish","type":"post","link":"https:\/\/periodicocentroccidente.com\/?p=6870","title":{"rendered":"Capturan a ciudadano solicitado por la justicia en Acarigua"},"content":{"rendered":"<p><strong>Especial.-<\/strong><\/p>\n<div dir=\"auto\">Durante la ma\u00f1ana de este jueves 9 de abril, funcionarios del Servicio de Investigaci\u00f3n Penal (Cono Norte) del Cuerpo de Polic\u00eda del estado Portuguesa, lograron la captura de un ciudadano que se encontraba requerido por las autoridades judiciales.<\/div>\n<div dir=\"auto\"><\/div>\n<div dir=\"auto\">La novedad se registr\u00f3 en la calle principal de la Urbanizaci\u00f3n Durigua 4, municipio P\u00e1ez, correspondiente al Cuadrante de Paz de la Comuna 9 \u00abLanceros de P\u00e1ez\u00bb, donde la comisi\u00f3n policial, en labores de investigaci\u00f3n, detect\u00f3 a un sujeto con actitud evasiva, quien al ser verificado a trav\u00e9s del sistema SIIPOL, result\u00f3 estar solicitado.<\/div>\n<div dir=\"auto\"><\/div>\n<div dir=\"auto\">El hombre responde al nombre de Jhonatan J. Le\u00f3n P. (28 a\u00f1os), quien se encuentra requerido por el Juzgado Tercero de Control (Extensi\u00f3n Acarigua) desde enero de 2018, por delitos contra la propiedad y tambi\u00e9n posee registros previos por porte y ocultamiento de arma de fuego (agosto de 2016). Tras su aprehensi\u00f3n, este sujeto fue trasladado a la sede policial y el caso qued\u00f3 a disposici\u00f3n de la Fiscal\u00eda D\u00e9cima Primera del Ministerio P\u00fablico.<\/div>\n<div dir=\"auto\"><\/div>\n<div dir=\"auto\"><strong>Fuente: SIP<\/strong><\/div>\n<div dir=\"auto\"><strong>R: M. Far\u00eda CNP. 19087<\/strong><\/div>\n","protected":false},"excerpt":{"rendered":"<p>Especial.- Durante la ma&ntilde;ana de este jueves 9 de abril, funcionarios del Servicio de Investigaci&oacute;n Penal (Cono Norte) del Cuerpo de Polic&iacute;a del estado Portuguesa, lograron la captura de un ciudadano que se encontraba requerido por las autoridades judiciales. La novedad se registr&oacute; en la calle principal de la Urbanizaci&oacute;n Durigua 4, municipio P&aacute;ez, correspondiente &hellip;<\/p>\n","protected":false},"author":2,"featured_media":6871,"comment_status":"open","ping_status":"open","sticky":false,"template":"","format":"standard","meta":{"_jetpack_memberships_contains_paid_content":false,"footnotes":""},"categories":[128],"tags":[],"class_list":["post-6870","post","type-post","status-publish","format-standard","has-post-thumbnail","hentry","category-noticias-del-cono-norte"],"yoast_head":"<!-- This site is optimized with the Yoast SEO plugin v24.8.1 - https:\/\/yoast.com\/wordpress\/plugins\/seo\/ -->\n<title>Capturan a ciudadano solicitado por la justicia en Acarigua -<\/title>\n<meta name=\"robots\" content=\"index, follow, max-snippet:-1, max-image-preview:large, max-video-preview:-1\" \/>\n<link rel=\"canonical\" href=\"https:\/\/periodicocentroccidente.com\/?p=6870\" \/>\n<meta property=\"og:locale\" content=\"es_ES\" \/>\n<meta property=\"og:type\" content=\"article\" \/>\n<meta property=\"og:title\" content=\"Capturan a ciudadano solicitado por la justicia en Acarigua -\" \/>\n<meta property=\"og:description\" content=\"Especial.- Durante la ma&ntilde;ana de este jueves 9 de abril, funcionarios del Servicio de Investigaci&oacute;n Penal (Cono Norte) del Cuerpo de Polic&iacute;a del estado Portuguesa, lograron la captura de un ciudadano que se encontraba requerido por las autoridades judiciales. La novedad se registr&oacute; en la calle principal de la Urbanizaci&oacute;n Durigua 4, municipio P&aacute;ez, correspondiente &hellip;\" \/>\n<meta property=\"og:url\" content=\"https:\/\/periodicocentroccidente.com\/?p=6870\" \/>\n<meta property=\"article:published_time\" content=\"2026-04-09T17:50:31+00:00\" \/>\n<meta property=\"og:image\" content=\"https:\/\/periodicocentroccidente.com\/wp-content\/uploads\/2026\/04\/unnamed-1-1.jpg\" \/>\n\t<meta property=\"og:image:width\" content=\"986\" \/>\n\t<meta property=\"og:image:height\" content=\"1080\" \/>\n\t<meta property=\"og:image:type\" content=\"image\/jpeg\" \/>\n<meta name=\"author\" content=\"Ricardo\" \/>\n<meta name=\"twitter:card\" content=\"summary_large_image\" \/>\n<meta name=\"twitter:label1\" content=\"Escrito por\" \/>\n\t<meta name=\"twitter:data1\" content=\"Ricardo\" \/>\n\t<meta name=\"twitter:label2\" content=\"Tiempo de lectura\" \/>\n\t<meta name=\"twitter:data2\" content=\"1 minuto\" \/>\n<script type=\"application\/ld+json\" class=\"yoast-schema-graph\">{\"@context\":\"https:\/\/schema.org\",\"@graph\":[{\"@type\":\"WebPage\",\"@id\":\"https:\/\/periodicocentroccidente.com\/?p=6870\",\"url\":\"https:\/\/periodicocentroccidente.com\/?p=6870\",\"name\":\"Capturan a ciudadano solicitado por la justicia en Acarigua -\",\"isPartOf\":{\"@id\":\"https:\/\/periodicocentroccidente.com\/#website\"},\"primaryImageOfPage\":{\"@id\":\"https:\/\/periodicocentroccidente.com\/?p=6870#primaryimage\"},\"image\":{\"@id\":\"https:\/\/periodicocentroccidente.com\/?p=6870#primaryimage\"},\"thumbnailUrl\":\"https:\/\/periodicocentroccidente.com\/wp-content\/uploads\/2026\/04\/unnamed-1-1.jpg\",\"datePublished\":\"2026-04-09T17:50:31+00:00\",\"author\":{\"@id\":\"https:\/\/periodicocentroccidente.com\/#\/schema\/person\/f4e4a651098f3db198244657b7130e7e\"},\"breadcrumb\":{\"@id\":\"https:\/\/periodicocentroccidente.com\/?p=6870#breadcrumb\"},\"inLanguage\":\"es\",\"potentialAction\":[{\"@type\":\"ReadAction\",\"target\":[\"https:\/\/periodicocentroccidente.com\/?p=6870\"]}]},{\"@type\":\"ImageObject\",\"inLanguage\":\"es\",\"@id\":\"https:\/\/periodicocentroccidente.com\/?p=6870#primaryimage\",\"url\":\"https:\/\/periodicocentroccidente.com\/wp-content\/uploads\/2026\/04\/unnamed-1-1.jpg\",\"contentUrl\":\"https:\/\/periodicocentroccidente.com\/wp-content\/uploads\/2026\/04\/unnamed-1-1.jpg\",\"width\":986,\"height\":1080},{\"@type\":\"BreadcrumbList\",\"@id\":\"https:\/\/periodicocentroccidente.com\/?p=6870#breadcrumb\",\"itemListElement\":[{\"@type\":\"ListItem\",\"position\":1,\"name\":\"Portada\",\"item\":\"https:\/\/periodicocentroccidente.com\/\"},{\"@type\":\"ListItem\",\"position\":2,\"name\":\"Capturan a ciudadano solicitado por la justicia en Acarigua\"}]},{\"@type\":\"WebSite\",\"@id\":\"https:\/\/periodicocentroccidente.com\/#website\",\"url\":\"https:\/\/periodicocentroccidente.com\/\",\"name\":\"\",\"description\":\"Periodismo serio y responsable\",\"potentialAction\":[{\"@type\":\"SearchAction\",\"target\":{\"@type\":\"EntryPoint\",\"urlTemplate\":\"https:\/\/periodicocentroccidente.com\/?s={search_term_string}\"},\"query-input\":{\"@type\":\"PropertyValueSpecification\",\"valueRequired\":true,\"valueName\":\"search_term_string\"}}],\"inLanguage\":\"es\"},{\"@type\":\"Person\",\"@id\":\"https:\/\/periodicocentroccidente.com\/#\/schema\/person\/f4e4a651098f3db198244657b7130e7e\",\"name\":\"Ricardo\",\"image\":{\"@type\":\"ImageObject\",\"inLanguage\":\"es\",\"@id\":\"https:\/\/periodicocentroccidente.com\/#\/schema\/person\/image\/\",\"url\":\"https:\/\/secure.gravatar.com\/avatar\/402e6137108ec0fdaa7809184382fb1dd2f8b00264c1d945d341f2b8f90db429?s=96&d=mm&r=g\",\"contentUrl\":\"https:\/\/secure.gravatar.com\/avatar\/402e6137108ec0fdaa7809184382fb1dd2f8b00264c1d945d341f2b8f90db429?s=96&d=mm&r=g\",\"caption\":\"Ricardo\"},\"url\":\"https:\/\/periodicocentroccidente.com\/?author=2\"}]}<\/script>\n<!-- \/ Yoast SEO plugin. -->","yoast_head_json":{"title":"Capturan a ciudadano solicitado por la justicia en Acarigua -","robots":{"index":"index","follow":"follow","max-snippet":"max-snippet:-1","max-image-preview":"max-image-preview:large","max-video-preview":"max-video-preview:-1"},"canonical":"https:\/\/periodicocentroccidente.com\/?p=6870","og_locale":"es_ES","og_type":"article","og_title":"Capturan a ciudadano solicitado por la justicia en Acarigua -","og_description":"Especial.- Durante la ma&ntilde;ana de este jueves 9 de abril, funcionarios del Servicio de Investigaci&oacute;n Penal (Cono Norte) del Cuerpo de Polic&iacute;a del estado Portuguesa, lograron la captura de un ciudadano que se encontraba requerido por las autoridades judiciales. La novedad se registr&oacute; en la calle principal de la Urbanizaci&oacute;n Durigua 4, municipio P&aacute;ez, correspondiente &hellip;","og_url":"https:\/\/periodicocentroccidente.com\/?p=6870","article_published_time":"2026-04-09T17:50:31+00:00","og_image":[{"width":986,"height":1080,"url":"https:\/\/periodicocentroccidente.com\/wp-content\/uploads\/2026\/04\/unnamed-1-1.jpg","type":"image\/jpeg"}],"author":"Ricardo","twitter_card":"summary_large_image","twitter_misc":{"Escrito por":"Ricardo","Tiempo de lectura":"1 minuto"},"schema":{"@context":"https:\/\/schema.org","@graph":[{"@type":"WebPage","@id":"https:\/\/periodicocentroccidente.com\/?p=6870","url":"https:\/\/periodicocentroccidente.com\/?p=6870","name":"Capturan a ciudadano solicitado por la justicia en Acarigua -","isPartOf":{"@id":"https:\/\/periodicocentroccidente.com\/#website"},"primaryImageOfPage":{"@id":"https:\/\/periodicocentroccidente.com\/?p=6870#primaryimage"},"image":{"@id":"https:\/\/periodicocentroccidente.com\/?p=6870#primaryimage"},"thumbnailUrl":"https:\/\/periodicocentroccidente.com\/wp-content\/uploads\/2026\/04\/unnamed-1-1.jpg","datePublished":"2026-04-09T17:50:31+00:00","author":{"@id":"https:\/\/periodicocentroccidente.com\/#\/schema\/person\/f4e4a651098f3db198244657b7130e7e"},"breadcrumb":{"@id":"https:\/\/periodicocentroccidente.com\/?p=6870#breadcrumb"},"inLanguage":"es","potentialAction":[{"@type":"ReadAction","target":["https:\/\/periodicocentroccidente.com\/?p=6870"]}]},{"@type":"ImageObject","inLanguage":"es","@id":"https:\/\/periodicocentroccidente.com\/?p=6870#primaryimage","url":"https:\/\/periodicocentroccidente.com\/wp-content\/uploads\/2026\/04\/unnamed-1-1.jpg","contentUrl":"https:\/\/periodicocentroccidente.com\/wp-content\/uploads\/2026\/04\/unnamed-1-1.jpg","width":986,"height":1080},{"@type":"BreadcrumbList","@id":"https:\/\/periodicocentroccidente.com\/?p=6870#breadcrumb","itemListElement":[{"@type":"ListItem","position":1,"name":"Portada","item":"https:\/\/periodicocentroccidente.com\/"},{"@type":"ListItem","position":2,"name":"Capturan a ciudadano solicitado por la justicia en Acarigua"}]},{"@type":"WebSite","@id":"https:\/\/periodicocentroccidente.com\/#website","url":"https:\/\/periodicocentroccidente.com\/","name":"","description":"Periodismo serio y responsable","potentialAction":[{"@type":"SearchAction","target":{"@type":"EntryPoint","urlTemplate":"https:\/\/periodicocentroccidente.com\/?s={search_term_string}"},"query-input":{"@type":"PropertyValueSpecification","valueRequired":true,"valueName":"search_term_string"}}],"inLanguage":"es"},{"@type":"Person","@id":"https:\/\/periodicocentroccidente.com\/#\/schema\/person\/f4e4a651098f3db198244657b7130e7e","name":"Ricardo","image":{"@type":"ImageObject","inLanguage":"es","@id":"https:\/\/periodicocentroccidente.com\/#\/schema\/person\/image\/","url":"https:\/\/secure.gravatar.com\/avatar\/402e6137108ec0fdaa7809184382fb1dd2f8b00264c1d945d341f2b8f90db429?s=96&d=mm&r=g","contentUrl":"https:\/\/secure.gravatar.com\/avatar\/402e6137108ec0fdaa7809184382fb1dd2f8b00264c1d945d341f2b8f90db429?s=96&d=mm&r=g","caption":"Ricardo"},"url":"https:\/\/periodicocentroccidente.com\/?author=2"}]}},"jetpack_featured_media_url":"https:\/\/periodicocentroccidente.com\/wp-content\/uploads\/2026\/04\/unnamed-1-1.jpg","jetpack_sharing_enabled":true,"jetpack-related-posts":[],"_links":{"self":[{"href":"https:\/\/periodicocentroccidente.com\/index.php?rest_route=\/wp\/v2\/posts\/6870","targetHints":{"allow":["GET"]}}],"collection":[{"href":"https:\/\/periodicocentroccidente.com\/index.php?rest_route=\/wp\/v2\/posts"}],"about":[{"href":"https:\/\/periodicocentroccidente.com\/index.php?rest_route=\/wp\/v2\/types\/post"}],"author":[{"embeddable":true,"href":"https:\/\/periodicocentroccidente.com\/index.php?rest_route=\/wp\/v2\/users\/2"}],"replies":[{"embeddable":true,"href":"https:\/\/periodicocentroccidente.com\/index.php?rest_route=%2Fwp%2Fv2%2Fcomments&post=6870"}],"version-history":[{"count":1,"href":"https:\/\/periodicocentroccidente.com\/index.php?rest_route=\/wp\/v2\/posts\/6870\/revisions"}],"predecessor-version":[{"id":6872,"href":"https:\/\/periodicocentroccidente.com\/index.php?rest_route=\/wp\/v2\/posts\/6870\/revisions\/6872"}],"wp:featuredmedia":[{"embeddable":true,"href":"https:\/\/periodicocentroccidente.com\/index.php?rest_route=\/wp\/v2\/media\/6871"}],"wp:attachment":[{"href":"https:\/\/periodicocentroccidente.com\/index.php?rest_route=%2Fwp%2Fv2%2Fmedia&parent=6870"}],"wp:term":[{"taxonomy":"category","embeddable":true,"href":"https:\/\/periodicocentroccidente.com\/index.php?rest_route=%2Fwp%2Fv2%2Fcategories&post=6870"},{"taxonomy":"post_tag","embeddable":true,"href":"https:\/\/periodicocentroccidente.com\/index.php?rest_route=%2Fwp%2Fv2%2Ftags&post=6870"}],"curies":[{"name":"wp","href":"https:\/\/api.w.org\/{rel}","templated":true}]}}