{"id":6867,"date":"2026-04-09T17:00:58","date_gmt":"2026-04-09T17:00:58","guid":{"rendered":"https:\/\/periodicocentroccidente.com\/?p=6867"},"modified":"2026-04-09T17:00:58","modified_gmt":"2026-04-09T17:00:58","slug":"presidenta-delcy-rodriguez-anuncia-aumento-salarial-el-1ero-de-mayo","status":"publish","type":"post","link":"https:\/\/periodicocentroccidente.com\/?p=6867","title":{"rendered":"Presidenta Delcy Rodriguez anuncia aumento salarial el 1ero de Mayo"},"content":{"rendered":"<p><strong>Especial.-<\/strong><\/p>\n<p>La presidenta encargada,\u00a0Delcy Rodr\u00edguez,\u00a0respondi\u00f3 de forma directa a las solicitudes de sindicalistas, trabajadores y pensionados\u00a0sobre un aumento salarial, asegurando que el pr\u00f3ximo 1 de mayo,\u00a0luego de cuatro a\u00f1os anunciando incremento de bonos y no de sueldo base, habr\u00e1 un \u201cincremento responsable\u201d.<\/p>\n<p>\u201cAnuncio que el 1 de mayo haremos un incremento, y ser\u00e1 un incremento responsable\u201d,\u00a0dijo la mandataria entre sus anuncios de este mi\u00e9rcoles.<\/p>\n<p>Rodr\u00edguez hizo \u00e9nfasis en que este aumento ser\u00eda \u201cresponsable\u201d\u00a0y vislumbr\u00f3 un \u201cfuturo\u201d en el que, estima, con una mejor situaci\u00f3n econ\u00f3mica, habr\u00eda una mejora salarial m\u00e1s significativa.<\/p>\n<p>\u201cIgualmente, en el futuro pr\u00f3ximo, conforme tengamos, y Venezuela goce de m\u00e1s recursos que\u00a0permitan la sostenibilidad de las mejoras salariales y de los ingresos de los trabajadores, seguiremos avanzando por ese camino\u201d,\u00a0expres\u00f3.<\/p>\n<p>Por su parte, Rodr\u00edguez dio a conocer que iniciar\u00e1 la\u00a0\u201ccomisi\u00f3n para el di\u00e1logo laboral\u201d,\u00a0en la cual, asegura, se dar\u00e1 espacio para escuchar a los l\u00edderes sindicales, trabajadores, pensionados y miembros del sector privado a nivel nacional, a fin de buscar acuerdos en materia salarial y de condiciones de trabajo.<\/p>\n<p>\u201cMi primer anuncio para Venezuela: a partir del d\u00eda de hoy, instalo la comisi\u00f3n para el di\u00e1logo laboral que abarque la constituyente laboral en curso y de seguridad social, con participaci\u00f3n del estado venezolano, del sector privado, los trabajadores y pensionados del pa\u00eds, que\u00a0nos permita visualizar un nuevo modelo de esa Venezuela que debe abrirse paso sin bloqueo, sin sanciones\u201d,\u00a0dijo Rodr\u00edguez durante una transmisi\u00f3n en vivo realizada la noche de este mi\u00e9rcoles.<\/p>\n<p>La Ejecutiva encargada destac\u00f3 que,\u00a0el prop\u00f3sito es \u201cque estos sectores se sienten a dialogar, y de ah\u00ed salga un consenso\u201d,\u00a0as\u00ed como la constituyente laboral en la Asamblea Nacional.<\/p>\n<p>Tambi\u00e9n hizo hincapi\u00e9 en buscar un\u00a0\u201cmodelo que garantice el futuro de los venezolanos\u201d.<\/p>\n<p><strong>PRIVATIZACI\u00d3N DE PDVSA<\/strong><\/p>\n<p>Durante sus anuncios a la naci\u00f3n, la presidenta encargada, Delcy Rodr\u00edguez, advirti\u00f3 este mi\u00e9rcoles que la estatal Petr\u00f3leos de Venezuela (Pdvsa) no ser\u00eda privatizada.\u00a0Esto, pese a la b\u00fasqueda de inversiones extranjeras en materia de explotaci\u00f3n de crudo.<\/p>\n<p>La mandataria orden\u00f3 crear una comisi\u00f3n \u201cque determine la naturaleza estrat\u00e9gica o no de los activos del Estado, conformada por el Estado, sector privado y poder popular\u201d,\u00a0incluyendo en este marco, los recursos provenientes de la renta petrolera.<\/p>\n<p>Sostuvo que los recursos que ingresen al pa\u00eds estar\u00edan destinados \u201cal impulso de la industria de hidrocarburos, que, a su vez,\u00a0permita generar aumentos salariales, as\u00ed como restauraci\u00f3n de la infraestructura p\u00fablica\u201d.<\/p>\n<p>Afirm\u00f3 que \u201cuna vez que cese el bloqueo,\u00a0esos recursos ir\u00e1n para el beneficio de los venezolanos\u201d.<\/p>\n<p>En cuanto a la Ley de Hidrocarburos,\u00a0Delcy descart\u00f3 \u201centregar\u201d los recursos venezolanos a \u201cintereses extranjeros\u201d.<\/p>\n<p><strong>VIA (Versi\u00f3n Final)<\/strong><\/p>\n","protected":false},"excerpt":{"rendered":"<p>Especial.- La presidenta encargada,&nbsp;Delcy Rodr&iacute;guez,&nbsp;respondi&oacute; de forma directa a las solicitudes de sindicalistas, trabajadores y pensionados&nbsp;sobre un aumento salarial, asegurando que el pr&oacute;ximo 1 de mayo,&nbsp;luego de cuatro a&ntilde;os anunciando incremento de bonos y no de sueldo base, habr&aacute; un &ldquo;incremento responsable&rdquo;. &ldquo;Anuncio que el 1 de mayo haremos un incremento, y ser&aacute; un incremento &hellip;<\/p>\n","protected":false},"author":2,"featured_media":6868,"comment_status":"open","ping_status":"open","sticky":false,"template":"","format":"standard","meta":{"_jetpack_memberships_contains_paid_content":false,"footnotes":""},"categories":[127],"tags":[],"class_list":["post-6867","post","type-post","status-publish","format-standard","has-post-thumbnail","hentry","category-noticias-recientes"],"yoast_head":"<!-- This site is optimized with the Yoast SEO plugin v24.8.1 - https:\/\/yoast.com\/wordpress\/plugins\/seo\/ -->\n<title>Presidenta Delcy Rodriguez anuncia aumento salarial el 1ero de Mayo -<\/title>\n<meta name=\"robots\" content=\"index, follow, max-snippet:-1, max-image-preview:large, max-video-preview:-1\" \/>\n<link rel=\"canonical\" href=\"https:\/\/periodicocentroccidente.com\/?p=6867\" \/>\n<meta property=\"og:locale\" content=\"es_ES\" \/>\n<meta property=\"og:type\" content=\"article\" \/>\n<meta property=\"og:title\" content=\"Presidenta Delcy Rodriguez anuncia aumento salarial el 1ero de Mayo -\" \/>\n<meta property=\"og:description\" content=\"Especial.- La presidenta encargada,&nbsp;Delcy Rodr&iacute;guez,&nbsp;respondi&oacute; de forma directa a las solicitudes de sindicalistas, trabajadores y pensionados&nbsp;sobre un aumento salarial, asegurando que el pr&oacute;ximo 1 de mayo,&nbsp;luego de cuatro a&ntilde;os anunciando incremento de bonos y no de sueldo base, habr&aacute; un &ldquo;incremento responsable&rdquo;. &ldquo;Anuncio que el 1 de mayo haremos un incremento, y ser&aacute; un incremento &hellip;\" \/>\n<meta property=\"og:url\" content=\"https:\/\/periodicocentroccidente.com\/?p=6867\" \/>\n<meta property=\"article:published_time\" content=\"2026-04-09T17:00:58+00:00\" \/>\n<meta property=\"og:image\" content=\"https:\/\/periodicocentroccidente.com\/wp-content\/uploads\/2026\/04\/11_jz_l3604_p-97b369.jpg\" \/>\n\t<meta property=\"og:image:width\" content=\"800\" \/>\n\t<meta property=\"og:image:height\" content=\"500\" \/>\n\t<meta property=\"og:image:type\" content=\"image\/jpeg\" \/>\n<meta name=\"author\" content=\"Ricardo\" \/>\n<meta name=\"twitter:card\" content=\"summary_large_image\" \/>\n<meta name=\"twitter:label1\" content=\"Escrito por\" \/>\n\t<meta name=\"twitter:data1\" content=\"Ricardo\" \/>\n\t<meta name=\"twitter:label2\" content=\"Tiempo de lectura\" \/>\n\t<meta name=\"twitter:data2\" content=\"3 minutos\" \/>\n<script type=\"application\/ld+json\" class=\"yoast-schema-graph\">{\"@context\":\"https:\/\/schema.org\",\"@graph\":[{\"@type\":\"WebPage\",\"@id\":\"https:\/\/periodicocentroccidente.com\/?p=6867\",\"url\":\"https:\/\/periodicocentroccidente.com\/?p=6867\",\"name\":\"Presidenta Delcy Rodriguez anuncia aumento salarial el 1ero de Mayo -\",\"isPartOf\":{\"@id\":\"https:\/\/periodicocentroccidente.com\/#website\"},\"primaryImageOfPage\":{\"@id\":\"https:\/\/periodicocentroccidente.com\/?p=6867#primaryimage\"},\"image\":{\"@id\":\"https:\/\/periodicocentroccidente.com\/?p=6867#primaryimage\"},\"thumbnailUrl\":\"https:\/\/periodicocentroccidente.com\/wp-content\/uploads\/2026\/04\/11_jz_l3604_p-97b369.jpg\",\"datePublished\":\"2026-04-09T17:00:58+00:00\",\"author\":{\"@id\":\"https:\/\/periodicocentroccidente.com\/#\/schema\/person\/f4e4a651098f3db198244657b7130e7e\"},\"breadcrumb\":{\"@id\":\"https:\/\/periodicocentroccidente.com\/?p=6867#breadcrumb\"},\"inLanguage\":\"es\",\"potentialAction\":[{\"@type\":\"ReadAction\",\"target\":[\"https:\/\/periodicocentroccidente.com\/?p=6867\"]}]},{\"@type\":\"ImageObject\",\"inLanguage\":\"es\",\"@id\":\"https:\/\/periodicocentroccidente.com\/?p=6867#primaryimage\",\"url\":\"https:\/\/periodicocentroccidente.com\/wp-content\/uploads\/2026\/04\/11_jz_l3604_p-97b369.jpg\",\"contentUrl\":\"https:\/\/periodicocentroccidente.com\/wp-content\/uploads\/2026\/04\/11_jz_l3604_p-97b369.jpg\",\"width\":800,\"height\":500},{\"@type\":\"BreadcrumbList\",\"@id\":\"https:\/\/periodicocentroccidente.com\/?p=6867#breadcrumb\",\"itemListElement\":[{\"@type\":\"ListItem\",\"position\":1,\"name\":\"Portada\",\"item\":\"https:\/\/periodicocentroccidente.com\/\"},{\"@type\":\"ListItem\",\"position\":2,\"name\":\"Presidenta Delcy Rodriguez anuncia aumento salarial el 1ero de Mayo\"}]},{\"@type\":\"WebSite\",\"@id\":\"https:\/\/periodicocentroccidente.com\/#website\",\"url\":\"https:\/\/periodicocentroccidente.com\/\",\"name\":\"\",\"description\":\"Periodismo serio y responsable\",\"potentialAction\":[{\"@type\":\"SearchAction\",\"target\":{\"@type\":\"EntryPoint\",\"urlTemplate\":\"https:\/\/periodicocentroccidente.com\/?s={search_term_string}\"},\"query-input\":{\"@type\":\"PropertyValueSpecification\",\"valueRequired\":true,\"valueName\":\"search_term_string\"}}],\"inLanguage\":\"es\"},{\"@type\":\"Person\",\"@id\":\"https:\/\/periodicocentroccidente.com\/#\/schema\/person\/f4e4a651098f3db198244657b7130e7e\",\"name\":\"Ricardo\",\"image\":{\"@type\":\"ImageObject\",\"inLanguage\":\"es\",\"@id\":\"https:\/\/periodicocentroccidente.com\/#\/schema\/person\/image\/\",\"url\":\"https:\/\/secure.gravatar.com\/avatar\/402e6137108ec0fdaa7809184382fb1dd2f8b00264c1d945d341f2b8f90db429?s=96&d=mm&r=g\",\"contentUrl\":\"https:\/\/secure.gravatar.com\/avatar\/402e6137108ec0fdaa7809184382fb1dd2f8b00264c1d945d341f2b8f90db429?s=96&d=mm&r=g\",\"caption\":\"Ricardo\"},\"url\":\"https:\/\/periodicocentroccidente.com\/?author=2\"}]}<\/script>\n<!-- \/ Yoast SEO plugin. -->","yoast_head_json":{"title":"Presidenta Delcy Rodriguez anuncia aumento salarial el 1ero de Mayo -","robots":{"index":"index","follow":"follow","max-snippet":"max-snippet:-1","max-image-preview":"max-image-preview:large","max-video-preview":"max-video-preview:-1"},"canonical":"https:\/\/periodicocentroccidente.com\/?p=6867","og_locale":"es_ES","og_type":"article","og_title":"Presidenta Delcy Rodriguez anuncia aumento salarial el 1ero de Mayo -","og_description":"Especial.- La presidenta encargada,&nbsp;Delcy Rodr&iacute;guez,&nbsp;respondi&oacute; de forma directa a las solicitudes de sindicalistas, trabajadores y pensionados&nbsp;sobre un aumento salarial, asegurando que el pr&oacute;ximo 1 de mayo,&nbsp;luego de cuatro a&ntilde;os anunciando incremento de bonos y no de sueldo base, habr&aacute; un &ldquo;incremento responsable&rdquo;. &ldquo;Anuncio que el 1 de mayo haremos un incremento, y ser&aacute; un incremento &hellip;","og_url":"https:\/\/periodicocentroccidente.com\/?p=6867","article_published_time":"2026-04-09T17:00:58+00:00","og_image":[{"width":800,"height":500,"url":"https:\/\/periodicocentroccidente.com\/wp-content\/uploads\/2026\/04\/11_jz_l3604_p-97b369.jpg","type":"image\/jpeg"}],"author":"Ricardo","twitter_card":"summary_large_image","twitter_misc":{"Escrito por":"Ricardo","Tiempo de lectura":"3 minutos"},"schema":{"@context":"https:\/\/schema.org","@graph":[{"@type":"WebPage","@id":"https:\/\/periodicocentroccidente.com\/?p=6867","url":"https:\/\/periodicocentroccidente.com\/?p=6867","name":"Presidenta Delcy Rodriguez anuncia aumento salarial el 1ero de Mayo -","isPartOf":{"@id":"https:\/\/periodicocentroccidente.com\/#website"},"primaryImageOfPage":{"@id":"https:\/\/periodicocentroccidente.com\/?p=6867#primaryimage"},"image":{"@id":"https:\/\/periodicocentroccidente.com\/?p=6867#primaryimage"},"thumbnailUrl":"https:\/\/periodicocentroccidente.com\/wp-content\/uploads\/2026\/04\/11_jz_l3604_p-97b369.jpg","datePublished":"2026-04-09T17:00:58+00:00","author":{"@id":"https:\/\/periodicocentroccidente.com\/#\/schema\/person\/f4e4a651098f3db198244657b7130e7e"},"breadcrumb":{"@id":"https:\/\/periodicocentroccidente.com\/?p=6867#breadcrumb"},"inLanguage":"es","potentialAction":[{"@type":"ReadAction","target":["https:\/\/periodicocentroccidente.com\/?p=6867"]}]},{"@type":"ImageObject","inLanguage":"es","@id":"https:\/\/periodicocentroccidente.com\/?p=6867#primaryimage","url":"https:\/\/periodicocentroccidente.com\/wp-content\/uploads\/2026\/04\/11_jz_l3604_p-97b369.jpg","contentUrl":"https:\/\/periodicocentroccidente.com\/wp-content\/uploads\/2026\/04\/11_jz_l3604_p-97b369.jpg","width":800,"height":500},{"@type":"BreadcrumbList","@id":"https:\/\/periodicocentroccidente.com\/?p=6867#breadcrumb","itemListElement":[{"@type":"ListItem","position":1,"name":"Portada","item":"https:\/\/periodicocentroccidente.com\/"},{"@type":"ListItem","position":2,"name":"Presidenta Delcy Rodriguez anuncia aumento salarial el 1ero de Mayo"}]},{"@type":"WebSite","@id":"https:\/\/periodicocentroccidente.com\/#website","url":"https:\/\/periodicocentroccidente.com\/","name":"","description":"Periodismo serio y responsable","potentialAction":[{"@type":"SearchAction","target":{"@type":"EntryPoint","urlTemplate":"https:\/\/periodicocentroccidente.com\/?s={search_term_string}"},"query-input":{"@type":"PropertyValueSpecification","valueRequired":true,"valueName":"search_term_string"}}],"inLanguage":"es"},{"@type":"Person","@id":"https:\/\/periodicocentroccidente.com\/#\/schema\/person\/f4e4a651098f3db198244657b7130e7e","name":"Ricardo","image":{"@type":"ImageObject","inLanguage":"es","@id":"https:\/\/periodicocentroccidente.com\/#\/schema\/person\/image\/","url":"https:\/\/secure.gravatar.com\/avatar\/402e6137108ec0fdaa7809184382fb1dd2f8b00264c1d945d341f2b8f90db429?s=96&d=mm&r=g","contentUrl":"https:\/\/secure.gravatar.com\/avatar\/402e6137108ec0fdaa7809184382fb1dd2f8b00264c1d945d341f2b8f90db429?s=96&d=mm&r=g","caption":"Ricardo"},"url":"https:\/\/periodicocentroccidente.com\/?author=2"}]}},"jetpack_featured_media_url":"https:\/\/periodicocentroccidente.com\/wp-content\/uploads\/2026\/04\/11_jz_l3604_p-97b369.jpg","jetpack_sharing_enabled":true,"jetpack-related-posts":[],"_links":{"self":[{"href":"https:\/\/periodicocentroccidente.com\/index.php?rest_route=\/wp\/v2\/posts\/6867","targetHints":{"allow":["GET"]}}],"collection":[{"href":"https:\/\/periodicocentroccidente.com\/index.php?rest_route=\/wp\/v2\/posts"}],"about":[{"href":"https:\/\/periodicocentroccidente.com\/index.php?rest_route=\/wp\/v2\/types\/post"}],"author":[{"embeddable":true,"href":"https:\/\/periodicocentroccidente.com\/index.php?rest_route=\/wp\/v2\/users\/2"}],"replies":[{"embeddable":true,"href":"https:\/\/periodicocentroccidente.com\/index.php?rest_route=%2Fwp%2Fv2%2Fcomments&post=6867"}],"version-history":[{"count":1,"href":"https:\/\/periodicocentroccidente.com\/index.php?rest_route=\/wp\/v2\/posts\/6867\/revisions"}],"predecessor-version":[{"id":6869,"href":"https:\/\/periodicocentroccidente.com\/index.php?rest_route=\/wp\/v2\/posts\/6867\/revisions\/6869"}],"wp:featuredmedia":[{"embeddable":true,"href":"https:\/\/periodicocentroccidente.com\/index.php?rest_route=\/wp\/v2\/media\/6868"}],"wp:attachment":[{"href":"https:\/\/periodicocentroccidente.com\/index.php?rest_route=%2Fwp%2Fv2%2Fmedia&parent=6867"}],"wp:term":[{"taxonomy":"category","embeddable":true,"href":"https:\/\/periodicocentroccidente.com\/index.php?rest_route=%2Fwp%2Fv2%2Fcategories&post=6867"},{"taxonomy":"post_tag","embeddable":true,"href":"https:\/\/periodicocentroccidente.com\/index.php?rest_route=%2Fwp%2Fv2%2Ftags&post=6867"}],"curies":[{"name":"wp","href":"https:\/\/api.w.org\/{rel}","templated":true}]}}