{"id":6860,"date":"2026-04-09T16:52:06","date_gmt":"2026-04-09T16:52:06","guid":{"rendered":"https:\/\/periodicocentroccidente.com\/?p=6860"},"modified":"2026-04-09T16:52:06","modified_gmt":"2026-04-09T16:52:06","slug":"ponen-en-funcionamiento-cdi-simon-bolivar-en-san-genaro-de-boconoito","status":"publish","type":"post","link":"https:\/\/periodicocentroccidente.com\/?p=6860","title":{"rendered":"Ponen en funcionamiento CDI Sim\u00f3n Bol\u00edvar en San Genaro de Boconoito"},"content":{"rendered":"<p><strong>Especial.-<\/strong><\/p>\n<p>El CDI Sim\u00f3n Bol\u00edvar en Boconoito fue puesto en funcionamiento este mi\u00e9rcoles 8 de abril, tras ser rehabilitado de manera integral por el Gobierno Bolivariano de Portuguesa y la Alcald\u00eda de San Genaro de Boconoito y el apoyo del Ministerio de Salud.<\/p>\n<p>En el acto de apertura estuvo el gobernador Primitivo Cede\u00f1o junto a su esposa Mar\u00eda Gabriela Gil, el alcalde Evelio Montilla y la autoridad \u00fanica de Salud en Portuguesa, doctor Carlos Majano.<\/p>\n<p>\u201cHicimos entrega de esta nueva obra totalmente equipada para seguir cuidando la salud de nuestra gente, un espacio que viene a fortalecer la atenci\u00f3n m\u00e9dica en todo el municipio y garantizar servicios de calidad para Portuguesa\u201d, dijo.<\/p>\n<p>El CDI cuenta con farmacia, laboratorio, emergencia, rayos x, consultorios para medicina general y especialista como ginecolog\u00eda y gastroenterolog\u00eda, odontologia, \u00e1rea de descanso para m\u00e9dicos y enfermer\u00eda, hospitalizaci\u00f3n, entre otros.<\/p>\n<p>El gobernador agreg\u00f3 que adem\u00e1s en el municipio est\u00e1n trabajando con el Plan Cero Huecos con m\u00e1s de 1500 toneladas de asfalto que se est\u00e1n colocando en las principales calles y avenidas de Boconoito.<\/p>\n<p>Anunci\u00f3 adem\u00e1s la perforaci\u00f3n de un mega pozo para que las comunidades Boconoito tengan m\u00e1s agua y la revisi\u00f3n del banco de transformadores de un pozo en Sipororo y mejorar el servicio en la zona.<\/p>\n<p>Asimismo, hizo entrega de un veh\u00edculo compactador que fue repotenciado para la recolecci\u00f3n de desechos s\u00f3lidos en el municipio.<\/p>\n<p><strong>VIA Guayoyo24<\/strong><\/p>\n<p><img loading=\"lazy\" decoding=\"async\" class=\"alignnone size-medium wp-image-6862\" src=\"https:\/\/periodicocentroccidente.com\/wp-content\/uploads\/2026\/04\/1008549210-169x300.jpg\" alt=\"\" width=\"169\" height=\"300\" srcset=\"https:\/\/periodicocentroccidente.com\/wp-content\/uploads\/2026\/04\/1008549210-169x300.jpg 169w, https:\/\/periodicocentroccidente.com\/wp-content\/uploads\/2026\/04\/1008549210-575x1024.jpg 575w, https:\/\/periodicocentroccidente.com\/wp-content\/uploads\/2026\/04\/1008549210.jpg 719w\" sizes=\"auto, (max-width: 169px) 100vw, 169px\" \/>\u00a0 \u00a0 \u00a0 \u00a0 <img loading=\"lazy\" decoding=\"async\" class=\"alignnone size-medium wp-image-6863\" src=\"https:\/\/periodicocentroccidente.com\/wp-content\/uploads\/2026\/04\/WhatsApp-Image-2026-04-08-at-1.56.23-PM-1-780x470-1-300x181.jpeg\" alt=\"\" width=\"300\" height=\"181\" srcset=\"https:\/\/periodicocentroccidente.com\/wp-content\/uploads\/2026\/04\/WhatsApp-Image-2026-04-08-at-1.56.23-PM-1-780x470-1-300x181.jpeg 300w, https:\/\/periodicocentroccidente.com\/wp-content\/uploads\/2026\/04\/WhatsApp-Image-2026-04-08-at-1.56.23-PM-1-780x470-1-768x463.jpeg 768w, https:\/\/periodicocentroccidente.com\/wp-content\/uploads\/2026\/04\/WhatsApp-Image-2026-04-08-at-1.56.23-PM-1-780x470-1.jpeg 780w\" sizes=\"auto, (max-width: 300px) 100vw, 300px\" \/><\/p>\n<p><img loading=\"lazy\" decoding=\"async\" class=\"alignnone size-medium wp-image-6864\" src=\"https:\/\/periodicocentroccidente.com\/wp-content\/uploads\/2026\/04\/WhatsApp-Image-2026-04-08-at-1.56.23-PM-2-1024x656-1-300x192.jpeg\" alt=\"\" width=\"300\" height=\"192\" srcset=\"https:\/\/periodicocentroccidente.com\/wp-content\/uploads\/2026\/04\/WhatsApp-Image-2026-04-08-at-1.56.23-PM-2-1024x656-1-300x192.jpeg 300w, https:\/\/periodicocentroccidente.com\/wp-content\/uploads\/2026\/04\/WhatsApp-Image-2026-04-08-at-1.56.23-PM-2-1024x656-1-768x492.jpeg 768w, https:\/\/periodicocentroccidente.com\/wp-content\/uploads\/2026\/04\/WhatsApp-Image-2026-04-08-at-1.56.23-PM-2-1024x656-1.jpeg 1024w\" sizes=\"auto, (max-width: 300px) 100vw, 300px\" \/>\u00a0 \u00a0 \u00a0 <img loading=\"lazy\" decoding=\"async\" class=\"alignnone size-medium wp-image-6865\" src=\"https:\/\/periodicocentroccidente.com\/wp-content\/uploads\/2026\/04\/WhatsApp-Image-2026-04-08-at-1.56.24-PM-2-1024x662-1-300x194.jpeg\" alt=\"\" width=\"300\" height=\"194\" srcset=\"https:\/\/periodicocentroccidente.com\/wp-content\/uploads\/2026\/04\/WhatsApp-Image-2026-04-08-at-1.56.24-PM-2-1024x662-1-300x194.jpeg 300w, https:\/\/periodicocentroccidente.com\/wp-content\/uploads\/2026\/04\/WhatsApp-Image-2026-04-08-at-1.56.24-PM-2-1024x662-1-768x497.jpeg 768w, https:\/\/periodicocentroccidente.com\/wp-content\/uploads\/2026\/04\/WhatsApp-Image-2026-04-08-at-1.56.24-PM-2-1024x662-1.jpeg 1024w\" sizes=\"auto, (max-width: 300px) 100vw, 300px\" \/><\/p>\n","protected":false},"excerpt":{"rendered":"<p>Especial.- El CDI Sim&oacute;n Bol&iacute;var en Boconoito fue puesto en funcionamiento este mi&eacute;rcoles 8 de abril, tras ser rehabilitado de manera integral por el Gobierno Bolivariano de Portuguesa y la Alcald&iacute;a de San Genaro de Boconoito y el apoyo del Ministerio de Salud. En el acto de apertura estuvo el gobernador Primitivo Cede&ntilde;o junto a &hellip;<\/p>\n","protected":false},"author":2,"featured_media":6861,"comment_status":"open","ping_status":"open","sticky":false,"template":"","format":"standard","meta":{"_jetpack_memberships_contains_paid_content":false,"footnotes":""},"categories":[127],"tags":[],"class_list":["post-6860","post","type-post","status-publish","format-standard","has-post-thumbnail","hentry","category-noticias-recientes"],"yoast_head":"<!-- This site is optimized with the Yoast SEO plugin v24.8.1 - https:\/\/yoast.com\/wordpress\/plugins\/seo\/ -->\n<title>Ponen en funcionamiento CDI Sim\u00f3n Bol\u00edvar en San Genaro de Boconoito -<\/title>\n<meta name=\"robots\" content=\"index, follow, max-snippet:-1, max-image-preview:large, max-video-preview:-1\" \/>\n<link rel=\"canonical\" href=\"https:\/\/periodicocentroccidente.com\/?p=6860\" \/>\n<meta property=\"og:locale\" content=\"es_ES\" \/>\n<meta property=\"og:type\" content=\"article\" \/>\n<meta property=\"og:title\" content=\"Ponen en funcionamiento CDI Sim\u00f3n Bol\u00edvar en San Genaro de Boconoito -\" \/>\n<meta property=\"og:description\" content=\"Especial.- El CDI Sim&oacute;n Bol&iacute;var en Boconoito fue puesto en funcionamiento este mi&eacute;rcoles 8 de abril, tras ser rehabilitado de manera integral por el Gobierno Bolivariano de Portuguesa y la Alcald&iacute;a de San Genaro de Boconoito y el apoyo del Ministerio de Salud. En el acto de apertura estuvo el gobernador Primitivo Cede&ntilde;o junto a &hellip;\" \/>\n<meta property=\"og:url\" content=\"https:\/\/periodicocentroccidente.com\/?p=6860\" \/>\n<meta property=\"article:published_time\" content=\"2026-04-09T16:52:06+00:00\" \/>\n<meta property=\"og:image\" content=\"https:\/\/periodicocentroccidente.com\/wp-content\/uploads\/2026\/04\/1008549209.jpg\" \/>\n\t<meta property=\"og:image:width\" content=\"1080\" \/>\n\t<meta property=\"og:image:height\" content=\"532\" \/>\n\t<meta property=\"og:image:type\" content=\"image\/jpeg\" \/>\n<meta name=\"author\" content=\"Ricardo\" \/>\n<meta name=\"twitter:card\" content=\"summary_large_image\" \/>\n<meta name=\"twitter:label1\" content=\"Escrito por\" \/>\n\t<meta name=\"twitter:data1\" content=\"Ricardo\" \/>\n\t<meta name=\"twitter:label2\" content=\"Tiempo de lectura\" \/>\n\t<meta name=\"twitter:data2\" content=\"3 minutos\" \/>\n<script type=\"application\/ld+json\" class=\"yoast-schema-graph\">{\"@context\":\"https:\/\/schema.org\",\"@graph\":[{\"@type\":\"WebPage\",\"@id\":\"https:\/\/periodicocentroccidente.com\/?p=6860\",\"url\":\"https:\/\/periodicocentroccidente.com\/?p=6860\",\"name\":\"Ponen en funcionamiento CDI Sim\u00f3n Bol\u00edvar en San Genaro de Boconoito -\",\"isPartOf\":{\"@id\":\"https:\/\/periodicocentroccidente.com\/#website\"},\"primaryImageOfPage\":{\"@id\":\"https:\/\/periodicocentroccidente.com\/?p=6860#primaryimage\"},\"image\":{\"@id\":\"https:\/\/periodicocentroccidente.com\/?p=6860#primaryimage\"},\"thumbnailUrl\":\"https:\/\/periodicocentroccidente.com\/wp-content\/uploads\/2026\/04\/1008549209.jpg\",\"datePublished\":\"2026-04-09T16:52:06+00:00\",\"author\":{\"@id\":\"https:\/\/periodicocentroccidente.com\/#\/schema\/person\/f4e4a651098f3db198244657b7130e7e\"},\"breadcrumb\":{\"@id\":\"https:\/\/periodicocentroccidente.com\/?p=6860#breadcrumb\"},\"inLanguage\":\"es\",\"potentialAction\":[{\"@type\":\"ReadAction\",\"target\":[\"https:\/\/periodicocentroccidente.com\/?p=6860\"]}]},{\"@type\":\"ImageObject\",\"inLanguage\":\"es\",\"@id\":\"https:\/\/periodicocentroccidente.com\/?p=6860#primaryimage\",\"url\":\"https:\/\/periodicocentroccidente.com\/wp-content\/uploads\/2026\/04\/1008549209.jpg\",\"contentUrl\":\"https:\/\/periodicocentroccidente.com\/wp-content\/uploads\/2026\/04\/1008549209.jpg\",\"width\":1080,\"height\":532},{\"@type\":\"BreadcrumbList\",\"@id\":\"https:\/\/periodicocentroccidente.com\/?p=6860#breadcrumb\",\"itemListElement\":[{\"@type\":\"ListItem\",\"position\":1,\"name\":\"Portada\",\"item\":\"https:\/\/periodicocentroccidente.com\/\"},{\"@type\":\"ListItem\",\"position\":2,\"name\":\"Ponen en funcionamiento CDI Sim\u00f3n Bol\u00edvar en San Genaro de Boconoito\"}]},{\"@type\":\"WebSite\",\"@id\":\"https:\/\/periodicocentroccidente.com\/#website\",\"url\":\"https:\/\/periodicocentroccidente.com\/\",\"name\":\"\",\"description\":\"Periodismo serio y responsable\",\"potentialAction\":[{\"@type\":\"SearchAction\",\"target\":{\"@type\":\"EntryPoint\",\"urlTemplate\":\"https:\/\/periodicocentroccidente.com\/?s={search_term_string}\"},\"query-input\":{\"@type\":\"PropertyValueSpecification\",\"valueRequired\":true,\"valueName\":\"search_term_string\"}}],\"inLanguage\":\"es\"},{\"@type\":\"Person\",\"@id\":\"https:\/\/periodicocentroccidente.com\/#\/schema\/person\/f4e4a651098f3db198244657b7130e7e\",\"name\":\"Ricardo\",\"image\":{\"@type\":\"ImageObject\",\"inLanguage\":\"es\",\"@id\":\"https:\/\/periodicocentroccidente.com\/#\/schema\/person\/image\/\",\"url\":\"https:\/\/secure.gravatar.com\/avatar\/402e6137108ec0fdaa7809184382fb1dd2f8b00264c1d945d341f2b8f90db429?s=96&d=mm&r=g\",\"contentUrl\":\"https:\/\/secure.gravatar.com\/avatar\/402e6137108ec0fdaa7809184382fb1dd2f8b00264c1d945d341f2b8f90db429?s=96&d=mm&r=g\",\"caption\":\"Ricardo\"},\"url\":\"https:\/\/periodicocentroccidente.com\/?author=2\"}]}<\/script>\n<!-- \/ Yoast SEO plugin. -->","yoast_head_json":{"title":"Ponen en funcionamiento CDI Sim\u00f3n Bol\u00edvar en San Genaro de Boconoito -","robots":{"index":"index","follow":"follow","max-snippet":"max-snippet:-1","max-image-preview":"max-image-preview:large","max-video-preview":"max-video-preview:-1"},"canonical":"https:\/\/periodicocentroccidente.com\/?p=6860","og_locale":"es_ES","og_type":"article","og_title":"Ponen en funcionamiento CDI Sim\u00f3n Bol\u00edvar en San Genaro de Boconoito -","og_description":"Especial.- El CDI Sim&oacute;n Bol&iacute;var en Boconoito fue puesto en funcionamiento este mi&eacute;rcoles 8 de abril, tras ser rehabilitado de manera integral por el Gobierno Bolivariano de Portuguesa y la Alcald&iacute;a de San Genaro de Boconoito y el apoyo del Ministerio de Salud. En el acto de apertura estuvo el gobernador Primitivo Cede&ntilde;o junto a &hellip;","og_url":"https:\/\/periodicocentroccidente.com\/?p=6860","article_published_time":"2026-04-09T16:52:06+00:00","og_image":[{"width":1080,"height":532,"url":"https:\/\/periodicocentroccidente.com\/wp-content\/uploads\/2026\/04\/1008549209.jpg","type":"image\/jpeg"}],"author":"Ricardo","twitter_card":"summary_large_image","twitter_misc":{"Escrito por":"Ricardo","Tiempo de lectura":"3 minutos"},"schema":{"@context":"https:\/\/schema.org","@graph":[{"@type":"WebPage","@id":"https:\/\/periodicocentroccidente.com\/?p=6860","url":"https:\/\/periodicocentroccidente.com\/?p=6860","name":"Ponen en funcionamiento CDI Sim\u00f3n Bol\u00edvar en San Genaro de Boconoito -","isPartOf":{"@id":"https:\/\/periodicocentroccidente.com\/#website"},"primaryImageOfPage":{"@id":"https:\/\/periodicocentroccidente.com\/?p=6860#primaryimage"},"image":{"@id":"https:\/\/periodicocentroccidente.com\/?p=6860#primaryimage"},"thumbnailUrl":"https:\/\/periodicocentroccidente.com\/wp-content\/uploads\/2026\/04\/1008549209.jpg","datePublished":"2026-04-09T16:52:06+00:00","author":{"@id":"https:\/\/periodicocentroccidente.com\/#\/schema\/person\/f4e4a651098f3db198244657b7130e7e"},"breadcrumb":{"@id":"https:\/\/periodicocentroccidente.com\/?p=6860#breadcrumb"},"inLanguage":"es","potentialAction":[{"@type":"ReadAction","target":["https:\/\/periodicocentroccidente.com\/?p=6860"]}]},{"@type":"ImageObject","inLanguage":"es","@id":"https:\/\/periodicocentroccidente.com\/?p=6860#primaryimage","url":"https:\/\/periodicocentroccidente.com\/wp-content\/uploads\/2026\/04\/1008549209.jpg","contentUrl":"https:\/\/periodicocentroccidente.com\/wp-content\/uploads\/2026\/04\/1008549209.jpg","width":1080,"height":532},{"@type":"BreadcrumbList","@id":"https:\/\/periodicocentroccidente.com\/?p=6860#breadcrumb","itemListElement":[{"@type":"ListItem","position":1,"name":"Portada","item":"https:\/\/periodicocentroccidente.com\/"},{"@type":"ListItem","position":2,"name":"Ponen en funcionamiento CDI Sim\u00f3n Bol\u00edvar en San Genaro de Boconoito"}]},{"@type":"WebSite","@id":"https:\/\/periodicocentroccidente.com\/#website","url":"https:\/\/periodicocentroccidente.com\/","name":"","description":"Periodismo serio y responsable","potentialAction":[{"@type":"SearchAction","target":{"@type":"EntryPoint","urlTemplate":"https:\/\/periodicocentroccidente.com\/?s={search_term_string}"},"query-input":{"@type":"PropertyValueSpecification","valueRequired":true,"valueName":"search_term_string"}}],"inLanguage":"es"},{"@type":"Person","@id":"https:\/\/periodicocentroccidente.com\/#\/schema\/person\/f4e4a651098f3db198244657b7130e7e","name":"Ricardo","image":{"@type":"ImageObject","inLanguage":"es","@id":"https:\/\/periodicocentroccidente.com\/#\/schema\/person\/image\/","url":"https:\/\/secure.gravatar.com\/avatar\/402e6137108ec0fdaa7809184382fb1dd2f8b00264c1d945d341f2b8f90db429?s=96&d=mm&r=g","contentUrl":"https:\/\/secure.gravatar.com\/avatar\/402e6137108ec0fdaa7809184382fb1dd2f8b00264c1d945d341f2b8f90db429?s=96&d=mm&r=g","caption":"Ricardo"},"url":"https:\/\/periodicocentroccidente.com\/?author=2"}]}},"jetpack_featured_media_url":"https:\/\/periodicocentroccidente.com\/wp-content\/uploads\/2026\/04\/1008549209.jpg","jetpack_sharing_enabled":true,"jetpack-related-posts":[],"_links":{"self":[{"href":"https:\/\/periodicocentroccidente.com\/index.php?rest_route=\/wp\/v2\/posts\/6860","targetHints":{"allow":["GET"]}}],"collection":[{"href":"https:\/\/periodicocentroccidente.com\/index.php?rest_route=\/wp\/v2\/posts"}],"about":[{"href":"https:\/\/periodicocentroccidente.com\/index.php?rest_route=\/wp\/v2\/types\/post"}],"author":[{"embeddable":true,"href":"https:\/\/periodicocentroccidente.com\/index.php?rest_route=\/wp\/v2\/users\/2"}],"replies":[{"embeddable":true,"href":"https:\/\/periodicocentroccidente.com\/index.php?rest_route=%2Fwp%2Fv2%2Fcomments&post=6860"}],"version-history":[{"count":1,"href":"https:\/\/periodicocentroccidente.com\/index.php?rest_route=\/wp\/v2\/posts\/6860\/revisions"}],"predecessor-version":[{"id":6866,"href":"https:\/\/periodicocentroccidente.com\/index.php?rest_route=\/wp\/v2\/posts\/6860\/revisions\/6866"}],"wp:featuredmedia":[{"embeddable":true,"href":"https:\/\/periodicocentroccidente.com\/index.php?rest_route=\/wp\/v2\/media\/6861"}],"wp:attachment":[{"href":"https:\/\/periodicocentroccidente.com\/index.php?rest_route=%2Fwp%2Fv2%2Fmedia&parent=6860"}],"wp:term":[{"taxonomy":"category","embeddable":true,"href":"https:\/\/periodicocentroccidente.com\/index.php?rest_route=%2Fwp%2Fv2%2Fcategories&post=6860"},{"taxonomy":"post_tag","embeddable":true,"href":"https:\/\/periodicocentroccidente.com\/index.php?rest_route=%2Fwp%2Fv2%2Ftags&post=6860"}],"curies":[{"name":"wp","href":"https:\/\/api.w.org\/{rel}","templated":true}]}}