{"id":6856,"date":"2026-04-09T16:40:50","date_gmt":"2026-04-09T16:40:50","guid":{"rendered":"https:\/\/periodicocentroccidente.com\/?p=6856"},"modified":"2026-04-09T16:40:50","modified_gmt":"2026-04-09T16:40:50","slug":"despliegue-de-semana-santa-segura-2026-en-portuguesa-arrojo-resultados-positivos","status":"publish","type":"post","link":"https:\/\/periodicocentroccidente.com\/?p=6856","title":{"rendered":"Despliegue de Semana Santa Segura 2026 en Portuguesa arroj\u00f3 resultados positivos"},"content":{"rendered":"<p><strong>Especial.-<\/strong><\/p>\n<p>El CG Superior CICPC Luis Medina, Secretario de Seguridad Ciudadana y Comisionado GMCP, el GD Jes\u00fas Jim\u00e9nez Comandante de la ZODI-33 Portuguesa y dem\u00e1s Comandantes y Directores de los organismos de Seguridad Ciudadana, FANB, Prevenci\u00f3n y Gesti\u00f3n de Riesgos; presentaron el Balance General del Dispositivo Semana Santa Segura 2026.<\/p>\n<p>Gracias a una planificaci\u00f3n estrat\u00e9gica y un despliegue sin precedentes, se logr\u00f3 garantizar el resguardo, la paz y la sana recreaci\u00f3n de miles de temporadistas que eligieron nuestros r\u00edos, balnearios y templos religiosos como destino.<\/p>\n<p>\u200bEl \u00e9xito de este operativo fue el resultado directo de la entrega de nuestros organismos, quienes demostraron una capacidad operativa excepcional:<\/p>\n<p>Se movilizaron m\u00e1s de 12.000 hombres y mujeres de la FANB, Seguridad Ciudadana, Gesti\u00f3n de Riesgos y Prevenci\u00f3n, quienes trabajaron con m\u00edstica, abnegaci\u00f3n y una presencia constante de patrullaje que permitieron una movilidad r\u00e1pida y efectiva ante cualquier requerimiento.<\/p>\n<p>\u200bCon 191 Cuadrantes de Paz que funcionaron como la columna vertebral de la seguridad, brindando proximidad inmediata a la ciudadan\u00eda.<\/p>\n<p>\u200bEl dispositivo destac\u00f3 por la alta conciencia de la poblaci\u00f3n, que atendi\u00f3 los llamados de las autoridades en pilares fundamentales. Se registr\u00f3 un alto cumplimiento de las normas, destacando el respeto a los l\u00edmites de velocidad y la prudencia al volante. Las familias disfrutaron con responsabilidad en las zonas autorizadas, manteniendo una vigilancia ejemplar sobre los m\u00e1s peque\u00f1os. La ciudadan\u00eda demostr\u00f3 civismo al mantener el orden y la limpieza en los espacios p\u00fablicos y naturales de nuestra regi\u00f3n.<\/p>\n<p><strong>VIA Guayoyo24<\/strong><\/p>\n<p><img loading=\"lazy\" decoding=\"async\" class=\"alignnone size-medium wp-image-6857\" src=\"https:\/\/periodicocentroccidente.com\/wp-content\/uploads\/2026\/04\/WhatsApp-Image-2026-04-08-at-12.10.19-PM-768x1024-1-225x300.jpeg\" alt=\"\" width=\"225\" height=\"300\" srcset=\"https:\/\/periodicocentroccidente.com\/wp-content\/uploads\/2026\/04\/WhatsApp-Image-2026-04-08-at-12.10.19-PM-768x1024-1-225x300.jpeg 225w, https:\/\/periodicocentroccidente.com\/wp-content\/uploads\/2026\/04\/WhatsApp-Image-2026-04-08-at-12.10.19-PM-768x1024-1.jpeg 768w\" sizes=\"auto, (max-width: 225px) 100vw, 225px\" \/><\/p>\n","protected":false},"excerpt":{"rendered":"<p>Especial.- El CG Superior CICPC Luis Medina, Secretario de Seguridad Ciudadana y Comisionado GMCP, el GD Jes&uacute;s Jim&eacute;nez Comandante de la ZODI-33 Portuguesa y dem&aacute;s Comandantes y Directores de los organismos de Seguridad Ciudadana, FANB, Prevenci&oacute;n y Gesti&oacute;n de Riesgos; presentaron el Balance General del Dispositivo Semana Santa Segura 2026. Gracias a una planificaci&oacute;n estrat&eacute;gica &hellip;<\/p>\n","protected":false},"author":2,"featured_media":6858,"comment_status":"open","ping_status":"open","sticky":false,"template":"","format":"standard","meta":{"_jetpack_memberships_contains_paid_content":false,"footnotes":""},"categories":[127],"tags":[],"class_list":["post-6856","post","type-post","status-publish","format-standard","has-post-thumbnail","hentry","category-noticias-recientes"],"yoast_head":"<!-- This site is optimized with the Yoast SEO plugin v24.8.1 - https:\/\/yoast.com\/wordpress\/plugins\/seo\/ -->\n<title>Despliegue de Semana Santa Segura 2026 en Portuguesa arroj\u00f3 resultados positivos -<\/title>\n<meta name=\"robots\" content=\"index, follow, max-snippet:-1, max-image-preview:large, max-video-preview:-1\" \/>\n<link rel=\"canonical\" href=\"https:\/\/periodicocentroccidente.com\/?p=6856\" \/>\n<meta property=\"og:locale\" content=\"es_ES\" \/>\n<meta property=\"og:type\" content=\"article\" \/>\n<meta property=\"og:title\" content=\"Despliegue de Semana Santa Segura 2026 en Portuguesa arroj\u00f3 resultados positivos -\" \/>\n<meta property=\"og:description\" content=\"Especial.- El CG Superior CICPC Luis Medina, Secretario de Seguridad Ciudadana y Comisionado GMCP, el GD Jes&uacute;s Jim&eacute;nez Comandante de la ZODI-33 Portuguesa y dem&aacute;s Comandantes y Directores de los organismos de Seguridad Ciudadana, FANB, Prevenci&oacute;n y Gesti&oacute;n de Riesgos; presentaron el Balance General del Dispositivo Semana Santa Segura 2026. Gracias a una planificaci&oacute;n estrat&eacute;gica &hellip;\" \/>\n<meta property=\"og:url\" content=\"https:\/\/periodicocentroccidente.com\/?p=6856\" \/>\n<meta property=\"article:published_time\" content=\"2026-04-09T16:40:50+00:00\" \/>\n<meta property=\"og:image\" content=\"https:\/\/periodicocentroccidente.com\/wp-content\/uploads\/2026\/04\/WhatsApp-Image-2026-04-08-at-12.10.20-PM-780x470-1.jpeg\" \/>\n\t<meta property=\"og:image:width\" content=\"780\" \/>\n\t<meta property=\"og:image:height\" content=\"470\" \/>\n\t<meta property=\"og:image:type\" content=\"image\/jpeg\" \/>\n<meta name=\"author\" content=\"Ricardo\" \/>\n<meta name=\"twitter:card\" content=\"summary_large_image\" \/>\n<meta name=\"twitter:label1\" content=\"Escrito por\" \/>\n\t<meta name=\"twitter:data1\" content=\"Ricardo\" \/>\n\t<meta name=\"twitter:label2\" content=\"Tiempo de lectura\" \/>\n\t<meta name=\"twitter:data2\" content=\"2 minutos\" \/>\n<script type=\"application\/ld+json\" class=\"yoast-schema-graph\">{\"@context\":\"https:\/\/schema.org\",\"@graph\":[{\"@type\":\"WebPage\",\"@id\":\"https:\/\/periodicocentroccidente.com\/?p=6856\",\"url\":\"https:\/\/periodicocentroccidente.com\/?p=6856\",\"name\":\"Despliegue de Semana Santa Segura 2026 en Portuguesa arroj\u00f3 resultados positivos -\",\"isPartOf\":{\"@id\":\"https:\/\/periodicocentroccidente.com\/#website\"},\"primaryImageOfPage\":{\"@id\":\"https:\/\/periodicocentroccidente.com\/?p=6856#primaryimage\"},\"image\":{\"@id\":\"https:\/\/periodicocentroccidente.com\/?p=6856#primaryimage\"},\"thumbnailUrl\":\"https:\/\/periodicocentroccidente.com\/wp-content\/uploads\/2026\/04\/WhatsApp-Image-2026-04-08-at-12.10.20-PM-780x470-1.jpeg\",\"datePublished\":\"2026-04-09T16:40:50+00:00\",\"author\":{\"@id\":\"https:\/\/periodicocentroccidente.com\/#\/schema\/person\/f4e4a651098f3db198244657b7130e7e\"},\"breadcrumb\":{\"@id\":\"https:\/\/periodicocentroccidente.com\/?p=6856#breadcrumb\"},\"inLanguage\":\"es\",\"potentialAction\":[{\"@type\":\"ReadAction\",\"target\":[\"https:\/\/periodicocentroccidente.com\/?p=6856\"]}]},{\"@type\":\"ImageObject\",\"inLanguage\":\"es\",\"@id\":\"https:\/\/periodicocentroccidente.com\/?p=6856#primaryimage\",\"url\":\"https:\/\/periodicocentroccidente.com\/wp-content\/uploads\/2026\/04\/WhatsApp-Image-2026-04-08-at-12.10.20-PM-780x470-1.jpeg\",\"contentUrl\":\"https:\/\/periodicocentroccidente.com\/wp-content\/uploads\/2026\/04\/WhatsApp-Image-2026-04-08-at-12.10.20-PM-780x470-1.jpeg\",\"width\":780,\"height\":470},{\"@type\":\"BreadcrumbList\",\"@id\":\"https:\/\/periodicocentroccidente.com\/?p=6856#breadcrumb\",\"itemListElement\":[{\"@type\":\"ListItem\",\"position\":1,\"name\":\"Portada\",\"item\":\"https:\/\/periodicocentroccidente.com\/\"},{\"@type\":\"ListItem\",\"position\":2,\"name\":\"Despliegue de Semana Santa Segura 2026 en Portuguesa arroj\u00f3 resultados positivos\"}]},{\"@type\":\"WebSite\",\"@id\":\"https:\/\/periodicocentroccidente.com\/#website\",\"url\":\"https:\/\/periodicocentroccidente.com\/\",\"name\":\"\",\"description\":\"Periodismo serio y responsable\",\"potentialAction\":[{\"@type\":\"SearchAction\",\"target\":{\"@type\":\"EntryPoint\",\"urlTemplate\":\"https:\/\/periodicocentroccidente.com\/?s={search_term_string}\"},\"query-input\":{\"@type\":\"PropertyValueSpecification\",\"valueRequired\":true,\"valueName\":\"search_term_string\"}}],\"inLanguage\":\"es\"},{\"@type\":\"Person\",\"@id\":\"https:\/\/periodicocentroccidente.com\/#\/schema\/person\/f4e4a651098f3db198244657b7130e7e\",\"name\":\"Ricardo\",\"image\":{\"@type\":\"ImageObject\",\"inLanguage\":\"es\",\"@id\":\"https:\/\/periodicocentroccidente.com\/#\/schema\/person\/image\/\",\"url\":\"https:\/\/secure.gravatar.com\/avatar\/402e6137108ec0fdaa7809184382fb1dd2f8b00264c1d945d341f2b8f90db429?s=96&d=mm&r=g\",\"contentUrl\":\"https:\/\/secure.gravatar.com\/avatar\/402e6137108ec0fdaa7809184382fb1dd2f8b00264c1d945d341f2b8f90db429?s=96&d=mm&r=g\",\"caption\":\"Ricardo\"},\"url\":\"https:\/\/periodicocentroccidente.com\/?author=2\"}]}<\/script>\n<!-- \/ Yoast SEO plugin. -->","yoast_head_json":{"title":"Despliegue de Semana Santa Segura 2026 en Portuguesa arroj\u00f3 resultados positivos -","robots":{"index":"index","follow":"follow","max-snippet":"max-snippet:-1","max-image-preview":"max-image-preview:large","max-video-preview":"max-video-preview:-1"},"canonical":"https:\/\/periodicocentroccidente.com\/?p=6856","og_locale":"es_ES","og_type":"article","og_title":"Despliegue de Semana Santa Segura 2026 en Portuguesa arroj\u00f3 resultados positivos -","og_description":"Especial.- El CG Superior CICPC Luis Medina, Secretario de Seguridad Ciudadana y Comisionado GMCP, el GD Jes&uacute;s Jim&eacute;nez Comandante de la ZODI-33 Portuguesa y dem&aacute;s Comandantes y Directores de los organismos de Seguridad Ciudadana, FANB, Prevenci&oacute;n y Gesti&oacute;n de Riesgos; presentaron el Balance General del Dispositivo Semana Santa Segura 2026. Gracias a una planificaci&oacute;n estrat&eacute;gica &hellip;","og_url":"https:\/\/periodicocentroccidente.com\/?p=6856","article_published_time":"2026-04-09T16:40:50+00:00","og_image":[{"width":780,"height":470,"url":"https:\/\/periodicocentroccidente.com\/wp-content\/uploads\/2026\/04\/WhatsApp-Image-2026-04-08-at-12.10.20-PM-780x470-1.jpeg","type":"image\/jpeg"}],"author":"Ricardo","twitter_card":"summary_large_image","twitter_misc":{"Escrito por":"Ricardo","Tiempo de lectura":"2 minutos"},"schema":{"@context":"https:\/\/schema.org","@graph":[{"@type":"WebPage","@id":"https:\/\/periodicocentroccidente.com\/?p=6856","url":"https:\/\/periodicocentroccidente.com\/?p=6856","name":"Despliegue de Semana Santa Segura 2026 en Portuguesa arroj\u00f3 resultados positivos -","isPartOf":{"@id":"https:\/\/periodicocentroccidente.com\/#website"},"primaryImageOfPage":{"@id":"https:\/\/periodicocentroccidente.com\/?p=6856#primaryimage"},"image":{"@id":"https:\/\/periodicocentroccidente.com\/?p=6856#primaryimage"},"thumbnailUrl":"https:\/\/periodicocentroccidente.com\/wp-content\/uploads\/2026\/04\/WhatsApp-Image-2026-04-08-at-12.10.20-PM-780x470-1.jpeg","datePublished":"2026-04-09T16:40:50+00:00","author":{"@id":"https:\/\/periodicocentroccidente.com\/#\/schema\/person\/f4e4a651098f3db198244657b7130e7e"},"breadcrumb":{"@id":"https:\/\/periodicocentroccidente.com\/?p=6856#breadcrumb"},"inLanguage":"es","potentialAction":[{"@type":"ReadAction","target":["https:\/\/periodicocentroccidente.com\/?p=6856"]}]},{"@type":"ImageObject","inLanguage":"es","@id":"https:\/\/periodicocentroccidente.com\/?p=6856#primaryimage","url":"https:\/\/periodicocentroccidente.com\/wp-content\/uploads\/2026\/04\/WhatsApp-Image-2026-04-08-at-12.10.20-PM-780x470-1.jpeg","contentUrl":"https:\/\/periodicocentroccidente.com\/wp-content\/uploads\/2026\/04\/WhatsApp-Image-2026-04-08-at-12.10.20-PM-780x470-1.jpeg","width":780,"height":470},{"@type":"BreadcrumbList","@id":"https:\/\/periodicocentroccidente.com\/?p=6856#breadcrumb","itemListElement":[{"@type":"ListItem","position":1,"name":"Portada","item":"https:\/\/periodicocentroccidente.com\/"},{"@type":"ListItem","position":2,"name":"Despliegue de Semana Santa Segura 2026 en Portuguesa arroj\u00f3 resultados positivos"}]},{"@type":"WebSite","@id":"https:\/\/periodicocentroccidente.com\/#website","url":"https:\/\/periodicocentroccidente.com\/","name":"","description":"Periodismo serio y responsable","potentialAction":[{"@type":"SearchAction","target":{"@type":"EntryPoint","urlTemplate":"https:\/\/periodicocentroccidente.com\/?s={search_term_string}"},"query-input":{"@type":"PropertyValueSpecification","valueRequired":true,"valueName":"search_term_string"}}],"inLanguage":"es"},{"@type":"Person","@id":"https:\/\/periodicocentroccidente.com\/#\/schema\/person\/f4e4a651098f3db198244657b7130e7e","name":"Ricardo","image":{"@type":"ImageObject","inLanguage":"es","@id":"https:\/\/periodicocentroccidente.com\/#\/schema\/person\/image\/","url":"https:\/\/secure.gravatar.com\/avatar\/402e6137108ec0fdaa7809184382fb1dd2f8b00264c1d945d341f2b8f90db429?s=96&d=mm&r=g","contentUrl":"https:\/\/secure.gravatar.com\/avatar\/402e6137108ec0fdaa7809184382fb1dd2f8b00264c1d945d341f2b8f90db429?s=96&d=mm&r=g","caption":"Ricardo"},"url":"https:\/\/periodicocentroccidente.com\/?author=2"}]}},"jetpack_featured_media_url":"https:\/\/periodicocentroccidente.com\/wp-content\/uploads\/2026\/04\/WhatsApp-Image-2026-04-08-at-12.10.20-PM-780x470-1.jpeg","jetpack_sharing_enabled":true,"jetpack-related-posts":[],"_links":{"self":[{"href":"https:\/\/periodicocentroccidente.com\/index.php?rest_route=\/wp\/v2\/posts\/6856","targetHints":{"allow":["GET"]}}],"collection":[{"href":"https:\/\/periodicocentroccidente.com\/index.php?rest_route=\/wp\/v2\/posts"}],"about":[{"href":"https:\/\/periodicocentroccidente.com\/index.php?rest_route=\/wp\/v2\/types\/post"}],"author":[{"embeddable":true,"href":"https:\/\/periodicocentroccidente.com\/index.php?rest_route=\/wp\/v2\/users\/2"}],"replies":[{"embeddable":true,"href":"https:\/\/periodicocentroccidente.com\/index.php?rest_route=%2Fwp%2Fv2%2Fcomments&post=6856"}],"version-history":[{"count":1,"href":"https:\/\/periodicocentroccidente.com\/index.php?rest_route=\/wp\/v2\/posts\/6856\/revisions"}],"predecessor-version":[{"id":6859,"href":"https:\/\/periodicocentroccidente.com\/index.php?rest_route=\/wp\/v2\/posts\/6856\/revisions\/6859"}],"wp:featuredmedia":[{"embeddable":true,"href":"https:\/\/periodicocentroccidente.com\/index.php?rest_route=\/wp\/v2\/media\/6858"}],"wp:attachment":[{"href":"https:\/\/periodicocentroccidente.com\/index.php?rest_route=%2Fwp%2Fv2%2Fmedia&parent=6856"}],"wp:term":[{"taxonomy":"category","embeddable":true,"href":"https:\/\/periodicocentroccidente.com\/index.php?rest_route=%2Fwp%2Fv2%2Fcategories&post=6856"},{"taxonomy":"post_tag","embeddable":true,"href":"https:\/\/periodicocentroccidente.com\/index.php?rest_route=%2Fwp%2Fv2%2Ftags&post=6856"}],"curies":[{"name":"wp","href":"https:\/\/api.w.org\/{rel}","templated":true}]}}