{"id":6823,"date":"2026-04-09T15:22:15","date_gmt":"2026-04-09T15:22:15","guid":{"rendered":"https:\/\/periodicocentroccidente.com\/?p=6823"},"modified":"2026-04-09T15:22:15","modified_gmt":"2026-04-09T15:22:15","slug":"discapacitados-de-la-avv-la-cascada-de-araure-esperan-ayuda-del-gobierno","status":"publish","type":"post","link":"https:\/\/periodicocentroccidente.com\/?p=6823","title":{"rendered":"Discapacitados de la AVV La Cascada de Araure esperan ayuda del gobierno"},"content":{"rendered":"<p><strong>Especial.-<\/strong><\/p>\n<p>\u00abSomos la primera y \u00fanica Asociaci\u00f3n Viviendo Venezolano, AVV La Cascada, conformada solo por personas con discapacidad del estado Portuguesa, lo que nos alienta proseguir porque la vida nos pone una condici\u00f3n, pero no l\u00edmites\u00bb.<\/p>\n<div dir=\"auto\">Las palabras pertenecen a Adri\u00e1ngela Herrera, durante una reuni\u00f3n de trabajo que sostuvo con representantes de otras dos AVV: Mandela y Prados del Sol de Araure, el pasado fin de semana.<\/div>\n<div dir=\"auto\"><\/div>\n<div dir=\"auto\">Herrera, quien padece de discapacidad visual, se\u00f1al\u00f3 que esta asociaci\u00f3n est\u00e1 conformada por 60 personas con limitaciones motoras o cognitivas, \u00abes decir, s\u00edndrome de Down, mudos, sordos, ciegos\u00bb.<\/div>\n<div dir=\"auto\"><\/div>\n<div dir=\"auto\">Esperamos que el gobierno nacional de la doctora Delcy Rodr\u00edguez, del gobernador Primitivo Cede\u00f1o y la alcaldesa Mar\u00eda Celeste Rodr\u00edguez, nos apoyen en la construcci\u00f3n de nuestras casas, dijo, ya que los trabajos se dar\u00e1n por autoconstrucci\u00f3n para beneficiar a unas 240 almas que necesitan una vivienda digna.<\/div>\n<div dir=\"auto\"><\/div>\n<div dir=\"auto\">Subray\u00f3 que son gente \u00abrodilla en tierra, que esperamos que nuestro presidente Maduro y la primera combatiente Cilia Flores sean liberados y que se levante de una vez por todas las sanciones contra Venezuela para que as\u00ed fluya la econom\u00eda nacional\u00bb.<\/div>\n<div dir=\"auto\"><\/div>\n<div dir=\"auto\">\u00abComo puede apreciar, se\u00f1or periodista, estas terrazas que no tienen loza son de nosotros, pero aquellas donde est\u00e1n esas casas a medio construir son de la AVV Mandela y Prados del Sol y as\u00ed como all\u00e1 el gobierno les est\u00e1 enviando ayudas nosotros estamos esperando nosotros tambi\u00e9n\u00bb.<\/div>\n<div dir=\"auto\"><\/div>\n<div dir=\"auto\"><strong>Cruz Mario Silva\/Jos\u00e9 Domingo Falc\u00f3n<\/strong><\/div>\n<div dir=\"auto\"><\/div>\n<div dir=\"auto\"><img loading=\"lazy\" decoding=\"async\" class=\"alignnone size-medium wp-image-6825\" src=\"https:\/\/periodicocentroccidente.com\/wp-content\/uploads\/2026\/04\/Screenshot_20260408-123722-300x221.png\" alt=\"\" width=\"300\" height=\"221\" srcset=\"https:\/\/periodicocentroccidente.com\/wp-content\/uploads\/2026\/04\/Screenshot_20260408-123722-300x221.png 300w, https:\/\/periodicocentroccidente.com\/wp-content\/uploads\/2026\/04\/Screenshot_20260408-123722.png 719w\" sizes=\"auto, (max-width: 300px) 100vw, 300px\" \/>\u00a0 \u00a0 \u00a0 <img loading=\"lazy\" decoding=\"async\" class=\"alignnone size-medium wp-image-6827\" src=\"https:\/\/periodicocentroccidente.com\/wp-content\/uploads\/2026\/04\/Screenshot_20260408-134646-187x300.png\" alt=\"\" width=\"187\" height=\"300\" srcset=\"https:\/\/periodicocentroccidente.com\/wp-content\/uploads\/2026\/04\/Screenshot_20260408-134646-187x300.png 187w, https:\/\/periodicocentroccidente.com\/wp-content\/uploads\/2026\/04\/Screenshot_20260408-134646-639x1024.png 639w, https:\/\/periodicocentroccidente.com\/wp-content\/uploads\/2026\/04\/Screenshot_20260408-134646.png 720w\" sizes=\"auto, (max-width: 187px) 100vw, 187px\" \/><\/div>\n","protected":false},"excerpt":{"rendered":"<p>Especial.- &laquo;Somos la primera y &uacute;nica Asociaci&oacute;n Viviendo Venezolano, AVV La Cascada, conformada solo por personas con discapacidad del estado Portuguesa, lo que nos alienta proseguir porque la vida nos pone una condici&oacute;n, pero no l&iacute;mites&raquo;. Las palabras pertenecen a Adri&aacute;ngela Herrera, durante una reuni&oacute;n de trabajo que sostuvo con representantes de otras dos AVV: &hellip;<\/p>\n","protected":false},"author":2,"featured_media":6826,"comment_status":"open","ping_status":"open","sticky":false,"template":"","format":"standard","meta":{"_jetpack_memberships_contains_paid_content":false,"footnotes":""},"categories":[128],"tags":[],"class_list":["post-6823","post","type-post","status-publish","format-standard","has-post-thumbnail","hentry","category-noticias-del-cono-norte"],"yoast_head":"<!-- This site is optimized with the Yoast SEO plugin v24.8.1 - https:\/\/yoast.com\/wordpress\/plugins\/seo\/ -->\n<title>Discapacitados de la AVV La Cascada de Araure esperan ayuda del gobierno -<\/title>\n<meta name=\"robots\" content=\"index, follow, max-snippet:-1, max-image-preview:large, max-video-preview:-1\" \/>\n<link rel=\"canonical\" href=\"https:\/\/periodicocentroccidente.com\/?p=6823\" \/>\n<meta property=\"og:locale\" content=\"es_ES\" \/>\n<meta property=\"og:type\" content=\"article\" \/>\n<meta property=\"og:title\" content=\"Discapacitados de la AVV La Cascada de Araure esperan ayuda del gobierno -\" \/>\n<meta property=\"og:description\" content=\"Especial.- &laquo;Somos la primera y &uacute;nica Asociaci&oacute;n Viviendo Venezolano, AVV La Cascada, conformada solo por personas con discapacidad del estado Portuguesa, lo que nos alienta proseguir porque la vida nos pone una condici&oacute;n, pero no l&iacute;mites&raquo;. Las palabras pertenecen a Adri&aacute;ngela Herrera, durante una reuni&oacute;n de trabajo que sostuvo con representantes de otras dos AVV: &hellip;\" \/>\n<meta property=\"og:url\" content=\"https:\/\/periodicocentroccidente.com\/?p=6823\" \/>\n<meta property=\"article:published_time\" content=\"2026-04-09T15:22:15+00:00\" \/>\n<meta property=\"og:image\" content=\"https:\/\/periodicocentroccidente.com\/wp-content\/uploads\/2026\/04\/Screenshot_20260408-134542.png\" \/>\n\t<meta property=\"og:image:width\" content=\"719\" \/>\n\t<meta property=\"og:image:height\" content=\"551\" \/>\n\t<meta property=\"og:image:type\" content=\"image\/png\" \/>\n<meta name=\"author\" content=\"Ricardo\" \/>\n<meta name=\"twitter:card\" content=\"summary_large_image\" \/>\n<meta name=\"twitter:label1\" content=\"Escrito por\" \/>\n\t<meta name=\"twitter:data1\" content=\"Ricardo\" \/>\n\t<meta name=\"twitter:label2\" content=\"Tiempo de lectura\" \/>\n\t<meta name=\"twitter:data2\" content=\"2 minutos\" \/>\n<script type=\"application\/ld+json\" class=\"yoast-schema-graph\">{\"@context\":\"https:\/\/schema.org\",\"@graph\":[{\"@type\":\"WebPage\",\"@id\":\"https:\/\/periodicocentroccidente.com\/?p=6823\",\"url\":\"https:\/\/periodicocentroccidente.com\/?p=6823\",\"name\":\"Discapacitados de la AVV La Cascada de Araure esperan ayuda del gobierno -\",\"isPartOf\":{\"@id\":\"https:\/\/periodicocentroccidente.com\/#website\"},\"primaryImageOfPage\":{\"@id\":\"https:\/\/periodicocentroccidente.com\/?p=6823#primaryimage\"},\"image\":{\"@id\":\"https:\/\/periodicocentroccidente.com\/?p=6823#primaryimage\"},\"thumbnailUrl\":\"https:\/\/periodicocentroccidente.com\/wp-content\/uploads\/2026\/04\/Screenshot_20260408-134542.png\",\"datePublished\":\"2026-04-09T15:22:15+00:00\",\"author\":{\"@id\":\"https:\/\/periodicocentroccidente.com\/#\/schema\/person\/f4e4a651098f3db198244657b7130e7e\"},\"breadcrumb\":{\"@id\":\"https:\/\/periodicocentroccidente.com\/?p=6823#breadcrumb\"},\"inLanguage\":\"es\",\"potentialAction\":[{\"@type\":\"ReadAction\",\"target\":[\"https:\/\/periodicocentroccidente.com\/?p=6823\"]}]},{\"@type\":\"ImageObject\",\"inLanguage\":\"es\",\"@id\":\"https:\/\/periodicocentroccidente.com\/?p=6823#primaryimage\",\"url\":\"https:\/\/periodicocentroccidente.com\/wp-content\/uploads\/2026\/04\/Screenshot_20260408-134542.png\",\"contentUrl\":\"https:\/\/periodicocentroccidente.com\/wp-content\/uploads\/2026\/04\/Screenshot_20260408-134542.png\",\"width\":719,\"height\":551},{\"@type\":\"BreadcrumbList\",\"@id\":\"https:\/\/periodicocentroccidente.com\/?p=6823#breadcrumb\",\"itemListElement\":[{\"@type\":\"ListItem\",\"position\":1,\"name\":\"Portada\",\"item\":\"https:\/\/periodicocentroccidente.com\/\"},{\"@type\":\"ListItem\",\"position\":2,\"name\":\"Discapacitados de la AVV La Cascada de Araure esperan ayuda del gobierno\"}]},{\"@type\":\"WebSite\",\"@id\":\"https:\/\/periodicocentroccidente.com\/#website\",\"url\":\"https:\/\/periodicocentroccidente.com\/\",\"name\":\"\",\"description\":\"Periodismo serio y responsable\",\"potentialAction\":[{\"@type\":\"SearchAction\",\"target\":{\"@type\":\"EntryPoint\",\"urlTemplate\":\"https:\/\/periodicocentroccidente.com\/?s={search_term_string}\"},\"query-input\":{\"@type\":\"PropertyValueSpecification\",\"valueRequired\":true,\"valueName\":\"search_term_string\"}}],\"inLanguage\":\"es\"},{\"@type\":\"Person\",\"@id\":\"https:\/\/periodicocentroccidente.com\/#\/schema\/person\/f4e4a651098f3db198244657b7130e7e\",\"name\":\"Ricardo\",\"image\":{\"@type\":\"ImageObject\",\"inLanguage\":\"es\",\"@id\":\"https:\/\/periodicocentroccidente.com\/#\/schema\/person\/image\/\",\"url\":\"https:\/\/secure.gravatar.com\/avatar\/402e6137108ec0fdaa7809184382fb1dd2f8b00264c1d945d341f2b8f90db429?s=96&d=mm&r=g\",\"contentUrl\":\"https:\/\/secure.gravatar.com\/avatar\/402e6137108ec0fdaa7809184382fb1dd2f8b00264c1d945d341f2b8f90db429?s=96&d=mm&r=g\",\"caption\":\"Ricardo\"},\"url\":\"https:\/\/periodicocentroccidente.com\/?author=2\"}]}<\/script>\n<!-- \/ Yoast SEO plugin. -->","yoast_head_json":{"title":"Discapacitados de la AVV La Cascada de Araure esperan ayuda del gobierno -","robots":{"index":"index","follow":"follow","max-snippet":"max-snippet:-1","max-image-preview":"max-image-preview:large","max-video-preview":"max-video-preview:-1"},"canonical":"https:\/\/periodicocentroccidente.com\/?p=6823","og_locale":"es_ES","og_type":"article","og_title":"Discapacitados de la AVV La Cascada de Araure esperan ayuda del gobierno -","og_description":"Especial.- &laquo;Somos la primera y &uacute;nica Asociaci&oacute;n Viviendo Venezolano, AVV La Cascada, conformada solo por personas con discapacidad del estado Portuguesa, lo que nos alienta proseguir porque la vida nos pone una condici&oacute;n, pero no l&iacute;mites&raquo;. Las palabras pertenecen a Adri&aacute;ngela Herrera, durante una reuni&oacute;n de trabajo que sostuvo con representantes de otras dos AVV: &hellip;","og_url":"https:\/\/periodicocentroccidente.com\/?p=6823","article_published_time":"2026-04-09T15:22:15+00:00","og_image":[{"width":719,"height":551,"url":"https:\/\/periodicocentroccidente.com\/wp-content\/uploads\/2026\/04\/Screenshot_20260408-134542.png","type":"image\/png"}],"author":"Ricardo","twitter_card":"summary_large_image","twitter_misc":{"Escrito por":"Ricardo","Tiempo de lectura":"2 minutos"},"schema":{"@context":"https:\/\/schema.org","@graph":[{"@type":"WebPage","@id":"https:\/\/periodicocentroccidente.com\/?p=6823","url":"https:\/\/periodicocentroccidente.com\/?p=6823","name":"Discapacitados de la AVV La Cascada de Araure esperan ayuda del gobierno -","isPartOf":{"@id":"https:\/\/periodicocentroccidente.com\/#website"},"primaryImageOfPage":{"@id":"https:\/\/periodicocentroccidente.com\/?p=6823#primaryimage"},"image":{"@id":"https:\/\/periodicocentroccidente.com\/?p=6823#primaryimage"},"thumbnailUrl":"https:\/\/periodicocentroccidente.com\/wp-content\/uploads\/2026\/04\/Screenshot_20260408-134542.png","datePublished":"2026-04-09T15:22:15+00:00","author":{"@id":"https:\/\/periodicocentroccidente.com\/#\/schema\/person\/f4e4a651098f3db198244657b7130e7e"},"breadcrumb":{"@id":"https:\/\/periodicocentroccidente.com\/?p=6823#breadcrumb"},"inLanguage":"es","potentialAction":[{"@type":"ReadAction","target":["https:\/\/periodicocentroccidente.com\/?p=6823"]}]},{"@type":"ImageObject","inLanguage":"es","@id":"https:\/\/periodicocentroccidente.com\/?p=6823#primaryimage","url":"https:\/\/periodicocentroccidente.com\/wp-content\/uploads\/2026\/04\/Screenshot_20260408-134542.png","contentUrl":"https:\/\/periodicocentroccidente.com\/wp-content\/uploads\/2026\/04\/Screenshot_20260408-134542.png","width":719,"height":551},{"@type":"BreadcrumbList","@id":"https:\/\/periodicocentroccidente.com\/?p=6823#breadcrumb","itemListElement":[{"@type":"ListItem","position":1,"name":"Portada","item":"https:\/\/periodicocentroccidente.com\/"},{"@type":"ListItem","position":2,"name":"Discapacitados de la AVV La Cascada de Araure esperan ayuda del gobierno"}]},{"@type":"WebSite","@id":"https:\/\/periodicocentroccidente.com\/#website","url":"https:\/\/periodicocentroccidente.com\/","name":"","description":"Periodismo serio y responsable","potentialAction":[{"@type":"SearchAction","target":{"@type":"EntryPoint","urlTemplate":"https:\/\/periodicocentroccidente.com\/?s={search_term_string}"},"query-input":{"@type":"PropertyValueSpecification","valueRequired":true,"valueName":"search_term_string"}}],"inLanguage":"es"},{"@type":"Person","@id":"https:\/\/periodicocentroccidente.com\/#\/schema\/person\/f4e4a651098f3db198244657b7130e7e","name":"Ricardo","image":{"@type":"ImageObject","inLanguage":"es","@id":"https:\/\/periodicocentroccidente.com\/#\/schema\/person\/image\/","url":"https:\/\/secure.gravatar.com\/avatar\/402e6137108ec0fdaa7809184382fb1dd2f8b00264c1d945d341f2b8f90db429?s=96&d=mm&r=g","contentUrl":"https:\/\/secure.gravatar.com\/avatar\/402e6137108ec0fdaa7809184382fb1dd2f8b00264c1d945d341f2b8f90db429?s=96&d=mm&r=g","caption":"Ricardo"},"url":"https:\/\/periodicocentroccidente.com\/?author=2"}]}},"jetpack_featured_media_url":"https:\/\/periodicocentroccidente.com\/wp-content\/uploads\/2026\/04\/Screenshot_20260408-134542.png","jetpack_sharing_enabled":true,"jetpack-related-posts":[],"_links":{"self":[{"href":"https:\/\/periodicocentroccidente.com\/index.php?rest_route=\/wp\/v2\/posts\/6823","targetHints":{"allow":["GET"]}}],"collection":[{"href":"https:\/\/periodicocentroccidente.com\/index.php?rest_route=\/wp\/v2\/posts"}],"about":[{"href":"https:\/\/periodicocentroccidente.com\/index.php?rest_route=\/wp\/v2\/types\/post"}],"author":[{"embeddable":true,"href":"https:\/\/periodicocentroccidente.com\/index.php?rest_route=\/wp\/v2\/users\/2"}],"replies":[{"embeddable":true,"href":"https:\/\/periodicocentroccidente.com\/index.php?rest_route=%2Fwp%2Fv2%2Fcomments&post=6823"}],"version-history":[{"count":1,"href":"https:\/\/periodicocentroccidente.com\/index.php?rest_route=\/wp\/v2\/posts\/6823\/revisions"}],"predecessor-version":[{"id":6828,"href":"https:\/\/periodicocentroccidente.com\/index.php?rest_route=\/wp\/v2\/posts\/6823\/revisions\/6828"}],"wp:featuredmedia":[{"embeddable":true,"href":"https:\/\/periodicocentroccidente.com\/index.php?rest_route=\/wp\/v2\/media\/6826"}],"wp:attachment":[{"href":"https:\/\/periodicocentroccidente.com\/index.php?rest_route=%2Fwp%2Fv2%2Fmedia&parent=6823"}],"wp:term":[{"taxonomy":"category","embeddable":true,"href":"https:\/\/periodicocentroccidente.com\/index.php?rest_route=%2Fwp%2Fv2%2Fcategories&post=6823"},{"taxonomy":"post_tag","embeddable":true,"href":"https:\/\/periodicocentroccidente.com\/index.php?rest_route=%2Fwp%2Fv2%2Ftags&post=6823"}],"curies":[{"name":"wp","href":"https:\/\/api.w.org\/{rel}","templated":true}]}}