{"id":6811,"date":"2026-04-08T14:39:31","date_gmt":"2026-04-08T14:39:31","guid":{"rendered":"https:\/\/periodicocentroccidente.com\/?p=6811"},"modified":"2026-04-08T14:39:31","modified_gmt":"2026-04-08T14:39:31","slug":"proximamente-se-celebrara-congreso-nacional-del-cafe-en-portuguesa","status":"publish","type":"post","link":"https:\/\/periodicocentroccidente.com\/?p=6811","title":{"rendered":"Pr\u00f3ximamente se celebrar\u00e1 Congreso Nacional del Caf\u00e9 en Portuguesa"},"content":{"rendered":"<p><strong>Especial.-<\/strong><\/p>\n<p>La presidenta de la Corporaci\u00f3n Venezolana del Caf\u00e9 (CVC), Josmary Borjas, anunci\u00f3 la realizaci\u00f3n del Congreso Nacional del Caf\u00e9, evento que tendr\u00e1 lugar en Guanare, estado Portuguesa, desde el pr\u00f3ximo 9 hasta el 11 de abril. La funcionaria destac\u00f3 que el encuentro busca consolidar a Venezuela como productor de caf\u00e9 de especialidad mediante el intercambio cient\u00edfico.<\/p>\n<p>Durante su intervenci\u00f3n en el programa La Jornada, transmitido por Venezolana de Televisi\u00f3n (VTV), Borjas detall\u00f3 que la sede del evento ser\u00e1 la Universidad Nacional Experimental de los Llanos Occidentales Ezequiel Zamora (Unellez). El congreso contar\u00e1 con una alianza estrat\u00e9gica entre la academia y centros de investigaci\u00f3n avanzada.<\/p>\n<p><strong>Alianza cient\u00edfica y ponentes de primera l\u00ednea<\/strong><\/p>\n<p>El evento contar\u00e1 con la participaci\u00f3n de expertos del Instituto Venezolano de Investigaciones Cient\u00edficas (IVIC) y ponentes nacionales de alto nivel. Borjas subray\u00f3 que la programaci\u00f3n se centrar\u00e1 en presentar investigaciones de vanguardia que son fundamentales para el sector cafetalero actual.<\/p>\n<p>Las ponencias abordar\u00e1n temas cr\u00edticos como las investigaciones gen\u00e9ticas y el estudio de suelos. Seg\u00fan la presidenta de la CVC, estos elementos constituyen la base t\u00e9cnica necesaria para mejorar los rendimientos por hect\u00e1rea y garantizar la salud de los cafetales en las distintas regiones productoras del pa\u00eds.<\/p>\n<p>La vocera enfatiz\u00f3 que la meta trazada por el Ejecutivo Nacional es el posicionamiento del caf\u00e9 venezolano en est\u00e1ndares internacionales de excelencia. \u00abEs a trav\u00e9s del conocimiento que logramos la calidad\u00bb, sentenci\u00f3 Borjas, se\u00f1alando que la formaci\u00f3n cient\u00edfica de los productores es el pilar de esta estrategia.<\/p>\n<p>El congreso servir\u00e1 como plataforma para difundir nuevas metodolog\u00edas que permitan alcanzar el \u00abcaf\u00e9 de especialidad\u00bb. Esta ruta t\u00e9cnica busca no solo aumentar la cantidad de producci\u00f3n, sino elevar el perfil sensorial del grano venezolano para conquistar mercados de alto valor.<\/p>\n<p><strong>Portuguesa como epicentro cafetalero<\/strong><\/p>\n<p>La elecci\u00f3n de Guanare como sede responde a la importancia hist\u00f3rica y productiva del estado Portuguesa en el circuito del caf\u00e9. El encuentro permitir\u00e1 que caficultores de la zona y del resto del pa\u00eds accedan de primera mano a los hallazgos cient\u00edficos m\u00e1s recientes.<\/p>\n<p>Con esta iniciativa, la Corporaci\u00f3n Venezolana del Caf\u00e9 y el Ministerio para la Agricultura Productiva y Tierras buscan fortalecer el ciclo productivo 2026, integrando la ciencia aplicada al campo para asegurar la sostenibilidad y la calidad del rubro.<\/p>\n<p><strong>VIA \/ La iguana.tv.-<\/strong><\/p>\n","protected":false},"excerpt":{"rendered":"<p>Especial.- La presidenta de la Corporaci&oacute;n Venezolana del Caf&eacute; (CVC), Josmary Borjas, anunci&oacute; la realizaci&oacute;n del Congreso Nacional del Caf&eacute;, evento que tendr&aacute; lugar en Guanare, estado Portuguesa, desde el pr&oacute;ximo 9 hasta el 11 de abril. La funcionaria destac&oacute; que el encuentro busca consolidar a Venezuela como productor de caf&eacute; de especialidad mediante el &hellip;<\/p>\n","protected":false},"author":2,"featured_media":6812,"comment_status":"open","ping_status":"open","sticky":false,"template":"","format":"standard","meta":{"_jetpack_memberships_contains_paid_content":false,"footnotes":""},"categories":[127],"tags":[],"class_list":["post-6811","post","type-post","status-publish","format-standard","has-post-thumbnail","hentry","category-noticias-recientes"],"yoast_head":"<!-- This site is optimized with the Yoast SEO plugin v24.8.1 - https:\/\/yoast.com\/wordpress\/plugins\/seo\/ -->\n<title>Pr\u00f3ximamente se celebrar\u00e1 Congreso Nacional del Caf\u00e9 en Portuguesa -<\/title>\n<meta name=\"robots\" content=\"index, follow, max-snippet:-1, max-image-preview:large, max-video-preview:-1\" \/>\n<link rel=\"canonical\" href=\"https:\/\/periodicocentroccidente.com\/?p=6811\" \/>\n<meta property=\"og:locale\" content=\"es_ES\" \/>\n<meta property=\"og:type\" content=\"article\" \/>\n<meta property=\"og:title\" content=\"Pr\u00f3ximamente se celebrar\u00e1 Congreso Nacional del Caf\u00e9 en Portuguesa -\" \/>\n<meta property=\"og:description\" content=\"Especial.- La presidenta de la Corporaci&oacute;n Venezolana del Caf&eacute; (CVC), Josmary Borjas, anunci&oacute; la realizaci&oacute;n del Congreso Nacional del Caf&eacute;, evento que tendr&aacute; lugar en Guanare, estado Portuguesa, desde el pr&oacute;ximo 9 hasta el 11 de abril. La funcionaria destac&oacute; que el encuentro busca consolidar a Venezuela como productor de caf&eacute; de especialidad mediante el &hellip;\" \/>\n<meta property=\"og:url\" content=\"https:\/\/periodicocentroccidente.com\/?p=6811\" \/>\n<meta property=\"article:published_time\" content=\"2026-04-08T14:39:31+00:00\" \/>\n<meta property=\"og:image\" content=\"https:\/\/periodicocentroccidente.com\/wp-content\/uploads\/2026\/04\/WhatsApp-Image-2026-04-06-at-4.41.58-PM-512x470-1.jpeg\" \/>\n\t<meta property=\"og:image:width\" content=\"512\" \/>\n\t<meta property=\"og:image:height\" content=\"470\" \/>\n\t<meta property=\"og:image:type\" content=\"image\/jpeg\" \/>\n<meta name=\"author\" content=\"Ricardo\" \/>\n<meta name=\"twitter:card\" content=\"summary_large_image\" \/>\n<meta name=\"twitter:label1\" content=\"Escrito por\" \/>\n\t<meta name=\"twitter:data1\" content=\"Ricardo\" \/>\n\t<meta name=\"twitter:label2\" content=\"Tiempo de lectura\" \/>\n\t<meta name=\"twitter:data2\" content=\"2 minutos\" \/>\n<script type=\"application\/ld+json\" class=\"yoast-schema-graph\">{\"@context\":\"https:\/\/schema.org\",\"@graph\":[{\"@type\":\"WebPage\",\"@id\":\"https:\/\/periodicocentroccidente.com\/?p=6811\",\"url\":\"https:\/\/periodicocentroccidente.com\/?p=6811\",\"name\":\"Pr\u00f3ximamente se celebrar\u00e1 Congreso Nacional del Caf\u00e9 en Portuguesa -\",\"isPartOf\":{\"@id\":\"https:\/\/periodicocentroccidente.com\/#website\"},\"primaryImageOfPage\":{\"@id\":\"https:\/\/periodicocentroccidente.com\/?p=6811#primaryimage\"},\"image\":{\"@id\":\"https:\/\/periodicocentroccidente.com\/?p=6811#primaryimage\"},\"thumbnailUrl\":\"https:\/\/periodicocentroccidente.com\/wp-content\/uploads\/2026\/04\/WhatsApp-Image-2026-04-06-at-4.41.58-PM-512x470-1.jpeg\",\"datePublished\":\"2026-04-08T14:39:31+00:00\",\"author\":{\"@id\":\"https:\/\/periodicocentroccidente.com\/#\/schema\/person\/f4e4a651098f3db198244657b7130e7e\"},\"breadcrumb\":{\"@id\":\"https:\/\/periodicocentroccidente.com\/?p=6811#breadcrumb\"},\"inLanguage\":\"es\",\"potentialAction\":[{\"@type\":\"ReadAction\",\"target\":[\"https:\/\/periodicocentroccidente.com\/?p=6811\"]}]},{\"@type\":\"ImageObject\",\"inLanguage\":\"es\",\"@id\":\"https:\/\/periodicocentroccidente.com\/?p=6811#primaryimage\",\"url\":\"https:\/\/periodicocentroccidente.com\/wp-content\/uploads\/2026\/04\/WhatsApp-Image-2026-04-06-at-4.41.58-PM-512x470-1.jpeg\",\"contentUrl\":\"https:\/\/periodicocentroccidente.com\/wp-content\/uploads\/2026\/04\/WhatsApp-Image-2026-04-06-at-4.41.58-PM-512x470-1.jpeg\",\"width\":512,\"height\":470},{\"@type\":\"BreadcrumbList\",\"@id\":\"https:\/\/periodicocentroccidente.com\/?p=6811#breadcrumb\",\"itemListElement\":[{\"@type\":\"ListItem\",\"position\":1,\"name\":\"Portada\",\"item\":\"https:\/\/periodicocentroccidente.com\/\"},{\"@type\":\"ListItem\",\"position\":2,\"name\":\"Pr\u00f3ximamente se celebrar\u00e1 Congreso Nacional del Caf\u00e9 en Portuguesa\"}]},{\"@type\":\"WebSite\",\"@id\":\"https:\/\/periodicocentroccidente.com\/#website\",\"url\":\"https:\/\/periodicocentroccidente.com\/\",\"name\":\"\",\"description\":\"Periodismo serio y responsable\",\"potentialAction\":[{\"@type\":\"SearchAction\",\"target\":{\"@type\":\"EntryPoint\",\"urlTemplate\":\"https:\/\/periodicocentroccidente.com\/?s={search_term_string}\"},\"query-input\":{\"@type\":\"PropertyValueSpecification\",\"valueRequired\":true,\"valueName\":\"search_term_string\"}}],\"inLanguage\":\"es\"},{\"@type\":\"Person\",\"@id\":\"https:\/\/periodicocentroccidente.com\/#\/schema\/person\/f4e4a651098f3db198244657b7130e7e\",\"name\":\"Ricardo\",\"image\":{\"@type\":\"ImageObject\",\"inLanguage\":\"es\",\"@id\":\"https:\/\/periodicocentroccidente.com\/#\/schema\/person\/image\/\",\"url\":\"https:\/\/secure.gravatar.com\/avatar\/402e6137108ec0fdaa7809184382fb1dd2f8b00264c1d945d341f2b8f90db429?s=96&d=mm&r=g\",\"contentUrl\":\"https:\/\/secure.gravatar.com\/avatar\/402e6137108ec0fdaa7809184382fb1dd2f8b00264c1d945d341f2b8f90db429?s=96&d=mm&r=g\",\"caption\":\"Ricardo\"},\"url\":\"https:\/\/periodicocentroccidente.com\/?author=2\"}]}<\/script>\n<!-- \/ Yoast SEO plugin. -->","yoast_head_json":{"title":"Pr\u00f3ximamente se celebrar\u00e1 Congreso Nacional del Caf\u00e9 en Portuguesa -","robots":{"index":"index","follow":"follow","max-snippet":"max-snippet:-1","max-image-preview":"max-image-preview:large","max-video-preview":"max-video-preview:-1"},"canonical":"https:\/\/periodicocentroccidente.com\/?p=6811","og_locale":"es_ES","og_type":"article","og_title":"Pr\u00f3ximamente se celebrar\u00e1 Congreso Nacional del Caf\u00e9 en Portuguesa -","og_description":"Especial.- La presidenta de la Corporaci&oacute;n Venezolana del Caf&eacute; (CVC), Josmary Borjas, anunci&oacute; la realizaci&oacute;n del Congreso Nacional del Caf&eacute;, evento que tendr&aacute; lugar en Guanare, estado Portuguesa, desde el pr&oacute;ximo 9 hasta el 11 de abril. La funcionaria destac&oacute; que el encuentro busca consolidar a Venezuela como productor de caf&eacute; de especialidad mediante el &hellip;","og_url":"https:\/\/periodicocentroccidente.com\/?p=6811","article_published_time":"2026-04-08T14:39:31+00:00","og_image":[{"width":512,"height":470,"url":"https:\/\/periodicocentroccidente.com\/wp-content\/uploads\/2026\/04\/WhatsApp-Image-2026-04-06-at-4.41.58-PM-512x470-1.jpeg","type":"image\/jpeg"}],"author":"Ricardo","twitter_card":"summary_large_image","twitter_misc":{"Escrito por":"Ricardo","Tiempo de lectura":"2 minutos"},"schema":{"@context":"https:\/\/schema.org","@graph":[{"@type":"WebPage","@id":"https:\/\/periodicocentroccidente.com\/?p=6811","url":"https:\/\/periodicocentroccidente.com\/?p=6811","name":"Pr\u00f3ximamente se celebrar\u00e1 Congreso Nacional del Caf\u00e9 en Portuguesa -","isPartOf":{"@id":"https:\/\/periodicocentroccidente.com\/#website"},"primaryImageOfPage":{"@id":"https:\/\/periodicocentroccidente.com\/?p=6811#primaryimage"},"image":{"@id":"https:\/\/periodicocentroccidente.com\/?p=6811#primaryimage"},"thumbnailUrl":"https:\/\/periodicocentroccidente.com\/wp-content\/uploads\/2026\/04\/WhatsApp-Image-2026-04-06-at-4.41.58-PM-512x470-1.jpeg","datePublished":"2026-04-08T14:39:31+00:00","author":{"@id":"https:\/\/periodicocentroccidente.com\/#\/schema\/person\/f4e4a651098f3db198244657b7130e7e"},"breadcrumb":{"@id":"https:\/\/periodicocentroccidente.com\/?p=6811#breadcrumb"},"inLanguage":"es","potentialAction":[{"@type":"ReadAction","target":["https:\/\/periodicocentroccidente.com\/?p=6811"]}]},{"@type":"ImageObject","inLanguage":"es","@id":"https:\/\/periodicocentroccidente.com\/?p=6811#primaryimage","url":"https:\/\/periodicocentroccidente.com\/wp-content\/uploads\/2026\/04\/WhatsApp-Image-2026-04-06-at-4.41.58-PM-512x470-1.jpeg","contentUrl":"https:\/\/periodicocentroccidente.com\/wp-content\/uploads\/2026\/04\/WhatsApp-Image-2026-04-06-at-4.41.58-PM-512x470-1.jpeg","width":512,"height":470},{"@type":"BreadcrumbList","@id":"https:\/\/periodicocentroccidente.com\/?p=6811#breadcrumb","itemListElement":[{"@type":"ListItem","position":1,"name":"Portada","item":"https:\/\/periodicocentroccidente.com\/"},{"@type":"ListItem","position":2,"name":"Pr\u00f3ximamente se celebrar\u00e1 Congreso Nacional del Caf\u00e9 en Portuguesa"}]},{"@type":"WebSite","@id":"https:\/\/periodicocentroccidente.com\/#website","url":"https:\/\/periodicocentroccidente.com\/","name":"","description":"Periodismo serio y responsable","potentialAction":[{"@type":"SearchAction","target":{"@type":"EntryPoint","urlTemplate":"https:\/\/periodicocentroccidente.com\/?s={search_term_string}"},"query-input":{"@type":"PropertyValueSpecification","valueRequired":true,"valueName":"search_term_string"}}],"inLanguage":"es"},{"@type":"Person","@id":"https:\/\/periodicocentroccidente.com\/#\/schema\/person\/f4e4a651098f3db198244657b7130e7e","name":"Ricardo","image":{"@type":"ImageObject","inLanguage":"es","@id":"https:\/\/periodicocentroccidente.com\/#\/schema\/person\/image\/","url":"https:\/\/secure.gravatar.com\/avatar\/402e6137108ec0fdaa7809184382fb1dd2f8b00264c1d945d341f2b8f90db429?s=96&d=mm&r=g","contentUrl":"https:\/\/secure.gravatar.com\/avatar\/402e6137108ec0fdaa7809184382fb1dd2f8b00264c1d945d341f2b8f90db429?s=96&d=mm&r=g","caption":"Ricardo"},"url":"https:\/\/periodicocentroccidente.com\/?author=2"}]}},"jetpack_featured_media_url":"https:\/\/periodicocentroccidente.com\/wp-content\/uploads\/2026\/04\/WhatsApp-Image-2026-04-06-at-4.41.58-PM-512x470-1.jpeg","jetpack_sharing_enabled":true,"jetpack-related-posts":[],"_links":{"self":[{"href":"https:\/\/periodicocentroccidente.com\/index.php?rest_route=\/wp\/v2\/posts\/6811","targetHints":{"allow":["GET"]}}],"collection":[{"href":"https:\/\/periodicocentroccidente.com\/index.php?rest_route=\/wp\/v2\/posts"}],"about":[{"href":"https:\/\/periodicocentroccidente.com\/index.php?rest_route=\/wp\/v2\/types\/post"}],"author":[{"embeddable":true,"href":"https:\/\/periodicocentroccidente.com\/index.php?rest_route=\/wp\/v2\/users\/2"}],"replies":[{"embeddable":true,"href":"https:\/\/periodicocentroccidente.com\/index.php?rest_route=%2Fwp%2Fv2%2Fcomments&post=6811"}],"version-history":[{"count":1,"href":"https:\/\/periodicocentroccidente.com\/index.php?rest_route=\/wp\/v2\/posts\/6811\/revisions"}],"predecessor-version":[{"id":6813,"href":"https:\/\/periodicocentroccidente.com\/index.php?rest_route=\/wp\/v2\/posts\/6811\/revisions\/6813"}],"wp:featuredmedia":[{"embeddable":true,"href":"https:\/\/periodicocentroccidente.com\/index.php?rest_route=\/wp\/v2\/media\/6812"}],"wp:attachment":[{"href":"https:\/\/periodicocentroccidente.com\/index.php?rest_route=%2Fwp%2Fv2%2Fmedia&parent=6811"}],"wp:term":[{"taxonomy":"category","embeddable":true,"href":"https:\/\/periodicocentroccidente.com\/index.php?rest_route=%2Fwp%2Fv2%2Fcategories&post=6811"},{"taxonomy":"post_tag","embeddable":true,"href":"https:\/\/periodicocentroccidente.com\/index.php?rest_route=%2Fwp%2Fv2%2Ftags&post=6811"}],"curies":[{"name":"wp","href":"https:\/\/api.w.org\/{rel}","templated":true}]}}