{"id":6741,"date":"2026-04-07T02:09:56","date_gmt":"2026-04-07T02:09:56","guid":{"rendered":"https:\/\/periodicocentroccidente.com\/?p=6741"},"modified":"2026-04-07T02:09:56","modified_gmt":"2026-04-07T02:09:56","slug":"se-prepara-para-brillar-will-mejia-el-colombiano-que-conecta-el-entretenimiento-global","status":"publish","type":"post","link":"https:\/\/periodicocentroccidente.com\/?p=6741","title":{"rendered":"Se prepara para brillar Will Mej\u00eda, el colombiano que conecta el entretenimiento global"},"content":{"rendered":"<p><strong>Especial.-<\/strong><\/p>\n<p style=\"font-weight: 400;\">En una industria donde pocos logran moverse con naturalidad entre el mundo corporativo y el art\u00edstico,\u00a0<strong>WILL MEJ\u00cdA<\/strong>\u00a0se ha consolidado como una figura clave en la creaci\u00f3n de experiencias que trascienden lo convencional. Publicista de formaci\u00f3n, artista por esencia y estratega por evoluci\u00f3n, su carrera ha sido un puente constante entre la creatividad, la producci\u00f3n y la ejecuci\u00f3n de proyectos de alto impacto.<\/p>\n<p style=\"font-weight: 400;\"><strong>WILL MEJ\u00cdA<\/strong>\u00a0ha sido parte del ritmo en el nuevo ciclo de\u00a0<strong>AMISTADES PELIGROSAS<\/strong>, desde el regreso de sus integrantes originales tras varios a\u00f1os de separaci\u00f3n, no solo como baterista, sino tambi\u00e9n como director musical, acompa\u00f1ando al ic\u00f3nico d\u00fao espa\u00f1ol en esta etapa de reencuentro con su p\u00fablico. Ahora, ese camino contin\u00faa con un nuevo encuentro en Colombia: el\u00a0<strong>PR\u00d3XIMO 11 DE JULIO DE 2026<\/strong>, Will se presentar\u00e1 en la ciudad de Bogot\u00e1 junto a la legendaria agrupaci\u00f3n, responsable de himnos del pop en espa\u00f1ol como<strong><em>\u00a0\u201cME HACES TANTO BIEN\u201d<\/em><\/strong>,\u00a0<strong><em>\u201cME QUEDAR\u00c9 SOLO\u201d<\/em><\/strong>\u00a0<strong><em>\u201cESTOY POR TI\u201d<\/em><\/strong>\u00a0Y\u00a0<strong><em>\u201cAFRICANOS EN MADRID\u201d<\/em><\/strong>. Su presencia en este show reafirma su rol clave dentro del proyecto y consolida una trayectoria en la que convergen la direcci\u00f3n musical, la producci\u00f3n art\u00edstica y la fuerza del performance en vivo, conectando con el p\u00fablico desde la experiencia y la emoci\u00f3n.<\/p>\n<p style=\"font-weight: 400;\">Ya son m\u00e1s de 20 a\u00f1os de su trayectoria en el mundo del entretenimiento, donde ha participado en innumerables proyectos musicales, tocando con artistas de la talla de\u00a0<strong>AMISTADES PELIGROSAS<\/strong>,\u00a0<strong>GLORIA TREVI, COMPA\u00d1\u00cdA Y LIMITADA, BAILO Y CONSPIRO, WILLIE GONZ\u00c1LEZ, DANIEL CALDER\u00d3N<\/strong>\u00a0y la emblem\u00e1tica banda de rock en espa\u00f1ol\u00a0<strong>LOS PRISIONEROS<\/strong>.<\/p>\n<p style=\"font-weight: 400;\">Su recorrido art\u00edstico ha estado marcado por escenarios relevantes como\u00a0<strong>PREMIOS \u00cdCONO, CONCIERTO DE CONCIERTOS, FESTIVAL ALTAVOZ, VAMOS POR TI COLOMBIA, CONCIERTO POR LA PAZ,\u00a0<\/strong>entre otros; compartiendo espacio con figuras como\u00a0<strong>ALEJANDRO LERNER, ATERCIOPELADOS, PIERO, MIGUEL MATEOS, LA MOSCA, LA UNI\u00d3N, TOREROS MUERTOS, LE\u00d3N GIECO, CHUCHO MERCHAN, MAGNETO, CRISTIAN VIDAL\u00a0<\/strong>(Guitarrista de la banda sueca de rock sinf\u00f3nico\u00a0<strong>THERION<\/strong>),<strong>\u00a0PAUL DI\u00b4 ANNO<\/strong>\u00a0(vocalista inicial de la leyenda inglesa\u00a0<strong>IRON MAIDEN<\/strong>), entre otros.<\/p>\n<p style=\"font-weight: 400;\">Su visi\u00f3n y experiencia lo llev\u00f3 a desarrollar un espect\u00e1culo \u00fanico como el\u00a0<strong>Homenaje Oficial en Colombia a la Agrupaci\u00f3n Inglesa PINK FLOYD,\u00a0<\/strong>eventos que se llevaron a cabo<strong>\u00a0<\/strong>en formatos\u00a0<strong>m\u00fasico \u2013 teatral y filarm\u00f3nico<\/strong>, demostrando su capacidad para conectar conceptos musicales con experiencias memorables y fue fundador de agrupaciones locales como\u00a0<strong>STEEL WHITE<\/strong>\u00a0y\u00a0<strong>1050 KIL\u00d3METROS<\/strong>.<\/p>\n<p style=\"font-weight: 400;\">Desde la direcci\u00f3n de su agencia\u00a0<strong>INTERMEDIOS GROUP<\/strong>, ha liderado proyectos para el ecosistema empresarial y la industria del entretenimiento, trabajando de la mano con compa\u00f1\u00edas como\u00a0<strong>GO FAR INTERNACIONAL<\/strong>, liderada por\u00a0<strong>\u00c1LVARO OSORIO,\u00a0<\/strong>padre de\u00a0<strong>J BALVIN<\/strong>. En este entorno ha desempe\u00f1ado roles estrat\u00e9gicos como Road Manager, productor art\u00edstico y creador de experiencias, participando activamente en el desarrollo de artistas y experiencias de gran escala como\u00a0<strong>PREMIOS \u00cdCONO, INFLUENCER \u00cdCONO<\/strong>\u00a0y diversos eventos.<\/p>\n<p style=\"font-weight: 400;\">Algunos de los importantes reconocimientos recibidos fueron:\u00a0<strong>\u00a8CREADOR DE ARTISTAS Y EXPERIENCIAS EMPRESARIALES\u00a8\u00a0<\/strong>desde<strong>\u00a0EL CONGRESO DE LA REP\u00daBLICA DE COLOMBIA<\/strong>, y como\u00a0<strong>M\u00c1NAGER DEL A\u00d1O<\/strong>\u00a0de la\u00a0<strong>ACADEMIA<\/strong>\u00a0<strong>GOLDEN MIC MUSIC AWARDS.<\/strong><\/p>\n<p style=\"font-weight: 400;\">M\u00e1s que un perfil tradicional,\u00a0<strong>WILL MEJ\u00cdA<\/strong>\u00a0representa una nueva generaci\u00f3n de creativos que entienden el entretenimiento como un lenguaje integral, donde la estrategia, el arte y la ejecuci\u00f3n conviven en un mismo escenario. Su participaci\u00f3n en esta nueva etapa con\u00a0<strong>AMISTADES PELIGROSAS<\/strong>\u00a0no solo habla de su talento como m\u00fasico, sino de una carrera construida desde la versatilidad y la visi\u00f3n.<\/p>\n<p style=\"font-weight: 400;\">En un momento donde las marcas y los artistas buscan generar conexiones reales con sus audiencias, perfiles como el de\u00a0<strong>WILL MEJ\u00cdA<\/strong>\u00a0cobran cada vez m\u00e1s relevancia: profesionales capaces de pensar, crear y vivir la experiencia desde todos los frentes.<\/p>\n<figure id=\"attachment_6742\" aria-describedby=\"caption-attachment-6742\" style=\"width: 232px\" class=\"wp-caption alignnone\"><img loading=\"lazy\" decoding=\"async\" class=\"size-medium wp-image-6742\" src=\"https:\/\/periodicocentroccidente.com\/wp-content\/uploads\/2026\/04\/Will-Mejia-el-nombre-que-esta-revolucionando-el-entretenimiento-en-Latinoamerica-232x300.jpg\" alt=\"\" width=\"232\" height=\"300\" srcset=\"https:\/\/periodicocentroccidente.com\/wp-content\/uploads\/2026\/04\/Will-Mejia-el-nombre-que-esta-revolucionando-el-entretenimiento-en-Latinoamerica-232x300.jpg 232w, https:\/\/periodicocentroccidente.com\/wp-content\/uploads\/2026\/04\/Will-Mejia-el-nombre-que-esta-revolucionando-el-entretenimiento-en-Latinoamerica-792x1024.jpg 792w, https:\/\/periodicocentroccidente.com\/wp-content\/uploads\/2026\/04\/Will-Mejia-el-nombre-que-esta-revolucionando-el-entretenimiento-en-Latinoamerica-768x993.jpg 768w, https:\/\/periodicocentroccidente.com\/wp-content\/uploads\/2026\/04\/Will-Mejia-el-nombre-que-esta-revolucionando-el-entretenimiento-en-Latinoamerica-1188x1536.jpg 1188w, https:\/\/periodicocentroccidente.com\/wp-content\/uploads\/2026\/04\/Will-Mejia-el-nombre-que-esta-revolucionando-el-entretenimiento-en-Latinoamerica.jpg 1500w\" sizes=\"auto, (max-width: 232px) 100vw, 232px\" \/><figcaption id=\"caption-attachment-6742\" class=\"wp-caption-text\">Will Mej\u00eda el nombre que est\u00e1 revolucionando el entretenimiento en Latinoam\u00e9rica<\/figcaption><\/figure>\n","protected":false},"excerpt":{"rendered":"<p>Especial.- En una industria donde pocos logran moverse con naturalidad entre el mundo corporativo y el art&iacute;stico,&nbsp;WILL MEJ&Iacute;A&nbsp;se ha consolidado como una figura clave en la creaci&oacute;n de experiencias que trascienden lo convencional. Publicista de formaci&oacute;n, artista por esencia y estratega por evoluci&oacute;n, su carrera ha sido un puente constante entre la creatividad, la producci&oacute;n &hellip;<\/p>\n","protected":false},"author":2,"featured_media":6743,"comment_status":"open","ping_status":"open","sticky":false,"template":"","format":"standard","meta":{"_jetpack_memberships_contains_paid_content":false,"footnotes":""},"categories":[129],"tags":[],"class_list":["post-6741","post","type-post","status-publish","format-standard","has-post-thumbnail","hentry","category-farandula"],"yoast_head":"<!-- This site is optimized with the Yoast SEO plugin v24.8.1 - https:\/\/yoast.com\/wordpress\/plugins\/seo\/ -->\n<title>Se prepara para brillar Will Mej\u00eda, el colombiano que conecta el entretenimiento global -<\/title>\n<meta name=\"robots\" content=\"index, follow, max-snippet:-1, max-image-preview:large, max-video-preview:-1\" \/>\n<link rel=\"canonical\" href=\"https:\/\/periodicocentroccidente.com\/?p=6741\" \/>\n<meta property=\"og:locale\" content=\"es_ES\" \/>\n<meta property=\"og:type\" content=\"article\" \/>\n<meta property=\"og:title\" content=\"Se prepara para brillar Will Mej\u00eda, el colombiano que conecta el entretenimiento global -\" \/>\n<meta property=\"og:description\" content=\"Especial.- En una industria donde pocos logran moverse con naturalidad entre el mundo corporativo y el art&iacute;stico,&nbsp;WILL MEJ&Iacute;A&nbsp;se ha consolidado como una figura clave en la creaci&oacute;n de experiencias que trascienden lo convencional. Publicista de formaci&oacute;n, artista por esencia y estratega por evoluci&oacute;n, su carrera ha sido un puente constante entre la creatividad, la producci&oacute;n &hellip;\" \/>\n<meta property=\"og:url\" content=\"https:\/\/periodicocentroccidente.com\/?p=6741\" \/>\n<meta property=\"article:published_time\" content=\"2026-04-07T02:09:56+00:00\" \/>\n<meta property=\"og:image\" content=\"https:\/\/periodicocentroccidente.com\/wp-content\/uploads\/2026\/04\/Will-Mejia-mente-estrategica-detras-de-grandes-experiencias-del-entretenimiento.jpg\" \/>\n\t<meta property=\"og:image:width\" content=\"1746\" \/>\n\t<meta property=\"og:image:height\" content=\"822\" \/>\n\t<meta property=\"og:image:type\" content=\"image\/jpeg\" \/>\n<meta name=\"author\" content=\"Ricardo\" \/>\n<meta name=\"twitter:card\" content=\"summary_large_image\" \/>\n<meta name=\"twitter:label1\" content=\"Escrito por\" \/>\n\t<meta name=\"twitter:data1\" content=\"Ricardo\" \/>\n\t<meta name=\"twitter:label2\" content=\"Tiempo de lectura\" \/>\n\t<meta name=\"twitter:data2\" content=\"4 minutos\" \/>\n<script type=\"application\/ld+json\" class=\"yoast-schema-graph\">{\"@context\":\"https:\/\/schema.org\",\"@graph\":[{\"@type\":\"WebPage\",\"@id\":\"https:\/\/periodicocentroccidente.com\/?p=6741\",\"url\":\"https:\/\/periodicocentroccidente.com\/?p=6741\",\"name\":\"Se prepara para brillar Will Mej\u00eda, el colombiano que conecta el entretenimiento global -\",\"isPartOf\":{\"@id\":\"https:\/\/periodicocentroccidente.com\/#website\"},\"primaryImageOfPage\":{\"@id\":\"https:\/\/periodicocentroccidente.com\/?p=6741#primaryimage\"},\"image\":{\"@id\":\"https:\/\/periodicocentroccidente.com\/?p=6741#primaryimage\"},\"thumbnailUrl\":\"https:\/\/periodicocentroccidente.com\/wp-content\/uploads\/2026\/04\/Will-Mejia-mente-estrategica-detras-de-grandes-experiencias-del-entretenimiento.jpg\",\"datePublished\":\"2026-04-07T02:09:56+00:00\",\"author\":{\"@id\":\"https:\/\/periodicocentroccidente.com\/#\/schema\/person\/f4e4a651098f3db198244657b7130e7e\"},\"breadcrumb\":{\"@id\":\"https:\/\/periodicocentroccidente.com\/?p=6741#breadcrumb\"},\"inLanguage\":\"es\",\"potentialAction\":[{\"@type\":\"ReadAction\",\"target\":[\"https:\/\/periodicocentroccidente.com\/?p=6741\"]}]},{\"@type\":\"ImageObject\",\"inLanguage\":\"es\",\"@id\":\"https:\/\/periodicocentroccidente.com\/?p=6741#primaryimage\",\"url\":\"https:\/\/periodicocentroccidente.com\/wp-content\/uploads\/2026\/04\/Will-Mejia-mente-estrategica-detras-de-grandes-experiencias-del-entretenimiento.jpg\",\"contentUrl\":\"https:\/\/periodicocentroccidente.com\/wp-content\/uploads\/2026\/04\/Will-Mejia-mente-estrategica-detras-de-grandes-experiencias-del-entretenimiento.jpg\",\"width\":1746,\"height\":822,\"caption\":\"Will Mej\u00eda, mente estrat\u00e9gica detr\u00e1s de grandes experiencias del entretenimiento\"},{\"@type\":\"BreadcrumbList\",\"@id\":\"https:\/\/periodicocentroccidente.com\/?p=6741#breadcrumb\",\"itemListElement\":[{\"@type\":\"ListItem\",\"position\":1,\"name\":\"Portada\",\"item\":\"https:\/\/periodicocentroccidente.com\/\"},{\"@type\":\"ListItem\",\"position\":2,\"name\":\"Se prepara para brillar Will Mej\u00eda, el colombiano que conecta el entretenimiento global\"}]},{\"@type\":\"WebSite\",\"@id\":\"https:\/\/periodicocentroccidente.com\/#website\",\"url\":\"https:\/\/periodicocentroccidente.com\/\",\"name\":\"\",\"description\":\"Periodismo serio y responsable\",\"potentialAction\":[{\"@type\":\"SearchAction\",\"target\":{\"@type\":\"EntryPoint\",\"urlTemplate\":\"https:\/\/periodicocentroccidente.com\/?s={search_term_string}\"},\"query-input\":{\"@type\":\"PropertyValueSpecification\",\"valueRequired\":true,\"valueName\":\"search_term_string\"}}],\"inLanguage\":\"es\"},{\"@type\":\"Person\",\"@id\":\"https:\/\/periodicocentroccidente.com\/#\/schema\/person\/f4e4a651098f3db198244657b7130e7e\",\"name\":\"Ricardo\",\"image\":{\"@type\":\"ImageObject\",\"inLanguage\":\"es\",\"@id\":\"https:\/\/periodicocentroccidente.com\/#\/schema\/person\/image\/\",\"url\":\"https:\/\/secure.gravatar.com\/avatar\/402e6137108ec0fdaa7809184382fb1dd2f8b00264c1d945d341f2b8f90db429?s=96&d=mm&r=g\",\"contentUrl\":\"https:\/\/secure.gravatar.com\/avatar\/402e6137108ec0fdaa7809184382fb1dd2f8b00264c1d945d341f2b8f90db429?s=96&d=mm&r=g\",\"caption\":\"Ricardo\"},\"url\":\"https:\/\/periodicocentroccidente.com\/?author=2\"}]}<\/script>\n<!-- \/ Yoast SEO plugin. -->","yoast_head_json":{"title":"Se prepara para brillar Will Mej\u00eda, el colombiano que conecta el entretenimiento global -","robots":{"index":"index","follow":"follow","max-snippet":"max-snippet:-1","max-image-preview":"max-image-preview:large","max-video-preview":"max-video-preview:-1"},"canonical":"https:\/\/periodicocentroccidente.com\/?p=6741","og_locale":"es_ES","og_type":"article","og_title":"Se prepara para brillar Will Mej\u00eda, el colombiano que conecta el entretenimiento global -","og_description":"Especial.- En una industria donde pocos logran moverse con naturalidad entre el mundo corporativo y el art&iacute;stico,&nbsp;WILL MEJ&Iacute;A&nbsp;se ha consolidado como una figura clave en la creaci&oacute;n de experiencias que trascienden lo convencional. Publicista de formaci&oacute;n, artista por esencia y estratega por evoluci&oacute;n, su carrera ha sido un puente constante entre la creatividad, la producci&oacute;n &hellip;","og_url":"https:\/\/periodicocentroccidente.com\/?p=6741","article_published_time":"2026-04-07T02:09:56+00:00","og_image":[{"width":1746,"height":822,"url":"https:\/\/periodicocentroccidente.com\/wp-content\/uploads\/2026\/04\/Will-Mejia-mente-estrategica-detras-de-grandes-experiencias-del-entretenimiento.jpg","type":"image\/jpeg"}],"author":"Ricardo","twitter_card":"summary_large_image","twitter_misc":{"Escrito por":"Ricardo","Tiempo de lectura":"4 minutos"},"schema":{"@context":"https:\/\/schema.org","@graph":[{"@type":"WebPage","@id":"https:\/\/periodicocentroccidente.com\/?p=6741","url":"https:\/\/periodicocentroccidente.com\/?p=6741","name":"Se prepara para brillar Will Mej\u00eda, el colombiano que conecta el entretenimiento global -","isPartOf":{"@id":"https:\/\/periodicocentroccidente.com\/#website"},"primaryImageOfPage":{"@id":"https:\/\/periodicocentroccidente.com\/?p=6741#primaryimage"},"image":{"@id":"https:\/\/periodicocentroccidente.com\/?p=6741#primaryimage"},"thumbnailUrl":"https:\/\/periodicocentroccidente.com\/wp-content\/uploads\/2026\/04\/Will-Mejia-mente-estrategica-detras-de-grandes-experiencias-del-entretenimiento.jpg","datePublished":"2026-04-07T02:09:56+00:00","author":{"@id":"https:\/\/periodicocentroccidente.com\/#\/schema\/person\/f4e4a651098f3db198244657b7130e7e"},"breadcrumb":{"@id":"https:\/\/periodicocentroccidente.com\/?p=6741#breadcrumb"},"inLanguage":"es","potentialAction":[{"@type":"ReadAction","target":["https:\/\/periodicocentroccidente.com\/?p=6741"]}]},{"@type":"ImageObject","inLanguage":"es","@id":"https:\/\/periodicocentroccidente.com\/?p=6741#primaryimage","url":"https:\/\/periodicocentroccidente.com\/wp-content\/uploads\/2026\/04\/Will-Mejia-mente-estrategica-detras-de-grandes-experiencias-del-entretenimiento.jpg","contentUrl":"https:\/\/periodicocentroccidente.com\/wp-content\/uploads\/2026\/04\/Will-Mejia-mente-estrategica-detras-de-grandes-experiencias-del-entretenimiento.jpg","width":1746,"height":822,"caption":"Will Mej\u00eda, mente estrat\u00e9gica detr\u00e1s de grandes experiencias del entretenimiento"},{"@type":"BreadcrumbList","@id":"https:\/\/periodicocentroccidente.com\/?p=6741#breadcrumb","itemListElement":[{"@type":"ListItem","position":1,"name":"Portada","item":"https:\/\/periodicocentroccidente.com\/"},{"@type":"ListItem","position":2,"name":"Se prepara para brillar Will Mej\u00eda, el colombiano que conecta el entretenimiento global"}]},{"@type":"WebSite","@id":"https:\/\/periodicocentroccidente.com\/#website","url":"https:\/\/periodicocentroccidente.com\/","name":"","description":"Periodismo serio y responsable","potentialAction":[{"@type":"SearchAction","target":{"@type":"EntryPoint","urlTemplate":"https:\/\/periodicocentroccidente.com\/?s={search_term_string}"},"query-input":{"@type":"PropertyValueSpecification","valueRequired":true,"valueName":"search_term_string"}}],"inLanguage":"es"},{"@type":"Person","@id":"https:\/\/periodicocentroccidente.com\/#\/schema\/person\/f4e4a651098f3db198244657b7130e7e","name":"Ricardo","image":{"@type":"ImageObject","inLanguage":"es","@id":"https:\/\/periodicocentroccidente.com\/#\/schema\/person\/image\/","url":"https:\/\/secure.gravatar.com\/avatar\/402e6137108ec0fdaa7809184382fb1dd2f8b00264c1d945d341f2b8f90db429?s=96&d=mm&r=g","contentUrl":"https:\/\/secure.gravatar.com\/avatar\/402e6137108ec0fdaa7809184382fb1dd2f8b00264c1d945d341f2b8f90db429?s=96&d=mm&r=g","caption":"Ricardo"},"url":"https:\/\/periodicocentroccidente.com\/?author=2"}]}},"jetpack_featured_media_url":"https:\/\/periodicocentroccidente.com\/wp-content\/uploads\/2026\/04\/Will-Mejia-mente-estrategica-detras-de-grandes-experiencias-del-entretenimiento.jpg","jetpack_sharing_enabled":true,"jetpack-related-posts":[],"_links":{"self":[{"href":"https:\/\/periodicocentroccidente.com\/index.php?rest_route=\/wp\/v2\/posts\/6741","targetHints":{"allow":["GET"]}}],"collection":[{"href":"https:\/\/periodicocentroccidente.com\/index.php?rest_route=\/wp\/v2\/posts"}],"about":[{"href":"https:\/\/periodicocentroccidente.com\/index.php?rest_route=\/wp\/v2\/types\/post"}],"author":[{"embeddable":true,"href":"https:\/\/periodicocentroccidente.com\/index.php?rest_route=\/wp\/v2\/users\/2"}],"replies":[{"embeddable":true,"href":"https:\/\/periodicocentroccidente.com\/index.php?rest_route=%2Fwp%2Fv2%2Fcomments&post=6741"}],"version-history":[{"count":1,"href":"https:\/\/periodicocentroccidente.com\/index.php?rest_route=\/wp\/v2\/posts\/6741\/revisions"}],"predecessor-version":[{"id":6744,"href":"https:\/\/periodicocentroccidente.com\/index.php?rest_route=\/wp\/v2\/posts\/6741\/revisions\/6744"}],"wp:featuredmedia":[{"embeddable":true,"href":"https:\/\/periodicocentroccidente.com\/index.php?rest_route=\/wp\/v2\/media\/6743"}],"wp:attachment":[{"href":"https:\/\/periodicocentroccidente.com\/index.php?rest_route=%2Fwp%2Fv2%2Fmedia&parent=6741"}],"wp:term":[{"taxonomy":"category","embeddable":true,"href":"https:\/\/periodicocentroccidente.com\/index.php?rest_route=%2Fwp%2Fv2%2Fcategories&post=6741"},{"taxonomy":"post_tag","embeddable":true,"href":"https:\/\/periodicocentroccidente.com\/index.php?rest_route=%2Fwp%2Fv2%2Ftags&post=6741"}],"curies":[{"name":"wp","href":"https:\/\/api.w.org\/{rel}","templated":true}]}}