{"id":6724,"date":"2026-04-07T01:16:31","date_gmt":"2026-04-07T01:16:31","guid":{"rendered":"https:\/\/periodicocentroccidente.com\/?p=6724"},"modified":"2026-04-07T01:16:31","modified_gmt":"2026-04-07T01:16:31","slug":"ecuador-sede-de-la-vlll-cumbre-internacional-de-la-juventud-y-la-democracia","status":"publish","type":"post","link":"https:\/\/periodicocentroccidente.com\/?p=6724","title":{"rendered":"Ecuador: Sede de la Vlll Cumbre Internacional de la Juventud y la Democracia"},"content":{"rendered":"<p><strong>Especial.-<\/strong><\/p>\n<div dir=\"auto\">La ciudad de Manta, Ecuador, se prepara para recibir a m\u00e1s de 500 j\u00f3venes, l\u00edderes de 15 pa\u00edses durante la VIII cumbre Internacional de la Juventud y la Democracia.<\/div>\n<div dir=\"auto\"><\/div>\n<div dir=\"auto\">\n<div dir=\"auto\">El evento, organizado por la Red Mundial de J\u00f3venes Pol\u00edticos, busca consolidar una agenda global de juventudes con miras al a\u00f1o 2030.<\/div>\n<div dir=\"auto\">\u200b<\/div>\n<div dir=\"auto\">Del 24 al 26 de abril de 2026, delegaciones de pa\u00edses como M\u00e9xico, Estados Unidos, Colombia, Chile,\u00a0 Curazao y Venezuela se reunir\u00e1n para debatir sobre gobernanza, derechos humanos y el fortalecimiento de las instituciones democr\u00e1ticas en Am\u00e9rica Latina.<\/div>\n<\/div>\n<div dir=\"auto\"><\/div>\n<div dir=\"auto\">La participaci\u00f3n de nuestro pa\u00eds ser\u00e1 fundamental desde el punto de vista epistemol\u00f3gico, dijo Victor Alcal\u00e1, miembro de la Red Mundial de J\u00f3venes Pol\u00edticos, cap\u00edtulo Venezuela.<\/div>\n<div dir=\"auto\"><\/div>\n<div dir=\"auto\">\u00abElevaremos propuestas principalmente para la agenda 2030, generando ideas en materia democr\u00e1tica, econ\u00f3mica, social, pol\u00edtica, de salud, de seguridad y organizativa, para as\u00ed ser incluidos por primera vez en esta plataforma internacional\u00bb, anunci\u00f3.<\/div>\n<div dir=\"auto\"><\/div>\n<div dir=\"auto\">Propondremos adem\u00e1s, aclar\u00f3, que la Red Mundial de J\u00f3venes Pol\u00edticos impulse el liderazgo protag\u00f3nico de todos los j\u00f3venes con voluntad y capacidad que deseen crecer internacional y pol\u00edticamente en cada naci\u00f3n, estados o localidad.<\/div>\n<div dir=\"auto\"><\/div>\n<div dir=\"auto\">La verdad de Venezuela es que somos un pa\u00eds en pleno crecimiento, a pesar de todas las circunstancias y que en el marco del programa para La Paz y Convivencia Democr\u00e1tica impulsado por la Presidenta encargada doctora Delcy Rodr\u00edguez, impere la uni\u00f3n nacional y el entendimiento, manifest\u00f3.<\/div>\n<div dir=\"auto\"><\/div>\n<div dir=\"auto\">Hizo el llamado a todos los j\u00f3venes con o sin partido pol\u00edtico, a todos los j\u00f3venes con principios organizativos y democr\u00e1ticos, a cada joven trabajador, empresario, comerciante, funcionario, a que pr\u00f3ximamente posterior a esta cumbre organicemos una poderosa plataforma diplom\u00e1tica de encuentro y entendimiento de la Red Mundial de j\u00f3venes pol\u00edticos, ac\u00e1 en Venezuela. Victor Alcal\u00e1, ser\u00e1 exponente en este gran evento internacional.<\/div>\n<div dir=\"auto\"><\/div>\n<div dir=\"auto\">\n<div dir=\"auto\"><strong>\u200bNieves Lunares, estudiante de Comunicaci\u00f3n Social, UBV Acarigua.<\/strong><\/div>\n<\/div>\n","protected":false},"excerpt":{"rendered":"<p>Especial.- La ciudad de Manta, Ecuador, se prepara para recibir a m&aacute;s de 500 j&oacute;venes, l&iacute;deres de 15 pa&iacute;ses durante la VIII cumbre Internacional de la Juventud y la Democracia. El evento, organizado por la Red Mundial de J&oacute;venes Pol&iacute;ticos, busca consolidar una agenda global de juventudes con miras al a&ntilde;o 2030. &#8203; Del 24 &hellip;<\/p>\n","protected":false},"author":2,"featured_media":6725,"comment_status":"open","ping_status":"open","sticky":false,"template":"","format":"standard","meta":{"_jetpack_memberships_contains_paid_content":false,"footnotes":""},"categories":[128],"tags":[],"class_list":["post-6724","post","type-post","status-publish","format-standard","has-post-thumbnail","hentry","category-noticias-del-cono-norte"],"yoast_head":"<!-- This site is optimized with the Yoast SEO plugin v24.8.1 - https:\/\/yoast.com\/wordpress\/plugins\/seo\/ -->\n<title>Ecuador: Sede de la Vlll Cumbre Internacional de la Juventud y la Democracia -<\/title>\n<meta name=\"robots\" content=\"index, follow, max-snippet:-1, max-image-preview:large, max-video-preview:-1\" \/>\n<link rel=\"canonical\" href=\"https:\/\/periodicocentroccidente.com\/?p=6724\" \/>\n<meta property=\"og:locale\" content=\"es_ES\" \/>\n<meta property=\"og:type\" content=\"article\" \/>\n<meta property=\"og:title\" content=\"Ecuador: Sede de la Vlll Cumbre Internacional de la Juventud y la Democracia -\" \/>\n<meta property=\"og:description\" content=\"Especial.- La ciudad de Manta, Ecuador, se prepara para recibir a m&aacute;s de 500 j&oacute;venes, l&iacute;deres de 15 pa&iacute;ses durante la VIII cumbre Internacional de la Juventud y la Democracia. El evento, organizado por la Red Mundial de J&oacute;venes Pol&iacute;ticos, busca consolidar una agenda global de juventudes con miras al a&ntilde;o 2030. &#8203; Del 24 &hellip;\" \/>\n<meta property=\"og:url\" content=\"https:\/\/periodicocentroccidente.com\/?p=6724\" \/>\n<meta property=\"article:published_time\" content=\"2026-04-07T01:16:31+00:00\" \/>\n<meta property=\"og:image\" content=\"https:\/\/periodicocentroccidente.com\/wp-content\/uploads\/2026\/04\/ecuador.jpg\" \/>\n\t<meta property=\"og:image:width\" content=\"868\" \/>\n\t<meta property=\"og:image:height\" content=\"964\" \/>\n\t<meta property=\"og:image:type\" content=\"image\/jpeg\" \/>\n<meta name=\"author\" content=\"Ricardo\" \/>\n<meta name=\"twitter:card\" content=\"summary_large_image\" \/>\n<meta name=\"twitter:label1\" content=\"Escrito por\" \/>\n\t<meta name=\"twitter:data1\" content=\"Ricardo\" \/>\n\t<meta name=\"twitter:label2\" content=\"Tiempo de lectura\" \/>\n\t<meta name=\"twitter:data2\" content=\"2 minutos\" \/>\n<script type=\"application\/ld+json\" class=\"yoast-schema-graph\">{\"@context\":\"https:\/\/schema.org\",\"@graph\":[{\"@type\":\"WebPage\",\"@id\":\"https:\/\/periodicocentroccidente.com\/?p=6724\",\"url\":\"https:\/\/periodicocentroccidente.com\/?p=6724\",\"name\":\"Ecuador: Sede de la Vlll Cumbre Internacional de la Juventud y la Democracia -\",\"isPartOf\":{\"@id\":\"https:\/\/periodicocentroccidente.com\/#website\"},\"primaryImageOfPage\":{\"@id\":\"https:\/\/periodicocentroccidente.com\/?p=6724#primaryimage\"},\"image\":{\"@id\":\"https:\/\/periodicocentroccidente.com\/?p=6724#primaryimage\"},\"thumbnailUrl\":\"https:\/\/periodicocentroccidente.com\/wp-content\/uploads\/2026\/04\/ecuador.jpg\",\"datePublished\":\"2026-04-07T01:16:31+00:00\",\"author\":{\"@id\":\"https:\/\/periodicocentroccidente.com\/#\/schema\/person\/f4e4a651098f3db198244657b7130e7e\"},\"breadcrumb\":{\"@id\":\"https:\/\/periodicocentroccidente.com\/?p=6724#breadcrumb\"},\"inLanguage\":\"es\",\"potentialAction\":[{\"@type\":\"ReadAction\",\"target\":[\"https:\/\/periodicocentroccidente.com\/?p=6724\"]}]},{\"@type\":\"ImageObject\",\"inLanguage\":\"es\",\"@id\":\"https:\/\/periodicocentroccidente.com\/?p=6724#primaryimage\",\"url\":\"https:\/\/periodicocentroccidente.com\/wp-content\/uploads\/2026\/04\/ecuador.jpg\",\"contentUrl\":\"https:\/\/periodicocentroccidente.com\/wp-content\/uploads\/2026\/04\/ecuador.jpg\",\"width\":868,\"height\":964},{\"@type\":\"BreadcrumbList\",\"@id\":\"https:\/\/periodicocentroccidente.com\/?p=6724#breadcrumb\",\"itemListElement\":[{\"@type\":\"ListItem\",\"position\":1,\"name\":\"Portada\",\"item\":\"https:\/\/periodicocentroccidente.com\/\"},{\"@type\":\"ListItem\",\"position\":2,\"name\":\"Ecuador: Sede de la Vlll Cumbre Internacional de la Juventud y la Democracia\"}]},{\"@type\":\"WebSite\",\"@id\":\"https:\/\/periodicocentroccidente.com\/#website\",\"url\":\"https:\/\/periodicocentroccidente.com\/\",\"name\":\"\",\"description\":\"Periodismo serio y responsable\",\"potentialAction\":[{\"@type\":\"SearchAction\",\"target\":{\"@type\":\"EntryPoint\",\"urlTemplate\":\"https:\/\/periodicocentroccidente.com\/?s={search_term_string}\"},\"query-input\":{\"@type\":\"PropertyValueSpecification\",\"valueRequired\":true,\"valueName\":\"search_term_string\"}}],\"inLanguage\":\"es\"},{\"@type\":\"Person\",\"@id\":\"https:\/\/periodicocentroccidente.com\/#\/schema\/person\/f4e4a651098f3db198244657b7130e7e\",\"name\":\"Ricardo\",\"image\":{\"@type\":\"ImageObject\",\"inLanguage\":\"es\",\"@id\":\"https:\/\/periodicocentroccidente.com\/#\/schema\/person\/image\/\",\"url\":\"https:\/\/secure.gravatar.com\/avatar\/402e6137108ec0fdaa7809184382fb1dd2f8b00264c1d945d341f2b8f90db429?s=96&d=mm&r=g\",\"contentUrl\":\"https:\/\/secure.gravatar.com\/avatar\/402e6137108ec0fdaa7809184382fb1dd2f8b00264c1d945d341f2b8f90db429?s=96&d=mm&r=g\",\"caption\":\"Ricardo\"},\"url\":\"https:\/\/periodicocentroccidente.com\/?author=2\"}]}<\/script>\n<!-- \/ Yoast SEO plugin. -->","yoast_head_json":{"title":"Ecuador: Sede de la Vlll Cumbre Internacional de la Juventud y la Democracia -","robots":{"index":"index","follow":"follow","max-snippet":"max-snippet:-1","max-image-preview":"max-image-preview:large","max-video-preview":"max-video-preview:-1"},"canonical":"https:\/\/periodicocentroccidente.com\/?p=6724","og_locale":"es_ES","og_type":"article","og_title":"Ecuador: Sede de la Vlll Cumbre Internacional de la Juventud y la Democracia -","og_description":"Especial.- La ciudad de Manta, Ecuador, se prepara para recibir a m&aacute;s de 500 j&oacute;venes, l&iacute;deres de 15 pa&iacute;ses durante la VIII cumbre Internacional de la Juventud y la Democracia. El evento, organizado por la Red Mundial de J&oacute;venes Pol&iacute;ticos, busca consolidar una agenda global de juventudes con miras al a&ntilde;o 2030. &#8203; Del 24 &hellip;","og_url":"https:\/\/periodicocentroccidente.com\/?p=6724","article_published_time":"2026-04-07T01:16:31+00:00","og_image":[{"width":868,"height":964,"url":"https:\/\/periodicocentroccidente.com\/wp-content\/uploads\/2026\/04\/ecuador.jpg","type":"image\/jpeg"}],"author":"Ricardo","twitter_card":"summary_large_image","twitter_misc":{"Escrito por":"Ricardo","Tiempo de lectura":"2 minutos"},"schema":{"@context":"https:\/\/schema.org","@graph":[{"@type":"WebPage","@id":"https:\/\/periodicocentroccidente.com\/?p=6724","url":"https:\/\/periodicocentroccidente.com\/?p=6724","name":"Ecuador: Sede de la Vlll Cumbre Internacional de la Juventud y la Democracia -","isPartOf":{"@id":"https:\/\/periodicocentroccidente.com\/#website"},"primaryImageOfPage":{"@id":"https:\/\/periodicocentroccidente.com\/?p=6724#primaryimage"},"image":{"@id":"https:\/\/periodicocentroccidente.com\/?p=6724#primaryimage"},"thumbnailUrl":"https:\/\/periodicocentroccidente.com\/wp-content\/uploads\/2026\/04\/ecuador.jpg","datePublished":"2026-04-07T01:16:31+00:00","author":{"@id":"https:\/\/periodicocentroccidente.com\/#\/schema\/person\/f4e4a651098f3db198244657b7130e7e"},"breadcrumb":{"@id":"https:\/\/periodicocentroccidente.com\/?p=6724#breadcrumb"},"inLanguage":"es","potentialAction":[{"@type":"ReadAction","target":["https:\/\/periodicocentroccidente.com\/?p=6724"]}]},{"@type":"ImageObject","inLanguage":"es","@id":"https:\/\/periodicocentroccidente.com\/?p=6724#primaryimage","url":"https:\/\/periodicocentroccidente.com\/wp-content\/uploads\/2026\/04\/ecuador.jpg","contentUrl":"https:\/\/periodicocentroccidente.com\/wp-content\/uploads\/2026\/04\/ecuador.jpg","width":868,"height":964},{"@type":"BreadcrumbList","@id":"https:\/\/periodicocentroccidente.com\/?p=6724#breadcrumb","itemListElement":[{"@type":"ListItem","position":1,"name":"Portada","item":"https:\/\/periodicocentroccidente.com\/"},{"@type":"ListItem","position":2,"name":"Ecuador: Sede de la Vlll Cumbre Internacional de la Juventud y la Democracia"}]},{"@type":"WebSite","@id":"https:\/\/periodicocentroccidente.com\/#website","url":"https:\/\/periodicocentroccidente.com\/","name":"","description":"Periodismo serio y responsable","potentialAction":[{"@type":"SearchAction","target":{"@type":"EntryPoint","urlTemplate":"https:\/\/periodicocentroccidente.com\/?s={search_term_string}"},"query-input":{"@type":"PropertyValueSpecification","valueRequired":true,"valueName":"search_term_string"}}],"inLanguage":"es"},{"@type":"Person","@id":"https:\/\/periodicocentroccidente.com\/#\/schema\/person\/f4e4a651098f3db198244657b7130e7e","name":"Ricardo","image":{"@type":"ImageObject","inLanguage":"es","@id":"https:\/\/periodicocentroccidente.com\/#\/schema\/person\/image\/","url":"https:\/\/secure.gravatar.com\/avatar\/402e6137108ec0fdaa7809184382fb1dd2f8b00264c1d945d341f2b8f90db429?s=96&d=mm&r=g","contentUrl":"https:\/\/secure.gravatar.com\/avatar\/402e6137108ec0fdaa7809184382fb1dd2f8b00264c1d945d341f2b8f90db429?s=96&d=mm&r=g","caption":"Ricardo"},"url":"https:\/\/periodicocentroccidente.com\/?author=2"}]}},"jetpack_featured_media_url":"https:\/\/periodicocentroccidente.com\/wp-content\/uploads\/2026\/04\/ecuador.jpg","jetpack_sharing_enabled":true,"jetpack-related-posts":[],"_links":{"self":[{"href":"https:\/\/periodicocentroccidente.com\/index.php?rest_route=\/wp\/v2\/posts\/6724","targetHints":{"allow":["GET"]}}],"collection":[{"href":"https:\/\/periodicocentroccidente.com\/index.php?rest_route=\/wp\/v2\/posts"}],"about":[{"href":"https:\/\/periodicocentroccidente.com\/index.php?rest_route=\/wp\/v2\/types\/post"}],"author":[{"embeddable":true,"href":"https:\/\/periodicocentroccidente.com\/index.php?rest_route=\/wp\/v2\/users\/2"}],"replies":[{"embeddable":true,"href":"https:\/\/periodicocentroccidente.com\/index.php?rest_route=%2Fwp%2Fv2%2Fcomments&post=6724"}],"version-history":[{"count":1,"href":"https:\/\/periodicocentroccidente.com\/index.php?rest_route=\/wp\/v2\/posts\/6724\/revisions"}],"predecessor-version":[{"id":6726,"href":"https:\/\/periodicocentroccidente.com\/index.php?rest_route=\/wp\/v2\/posts\/6724\/revisions\/6726"}],"wp:featuredmedia":[{"embeddable":true,"href":"https:\/\/periodicocentroccidente.com\/index.php?rest_route=\/wp\/v2\/media\/6725"}],"wp:attachment":[{"href":"https:\/\/periodicocentroccidente.com\/index.php?rest_route=%2Fwp%2Fv2%2Fmedia&parent=6724"}],"wp:term":[{"taxonomy":"category","embeddable":true,"href":"https:\/\/periodicocentroccidente.com\/index.php?rest_route=%2Fwp%2Fv2%2Fcategories&post=6724"},{"taxonomy":"post_tag","embeddable":true,"href":"https:\/\/periodicocentroccidente.com\/index.php?rest_route=%2Fwp%2Fv2%2Ftags&post=6724"}],"curies":[{"name":"wp","href":"https:\/\/api.w.org\/{rel}","templated":true}]}}