{"id":6663,"date":"2026-03-30T15:01:25","date_gmt":"2026-03-30T15:01:25","guid":{"rendered":"https:\/\/periodicocentroccidente.com\/?p=6663"},"modified":"2026-03-30T15:01:25","modified_gmt":"2026-03-30T15:01:25","slug":"no-abraces-cuando-sea-tarde","status":"publish","type":"post","link":"https:\/\/periodicocentroccidente.com\/?p=6663","title":{"rendered":"\u200e\u00a1No abraces cuando sea tarde!"},"content":{"rendered":"<p>La \u00faltima semana del a\u00f1o 2025, falleci\u00f3 el pap\u00e1 de un querido amigo, al cual, y por espacio de m\u00e1s 10 a\u00f1os no le hab\u00eda visto, pero que, a finales del mes de noviembre, el Esp\u00edritu Santo de Dios puso en mi una necesidad de orar por \u00e9l y se lo hice saber a trav\u00e9s de una llamada telef\u00f3nica; mi amigo, vino a visitar a sus padres y recibir con ellos el naciente 2026, pero a escasos d\u00edas antes de retornar a la lejana ciudad donde reside, su padre falleci\u00f3.<br \/>\n\u200e<br \/>\n\u200eAl d\u00eda siguiente de sepultar a su padre, mi amigo y yo nos reunimos, y entre muchas cosas que hablamos, quebrantado me dijo: \u201cun d\u00eda antes de morir mi pap\u00e1, le abrac\u00e9 como jam\u00e1s creo que lo hab\u00eda hecho y sent\u00ed algo que nunca hab\u00eda sentido\u201d. Este episodio, me traslad\u00f3 a junio del 2008 cuando d\u00edas antes de su partida, tambi\u00e9n le di un ultimo abrazo a mi padre; y que despu\u00e9s de eso, me qued\u00f3 rondando en mi mente por mucho tiempo: \u00a1no abraces cuando sea tarde!<br \/>\n\u200e<br \/>\n\u200eHoy en nuestras Reflexiones en Familia nos deleitaremos con una hermosa porci\u00f3n de la Palabra inspirada por Dios, que en Isa\u00edas cap\u00edtulo 55 vers\u00edculo 6, de la versi\u00f3n Reina-Valera 1960, dice: \u00abBuscad a Jehov\u00e1 mientras puede ser hallado, llamadle en tanto que est\u00e1 cercano\u00bb<br \/>\n\u200e<br \/>\n\u200eAmados, hoy d\u00eda muchos de nosotros vivimos con remordimientos por cosas que no hemos podido hacer, aun y cuando en alg\u00fan momento sentimos la necesidad de hacerlo; entre otras, un te amo que no dijimos, un abrazo que no dimos, un perd\u00f3n que no pedimos, una disculpa que no aceptamos o una mano que no extendimos. Generalmente, nos invade la tristeza al darnos cuenta que tuvimos la oportunidad de hacerlo y no lo hicimos; pero hay una, que producir\u00e1 m\u00e1s pesar y tristeza que cualquier otra, y es la oportunidad de buscar y encontrar al Se\u00f1or.<br \/>\n\u200e<br \/>\n\u200eQuerido amigo, no pierdas la oportunidad de buscar y encontrar al Se\u00f1or lo m\u00e1s pronto y mientras estes con vida sobre esta tierra, aprovecha esa oportunidad mientras \u00c9l todav\u00eda pueda ser encontrado; no te conformes con decir que ma\u00f1ana si porque a\u00fan no est\u00e1s preparado o que a\u00fan no es el tiempo, ya que ese ma\u00f1ana puede que no llegue.<br \/>\n\u200e<br \/>\n\u200eEn Juan 14:6, est\u00e1 apuntada la \u00fanica y verdadera forma de buscar al Padre y que es cuando \u00abJes\u00fas le dijo: Yo soy el camino, y la verdad, y la vida; nadie viene al Padre, sino por m\u00ed\u00bb<br \/>\n\u200e<br \/>\n\u200eQuerido hermano, t\u00fa sabes que Dios siempre ha estado presente y disponible para quien le busque con un coraz\u00f3n sincero, posiblemente hayas pasado por momentos en los que tu disposici\u00f3n para buscar a Dios pudiera estar fr\u00e1gil, pero sabes que la b\u00fasqueda de Dios no es una tarea imposible y que, si en alg\u00fan momento del camino tomas distancia de Dios, siempre tendr\u00e1s una oportunidad para volver a \u00c9l.<br \/>\n\u200e<br \/>\n\u200e\u00a1No abraces cuando sea tarde! es una invitaci\u00f3n a que no dejemos que el tiempo pase sin hacer esas cosas que ya deb\u00edamos haber hecho, y m\u00e1s importante a\u00fan, es un recordatorio que nos anima a buscar a Dios mientras pueda ser hallado y que tiene una recompensa, que es nada m\u00e1s y nada menos que Su presencia en la vida de aquel que le busque.<br \/>\n\u200e<br \/>\n\u200eAmado, si has le\u00eddo esta reflexi\u00f3n no te quedes con ella y dile a quien puedas, que debemos reconocer que solo Dios puede llenar el vac\u00edo en el coraz\u00f3n de cada quien y que, si a\u00fan no han encontrado al Se\u00f1or, hoy es un buen d\u00eda para buscarlo. \u00a1Se\u00f1or, permite que hoy pueda dar mi mano que no hab\u00eda extendido para ayudar y dar ese abrazo que me ha costado dar!<br \/>\n\u200e<br \/>\n\u200e\u00abYo amo a los que me aman, y me hallan los que temprano me buscan\u00bb<br \/>\n\u200eProverbios 8:17 (R-V 1960)<br \/>\n\u200e<br \/>\n<strong>\u200e\u00a1Bendiciones para todos!<\/strong><\/p>\n","protected":false},"excerpt":{"rendered":"<p>La &uacute;ltima semana del a&ntilde;o 2025, falleci&oacute; el pap&aacute; de un querido amigo, al cual, y por espacio de m&aacute;s 10 a&ntilde;os no le hab&iacute;a visto, pero que, a finales del mes de noviembre, el Esp&iacute;ritu Santo de Dios puso en mi una necesidad de orar por &eacute;l y se lo hice saber a trav&eacute;s &hellip;<\/p>\n","protected":false},"author":2,"featured_media":5999,"comment_status":"open","ping_status":"open","sticky":false,"template":"","format":"standard","meta":{"_jetpack_memberships_contains_paid_content":false,"footnotes":""},"categories":[127],"tags":[],"class_list":["post-6663","post","type-post","status-publish","format-standard","has-post-thumbnail","hentry","category-noticias-recientes"],"yoast_head":"<!-- This site is optimized with the Yoast SEO plugin v24.8.1 - https:\/\/yoast.com\/wordpress\/plugins\/seo\/ -->\n<title>\u200e\u00a1No abraces cuando sea tarde! -<\/title>\n<meta name=\"robots\" content=\"index, follow, max-snippet:-1, max-image-preview:large, max-video-preview:-1\" \/>\n<link rel=\"canonical\" href=\"https:\/\/periodicocentroccidente.com\/?p=6663\" \/>\n<meta property=\"og:locale\" content=\"es_ES\" \/>\n<meta property=\"og:type\" content=\"article\" \/>\n<meta property=\"og:title\" content=\"\u200e\u00a1No abraces cuando sea tarde! -\" \/>\n<meta property=\"og:description\" content=\"La &uacute;ltima semana del a&ntilde;o 2025, falleci&oacute; el pap&aacute; de un querido amigo, al cual, y por espacio de m&aacute;s 10 a&ntilde;os no le hab&iacute;a visto, pero que, a finales del mes de noviembre, el Esp&iacute;ritu Santo de Dios puso en mi una necesidad de orar por &eacute;l y se lo hice saber a trav&eacute;s &hellip;\" \/>\n<meta property=\"og:url\" content=\"https:\/\/periodicocentroccidente.com\/?p=6663\" \/>\n<meta property=\"article:published_time\" content=\"2026-03-30T15:01:25+00:00\" \/>\n<meta property=\"og:image\" content=\"https:\/\/periodicocentroccidente.com\/wp-content\/uploads\/2026\/02\/Screenshot_20250913_234216_Gmail.jpg\" \/>\n\t<meta property=\"og:image:width\" content=\"1078\" \/>\n\t<meta property=\"og:image:height\" content=\"770\" \/>\n\t<meta property=\"og:image:type\" content=\"image\/jpeg\" \/>\n<meta name=\"author\" content=\"Ricardo\" \/>\n<meta name=\"twitter:card\" content=\"summary_large_image\" \/>\n<meta name=\"twitter:label1\" content=\"Escrito por\" \/>\n\t<meta name=\"twitter:data1\" content=\"Ricardo\" \/>\n\t<meta name=\"twitter:label2\" content=\"Tiempo de lectura\" \/>\n\t<meta name=\"twitter:data2\" content=\"4 minutos\" \/>\n<script type=\"application\/ld+json\" class=\"yoast-schema-graph\">{\"@context\":\"https:\/\/schema.org\",\"@graph\":[{\"@type\":\"WebPage\",\"@id\":\"https:\/\/periodicocentroccidente.com\/?p=6663\",\"url\":\"https:\/\/periodicocentroccidente.com\/?p=6663\",\"name\":\"\u200e\u00a1No abraces cuando sea tarde! -\",\"isPartOf\":{\"@id\":\"https:\/\/periodicocentroccidente.com\/#website\"},\"primaryImageOfPage\":{\"@id\":\"https:\/\/periodicocentroccidente.com\/?p=6663#primaryimage\"},\"image\":{\"@id\":\"https:\/\/periodicocentroccidente.com\/?p=6663#primaryimage\"},\"thumbnailUrl\":\"https:\/\/periodicocentroccidente.com\/wp-content\/uploads\/2026\/02\/Screenshot_20250913_234216_Gmail.jpg\",\"datePublished\":\"2026-03-30T15:01:25+00:00\",\"author\":{\"@id\":\"https:\/\/periodicocentroccidente.com\/#\/schema\/person\/f4e4a651098f3db198244657b7130e7e\"},\"breadcrumb\":{\"@id\":\"https:\/\/periodicocentroccidente.com\/?p=6663#breadcrumb\"},\"inLanguage\":\"es\",\"potentialAction\":[{\"@type\":\"ReadAction\",\"target\":[\"https:\/\/periodicocentroccidente.com\/?p=6663\"]}]},{\"@type\":\"ImageObject\",\"inLanguage\":\"es\",\"@id\":\"https:\/\/periodicocentroccidente.com\/?p=6663#primaryimage\",\"url\":\"https:\/\/periodicocentroccidente.com\/wp-content\/uploads\/2026\/02\/Screenshot_20250913_234216_Gmail.jpg\",\"contentUrl\":\"https:\/\/periodicocentroccidente.com\/wp-content\/uploads\/2026\/02\/Screenshot_20250913_234216_Gmail.jpg\",\"width\":1078,\"height\":770},{\"@type\":\"BreadcrumbList\",\"@id\":\"https:\/\/periodicocentroccidente.com\/?p=6663#breadcrumb\",\"itemListElement\":[{\"@type\":\"ListItem\",\"position\":1,\"name\":\"Portada\",\"item\":\"https:\/\/periodicocentroccidente.com\/\"},{\"@type\":\"ListItem\",\"position\":2,\"name\":\"\u200e\u00a1No abraces cuando sea tarde!\"}]},{\"@type\":\"WebSite\",\"@id\":\"https:\/\/periodicocentroccidente.com\/#website\",\"url\":\"https:\/\/periodicocentroccidente.com\/\",\"name\":\"\",\"description\":\"Periodismo serio y responsable\",\"potentialAction\":[{\"@type\":\"SearchAction\",\"target\":{\"@type\":\"EntryPoint\",\"urlTemplate\":\"https:\/\/periodicocentroccidente.com\/?s={search_term_string}\"},\"query-input\":{\"@type\":\"PropertyValueSpecification\",\"valueRequired\":true,\"valueName\":\"search_term_string\"}}],\"inLanguage\":\"es\"},{\"@type\":\"Person\",\"@id\":\"https:\/\/periodicocentroccidente.com\/#\/schema\/person\/f4e4a651098f3db198244657b7130e7e\",\"name\":\"Ricardo\",\"image\":{\"@type\":\"ImageObject\",\"inLanguage\":\"es\",\"@id\":\"https:\/\/periodicocentroccidente.com\/#\/schema\/person\/image\/\",\"url\":\"https:\/\/secure.gravatar.com\/avatar\/402e6137108ec0fdaa7809184382fb1dd2f8b00264c1d945d341f2b8f90db429?s=96&d=mm&r=g\",\"contentUrl\":\"https:\/\/secure.gravatar.com\/avatar\/402e6137108ec0fdaa7809184382fb1dd2f8b00264c1d945d341f2b8f90db429?s=96&d=mm&r=g\",\"caption\":\"Ricardo\"},\"url\":\"https:\/\/periodicocentroccidente.com\/?author=2\"}]}<\/script>\n<!-- \/ Yoast SEO plugin. -->","yoast_head_json":{"title":"\u200e\u00a1No abraces cuando sea tarde! -","robots":{"index":"index","follow":"follow","max-snippet":"max-snippet:-1","max-image-preview":"max-image-preview:large","max-video-preview":"max-video-preview:-1"},"canonical":"https:\/\/periodicocentroccidente.com\/?p=6663","og_locale":"es_ES","og_type":"article","og_title":"\u200e\u00a1No abraces cuando sea tarde! -","og_description":"La &uacute;ltima semana del a&ntilde;o 2025, falleci&oacute; el pap&aacute; de un querido amigo, al cual, y por espacio de m&aacute;s 10 a&ntilde;os no le hab&iacute;a visto, pero que, a finales del mes de noviembre, el Esp&iacute;ritu Santo de Dios puso en mi una necesidad de orar por &eacute;l y se lo hice saber a trav&eacute;s &hellip;","og_url":"https:\/\/periodicocentroccidente.com\/?p=6663","article_published_time":"2026-03-30T15:01:25+00:00","og_image":[{"width":1078,"height":770,"url":"https:\/\/periodicocentroccidente.com\/wp-content\/uploads\/2026\/02\/Screenshot_20250913_234216_Gmail.jpg","type":"image\/jpeg"}],"author":"Ricardo","twitter_card":"summary_large_image","twitter_misc":{"Escrito por":"Ricardo","Tiempo de lectura":"4 minutos"},"schema":{"@context":"https:\/\/schema.org","@graph":[{"@type":"WebPage","@id":"https:\/\/periodicocentroccidente.com\/?p=6663","url":"https:\/\/periodicocentroccidente.com\/?p=6663","name":"\u200e\u00a1No abraces cuando sea tarde! -","isPartOf":{"@id":"https:\/\/periodicocentroccidente.com\/#website"},"primaryImageOfPage":{"@id":"https:\/\/periodicocentroccidente.com\/?p=6663#primaryimage"},"image":{"@id":"https:\/\/periodicocentroccidente.com\/?p=6663#primaryimage"},"thumbnailUrl":"https:\/\/periodicocentroccidente.com\/wp-content\/uploads\/2026\/02\/Screenshot_20250913_234216_Gmail.jpg","datePublished":"2026-03-30T15:01:25+00:00","author":{"@id":"https:\/\/periodicocentroccidente.com\/#\/schema\/person\/f4e4a651098f3db198244657b7130e7e"},"breadcrumb":{"@id":"https:\/\/periodicocentroccidente.com\/?p=6663#breadcrumb"},"inLanguage":"es","potentialAction":[{"@type":"ReadAction","target":["https:\/\/periodicocentroccidente.com\/?p=6663"]}]},{"@type":"ImageObject","inLanguage":"es","@id":"https:\/\/periodicocentroccidente.com\/?p=6663#primaryimage","url":"https:\/\/periodicocentroccidente.com\/wp-content\/uploads\/2026\/02\/Screenshot_20250913_234216_Gmail.jpg","contentUrl":"https:\/\/periodicocentroccidente.com\/wp-content\/uploads\/2026\/02\/Screenshot_20250913_234216_Gmail.jpg","width":1078,"height":770},{"@type":"BreadcrumbList","@id":"https:\/\/periodicocentroccidente.com\/?p=6663#breadcrumb","itemListElement":[{"@type":"ListItem","position":1,"name":"Portada","item":"https:\/\/periodicocentroccidente.com\/"},{"@type":"ListItem","position":2,"name":"\u200e\u00a1No abraces cuando sea tarde!"}]},{"@type":"WebSite","@id":"https:\/\/periodicocentroccidente.com\/#website","url":"https:\/\/periodicocentroccidente.com\/","name":"","description":"Periodismo serio y responsable","potentialAction":[{"@type":"SearchAction","target":{"@type":"EntryPoint","urlTemplate":"https:\/\/periodicocentroccidente.com\/?s={search_term_string}"},"query-input":{"@type":"PropertyValueSpecification","valueRequired":true,"valueName":"search_term_string"}}],"inLanguage":"es"},{"@type":"Person","@id":"https:\/\/periodicocentroccidente.com\/#\/schema\/person\/f4e4a651098f3db198244657b7130e7e","name":"Ricardo","image":{"@type":"ImageObject","inLanguage":"es","@id":"https:\/\/periodicocentroccidente.com\/#\/schema\/person\/image\/","url":"https:\/\/secure.gravatar.com\/avatar\/402e6137108ec0fdaa7809184382fb1dd2f8b00264c1d945d341f2b8f90db429?s=96&d=mm&r=g","contentUrl":"https:\/\/secure.gravatar.com\/avatar\/402e6137108ec0fdaa7809184382fb1dd2f8b00264c1d945d341f2b8f90db429?s=96&d=mm&r=g","caption":"Ricardo"},"url":"https:\/\/periodicocentroccidente.com\/?author=2"}]}},"jetpack_featured_media_url":"https:\/\/periodicocentroccidente.com\/wp-content\/uploads\/2026\/02\/Screenshot_20250913_234216_Gmail.jpg","jetpack_sharing_enabled":true,"jetpack-related-posts":[],"_links":{"self":[{"href":"https:\/\/periodicocentroccidente.com\/index.php?rest_route=\/wp\/v2\/posts\/6663","targetHints":{"allow":["GET"]}}],"collection":[{"href":"https:\/\/periodicocentroccidente.com\/index.php?rest_route=\/wp\/v2\/posts"}],"about":[{"href":"https:\/\/periodicocentroccidente.com\/index.php?rest_route=\/wp\/v2\/types\/post"}],"author":[{"embeddable":true,"href":"https:\/\/periodicocentroccidente.com\/index.php?rest_route=\/wp\/v2\/users\/2"}],"replies":[{"embeddable":true,"href":"https:\/\/periodicocentroccidente.com\/index.php?rest_route=%2Fwp%2Fv2%2Fcomments&post=6663"}],"version-history":[{"count":1,"href":"https:\/\/periodicocentroccidente.com\/index.php?rest_route=\/wp\/v2\/posts\/6663\/revisions"}],"predecessor-version":[{"id":6664,"href":"https:\/\/periodicocentroccidente.com\/index.php?rest_route=\/wp\/v2\/posts\/6663\/revisions\/6664"}],"wp:featuredmedia":[{"embeddable":true,"href":"https:\/\/periodicocentroccidente.com\/index.php?rest_route=\/wp\/v2\/media\/5999"}],"wp:attachment":[{"href":"https:\/\/periodicocentroccidente.com\/index.php?rest_route=%2Fwp%2Fv2%2Fmedia&parent=6663"}],"wp:term":[{"taxonomy":"category","embeddable":true,"href":"https:\/\/periodicocentroccidente.com\/index.php?rest_route=%2Fwp%2Fv2%2Fcategories&post=6663"},{"taxonomy":"post_tag","embeddable":true,"href":"https:\/\/periodicocentroccidente.com\/index.php?rest_route=%2Fwp%2Fv2%2Ftags&post=6663"}],"curies":[{"name":"wp","href":"https:\/\/api.w.org\/{rel}","templated":true}]}}