{"id":6598,"date":"2026-03-25T17:27:43","date_gmt":"2026-03-25T17:27:43","guid":{"rendered":"https:\/\/periodicocentroccidente.com\/?p=6598"},"modified":"2026-03-25T17:27:43","modified_gmt":"2026-03-25T17:27:43","slug":"colonialidad-en-el-siglo-xxi","status":"publish","type":"post","link":"https:\/\/periodicocentroccidente.com\/?p=6598","title":{"rendered":"Colonialidad en el siglo XXI"},"content":{"rendered":"<div dir=\"auto\">\u00a0Los eventos del 3 de enero de 2026 ocurridos en Venezuela representan no solo un antes y un despu\u00e9s geopol\u00edtico, econ\u00f3mico y social en Latinoam\u00e9rica, sino la colisi\u00f3n frontal entre la autodeterminaci\u00f3n de los pueblos y la persistencia de la colonialidad. Preguntas como, \u00bfqu\u00e9 es soberan\u00eda e independencia?, \u00bfpara qu\u00e9 sirve la jurisprudencia internacional?, \u00bfqui\u00e9n determina los l\u00edmites de la justicia y el derecho de los ciudadanos y por ende del Estado-Naci\u00f3n?, no se pueden responder desde el romanticismo o idealismo. La guerra actual en el Medio Oriente, el bombardeo israel\u00ed a Palestina desde hace m\u00e1s de tres d\u00e9cadas; en Asia -un poco m\u00e1s de 55 a\u00f1os- EEUU invade Vietnam, sin nombrar las incursiones militares en am\u00e9rica latinaperiod dan cuenta que la colonialidad se niega a desaparecer por m\u00e1s que en los pa\u00edses oprimidos, invadidos y hasta aislados -en pleno siglo XXI-\u00a0 hayan creado entre sus ciudadanos consciencia sociocr\u00edtica; en la\u00a0Construcci\u00f3n Nacional de la Rep\u00fablica Bolivariana de Venezuela, el t\u00e9rmino soberan\u00eda no se menciona como un concepto vago, sino como el origen de todo el ordenamiento jur\u00eddico; la Carta de las Naciones Unidas (1945), es\u00a0el documento fundacional que rige las relaciones entre los Estados y la Resoluci\u00f3n 2625 de la Asamblea General de la ONU, refleja el principio del derecho internacional referentes a las relaciones de amistad y cooperaci\u00f3n entre los Estados, subrayando la imposibilidad de no intervenci\u00f3n en los asuntos internos de otros pa\u00edses, bueno en teor\u00eda, porque Donald Trump se pasa todas las leyes por el&#8230;Ustedes sabe. An\u00edbal Quijano establece que \u00aba\u00fan cuando el colonialismo administrativo termin\u00f3, la &#8216;colonialidad&#8217; persiste como una estructura de dominaci\u00f3n que clasifica al mundo bajo una jerarqu\u00eda euroc\u00e9ntrica y Enrique Dussel y su concepto de Transmodernidad, se\u00f1ala que \u00abla soberan\u00eda reside en el populus como sede del poder original. Cualquier intervenci\u00f3n externa que ignore la voluntad pol\u00edtica de un pueblo es una negaci\u00f3n del &#8216;Otro'\u00bb y uno entonces ve que como Ir\u00e1n no es una naci\u00f3n \u00e1rabe, ni latina, ni asi\u00e1tica, ni africana, a parte que supieron invertir las ganancias petroleras para la defensa de su territorio y les sobra conciencia patria, se enfrenta al imperio yanqui sin mayor limitaci\u00f3n que su fe religiosa.<\/div>\n<div dir=\"auto\">PD: Pido me disculpen que la semana pasada no pude hacer mi acostumbrado art\u00edculo de opini\u00f3n, debido a un accidente dom\u00e9stico que me \u00absac\u00f3 fuera del aire\u00bb.<\/div>\n<div dir=\"auto\"><\/div>\n<div dir=\"auto\"><a href=\"mailto:periodistacruzmario@gmail.com\" target=\"_blank\" rel=\"noopener noreferrer noreferrer\">periodistacruzmario@gmail.com<\/a><\/div>\n<div dir=\"auto\">X @periodistacruz<\/div>\n<div dir=\"auto\">Instagram @portuguesanewsdigital<\/div>\n<div dir=\"auto\">Facebook portuguesanews<\/div>\n<div dir=\"auto\">Telegram Portuguesa News<\/div>\n","protected":false},"excerpt":{"rendered":"<p>&nbsp;Los eventos del 3 de enero de 2026 ocurridos en Venezuela representan no solo un antes y un despu&eacute;s geopol&iacute;tico, econ&oacute;mico y social en Latinoam&eacute;rica, sino la colisi&oacute;n frontal entre la autodeterminaci&oacute;n de los pueblos y la persistencia de la colonialidad. Preguntas como, &iquest;qu&eacute; es soberan&iacute;a e independencia?, &iquest;para qu&eacute; sirve la jurisprudencia internacional?, &iquest;qui&eacute;n &hellip;<\/p>\n","protected":false},"author":2,"featured_media":2920,"comment_status":"open","ping_status":"open","sticky":false,"template":"","format":"standard","meta":{"_jetpack_memberships_contains_paid_content":false,"footnotes":""},"categories":[128],"tags":[],"class_list":["post-6598","post","type-post","status-publish","format-standard","has-post-thumbnail","hentry","category-noticias-del-cono-norte"],"yoast_head":"<!-- This site is optimized with the Yoast SEO plugin v24.8.1 - https:\/\/yoast.com\/wordpress\/plugins\/seo\/ -->\n<title>Colonialidad en el siglo XXI -<\/title>\n<meta name=\"robots\" content=\"index, follow, max-snippet:-1, max-image-preview:large, max-video-preview:-1\" \/>\n<link rel=\"canonical\" href=\"https:\/\/periodicocentroccidente.com\/?p=6598\" \/>\n<meta property=\"og:locale\" content=\"es_ES\" \/>\n<meta property=\"og:type\" content=\"article\" \/>\n<meta property=\"og:title\" content=\"Colonialidad en el siglo XXI -\" \/>\n<meta property=\"og:description\" content=\"&nbsp;Los eventos del 3 de enero de 2026 ocurridos en Venezuela representan no solo un antes y un despu&eacute;s geopol&iacute;tico, econ&oacute;mico y social en Latinoam&eacute;rica, sino la colisi&oacute;n frontal entre la autodeterminaci&oacute;n de los pueblos y la persistencia de la colonialidad. Preguntas como, &iquest;qu&eacute; es soberan&iacute;a e independencia?, &iquest;para qu&eacute; sirve la jurisprudencia internacional?, &iquest;qui&eacute;n &hellip;\" \/>\n<meta property=\"og:url\" content=\"https:\/\/periodicocentroccidente.com\/?p=6598\" \/>\n<meta property=\"article:published_time\" content=\"2026-03-25T17:27:43+00:00\" \/>\n<meta property=\"og:image\" content=\"https:\/\/periodicocentroccidente.com\/wp-content\/uploads\/2025\/07\/cruz-mario.jpg\" \/>\n\t<meta property=\"og:image:width\" content=\"598\" \/>\n\t<meta property=\"og:image:height\" content=\"267\" \/>\n\t<meta property=\"og:image:type\" content=\"image\/jpeg\" \/>\n<meta name=\"author\" content=\"Ricardo\" \/>\n<meta name=\"twitter:card\" content=\"summary_large_image\" \/>\n<meta name=\"twitter:label1\" content=\"Escrito por\" \/>\n\t<meta name=\"twitter:data1\" content=\"Ricardo\" \/>\n\t<meta name=\"twitter:label2\" content=\"Tiempo de lectura\" \/>\n\t<meta name=\"twitter:data2\" content=\"3 minutos\" \/>\n<script type=\"application\/ld+json\" class=\"yoast-schema-graph\">{\"@context\":\"https:\/\/schema.org\",\"@graph\":[{\"@type\":\"WebPage\",\"@id\":\"https:\/\/periodicocentroccidente.com\/?p=6598\",\"url\":\"https:\/\/periodicocentroccidente.com\/?p=6598\",\"name\":\"Colonialidad en el siglo XXI -\",\"isPartOf\":{\"@id\":\"https:\/\/periodicocentroccidente.com\/#website\"},\"primaryImageOfPage\":{\"@id\":\"https:\/\/periodicocentroccidente.com\/?p=6598#primaryimage\"},\"image\":{\"@id\":\"https:\/\/periodicocentroccidente.com\/?p=6598#primaryimage\"},\"thumbnailUrl\":\"https:\/\/periodicocentroccidente.com\/wp-content\/uploads\/2025\/07\/cruz-mario.jpg\",\"datePublished\":\"2026-03-25T17:27:43+00:00\",\"author\":{\"@id\":\"https:\/\/periodicocentroccidente.com\/#\/schema\/person\/f4e4a651098f3db198244657b7130e7e\"},\"breadcrumb\":{\"@id\":\"https:\/\/periodicocentroccidente.com\/?p=6598#breadcrumb\"},\"inLanguage\":\"es\",\"potentialAction\":[{\"@type\":\"ReadAction\",\"target\":[\"https:\/\/periodicocentroccidente.com\/?p=6598\"]}]},{\"@type\":\"ImageObject\",\"inLanguage\":\"es\",\"@id\":\"https:\/\/periodicocentroccidente.com\/?p=6598#primaryimage\",\"url\":\"https:\/\/periodicocentroccidente.com\/wp-content\/uploads\/2025\/07\/cruz-mario.jpg\",\"contentUrl\":\"https:\/\/periodicocentroccidente.com\/wp-content\/uploads\/2025\/07\/cruz-mario.jpg\",\"width\":598,\"height\":267},{\"@type\":\"BreadcrumbList\",\"@id\":\"https:\/\/periodicocentroccidente.com\/?p=6598#breadcrumb\",\"itemListElement\":[{\"@type\":\"ListItem\",\"position\":1,\"name\":\"Portada\",\"item\":\"https:\/\/periodicocentroccidente.com\/\"},{\"@type\":\"ListItem\",\"position\":2,\"name\":\"Colonialidad en el siglo XXI\"}]},{\"@type\":\"WebSite\",\"@id\":\"https:\/\/periodicocentroccidente.com\/#website\",\"url\":\"https:\/\/periodicocentroccidente.com\/\",\"name\":\"\",\"description\":\"Periodismo serio y responsable\",\"potentialAction\":[{\"@type\":\"SearchAction\",\"target\":{\"@type\":\"EntryPoint\",\"urlTemplate\":\"https:\/\/periodicocentroccidente.com\/?s={search_term_string}\"},\"query-input\":{\"@type\":\"PropertyValueSpecification\",\"valueRequired\":true,\"valueName\":\"search_term_string\"}}],\"inLanguage\":\"es\"},{\"@type\":\"Person\",\"@id\":\"https:\/\/periodicocentroccidente.com\/#\/schema\/person\/f4e4a651098f3db198244657b7130e7e\",\"name\":\"Ricardo\",\"image\":{\"@type\":\"ImageObject\",\"inLanguage\":\"es\",\"@id\":\"https:\/\/periodicocentroccidente.com\/#\/schema\/person\/image\/\",\"url\":\"https:\/\/secure.gravatar.com\/avatar\/402e6137108ec0fdaa7809184382fb1dd2f8b00264c1d945d341f2b8f90db429?s=96&d=mm&r=g\",\"contentUrl\":\"https:\/\/secure.gravatar.com\/avatar\/402e6137108ec0fdaa7809184382fb1dd2f8b00264c1d945d341f2b8f90db429?s=96&d=mm&r=g\",\"caption\":\"Ricardo\"},\"url\":\"https:\/\/periodicocentroccidente.com\/?author=2\"}]}<\/script>\n<!-- \/ Yoast SEO plugin. -->","yoast_head_json":{"title":"Colonialidad en el siglo XXI -","robots":{"index":"index","follow":"follow","max-snippet":"max-snippet:-1","max-image-preview":"max-image-preview:large","max-video-preview":"max-video-preview:-1"},"canonical":"https:\/\/periodicocentroccidente.com\/?p=6598","og_locale":"es_ES","og_type":"article","og_title":"Colonialidad en el siglo XXI -","og_description":"&nbsp;Los eventos del 3 de enero de 2026 ocurridos en Venezuela representan no solo un antes y un despu&eacute;s geopol&iacute;tico, econ&oacute;mico y social en Latinoam&eacute;rica, sino la colisi&oacute;n frontal entre la autodeterminaci&oacute;n de los pueblos y la persistencia de la colonialidad. Preguntas como, &iquest;qu&eacute; es soberan&iacute;a e independencia?, &iquest;para qu&eacute; sirve la jurisprudencia internacional?, &iquest;qui&eacute;n &hellip;","og_url":"https:\/\/periodicocentroccidente.com\/?p=6598","article_published_time":"2026-03-25T17:27:43+00:00","og_image":[{"width":598,"height":267,"url":"https:\/\/periodicocentroccidente.com\/wp-content\/uploads\/2025\/07\/cruz-mario.jpg","type":"image\/jpeg"}],"author":"Ricardo","twitter_card":"summary_large_image","twitter_misc":{"Escrito por":"Ricardo","Tiempo de lectura":"3 minutos"},"schema":{"@context":"https:\/\/schema.org","@graph":[{"@type":"WebPage","@id":"https:\/\/periodicocentroccidente.com\/?p=6598","url":"https:\/\/periodicocentroccidente.com\/?p=6598","name":"Colonialidad en el siglo XXI -","isPartOf":{"@id":"https:\/\/periodicocentroccidente.com\/#website"},"primaryImageOfPage":{"@id":"https:\/\/periodicocentroccidente.com\/?p=6598#primaryimage"},"image":{"@id":"https:\/\/periodicocentroccidente.com\/?p=6598#primaryimage"},"thumbnailUrl":"https:\/\/periodicocentroccidente.com\/wp-content\/uploads\/2025\/07\/cruz-mario.jpg","datePublished":"2026-03-25T17:27:43+00:00","author":{"@id":"https:\/\/periodicocentroccidente.com\/#\/schema\/person\/f4e4a651098f3db198244657b7130e7e"},"breadcrumb":{"@id":"https:\/\/periodicocentroccidente.com\/?p=6598#breadcrumb"},"inLanguage":"es","potentialAction":[{"@type":"ReadAction","target":["https:\/\/periodicocentroccidente.com\/?p=6598"]}]},{"@type":"ImageObject","inLanguage":"es","@id":"https:\/\/periodicocentroccidente.com\/?p=6598#primaryimage","url":"https:\/\/periodicocentroccidente.com\/wp-content\/uploads\/2025\/07\/cruz-mario.jpg","contentUrl":"https:\/\/periodicocentroccidente.com\/wp-content\/uploads\/2025\/07\/cruz-mario.jpg","width":598,"height":267},{"@type":"BreadcrumbList","@id":"https:\/\/periodicocentroccidente.com\/?p=6598#breadcrumb","itemListElement":[{"@type":"ListItem","position":1,"name":"Portada","item":"https:\/\/periodicocentroccidente.com\/"},{"@type":"ListItem","position":2,"name":"Colonialidad en el siglo XXI"}]},{"@type":"WebSite","@id":"https:\/\/periodicocentroccidente.com\/#website","url":"https:\/\/periodicocentroccidente.com\/","name":"","description":"Periodismo serio y responsable","potentialAction":[{"@type":"SearchAction","target":{"@type":"EntryPoint","urlTemplate":"https:\/\/periodicocentroccidente.com\/?s={search_term_string}"},"query-input":{"@type":"PropertyValueSpecification","valueRequired":true,"valueName":"search_term_string"}}],"inLanguage":"es"},{"@type":"Person","@id":"https:\/\/periodicocentroccidente.com\/#\/schema\/person\/f4e4a651098f3db198244657b7130e7e","name":"Ricardo","image":{"@type":"ImageObject","inLanguage":"es","@id":"https:\/\/periodicocentroccidente.com\/#\/schema\/person\/image\/","url":"https:\/\/secure.gravatar.com\/avatar\/402e6137108ec0fdaa7809184382fb1dd2f8b00264c1d945d341f2b8f90db429?s=96&d=mm&r=g","contentUrl":"https:\/\/secure.gravatar.com\/avatar\/402e6137108ec0fdaa7809184382fb1dd2f8b00264c1d945d341f2b8f90db429?s=96&d=mm&r=g","caption":"Ricardo"},"url":"https:\/\/periodicocentroccidente.com\/?author=2"}]}},"jetpack_featured_media_url":"https:\/\/periodicocentroccidente.com\/wp-content\/uploads\/2025\/07\/cruz-mario.jpg","jetpack_sharing_enabled":true,"jetpack-related-posts":[],"_links":{"self":[{"href":"https:\/\/periodicocentroccidente.com\/index.php?rest_route=\/wp\/v2\/posts\/6598","targetHints":{"allow":["GET"]}}],"collection":[{"href":"https:\/\/periodicocentroccidente.com\/index.php?rest_route=\/wp\/v2\/posts"}],"about":[{"href":"https:\/\/periodicocentroccidente.com\/index.php?rest_route=\/wp\/v2\/types\/post"}],"author":[{"embeddable":true,"href":"https:\/\/periodicocentroccidente.com\/index.php?rest_route=\/wp\/v2\/users\/2"}],"replies":[{"embeddable":true,"href":"https:\/\/periodicocentroccidente.com\/index.php?rest_route=%2Fwp%2Fv2%2Fcomments&post=6598"}],"version-history":[{"count":1,"href":"https:\/\/periodicocentroccidente.com\/index.php?rest_route=\/wp\/v2\/posts\/6598\/revisions"}],"predecessor-version":[{"id":6599,"href":"https:\/\/periodicocentroccidente.com\/index.php?rest_route=\/wp\/v2\/posts\/6598\/revisions\/6599"}],"wp:featuredmedia":[{"embeddable":true,"href":"https:\/\/periodicocentroccidente.com\/index.php?rest_route=\/wp\/v2\/media\/2920"}],"wp:attachment":[{"href":"https:\/\/periodicocentroccidente.com\/index.php?rest_route=%2Fwp%2Fv2%2Fmedia&parent=6598"}],"wp:term":[{"taxonomy":"category","embeddable":true,"href":"https:\/\/periodicocentroccidente.com\/index.php?rest_route=%2Fwp%2Fv2%2Fcategories&post=6598"},{"taxonomy":"post_tag","embeddable":true,"href":"https:\/\/periodicocentroccidente.com\/index.php?rest_route=%2Fwp%2Fv2%2Ftags&post=6598"}],"curies":[{"name":"wp","href":"https:\/\/api.w.org\/{rel}","templated":true}]}}