{"id":6575,"date":"2026-03-25T14:46:26","date_gmt":"2026-03-25T14:46:26","guid":{"rendered":"https:\/\/periodicocentroccidente.com\/?p=6575"},"modified":"2026-03-25T14:46:26","modified_gmt":"2026-03-25T14:46:26","slug":"acarigua-sede-de-la-decima-tercera-edicion-del-festival-de-la-familia","status":"publish","type":"post","link":"https:\/\/periodicocentroccidente.com\/?p=6575","title":{"rendered":"Acarigua sede de la d\u00e9cima tercera edici\u00f3n del Festival de la Familia"},"content":{"rendered":"<div dir=\"auto\"><strong>Especial.-<\/strong><\/div>\n<div dir=\"auto\"><\/div>\n<div dir=\"auto\">De esta forma lo anunci\u00f3 -en rueda de prensa- el pastor David Ru\u00edz, quien dijo adem\u00e1s que est\u00e1 previsto movilizar al p\u00fablico asistente en m\u00e1s de 500 busetas, ubicadas en puntos estrat\u00e9gicos de Acarigua y Araure.<\/div>\n<div dir=\"auto\"><\/div>\n<div dir=\"auto\">\u00abLa actividad comenzar\u00e1 el viernes 27 a las 6:00 de la tarde con el Festival Kids, dirigida especialmente a los ni\u00f1os. Luego al d\u00eda siguiente -s\u00e1bado 28- tendremos el\u00a0 Concierto de J\u00f3venes, tambi\u00e9n a las 6:00 de la tarde, que ser\u00e1 amenizada por Kike Pav\u00f3n, Daniel Ruiz Cales Kouima y Jahaziel Band\u00bb, anunci\u00f3.<\/div>\n<div dir=\"auto\"><\/div>\n<div dir=\"auto\">Ruiz se hizo acompa\u00f1ar de los pastores \u00c9dgar Mendoza y Mois\u00e9s L\u00f3pez, as\u00ed como de la cantautora mexicana de m\u00fasica ranchera: Nadia.<\/div>\n<div dir=\"auto\"><\/div>\n<div dir=\"auto\">Nadia por su parte dijo que: \u00abLa m\u00fasica es un regalo de Dios y permite conectar con las personas y transmitirle ese amor a Dios. traigo m\u00fasica rancheras que har\u00e1 bailar y re\u00edr especialmente a los jovenes y todos los presentes\u00bb.<\/div>\n<div dir=\"auto\"><\/div>\n<div dir=\"auto\">En ese orden el pastor y director de Jahaziel\u00a0 Band,\u00a0 Mois\u00e9s Jer\u00e9z, manifest\u00f3 estar complacido de regresar a Acarigua, ya que el Festival de la Familia es una oportunidad para fomentar los valores humanos y el crecimiento de la vida espiritual basada en la palabra de Jesucristo.<\/div>\n<div dir=\"auto\"><\/div>\n<div dir=\"auto\">\u00abDios ha sido bondadoso con Acarigua, estamos aqu\u00ed para ver como los j\u00f3venes\u00a0 disfrutar\u00e1n y gozar\u00e1n con nuestra m\u00fasicas, asi como de transmitir esa alegr\u00eda de alabar a Dios\u00bb, acot\u00f3.<\/div>\n<div dir=\"auto\"><\/div>\n<div dir=\"auto\">Para esta d\u00e9cima tercera edici\u00f3n del Festival en Familia, agreg\u00f3, se recogieron en Acarigua m\u00e1s 400 firmas de pastores y lograr as\u00ed esta actividad que una gran fiesta de celebraci\u00f3n a la\u00a0 esperanza en Cristo Jes\u00fas.<\/div>\n<div dir=\"auto\"><\/div>\n<div dir=\"auto\">Record\u00f3 que este evento est\u00e1 organizado por el Consejo Evangel\u00edstico\u00a0 de Venezuela, con el respaldo de la Asociaci\u00f3n\u00a0 Evangel\u00edstica Billy Graham.<\/div>\n","protected":false},"excerpt":{"rendered":"<p>Especial.- De esta forma lo anunci&oacute; -en rueda de prensa- el pastor David Ru&iacute;z, quien dijo adem&aacute;s que est&aacute; previsto movilizar al p&uacute;blico asistente en m&aacute;s de 500 busetas, ubicadas en puntos estrat&eacute;gicos de Acarigua y Araure. &laquo;La actividad comenzar&aacute; el viernes 27 a las 6:00 de la tarde con el Festival Kids, dirigida especialmente &hellip;<\/p>\n","protected":false},"author":2,"featured_media":6576,"comment_status":"open","ping_status":"open","sticky":false,"template":"","format":"standard","meta":{"_jetpack_memberships_contains_paid_content":false,"footnotes":""},"categories":[128],"tags":[],"class_list":["post-6575","post","type-post","status-publish","format-standard","has-post-thumbnail","hentry","category-noticias-del-cono-norte"],"yoast_head":"<!-- This site is optimized with the Yoast SEO plugin v24.8.1 - https:\/\/yoast.com\/wordpress\/plugins\/seo\/ -->\n<title>Acarigua sede de la d\u00e9cima tercera edici\u00f3n del Festival de la Familia -<\/title>\n<meta name=\"robots\" content=\"index, follow, max-snippet:-1, max-image-preview:large, max-video-preview:-1\" \/>\n<link rel=\"canonical\" href=\"https:\/\/periodicocentroccidente.com\/?p=6575\" \/>\n<meta property=\"og:locale\" content=\"es_ES\" \/>\n<meta property=\"og:type\" content=\"article\" \/>\n<meta property=\"og:title\" content=\"Acarigua sede de la d\u00e9cima tercera edici\u00f3n del Festival de la Familia -\" \/>\n<meta property=\"og:description\" content=\"Especial.- De esta forma lo anunci&oacute; -en rueda de prensa- el pastor David Ru&iacute;z, quien dijo adem&aacute;s que est&aacute; previsto movilizar al p&uacute;blico asistente en m&aacute;s de 500 busetas, ubicadas en puntos estrat&eacute;gicos de Acarigua y Araure. &laquo;La actividad comenzar&aacute; el viernes 27 a las 6:00 de la tarde con el Festival Kids, dirigida especialmente &hellip;\" \/>\n<meta property=\"og:url\" content=\"https:\/\/periodicocentroccidente.com\/?p=6575\" \/>\n<meta property=\"article:published_time\" content=\"2026-03-25T14:46:26+00:00\" \/>\n<meta property=\"og:image\" content=\"https:\/\/periodicocentroccidente.com\/wp-content\/uploads\/2026\/03\/IMG_20260324_171622_068-scaled.jpg\" \/>\n\t<meta property=\"og:image:width\" content=\"2560\" \/>\n\t<meta property=\"og:image:height\" content=\"2560\" \/>\n\t<meta property=\"og:image:type\" content=\"image\/jpeg\" \/>\n<meta name=\"author\" content=\"Ricardo\" \/>\n<meta name=\"twitter:card\" content=\"summary_large_image\" \/>\n<meta name=\"twitter:label1\" content=\"Escrito por\" \/>\n\t<meta name=\"twitter:data1\" content=\"Ricardo\" \/>\n\t<meta name=\"twitter:label2\" content=\"Tiempo de lectura\" \/>\n\t<meta name=\"twitter:data2\" content=\"2 minutos\" \/>\n<script type=\"application\/ld+json\" class=\"yoast-schema-graph\">{\"@context\":\"https:\/\/schema.org\",\"@graph\":[{\"@type\":\"WebPage\",\"@id\":\"https:\/\/periodicocentroccidente.com\/?p=6575\",\"url\":\"https:\/\/periodicocentroccidente.com\/?p=6575\",\"name\":\"Acarigua sede de la d\u00e9cima tercera edici\u00f3n del Festival de la Familia -\",\"isPartOf\":{\"@id\":\"https:\/\/periodicocentroccidente.com\/#website\"},\"primaryImageOfPage\":{\"@id\":\"https:\/\/periodicocentroccidente.com\/?p=6575#primaryimage\"},\"image\":{\"@id\":\"https:\/\/periodicocentroccidente.com\/?p=6575#primaryimage\"},\"thumbnailUrl\":\"https:\/\/periodicocentroccidente.com\/wp-content\/uploads\/2026\/03\/IMG_20260324_171622_068-scaled.jpg\",\"datePublished\":\"2026-03-25T14:46:26+00:00\",\"author\":{\"@id\":\"https:\/\/periodicocentroccidente.com\/#\/schema\/person\/f4e4a651098f3db198244657b7130e7e\"},\"breadcrumb\":{\"@id\":\"https:\/\/periodicocentroccidente.com\/?p=6575#breadcrumb\"},\"inLanguage\":\"es\",\"potentialAction\":[{\"@type\":\"ReadAction\",\"target\":[\"https:\/\/periodicocentroccidente.com\/?p=6575\"]}]},{\"@type\":\"ImageObject\",\"inLanguage\":\"es\",\"@id\":\"https:\/\/periodicocentroccidente.com\/?p=6575#primaryimage\",\"url\":\"https:\/\/periodicocentroccidente.com\/wp-content\/uploads\/2026\/03\/IMG_20260324_171622_068-scaled.jpg\",\"contentUrl\":\"https:\/\/periodicocentroccidente.com\/wp-content\/uploads\/2026\/03\/IMG_20260324_171622_068-scaled.jpg\",\"width\":2560,\"height\":2560},{\"@type\":\"BreadcrumbList\",\"@id\":\"https:\/\/periodicocentroccidente.com\/?p=6575#breadcrumb\",\"itemListElement\":[{\"@type\":\"ListItem\",\"position\":1,\"name\":\"Portada\",\"item\":\"https:\/\/periodicocentroccidente.com\/\"},{\"@type\":\"ListItem\",\"position\":2,\"name\":\"Acarigua sede de la d\u00e9cima tercera edici\u00f3n del Festival de la Familia\"}]},{\"@type\":\"WebSite\",\"@id\":\"https:\/\/periodicocentroccidente.com\/#website\",\"url\":\"https:\/\/periodicocentroccidente.com\/\",\"name\":\"\",\"description\":\"Periodismo serio y responsable\",\"potentialAction\":[{\"@type\":\"SearchAction\",\"target\":{\"@type\":\"EntryPoint\",\"urlTemplate\":\"https:\/\/periodicocentroccidente.com\/?s={search_term_string}\"},\"query-input\":{\"@type\":\"PropertyValueSpecification\",\"valueRequired\":true,\"valueName\":\"search_term_string\"}}],\"inLanguage\":\"es\"},{\"@type\":\"Person\",\"@id\":\"https:\/\/periodicocentroccidente.com\/#\/schema\/person\/f4e4a651098f3db198244657b7130e7e\",\"name\":\"Ricardo\",\"image\":{\"@type\":\"ImageObject\",\"inLanguage\":\"es\",\"@id\":\"https:\/\/periodicocentroccidente.com\/#\/schema\/person\/image\/\",\"url\":\"https:\/\/secure.gravatar.com\/avatar\/402e6137108ec0fdaa7809184382fb1dd2f8b00264c1d945d341f2b8f90db429?s=96&d=mm&r=g\",\"contentUrl\":\"https:\/\/secure.gravatar.com\/avatar\/402e6137108ec0fdaa7809184382fb1dd2f8b00264c1d945d341f2b8f90db429?s=96&d=mm&r=g\",\"caption\":\"Ricardo\"},\"url\":\"https:\/\/periodicocentroccidente.com\/?author=2\"}]}<\/script>\n<!-- \/ Yoast SEO plugin. -->","yoast_head_json":{"title":"Acarigua sede de la d\u00e9cima tercera edici\u00f3n del Festival de la Familia -","robots":{"index":"index","follow":"follow","max-snippet":"max-snippet:-1","max-image-preview":"max-image-preview:large","max-video-preview":"max-video-preview:-1"},"canonical":"https:\/\/periodicocentroccidente.com\/?p=6575","og_locale":"es_ES","og_type":"article","og_title":"Acarigua sede de la d\u00e9cima tercera edici\u00f3n del Festival de la Familia -","og_description":"Especial.- De esta forma lo anunci&oacute; -en rueda de prensa- el pastor David Ru&iacute;z, quien dijo adem&aacute;s que est&aacute; previsto movilizar al p&uacute;blico asistente en m&aacute;s de 500 busetas, ubicadas en puntos estrat&eacute;gicos de Acarigua y Araure. &laquo;La actividad comenzar&aacute; el viernes 27 a las 6:00 de la tarde con el Festival Kids, dirigida especialmente &hellip;","og_url":"https:\/\/periodicocentroccidente.com\/?p=6575","article_published_time":"2026-03-25T14:46:26+00:00","og_image":[{"width":2560,"height":2560,"url":"https:\/\/periodicocentroccidente.com\/wp-content\/uploads\/2026\/03\/IMG_20260324_171622_068-scaled.jpg","type":"image\/jpeg"}],"author":"Ricardo","twitter_card":"summary_large_image","twitter_misc":{"Escrito por":"Ricardo","Tiempo de lectura":"2 minutos"},"schema":{"@context":"https:\/\/schema.org","@graph":[{"@type":"WebPage","@id":"https:\/\/periodicocentroccidente.com\/?p=6575","url":"https:\/\/periodicocentroccidente.com\/?p=6575","name":"Acarigua sede de la d\u00e9cima tercera edici\u00f3n del Festival de la Familia -","isPartOf":{"@id":"https:\/\/periodicocentroccidente.com\/#website"},"primaryImageOfPage":{"@id":"https:\/\/periodicocentroccidente.com\/?p=6575#primaryimage"},"image":{"@id":"https:\/\/periodicocentroccidente.com\/?p=6575#primaryimage"},"thumbnailUrl":"https:\/\/periodicocentroccidente.com\/wp-content\/uploads\/2026\/03\/IMG_20260324_171622_068-scaled.jpg","datePublished":"2026-03-25T14:46:26+00:00","author":{"@id":"https:\/\/periodicocentroccidente.com\/#\/schema\/person\/f4e4a651098f3db198244657b7130e7e"},"breadcrumb":{"@id":"https:\/\/periodicocentroccidente.com\/?p=6575#breadcrumb"},"inLanguage":"es","potentialAction":[{"@type":"ReadAction","target":["https:\/\/periodicocentroccidente.com\/?p=6575"]}]},{"@type":"ImageObject","inLanguage":"es","@id":"https:\/\/periodicocentroccidente.com\/?p=6575#primaryimage","url":"https:\/\/periodicocentroccidente.com\/wp-content\/uploads\/2026\/03\/IMG_20260324_171622_068-scaled.jpg","contentUrl":"https:\/\/periodicocentroccidente.com\/wp-content\/uploads\/2026\/03\/IMG_20260324_171622_068-scaled.jpg","width":2560,"height":2560},{"@type":"BreadcrumbList","@id":"https:\/\/periodicocentroccidente.com\/?p=6575#breadcrumb","itemListElement":[{"@type":"ListItem","position":1,"name":"Portada","item":"https:\/\/periodicocentroccidente.com\/"},{"@type":"ListItem","position":2,"name":"Acarigua sede de la d\u00e9cima tercera edici\u00f3n del Festival de la Familia"}]},{"@type":"WebSite","@id":"https:\/\/periodicocentroccidente.com\/#website","url":"https:\/\/periodicocentroccidente.com\/","name":"","description":"Periodismo serio y responsable","potentialAction":[{"@type":"SearchAction","target":{"@type":"EntryPoint","urlTemplate":"https:\/\/periodicocentroccidente.com\/?s={search_term_string}"},"query-input":{"@type":"PropertyValueSpecification","valueRequired":true,"valueName":"search_term_string"}}],"inLanguage":"es"},{"@type":"Person","@id":"https:\/\/periodicocentroccidente.com\/#\/schema\/person\/f4e4a651098f3db198244657b7130e7e","name":"Ricardo","image":{"@type":"ImageObject","inLanguage":"es","@id":"https:\/\/periodicocentroccidente.com\/#\/schema\/person\/image\/","url":"https:\/\/secure.gravatar.com\/avatar\/402e6137108ec0fdaa7809184382fb1dd2f8b00264c1d945d341f2b8f90db429?s=96&d=mm&r=g","contentUrl":"https:\/\/secure.gravatar.com\/avatar\/402e6137108ec0fdaa7809184382fb1dd2f8b00264c1d945d341f2b8f90db429?s=96&d=mm&r=g","caption":"Ricardo"},"url":"https:\/\/periodicocentroccidente.com\/?author=2"}]}},"jetpack_featured_media_url":"https:\/\/periodicocentroccidente.com\/wp-content\/uploads\/2026\/03\/IMG_20260324_171622_068-scaled.jpg","jetpack_sharing_enabled":true,"jetpack-related-posts":[],"_links":{"self":[{"href":"https:\/\/periodicocentroccidente.com\/index.php?rest_route=\/wp\/v2\/posts\/6575","targetHints":{"allow":["GET"]}}],"collection":[{"href":"https:\/\/periodicocentroccidente.com\/index.php?rest_route=\/wp\/v2\/posts"}],"about":[{"href":"https:\/\/periodicocentroccidente.com\/index.php?rest_route=\/wp\/v2\/types\/post"}],"author":[{"embeddable":true,"href":"https:\/\/periodicocentroccidente.com\/index.php?rest_route=\/wp\/v2\/users\/2"}],"replies":[{"embeddable":true,"href":"https:\/\/periodicocentroccidente.com\/index.php?rest_route=%2Fwp%2Fv2%2Fcomments&post=6575"}],"version-history":[{"count":1,"href":"https:\/\/periodicocentroccidente.com\/index.php?rest_route=\/wp\/v2\/posts\/6575\/revisions"}],"predecessor-version":[{"id":6577,"href":"https:\/\/periodicocentroccidente.com\/index.php?rest_route=\/wp\/v2\/posts\/6575\/revisions\/6577"}],"wp:featuredmedia":[{"embeddable":true,"href":"https:\/\/periodicocentroccidente.com\/index.php?rest_route=\/wp\/v2\/media\/6576"}],"wp:attachment":[{"href":"https:\/\/periodicocentroccidente.com\/index.php?rest_route=%2Fwp%2Fv2%2Fmedia&parent=6575"}],"wp:term":[{"taxonomy":"category","embeddable":true,"href":"https:\/\/periodicocentroccidente.com\/index.php?rest_route=%2Fwp%2Fv2%2Fcategories&post=6575"},{"taxonomy":"post_tag","embeddable":true,"href":"https:\/\/periodicocentroccidente.com\/index.php?rest_route=%2Fwp%2Fv2%2Ftags&post=6575"}],"curies":[{"name":"wp","href":"https:\/\/api.w.org\/{rel}","templated":true}]}}