{"id":6507,"date":"2026-03-23T13:03:15","date_gmt":"2026-03-23T13:03:15","guid":{"rendered":"https:\/\/periodicocentroccidente.com\/?p=6507"},"modified":"2026-03-23T13:03:15","modified_gmt":"2026-03-23T13:03:15","slug":"cantv-expande-inversion-en-portuguesa","status":"publish","type":"post","link":"https:\/\/periodicocentroccidente.com\/?p=6507","title":{"rendered":"Cantv expande inversi\u00f3n en Portuguesa"},"content":{"rendered":"<p><strong>Especial.-<\/strong><\/p>\n<div dir=\"auto\">\u00a0Los planes de expansi\u00f3n y crecimiento de la Compa\u00f1\u00eda An\u00f3nima Nacional Tel\u00e9fonos de Venezuela, Cantv, prosiguen en el estado Portuguesa, seg\u00fan lo inform\u00f3 su presidente, el general de brigada Iv\u00e1n Hern\u00e1ndez.<\/div>\n<div dir=\"auto\">Durante una certificaci\u00f3n de las mesas t\u00e9cnicas de comunicaciones llevada a cabo recientemente en la escuela Raimundo Andueza, el oficial dijo que el servicio que presta la estatal es de calidad, de \u00faltima generaci\u00f3n y a bajos costos.<\/div>\n<div dir=\"auto\"><\/div>\n<div dir=\"auto\">\u00abSe est\u00e1 colocando la fibra \u00f3ptica para llevar hasta los hogares de los portuguese\u00f1os, Internet, televisi\u00f3n y telefon\u00eda, todo con la garant\u00eda de la Cantv y con tarifas solidarias con el humilde trabajador\u00bb.<\/div>\n<div dir=\"auto\">Aunque es un trabajo arduo y una inversi\u00f3n millonaria, la presidente encargada, concluy\u00f3 Hern\u00e1ndez, Delcy Rodr\u00edguez orden\u00f3 la modernizaci\u00f3n y actualizaci\u00f3n de los servicios y tarifa de la Cantv.<\/div>\n<div dir=\"auto\"><\/div>\n<div dir=\"auto\"><strong>Cruz Mario Silva\/Jos\u00e9 Domingo Falc\u00f3n<\/strong><\/div>\n<div dir=\"auto\"><\/div>\n<div dir=\"auto\"><img loading=\"lazy\" decoding=\"async\" class=\"alignnone size-medium wp-image-6504\" src=\"https:\/\/periodicocentroccidente.com\/wp-content\/uploads\/2026\/03\/IMG-20260322-WA0079-300x225.jpg\" alt=\"\" width=\"300\" height=\"225\" srcset=\"https:\/\/periodicocentroccidente.com\/wp-content\/uploads\/2026\/03\/IMG-20260322-WA0079-300x225.jpg 300w, https:\/\/periodicocentroccidente.com\/wp-content\/uploads\/2026\/03\/IMG-20260322-WA0079-1024x767.jpg 1024w, https:\/\/periodicocentroccidente.com\/wp-content\/uploads\/2026\/03\/IMG-20260322-WA0079-768x575.jpg 768w, https:\/\/periodicocentroccidente.com\/wp-content\/uploads\/2026\/03\/IMG-20260322-WA0079.jpg 1080w\" sizes=\"auto, (max-width: 300px) 100vw, 300px\" \/><\/div>\n","protected":false},"excerpt":{"rendered":"<p>Especial.- &nbsp;Los planes de expansi&oacute;n y crecimiento de la Compa&ntilde;&iacute;a An&oacute;nima Nacional Tel&eacute;fonos de Venezuela, Cantv, prosiguen en el estado Portuguesa, seg&uacute;n lo inform&oacute; su presidente, el general de brigada Iv&aacute;n Hern&aacute;ndez. Durante una certificaci&oacute;n de las mesas t&eacute;cnicas de comunicaciones llevada a cabo recientemente en la escuela Raimundo Andueza, el oficial dijo que el &hellip;<\/p>\n","protected":false},"author":2,"featured_media":6503,"comment_status":"open","ping_status":"open","sticky":false,"template":"","format":"standard","meta":{"_jetpack_memberships_contains_paid_content":false,"footnotes":""},"categories":[128],"tags":[],"class_list":["post-6507","post","type-post","status-publish","format-standard","has-post-thumbnail","hentry","category-noticias-del-cono-norte"],"yoast_head":"<!-- This site is optimized with the Yoast SEO plugin v24.8.1 - https:\/\/yoast.com\/wordpress\/plugins\/seo\/ -->\n<title>Cantv expande inversi\u00f3n en Portuguesa -<\/title>\n<meta name=\"robots\" content=\"index, follow, max-snippet:-1, max-image-preview:large, max-video-preview:-1\" \/>\n<link rel=\"canonical\" href=\"https:\/\/periodicocentroccidente.com\/?p=6507\" \/>\n<meta property=\"og:locale\" content=\"es_ES\" \/>\n<meta property=\"og:type\" content=\"article\" \/>\n<meta property=\"og:title\" content=\"Cantv expande inversi\u00f3n en Portuguesa -\" \/>\n<meta property=\"og:description\" content=\"Especial.- &nbsp;Los planes de expansi&oacute;n y crecimiento de la Compa&ntilde;&iacute;a An&oacute;nima Nacional Tel&eacute;fonos de Venezuela, Cantv, prosiguen en el estado Portuguesa, seg&uacute;n lo inform&oacute; su presidente, el general de brigada Iv&aacute;n Hern&aacute;ndez. Durante una certificaci&oacute;n de las mesas t&eacute;cnicas de comunicaciones llevada a cabo recientemente en la escuela Raimundo Andueza, el oficial dijo que el &hellip;\" \/>\n<meta property=\"og:url\" content=\"https:\/\/periodicocentroccidente.com\/?p=6507\" \/>\n<meta property=\"article:published_time\" content=\"2026-03-23T13:03:15+00:00\" \/>\n<meta property=\"og:image\" content=\"https:\/\/periodicocentroccidente.com\/wp-content\/uploads\/2026\/03\/IMG-20260322-WA0076.jpg\" \/>\n\t<meta property=\"og:image:width\" content=\"1080\" \/>\n\t<meta property=\"og:image:height\" content=\"809\" \/>\n\t<meta property=\"og:image:type\" content=\"image\/jpeg\" \/>\n<meta name=\"author\" content=\"Ricardo\" \/>\n<meta name=\"twitter:card\" content=\"summary_large_image\" \/>\n<meta name=\"twitter:label1\" content=\"Escrito por\" \/>\n\t<meta name=\"twitter:data1\" content=\"Ricardo\" \/>\n\t<meta name=\"twitter:label2\" content=\"Tiempo de lectura\" \/>\n\t<meta name=\"twitter:data2\" content=\"2 minutos\" \/>\n<script type=\"application\/ld+json\" class=\"yoast-schema-graph\">{\"@context\":\"https:\/\/schema.org\",\"@graph\":[{\"@type\":\"WebPage\",\"@id\":\"https:\/\/periodicocentroccidente.com\/?p=6507\",\"url\":\"https:\/\/periodicocentroccidente.com\/?p=6507\",\"name\":\"Cantv expande inversi\u00f3n en Portuguesa -\",\"isPartOf\":{\"@id\":\"https:\/\/periodicocentroccidente.com\/#website\"},\"primaryImageOfPage\":{\"@id\":\"https:\/\/periodicocentroccidente.com\/?p=6507#primaryimage\"},\"image\":{\"@id\":\"https:\/\/periodicocentroccidente.com\/?p=6507#primaryimage\"},\"thumbnailUrl\":\"https:\/\/periodicocentroccidente.com\/wp-content\/uploads\/2026\/03\/IMG-20260322-WA0076.jpg\",\"datePublished\":\"2026-03-23T13:03:15+00:00\",\"author\":{\"@id\":\"https:\/\/periodicocentroccidente.com\/#\/schema\/person\/f4e4a651098f3db198244657b7130e7e\"},\"breadcrumb\":{\"@id\":\"https:\/\/periodicocentroccidente.com\/?p=6507#breadcrumb\"},\"inLanguage\":\"es\",\"potentialAction\":[{\"@type\":\"ReadAction\",\"target\":[\"https:\/\/periodicocentroccidente.com\/?p=6507\"]}]},{\"@type\":\"ImageObject\",\"inLanguage\":\"es\",\"@id\":\"https:\/\/periodicocentroccidente.com\/?p=6507#primaryimage\",\"url\":\"https:\/\/periodicocentroccidente.com\/wp-content\/uploads\/2026\/03\/IMG-20260322-WA0076.jpg\",\"contentUrl\":\"https:\/\/periodicocentroccidente.com\/wp-content\/uploads\/2026\/03\/IMG-20260322-WA0076.jpg\",\"width\":1080,\"height\":809},{\"@type\":\"BreadcrumbList\",\"@id\":\"https:\/\/periodicocentroccidente.com\/?p=6507#breadcrumb\",\"itemListElement\":[{\"@type\":\"ListItem\",\"position\":1,\"name\":\"Portada\",\"item\":\"https:\/\/periodicocentroccidente.com\/\"},{\"@type\":\"ListItem\",\"position\":2,\"name\":\"Cantv expande inversi\u00f3n en Portuguesa\"}]},{\"@type\":\"WebSite\",\"@id\":\"https:\/\/periodicocentroccidente.com\/#website\",\"url\":\"https:\/\/periodicocentroccidente.com\/\",\"name\":\"\",\"description\":\"Periodismo serio y responsable\",\"potentialAction\":[{\"@type\":\"SearchAction\",\"target\":{\"@type\":\"EntryPoint\",\"urlTemplate\":\"https:\/\/periodicocentroccidente.com\/?s={search_term_string}\"},\"query-input\":{\"@type\":\"PropertyValueSpecification\",\"valueRequired\":true,\"valueName\":\"search_term_string\"}}],\"inLanguage\":\"es\"},{\"@type\":\"Person\",\"@id\":\"https:\/\/periodicocentroccidente.com\/#\/schema\/person\/f4e4a651098f3db198244657b7130e7e\",\"name\":\"Ricardo\",\"image\":{\"@type\":\"ImageObject\",\"inLanguage\":\"es\",\"@id\":\"https:\/\/periodicocentroccidente.com\/#\/schema\/person\/image\/\",\"url\":\"https:\/\/secure.gravatar.com\/avatar\/402e6137108ec0fdaa7809184382fb1dd2f8b00264c1d945d341f2b8f90db429?s=96&d=mm&r=g\",\"contentUrl\":\"https:\/\/secure.gravatar.com\/avatar\/402e6137108ec0fdaa7809184382fb1dd2f8b00264c1d945d341f2b8f90db429?s=96&d=mm&r=g\",\"caption\":\"Ricardo\"},\"url\":\"https:\/\/periodicocentroccidente.com\/?author=2\"}]}<\/script>\n<!-- \/ Yoast SEO plugin. -->","yoast_head_json":{"title":"Cantv expande inversi\u00f3n en Portuguesa -","robots":{"index":"index","follow":"follow","max-snippet":"max-snippet:-1","max-image-preview":"max-image-preview:large","max-video-preview":"max-video-preview:-1"},"canonical":"https:\/\/periodicocentroccidente.com\/?p=6507","og_locale":"es_ES","og_type":"article","og_title":"Cantv expande inversi\u00f3n en Portuguesa -","og_description":"Especial.- &nbsp;Los planes de expansi&oacute;n y crecimiento de la Compa&ntilde;&iacute;a An&oacute;nima Nacional Tel&eacute;fonos de Venezuela, Cantv, prosiguen en el estado Portuguesa, seg&uacute;n lo inform&oacute; su presidente, el general de brigada Iv&aacute;n Hern&aacute;ndez. Durante una certificaci&oacute;n de las mesas t&eacute;cnicas de comunicaciones llevada a cabo recientemente en la escuela Raimundo Andueza, el oficial dijo que el &hellip;","og_url":"https:\/\/periodicocentroccidente.com\/?p=6507","article_published_time":"2026-03-23T13:03:15+00:00","og_image":[{"width":1080,"height":809,"url":"https:\/\/periodicocentroccidente.com\/wp-content\/uploads\/2026\/03\/IMG-20260322-WA0076.jpg","type":"image\/jpeg"}],"author":"Ricardo","twitter_card":"summary_large_image","twitter_misc":{"Escrito por":"Ricardo","Tiempo de lectura":"2 minutos"},"schema":{"@context":"https:\/\/schema.org","@graph":[{"@type":"WebPage","@id":"https:\/\/periodicocentroccidente.com\/?p=6507","url":"https:\/\/periodicocentroccidente.com\/?p=6507","name":"Cantv expande inversi\u00f3n en Portuguesa -","isPartOf":{"@id":"https:\/\/periodicocentroccidente.com\/#website"},"primaryImageOfPage":{"@id":"https:\/\/periodicocentroccidente.com\/?p=6507#primaryimage"},"image":{"@id":"https:\/\/periodicocentroccidente.com\/?p=6507#primaryimage"},"thumbnailUrl":"https:\/\/periodicocentroccidente.com\/wp-content\/uploads\/2026\/03\/IMG-20260322-WA0076.jpg","datePublished":"2026-03-23T13:03:15+00:00","author":{"@id":"https:\/\/periodicocentroccidente.com\/#\/schema\/person\/f4e4a651098f3db198244657b7130e7e"},"breadcrumb":{"@id":"https:\/\/periodicocentroccidente.com\/?p=6507#breadcrumb"},"inLanguage":"es","potentialAction":[{"@type":"ReadAction","target":["https:\/\/periodicocentroccidente.com\/?p=6507"]}]},{"@type":"ImageObject","inLanguage":"es","@id":"https:\/\/periodicocentroccidente.com\/?p=6507#primaryimage","url":"https:\/\/periodicocentroccidente.com\/wp-content\/uploads\/2026\/03\/IMG-20260322-WA0076.jpg","contentUrl":"https:\/\/periodicocentroccidente.com\/wp-content\/uploads\/2026\/03\/IMG-20260322-WA0076.jpg","width":1080,"height":809},{"@type":"BreadcrumbList","@id":"https:\/\/periodicocentroccidente.com\/?p=6507#breadcrumb","itemListElement":[{"@type":"ListItem","position":1,"name":"Portada","item":"https:\/\/periodicocentroccidente.com\/"},{"@type":"ListItem","position":2,"name":"Cantv expande inversi\u00f3n en Portuguesa"}]},{"@type":"WebSite","@id":"https:\/\/periodicocentroccidente.com\/#website","url":"https:\/\/periodicocentroccidente.com\/","name":"","description":"Periodismo serio y responsable","potentialAction":[{"@type":"SearchAction","target":{"@type":"EntryPoint","urlTemplate":"https:\/\/periodicocentroccidente.com\/?s={search_term_string}"},"query-input":{"@type":"PropertyValueSpecification","valueRequired":true,"valueName":"search_term_string"}}],"inLanguage":"es"},{"@type":"Person","@id":"https:\/\/periodicocentroccidente.com\/#\/schema\/person\/f4e4a651098f3db198244657b7130e7e","name":"Ricardo","image":{"@type":"ImageObject","inLanguage":"es","@id":"https:\/\/periodicocentroccidente.com\/#\/schema\/person\/image\/","url":"https:\/\/secure.gravatar.com\/avatar\/402e6137108ec0fdaa7809184382fb1dd2f8b00264c1d945d341f2b8f90db429?s=96&d=mm&r=g","contentUrl":"https:\/\/secure.gravatar.com\/avatar\/402e6137108ec0fdaa7809184382fb1dd2f8b00264c1d945d341f2b8f90db429?s=96&d=mm&r=g","caption":"Ricardo"},"url":"https:\/\/periodicocentroccidente.com\/?author=2"}]}},"jetpack_featured_media_url":"https:\/\/periodicocentroccidente.com\/wp-content\/uploads\/2026\/03\/IMG-20260322-WA0076.jpg","jetpack_sharing_enabled":true,"jetpack-related-posts":[],"_links":{"self":[{"href":"https:\/\/periodicocentroccidente.com\/index.php?rest_route=\/wp\/v2\/posts\/6507","targetHints":{"allow":["GET"]}}],"collection":[{"href":"https:\/\/periodicocentroccidente.com\/index.php?rest_route=\/wp\/v2\/posts"}],"about":[{"href":"https:\/\/periodicocentroccidente.com\/index.php?rest_route=\/wp\/v2\/types\/post"}],"author":[{"embeddable":true,"href":"https:\/\/periodicocentroccidente.com\/index.php?rest_route=\/wp\/v2\/users\/2"}],"replies":[{"embeddable":true,"href":"https:\/\/periodicocentroccidente.com\/index.php?rest_route=%2Fwp%2Fv2%2Fcomments&post=6507"}],"version-history":[{"count":1,"href":"https:\/\/periodicocentroccidente.com\/index.php?rest_route=\/wp\/v2\/posts\/6507\/revisions"}],"predecessor-version":[{"id":6508,"href":"https:\/\/periodicocentroccidente.com\/index.php?rest_route=\/wp\/v2\/posts\/6507\/revisions\/6508"}],"wp:featuredmedia":[{"embeddable":true,"href":"https:\/\/periodicocentroccidente.com\/index.php?rest_route=\/wp\/v2\/media\/6503"}],"wp:attachment":[{"href":"https:\/\/periodicocentroccidente.com\/index.php?rest_route=%2Fwp%2Fv2%2Fmedia&parent=6507"}],"wp:term":[{"taxonomy":"category","embeddable":true,"href":"https:\/\/periodicocentroccidente.com\/index.php?rest_route=%2Fwp%2Fv2%2Fcategories&post=6507"},{"taxonomy":"post_tag","embeddable":true,"href":"https:\/\/periodicocentroccidente.com\/index.php?rest_route=%2Fwp%2Fv2%2Ftags&post=6507"}],"curies":[{"name":"wp","href":"https:\/\/api.w.org\/{rel}","templated":true}]}}