{"id":6476,"date":"2026-03-20T21:47:45","date_gmt":"2026-03-20T21:47:45","guid":{"rendered":"https:\/\/periodicocentroccidente.com\/?p=6476"},"modified":"2026-03-20T21:47:45","modified_gmt":"2026-03-20T21:47:45","slug":"cpbep-despliega-jornada-de-bienestar-social-en-el-municipio-unda","status":"publish","type":"post","link":"https:\/\/periodicocentroccidente.com\/?p=6476","title":{"rendered":"CPBEP despliega Jornada de Bienestar Social en el municipio Unda"},"content":{"rendered":"<p><strong>Especial.-<\/strong><\/p>\n<div dir=\"auto\">Este viernes se llev\u00f3 a cabo una Jornada de Bienestar Social integral en la Escuela Bolivariana Esther Montilla, ubicada en el sector La Recta III del municipio Unda, bajo la supervisi\u00f3n directa del G\/B Luis Alberto Morales Guerrero, director del Cuerpo de Polic\u00eda Bolivariana del Estado Portuguesa (CPBEP), y enmarcado en la Gran Misi\u00f3n Cuadrantes de Paz, siguiendo las pol\u00edticas de protecci\u00f3n social del Ejecutivo Nacional y las instrucciones del Gobernador Antonio Primitivo Cede\u00f1o.<\/div>\n<div dir=\"auto\"><\/div>\n<div dir=\"auto\">Durante el operativo se brind\u00f3 atenci\u00f3n m\u00e9dica y recreativa tanto a la comunidad estudiantil como al personal policial, los asistentes contaron con una amplia gama de servicios especializados, entre los que destacaron: servicio de oftalmolog\u00eda, medicina general, pediatr\u00eda e Inmunizaci\u00f3n, asistencia por parte del Instituto de Nutrici\u00f3n de Unda y, adem\u00e1s del \u00e1rea asistencial, los peque\u00f1os tambi\u00e9n disfrutaron de una ma\u00f1ana de esparcimiento con payasos, pintacaritas e inflables, garantizando as\u00ed un abordaje humano y cercano a la comunidad.<\/div>\n<div dir=\"auto\"><\/div>\n<div dir=\"auto\">De manera exitosa se atendi\u00f3 a la totalidad de los ni\u00f1os y ni\u00f1as de la instituci\u00f3n, as\u00ed como a 150 funcionarios del CPBEP y sus familiares, como resultado de la jornada que cont\u00f3 con la presencia de altos mandos de la instituci\u00f3n, incluyendo a la C\/J Yusmely Torres, coordinadora de la Estaci\u00f3n Policial Unda, y la Comisaria Yeidy Mor\u00f3n, Coordinadora de Protecci\u00f3n Social para el Funcionario del CPBEP y el apoyo de FASMIJ PORTUGUESA.<\/div>\n<div dir=\"auto\"><\/div>\n<div dir=\"auto\">Asimismo, se sumaron esfuerzos del equipo de salud del Hospital Tipo 1 de Chabasqu\u00e9n, el CDI local, la Fundaci\u00f3n del Ni\u00f1o y Protecci\u00f3n Social del municipio.<\/div>\n<div dir=\"auto\"><\/div>\n<div dir=\"auto\"><\/div>\n<div dir=\"auto\"><strong>Fuente: CPBEP\u00a0<\/strong><\/div>\n<div dir=\"auto\"><strong>R: M. Far\u00eda CNP19087<\/strong><\/div>\n<div dir=\"auto\"><\/div>\n<div dir=\"auto\"><img loading=\"lazy\" decoding=\"async\" class=\"alignnone size-medium wp-image-6483\" src=\"https:\/\/periodicocentroccidente.com\/wp-content\/uploads\/2026\/03\/1008311125-169x300.jpg\" alt=\"\" width=\"169\" height=\"300\" srcset=\"https:\/\/periodicocentroccidente.com\/wp-content\/uploads\/2026\/03\/1008311125-169x300.jpg 169w, https:\/\/periodicocentroccidente.com\/wp-content\/uploads\/2026\/03\/1008311125-576x1024.jpg 576w, https:\/\/periodicocentroccidente.com\/wp-content\/uploads\/2026\/03\/1008311125.jpg 720w\" sizes=\"auto, (max-width: 169px) 100vw, 169px\" \/>\u00a0 \u00a0 \u00a0 <img loading=\"lazy\" decoding=\"async\" class=\"alignnone size-medium wp-image-6481\" src=\"https:\/\/periodicocentroccidente.com\/wp-content\/uploads\/2026\/03\/1008311121-169x300.jpg\" alt=\"\" width=\"169\" height=\"300\" srcset=\"https:\/\/periodicocentroccidente.com\/wp-content\/uploads\/2026\/03\/1008311121-169x300.jpg 169w, https:\/\/periodicocentroccidente.com\/wp-content\/uploads\/2026\/03\/1008311121-576x1024.jpg 576w, https:\/\/periodicocentroccidente.com\/wp-content\/uploads\/2026\/03\/1008311121.jpg 720w\" sizes=\"auto, (max-width: 169px) 100vw, 169px\" \/>\u00a0 \u00a0 <img loading=\"lazy\" decoding=\"async\" class=\"alignnone size-medium wp-image-6482\" src=\"https:\/\/periodicocentroccidente.com\/wp-content\/uploads\/2026\/03\/1008311124-169x300.jpg\" alt=\"\" width=\"169\" height=\"300\" srcset=\"https:\/\/periodicocentroccidente.com\/wp-content\/uploads\/2026\/03\/1008311124-169x300.jpg 169w, https:\/\/periodicocentroccidente.com\/wp-content\/uploads\/2026\/03\/1008311124-576x1024.jpg 576w, https:\/\/periodicocentroccidente.com\/wp-content\/uploads\/2026\/03\/1008311124.jpg 720w\" sizes=\"auto, (max-width: 169px) 100vw, 169px\" \/><\/div>\n<div dir=\"auto\"><\/div>\n<div dir=\"auto\"><img loading=\"lazy\" decoding=\"async\" class=\"alignnone size-medium wp-image-6479\" src=\"https:\/\/periodicocentroccidente.com\/wp-content\/uploads\/2026\/03\/1008311116-169x300.jpg\" alt=\"\" width=\"169\" height=\"300\" srcset=\"https:\/\/periodicocentroccidente.com\/wp-content\/uploads\/2026\/03\/1008311116-169x300.jpg 169w, https:\/\/periodicocentroccidente.com\/wp-content\/uploads\/2026\/03\/1008311116-576x1024.jpg 576w, https:\/\/periodicocentroccidente.com\/wp-content\/uploads\/2026\/03\/1008311116.jpg 720w\" sizes=\"auto, (max-width: 169px) 100vw, 169px\" \/>\u00a0 \u00a0 \u00a0 <img loading=\"lazy\" decoding=\"async\" class=\"alignnone size-medium wp-image-6478\" src=\"https:\/\/periodicocentroccidente.com\/wp-content\/uploads\/2026\/03\/1008311115-169x300.jpg\" alt=\"\" width=\"169\" height=\"300\" srcset=\"https:\/\/periodicocentroccidente.com\/wp-content\/uploads\/2026\/03\/1008311115-169x300.jpg 169w, https:\/\/periodicocentroccidente.com\/wp-content\/uploads\/2026\/03\/1008311115-576x1024.jpg 576w, https:\/\/periodicocentroccidente.com\/wp-content\/uploads\/2026\/03\/1008311115.jpg 720w\" sizes=\"auto, (max-width: 169px) 100vw, 169px\" \/>\u00a0 \u00a0 <img loading=\"lazy\" decoding=\"async\" class=\"alignnone size-medium wp-image-6480\" src=\"https:\/\/periodicocentroccidente.com\/wp-content\/uploads\/2026\/03\/1008311117-169x300.jpg\" alt=\"\" width=\"169\" height=\"300\" srcset=\"https:\/\/periodicocentroccidente.com\/wp-content\/uploads\/2026\/03\/1008311117-169x300.jpg 169w, https:\/\/periodicocentroccidente.com\/wp-content\/uploads\/2026\/03\/1008311117-576x1024.jpg 576w, https:\/\/periodicocentroccidente.com\/wp-content\/uploads\/2026\/03\/1008311117.jpg 720w\" sizes=\"auto, (max-width: 169px) 100vw, 169px\" \/><\/div>\n<div dir=\"auto\"><\/div>\n<div dir=\"auto\"><img loading=\"lazy\" decoding=\"async\" class=\"alignnone size-medium wp-image-6485\" src=\"https:\/\/periodicocentroccidente.com\/wp-content\/uploads\/2026\/03\/1008311127-300x169.jpg\" alt=\"\" width=\"300\" height=\"169\" srcset=\"https:\/\/periodicocentroccidente.com\/wp-content\/uploads\/2026\/03\/1008311127-300x169.jpg 300w, https:\/\/periodicocentroccidente.com\/wp-content\/uploads\/2026\/03\/1008311127-1024x576.jpg 1024w, https:\/\/periodicocentroccidente.com\/wp-content\/uploads\/2026\/03\/1008311127-768x432.jpg 768w, https:\/\/periodicocentroccidente.com\/wp-content\/uploads\/2026\/03\/1008311127-390x220.jpg 390w, https:\/\/periodicocentroccidente.com\/wp-content\/uploads\/2026\/03\/1008311127.jpg 1280w\" sizes=\"auto, (max-width: 300px) 100vw, 300px\" \/><\/div>\n","protected":false},"excerpt":{"rendered":"<p>Especial.- Este viernes se llev&oacute; a cabo una Jornada de Bienestar Social integral en la Escuela Bolivariana Esther Montilla, ubicada en el sector La Recta III del municipio Unda, bajo la supervisi&oacute;n directa del G\/B Luis Alberto Morales Guerrero, director del Cuerpo de Polic&iacute;a Bolivariana del Estado Portuguesa (CPBEP), y enmarcado en la Gran Misi&oacute;n &hellip;<\/p>\n","protected":false},"author":2,"featured_media":6484,"comment_status":"open","ping_status":"open","sticky":false,"template":"","format":"standard","meta":{"_jetpack_memberships_contains_paid_content":false,"footnotes":""},"categories":[127],"tags":[],"class_list":["post-6476","post","type-post","status-publish","format-standard","has-post-thumbnail","hentry","category-noticias-recientes"],"yoast_head":"<!-- This site is optimized with the Yoast SEO plugin v24.8.1 - https:\/\/yoast.com\/wordpress\/plugins\/seo\/ -->\n<title>CPBEP despliega Jornada de Bienestar Social en el municipio Unda -<\/title>\n<meta name=\"robots\" content=\"index, follow, max-snippet:-1, max-image-preview:large, max-video-preview:-1\" \/>\n<link rel=\"canonical\" href=\"https:\/\/periodicocentroccidente.com\/?p=6476\" \/>\n<meta property=\"og:locale\" content=\"es_ES\" \/>\n<meta property=\"og:type\" content=\"article\" \/>\n<meta property=\"og:title\" content=\"CPBEP despliega Jornada de Bienestar Social en el municipio Unda -\" \/>\n<meta property=\"og:description\" content=\"Especial.- Este viernes se llev&oacute; a cabo una Jornada de Bienestar Social integral en la Escuela Bolivariana Esther Montilla, ubicada en el sector La Recta III del municipio Unda, bajo la supervisi&oacute;n directa del G\/B Luis Alberto Morales Guerrero, director del Cuerpo de Polic&iacute;a Bolivariana del Estado Portuguesa (CPBEP), y enmarcado en la Gran Misi&oacute;n &hellip;\" \/>\n<meta property=\"og:url\" content=\"https:\/\/periodicocentroccidente.com\/?p=6476\" \/>\n<meta property=\"article:published_time\" content=\"2026-03-20T21:47:45+00:00\" \/>\n<meta property=\"og:image\" content=\"https:\/\/periodicocentroccidente.com\/wp-content\/uploads\/2026\/03\/1008311126.jpg\" \/>\n\t<meta property=\"og:image:width\" content=\"1280\" \/>\n\t<meta property=\"og:image:height\" content=\"720\" \/>\n\t<meta property=\"og:image:type\" content=\"image\/jpeg\" \/>\n<meta name=\"author\" content=\"Ricardo\" \/>\n<meta name=\"twitter:card\" content=\"summary_large_image\" \/>\n<meta name=\"twitter:label1\" content=\"Escrito por\" \/>\n\t<meta name=\"twitter:data1\" content=\"Ricardo\" \/>\n\t<meta name=\"twitter:label2\" content=\"Tiempo de lectura\" \/>\n\t<meta name=\"twitter:data2\" content=\"3 minutos\" \/>\n<script type=\"application\/ld+json\" class=\"yoast-schema-graph\">{\"@context\":\"https:\/\/schema.org\",\"@graph\":[{\"@type\":\"WebPage\",\"@id\":\"https:\/\/periodicocentroccidente.com\/?p=6476\",\"url\":\"https:\/\/periodicocentroccidente.com\/?p=6476\",\"name\":\"CPBEP despliega Jornada de Bienestar Social en el municipio Unda -\",\"isPartOf\":{\"@id\":\"https:\/\/periodicocentroccidente.com\/#website\"},\"primaryImageOfPage\":{\"@id\":\"https:\/\/periodicocentroccidente.com\/?p=6476#primaryimage\"},\"image\":{\"@id\":\"https:\/\/periodicocentroccidente.com\/?p=6476#primaryimage\"},\"thumbnailUrl\":\"https:\/\/periodicocentroccidente.com\/wp-content\/uploads\/2026\/03\/1008311126.jpg\",\"datePublished\":\"2026-03-20T21:47:45+00:00\",\"author\":{\"@id\":\"https:\/\/periodicocentroccidente.com\/#\/schema\/person\/f4e4a651098f3db198244657b7130e7e\"},\"breadcrumb\":{\"@id\":\"https:\/\/periodicocentroccidente.com\/?p=6476#breadcrumb\"},\"inLanguage\":\"es\",\"potentialAction\":[{\"@type\":\"ReadAction\",\"target\":[\"https:\/\/periodicocentroccidente.com\/?p=6476\"]}]},{\"@type\":\"ImageObject\",\"inLanguage\":\"es\",\"@id\":\"https:\/\/periodicocentroccidente.com\/?p=6476#primaryimage\",\"url\":\"https:\/\/periodicocentroccidente.com\/wp-content\/uploads\/2026\/03\/1008311126.jpg\",\"contentUrl\":\"https:\/\/periodicocentroccidente.com\/wp-content\/uploads\/2026\/03\/1008311126.jpg\",\"width\":1280,\"height\":720},{\"@type\":\"BreadcrumbList\",\"@id\":\"https:\/\/periodicocentroccidente.com\/?p=6476#breadcrumb\",\"itemListElement\":[{\"@type\":\"ListItem\",\"position\":1,\"name\":\"Portada\",\"item\":\"https:\/\/periodicocentroccidente.com\/\"},{\"@type\":\"ListItem\",\"position\":2,\"name\":\"CPBEP despliega Jornada de Bienestar Social en el municipio Unda\"}]},{\"@type\":\"WebSite\",\"@id\":\"https:\/\/periodicocentroccidente.com\/#website\",\"url\":\"https:\/\/periodicocentroccidente.com\/\",\"name\":\"\",\"description\":\"Periodismo serio y responsable\",\"potentialAction\":[{\"@type\":\"SearchAction\",\"target\":{\"@type\":\"EntryPoint\",\"urlTemplate\":\"https:\/\/periodicocentroccidente.com\/?s={search_term_string}\"},\"query-input\":{\"@type\":\"PropertyValueSpecification\",\"valueRequired\":true,\"valueName\":\"search_term_string\"}}],\"inLanguage\":\"es\"},{\"@type\":\"Person\",\"@id\":\"https:\/\/periodicocentroccidente.com\/#\/schema\/person\/f4e4a651098f3db198244657b7130e7e\",\"name\":\"Ricardo\",\"image\":{\"@type\":\"ImageObject\",\"inLanguage\":\"es\",\"@id\":\"https:\/\/periodicocentroccidente.com\/#\/schema\/person\/image\/\",\"url\":\"https:\/\/secure.gravatar.com\/avatar\/402e6137108ec0fdaa7809184382fb1dd2f8b00264c1d945d341f2b8f90db429?s=96&d=mm&r=g\",\"contentUrl\":\"https:\/\/secure.gravatar.com\/avatar\/402e6137108ec0fdaa7809184382fb1dd2f8b00264c1d945d341f2b8f90db429?s=96&d=mm&r=g\",\"caption\":\"Ricardo\"},\"url\":\"https:\/\/periodicocentroccidente.com\/?author=2\"}]}<\/script>\n<!-- \/ Yoast SEO plugin. -->","yoast_head_json":{"title":"CPBEP despliega Jornada de Bienestar Social en el municipio Unda -","robots":{"index":"index","follow":"follow","max-snippet":"max-snippet:-1","max-image-preview":"max-image-preview:large","max-video-preview":"max-video-preview:-1"},"canonical":"https:\/\/periodicocentroccidente.com\/?p=6476","og_locale":"es_ES","og_type":"article","og_title":"CPBEP despliega Jornada de Bienestar Social en el municipio Unda -","og_description":"Especial.- Este viernes se llev&oacute; a cabo una Jornada de Bienestar Social integral en la Escuela Bolivariana Esther Montilla, ubicada en el sector La Recta III del municipio Unda, bajo la supervisi&oacute;n directa del G\/B Luis Alberto Morales Guerrero, director del Cuerpo de Polic&iacute;a Bolivariana del Estado Portuguesa (CPBEP), y enmarcado en la Gran Misi&oacute;n &hellip;","og_url":"https:\/\/periodicocentroccidente.com\/?p=6476","article_published_time":"2026-03-20T21:47:45+00:00","og_image":[{"width":1280,"height":720,"url":"https:\/\/periodicocentroccidente.com\/wp-content\/uploads\/2026\/03\/1008311126.jpg","type":"image\/jpeg"}],"author":"Ricardo","twitter_card":"summary_large_image","twitter_misc":{"Escrito por":"Ricardo","Tiempo de lectura":"3 minutos"},"schema":{"@context":"https:\/\/schema.org","@graph":[{"@type":"WebPage","@id":"https:\/\/periodicocentroccidente.com\/?p=6476","url":"https:\/\/periodicocentroccidente.com\/?p=6476","name":"CPBEP despliega Jornada de Bienestar Social en el municipio Unda -","isPartOf":{"@id":"https:\/\/periodicocentroccidente.com\/#website"},"primaryImageOfPage":{"@id":"https:\/\/periodicocentroccidente.com\/?p=6476#primaryimage"},"image":{"@id":"https:\/\/periodicocentroccidente.com\/?p=6476#primaryimage"},"thumbnailUrl":"https:\/\/periodicocentroccidente.com\/wp-content\/uploads\/2026\/03\/1008311126.jpg","datePublished":"2026-03-20T21:47:45+00:00","author":{"@id":"https:\/\/periodicocentroccidente.com\/#\/schema\/person\/f4e4a651098f3db198244657b7130e7e"},"breadcrumb":{"@id":"https:\/\/periodicocentroccidente.com\/?p=6476#breadcrumb"},"inLanguage":"es","potentialAction":[{"@type":"ReadAction","target":["https:\/\/periodicocentroccidente.com\/?p=6476"]}]},{"@type":"ImageObject","inLanguage":"es","@id":"https:\/\/periodicocentroccidente.com\/?p=6476#primaryimage","url":"https:\/\/periodicocentroccidente.com\/wp-content\/uploads\/2026\/03\/1008311126.jpg","contentUrl":"https:\/\/periodicocentroccidente.com\/wp-content\/uploads\/2026\/03\/1008311126.jpg","width":1280,"height":720},{"@type":"BreadcrumbList","@id":"https:\/\/periodicocentroccidente.com\/?p=6476#breadcrumb","itemListElement":[{"@type":"ListItem","position":1,"name":"Portada","item":"https:\/\/periodicocentroccidente.com\/"},{"@type":"ListItem","position":2,"name":"CPBEP despliega Jornada de Bienestar Social en el municipio Unda"}]},{"@type":"WebSite","@id":"https:\/\/periodicocentroccidente.com\/#website","url":"https:\/\/periodicocentroccidente.com\/","name":"","description":"Periodismo serio y responsable","potentialAction":[{"@type":"SearchAction","target":{"@type":"EntryPoint","urlTemplate":"https:\/\/periodicocentroccidente.com\/?s={search_term_string}"},"query-input":{"@type":"PropertyValueSpecification","valueRequired":true,"valueName":"search_term_string"}}],"inLanguage":"es"},{"@type":"Person","@id":"https:\/\/periodicocentroccidente.com\/#\/schema\/person\/f4e4a651098f3db198244657b7130e7e","name":"Ricardo","image":{"@type":"ImageObject","inLanguage":"es","@id":"https:\/\/periodicocentroccidente.com\/#\/schema\/person\/image\/","url":"https:\/\/secure.gravatar.com\/avatar\/402e6137108ec0fdaa7809184382fb1dd2f8b00264c1d945d341f2b8f90db429?s=96&d=mm&r=g","contentUrl":"https:\/\/secure.gravatar.com\/avatar\/402e6137108ec0fdaa7809184382fb1dd2f8b00264c1d945d341f2b8f90db429?s=96&d=mm&r=g","caption":"Ricardo"},"url":"https:\/\/periodicocentroccidente.com\/?author=2"}]}},"jetpack_featured_media_url":"https:\/\/periodicocentroccidente.com\/wp-content\/uploads\/2026\/03\/1008311126.jpg","jetpack_sharing_enabled":true,"jetpack-related-posts":[],"_links":{"self":[{"href":"https:\/\/periodicocentroccidente.com\/index.php?rest_route=\/wp\/v2\/posts\/6476","targetHints":{"allow":["GET"]}}],"collection":[{"href":"https:\/\/periodicocentroccidente.com\/index.php?rest_route=\/wp\/v2\/posts"}],"about":[{"href":"https:\/\/periodicocentroccidente.com\/index.php?rest_route=\/wp\/v2\/types\/post"}],"author":[{"embeddable":true,"href":"https:\/\/periodicocentroccidente.com\/index.php?rest_route=\/wp\/v2\/users\/2"}],"replies":[{"embeddable":true,"href":"https:\/\/periodicocentroccidente.com\/index.php?rest_route=%2Fwp%2Fv2%2Fcomments&post=6476"}],"version-history":[{"count":1,"href":"https:\/\/periodicocentroccidente.com\/index.php?rest_route=\/wp\/v2\/posts\/6476\/revisions"}],"predecessor-version":[{"id":6486,"href":"https:\/\/periodicocentroccidente.com\/index.php?rest_route=\/wp\/v2\/posts\/6476\/revisions\/6486"}],"wp:featuredmedia":[{"embeddable":true,"href":"https:\/\/periodicocentroccidente.com\/index.php?rest_route=\/wp\/v2\/media\/6484"}],"wp:attachment":[{"href":"https:\/\/periodicocentroccidente.com\/index.php?rest_route=%2Fwp%2Fv2%2Fmedia&parent=6476"}],"wp:term":[{"taxonomy":"category","embeddable":true,"href":"https:\/\/periodicocentroccidente.com\/index.php?rest_route=%2Fwp%2Fv2%2Fcategories&post=6476"},{"taxonomy":"post_tag","embeddable":true,"href":"https:\/\/periodicocentroccidente.com\/index.php?rest_route=%2Fwp%2Fv2%2Ftags&post=6476"}],"curies":[{"name":"wp","href":"https:\/\/api.w.org\/{rel}","templated":true}]}}