{"id":6453,"date":"2026-03-20T21:13:33","date_gmt":"2026-03-20T21:13:33","guid":{"rendered":"https:\/\/periodicocentroccidente.com\/?p=6453"},"modified":"2026-03-20T21:13:33","modified_gmt":"2026-03-20T21:13:33","slug":"el-paso-vehicular-esta-paralizado-entre-caja-seca-y-buena-vista-edo-zulia","status":"publish","type":"post","link":"https:\/\/periodicocentroccidente.com\/?p=6453","title":{"rendered":"El paso vehicular est\u00e1 paralizado entre Caja Seca y Buena Vista edo Zulia"},"content":{"rendered":"<p><strong>Especial.-<\/strong><\/p>\n<p>Comunidades del eje Panamericano en protesta: Exigen la canalizaci\u00f3n urgente del r\u00edo Arenoso.<br \/>\nEste jueves, la cotidianidad de la carretera Panamericana se vio interrumpida por el clamor de quienes trabajan la tierra. Desde tempranas horas de la tarde, un nutrido grupo de productores agropecuarios tranc\u00f3 el paso vehicular a la altura de la entrada de Las Virtudes, manifestando su angustia ante la falta de mantenimiento del r\u00edo Arenoso.<\/p>\n<p><strong>La voz del campo: \u00abNuestras cosechas se pierden\u00bb<\/strong><br \/>\nLa protesta, que mantiene paralizado el tr\u00e1nsito entre los estados Zulia y M\u00e9rida, nace de una preocupaci\u00f3n leg\u00edtima: la fuerza del r\u00edo. Seg\u00fan reportan los manifestantes, las recientes crecidas han causado estragos en la zona baja del municipio Sucre (Zulia), anegando tierras f\u00e9rtiles y destruyendo meses de arduo trabajo.<br \/>\n\u00abNo es solo agua, es el sustento de nuestras familias lo que se est\u00e1 llevando el r\u00edo\u00bb, comentaba Pedro Bracho, uno de los productores presentes en el lugar.<\/p>\n<p><strong>Puntos cr\u00edticos y advertencias<\/strong><br \/>\n\u200bEl cierre se concentra espec\u00edficamente en el puente en construcci\u00f3n sobre el r\u00edo Arenoso, un punto que ya representaba un desaf\u00edo log\u00edstico y que ahora se convierte en el epicentro de la exigencia comunitaria. Los productores aseguran que no levantar\u00e1n la medida hasta recibir un compromiso formal de las autoridades para la canalizaci\u00f3n inmediata del afluente.<\/p>\n<p><strong>Situaci\u00f3n actual del tr\u00e1fico<\/strong><br \/>\n\u200bA esta hora, las autoridades de tr\u00e1nsito no han reportado v\u00edas alternas totalmente operativas para veh\u00edculos de carga pesada, por lo que se recomienda a los usuarios:<br \/>\nEvitar la zona si no es estrictamente necesario.<br \/>\nTomar previsiones en cuanto a horarios de viaje, ya que las colas se extienden por varios kil\u00f3metros.<br \/>\nMantener la calma y estar atentos a los reportes de las radios locales y grupos informativos.<\/p>\n<p><strong>Luis Alonso Cede\u00f1o\/ panamericana) Sur del Lago \u00a0<\/strong><\/p>\n<p><img loading=\"lazy\" decoding=\"async\" class=\"alignnone size-medium wp-image-6455\" src=\"https:\/\/periodicocentroccidente.com\/wp-content\/uploads\/2026\/03\/1003114569-300x224.jpg\" alt=\"\" width=\"300\" height=\"224\" srcset=\"https:\/\/periodicocentroccidente.com\/wp-content\/uploads\/2026\/03\/1003114569-300x224.jpg 300w, https:\/\/periodicocentroccidente.com\/wp-content\/uploads\/2026\/03\/1003114569.jpg 656w\" sizes=\"auto, (max-width: 300px) 100vw, 300px\" \/><\/p>\n","protected":false},"excerpt":{"rendered":"<p>Especial.- Comunidades del eje Panamericano en protesta: Exigen la canalizaci&oacute;n urgente del r&iacute;o Arenoso. Este jueves, la cotidianidad de la carretera Panamericana se vio interrumpida por el clamor de quienes trabajan la tierra. Desde tempranas horas de la tarde, un nutrido grupo de productores agropecuarios tranc&oacute; el paso vehicular a la altura de la entrada &hellip;<\/p>\n","protected":false},"author":2,"featured_media":6454,"comment_status":"open","ping_status":"open","sticky":false,"template":"","format":"standard","meta":{"_jetpack_memberships_contains_paid_content":false,"footnotes":""},"categories":[127],"tags":[],"class_list":["post-6453","post","type-post","status-publish","format-standard","has-post-thumbnail","hentry","category-noticias-recientes"],"yoast_head":"<!-- This site is optimized with the Yoast SEO plugin v24.8.1 - https:\/\/yoast.com\/wordpress\/plugins\/seo\/ -->\n<title>El paso vehicular est\u00e1 paralizado entre Caja Seca y Buena Vista edo Zulia -<\/title>\n<meta name=\"robots\" content=\"index, follow, max-snippet:-1, max-image-preview:large, max-video-preview:-1\" \/>\n<link rel=\"canonical\" href=\"https:\/\/periodicocentroccidente.com\/?p=6453\" \/>\n<meta property=\"og:locale\" content=\"es_ES\" \/>\n<meta property=\"og:type\" content=\"article\" \/>\n<meta property=\"og:title\" content=\"El paso vehicular est\u00e1 paralizado entre Caja Seca y Buena Vista edo Zulia -\" \/>\n<meta property=\"og:description\" content=\"Especial.- Comunidades del eje Panamericano en protesta: Exigen la canalizaci&oacute;n urgente del r&iacute;o Arenoso. Este jueves, la cotidianidad de la carretera Panamericana se vio interrumpida por el clamor de quienes trabajan la tierra. Desde tempranas horas de la tarde, un nutrido grupo de productores agropecuarios tranc&oacute; el paso vehicular a la altura de la entrada &hellip;\" \/>\n<meta property=\"og:url\" content=\"https:\/\/periodicocentroccidente.com\/?p=6453\" \/>\n<meta property=\"article:published_time\" content=\"2026-03-20T21:13:33+00:00\" \/>\n<meta property=\"og:image\" content=\"https:\/\/periodicocentroccidente.com\/wp-content\/uploads\/2026\/03\/1003114570.jpg\" \/>\n\t<meta property=\"og:image:width\" content=\"648\" \/>\n\t<meta property=\"og:image:height\" content=\"580\" \/>\n\t<meta property=\"og:image:type\" content=\"image\/jpeg\" \/>\n<meta name=\"author\" content=\"Ricardo\" \/>\n<meta name=\"twitter:card\" content=\"summary_large_image\" \/>\n<meta name=\"twitter:label1\" content=\"Escrito por\" \/>\n\t<meta name=\"twitter:data1\" content=\"Ricardo\" \/>\n\t<meta name=\"twitter:label2\" content=\"Tiempo de lectura\" \/>\n\t<meta name=\"twitter:data2\" content=\"2 minutos\" \/>\n<script type=\"application\/ld+json\" class=\"yoast-schema-graph\">{\"@context\":\"https:\/\/schema.org\",\"@graph\":[{\"@type\":\"WebPage\",\"@id\":\"https:\/\/periodicocentroccidente.com\/?p=6453\",\"url\":\"https:\/\/periodicocentroccidente.com\/?p=6453\",\"name\":\"El paso vehicular est\u00e1 paralizado entre Caja Seca y Buena Vista edo Zulia -\",\"isPartOf\":{\"@id\":\"https:\/\/periodicocentroccidente.com\/#website\"},\"primaryImageOfPage\":{\"@id\":\"https:\/\/periodicocentroccidente.com\/?p=6453#primaryimage\"},\"image\":{\"@id\":\"https:\/\/periodicocentroccidente.com\/?p=6453#primaryimage\"},\"thumbnailUrl\":\"https:\/\/periodicocentroccidente.com\/wp-content\/uploads\/2026\/03\/1003114570.jpg\",\"datePublished\":\"2026-03-20T21:13:33+00:00\",\"author\":{\"@id\":\"https:\/\/periodicocentroccidente.com\/#\/schema\/person\/f4e4a651098f3db198244657b7130e7e\"},\"breadcrumb\":{\"@id\":\"https:\/\/periodicocentroccidente.com\/?p=6453#breadcrumb\"},\"inLanguage\":\"es\",\"potentialAction\":[{\"@type\":\"ReadAction\",\"target\":[\"https:\/\/periodicocentroccidente.com\/?p=6453\"]}]},{\"@type\":\"ImageObject\",\"inLanguage\":\"es\",\"@id\":\"https:\/\/periodicocentroccidente.com\/?p=6453#primaryimage\",\"url\":\"https:\/\/periodicocentroccidente.com\/wp-content\/uploads\/2026\/03\/1003114570.jpg\",\"contentUrl\":\"https:\/\/periodicocentroccidente.com\/wp-content\/uploads\/2026\/03\/1003114570.jpg\",\"width\":648,\"height\":580},{\"@type\":\"BreadcrumbList\",\"@id\":\"https:\/\/periodicocentroccidente.com\/?p=6453#breadcrumb\",\"itemListElement\":[{\"@type\":\"ListItem\",\"position\":1,\"name\":\"Portada\",\"item\":\"https:\/\/periodicocentroccidente.com\/\"},{\"@type\":\"ListItem\",\"position\":2,\"name\":\"El paso vehicular est\u00e1 paralizado entre Caja Seca y Buena Vista edo Zulia\"}]},{\"@type\":\"WebSite\",\"@id\":\"https:\/\/periodicocentroccidente.com\/#website\",\"url\":\"https:\/\/periodicocentroccidente.com\/\",\"name\":\"\",\"description\":\"Periodismo serio y responsable\",\"potentialAction\":[{\"@type\":\"SearchAction\",\"target\":{\"@type\":\"EntryPoint\",\"urlTemplate\":\"https:\/\/periodicocentroccidente.com\/?s={search_term_string}\"},\"query-input\":{\"@type\":\"PropertyValueSpecification\",\"valueRequired\":true,\"valueName\":\"search_term_string\"}}],\"inLanguage\":\"es\"},{\"@type\":\"Person\",\"@id\":\"https:\/\/periodicocentroccidente.com\/#\/schema\/person\/f4e4a651098f3db198244657b7130e7e\",\"name\":\"Ricardo\",\"image\":{\"@type\":\"ImageObject\",\"inLanguage\":\"es\",\"@id\":\"https:\/\/periodicocentroccidente.com\/#\/schema\/person\/image\/\",\"url\":\"https:\/\/secure.gravatar.com\/avatar\/402e6137108ec0fdaa7809184382fb1dd2f8b00264c1d945d341f2b8f90db429?s=96&d=mm&r=g\",\"contentUrl\":\"https:\/\/secure.gravatar.com\/avatar\/402e6137108ec0fdaa7809184382fb1dd2f8b00264c1d945d341f2b8f90db429?s=96&d=mm&r=g\",\"caption\":\"Ricardo\"},\"url\":\"https:\/\/periodicocentroccidente.com\/?author=2\"}]}<\/script>\n<!-- \/ Yoast SEO plugin. -->","yoast_head_json":{"title":"El paso vehicular est\u00e1 paralizado entre Caja Seca y Buena Vista edo Zulia -","robots":{"index":"index","follow":"follow","max-snippet":"max-snippet:-1","max-image-preview":"max-image-preview:large","max-video-preview":"max-video-preview:-1"},"canonical":"https:\/\/periodicocentroccidente.com\/?p=6453","og_locale":"es_ES","og_type":"article","og_title":"El paso vehicular est\u00e1 paralizado entre Caja Seca y Buena Vista edo Zulia -","og_description":"Especial.- Comunidades del eje Panamericano en protesta: Exigen la canalizaci&oacute;n urgente del r&iacute;o Arenoso. Este jueves, la cotidianidad de la carretera Panamericana se vio interrumpida por el clamor de quienes trabajan la tierra. Desde tempranas horas de la tarde, un nutrido grupo de productores agropecuarios tranc&oacute; el paso vehicular a la altura de la entrada &hellip;","og_url":"https:\/\/periodicocentroccidente.com\/?p=6453","article_published_time":"2026-03-20T21:13:33+00:00","og_image":[{"width":648,"height":580,"url":"https:\/\/periodicocentroccidente.com\/wp-content\/uploads\/2026\/03\/1003114570.jpg","type":"image\/jpeg"}],"author":"Ricardo","twitter_card":"summary_large_image","twitter_misc":{"Escrito por":"Ricardo","Tiempo de lectura":"2 minutos"},"schema":{"@context":"https:\/\/schema.org","@graph":[{"@type":"WebPage","@id":"https:\/\/periodicocentroccidente.com\/?p=6453","url":"https:\/\/periodicocentroccidente.com\/?p=6453","name":"El paso vehicular est\u00e1 paralizado entre Caja Seca y Buena Vista edo Zulia -","isPartOf":{"@id":"https:\/\/periodicocentroccidente.com\/#website"},"primaryImageOfPage":{"@id":"https:\/\/periodicocentroccidente.com\/?p=6453#primaryimage"},"image":{"@id":"https:\/\/periodicocentroccidente.com\/?p=6453#primaryimage"},"thumbnailUrl":"https:\/\/periodicocentroccidente.com\/wp-content\/uploads\/2026\/03\/1003114570.jpg","datePublished":"2026-03-20T21:13:33+00:00","author":{"@id":"https:\/\/periodicocentroccidente.com\/#\/schema\/person\/f4e4a651098f3db198244657b7130e7e"},"breadcrumb":{"@id":"https:\/\/periodicocentroccidente.com\/?p=6453#breadcrumb"},"inLanguage":"es","potentialAction":[{"@type":"ReadAction","target":["https:\/\/periodicocentroccidente.com\/?p=6453"]}]},{"@type":"ImageObject","inLanguage":"es","@id":"https:\/\/periodicocentroccidente.com\/?p=6453#primaryimage","url":"https:\/\/periodicocentroccidente.com\/wp-content\/uploads\/2026\/03\/1003114570.jpg","contentUrl":"https:\/\/periodicocentroccidente.com\/wp-content\/uploads\/2026\/03\/1003114570.jpg","width":648,"height":580},{"@type":"BreadcrumbList","@id":"https:\/\/periodicocentroccidente.com\/?p=6453#breadcrumb","itemListElement":[{"@type":"ListItem","position":1,"name":"Portada","item":"https:\/\/periodicocentroccidente.com\/"},{"@type":"ListItem","position":2,"name":"El paso vehicular est\u00e1 paralizado entre Caja Seca y Buena Vista edo Zulia"}]},{"@type":"WebSite","@id":"https:\/\/periodicocentroccidente.com\/#website","url":"https:\/\/periodicocentroccidente.com\/","name":"","description":"Periodismo serio y responsable","potentialAction":[{"@type":"SearchAction","target":{"@type":"EntryPoint","urlTemplate":"https:\/\/periodicocentroccidente.com\/?s={search_term_string}"},"query-input":{"@type":"PropertyValueSpecification","valueRequired":true,"valueName":"search_term_string"}}],"inLanguage":"es"},{"@type":"Person","@id":"https:\/\/periodicocentroccidente.com\/#\/schema\/person\/f4e4a651098f3db198244657b7130e7e","name":"Ricardo","image":{"@type":"ImageObject","inLanguage":"es","@id":"https:\/\/periodicocentroccidente.com\/#\/schema\/person\/image\/","url":"https:\/\/secure.gravatar.com\/avatar\/402e6137108ec0fdaa7809184382fb1dd2f8b00264c1d945d341f2b8f90db429?s=96&d=mm&r=g","contentUrl":"https:\/\/secure.gravatar.com\/avatar\/402e6137108ec0fdaa7809184382fb1dd2f8b00264c1d945d341f2b8f90db429?s=96&d=mm&r=g","caption":"Ricardo"},"url":"https:\/\/periodicocentroccidente.com\/?author=2"}]}},"jetpack_featured_media_url":"https:\/\/periodicocentroccidente.com\/wp-content\/uploads\/2026\/03\/1003114570.jpg","jetpack_sharing_enabled":true,"jetpack-related-posts":[],"_links":{"self":[{"href":"https:\/\/periodicocentroccidente.com\/index.php?rest_route=\/wp\/v2\/posts\/6453","targetHints":{"allow":["GET"]}}],"collection":[{"href":"https:\/\/periodicocentroccidente.com\/index.php?rest_route=\/wp\/v2\/posts"}],"about":[{"href":"https:\/\/periodicocentroccidente.com\/index.php?rest_route=\/wp\/v2\/types\/post"}],"author":[{"embeddable":true,"href":"https:\/\/periodicocentroccidente.com\/index.php?rest_route=\/wp\/v2\/users\/2"}],"replies":[{"embeddable":true,"href":"https:\/\/periodicocentroccidente.com\/index.php?rest_route=%2Fwp%2Fv2%2Fcomments&post=6453"}],"version-history":[{"count":1,"href":"https:\/\/periodicocentroccidente.com\/index.php?rest_route=\/wp\/v2\/posts\/6453\/revisions"}],"predecessor-version":[{"id":6456,"href":"https:\/\/periodicocentroccidente.com\/index.php?rest_route=\/wp\/v2\/posts\/6453\/revisions\/6456"}],"wp:featuredmedia":[{"embeddable":true,"href":"https:\/\/periodicocentroccidente.com\/index.php?rest_route=\/wp\/v2\/media\/6454"}],"wp:attachment":[{"href":"https:\/\/periodicocentroccidente.com\/index.php?rest_route=%2Fwp%2Fv2%2Fmedia&parent=6453"}],"wp:term":[{"taxonomy":"category","embeddable":true,"href":"https:\/\/periodicocentroccidente.com\/index.php?rest_route=%2Fwp%2Fv2%2Fcategories&post=6453"},{"taxonomy":"post_tag","embeddable":true,"href":"https:\/\/periodicocentroccidente.com\/index.php?rest_route=%2Fwp%2Fv2%2Ftags&post=6453"}],"curies":[{"name":"wp","href":"https:\/\/api.w.org\/{rel}","templated":true}]}}