{"id":6435,"date":"2026-03-19T03:57:50","date_gmt":"2026-03-19T03:57:50","guid":{"rendered":"https:\/\/periodicocentroccidente.com\/?p=6435"},"modified":"2026-03-19T04:00:09","modified_gmt":"2026-03-19T04:00:09","slug":"un-muerto-y-un-herido-luego-de-aparatoso-volcamiento-de-un-vehiculo","status":"publish","type":"post","link":"https:\/\/periodicocentroccidente.com\/?p=6435","title":{"rendered":"Un muerto y un herido luego de aparatoso volcamiento de un vehiculo"},"content":{"rendered":"<p><strong>Especial.-<\/strong><\/p>\n<div dir=\"auto\">Este mi\u00e9rcoles 18 de marzo en horas de la ma\u00f1ana un hombre perdi\u00f3 la vida y otro result\u00f3 con lesiones de consideraci\u00f3n tras el vuelco del veh\u00edculo en el cual viajaban, un Ford, modelo Fiesta, de color gris, con placa AB110P, en la v\u00eda Guanare \u2013 Guanarito, estado Portuguesa.<\/div>\n<div dir=\"auto\"><\/div>\n<div dir=\"auto\">Seg\u00fan lo trascendido sobre el lamentable suceso, el referido autom\u00f3vil era conducido por el ciudadano Edwin Lanzona, residenciado en Guanarito, quien result\u00f3 ileso, y dijo a los funcionarios de Tr\u00e1nsito Terrestre que transitaban a la altura de la finca \u201cLas Mercedes\u201d en la citada carretera de los llanos portuguese\u00f1os, pero repentinamente perdi\u00f3 el control y dieron vuelta al salirse de la carretera.<\/div>\n<div dir=\"auto\"><\/div>\n<div dir=\"auto\">\u00a0Como consecuencia del hecho result\u00f3 muerto un ciudadano de nombre YEISON VELIZ, de quien se desconocieron m\u00e1s detalles de identificaci\u00f3n o filiales para la versi\u00f3n period\u00edstica, trascendiendo que hab\u00eda sido aplastado por el veh\u00edculo al volcar.<\/div>\n<div dir=\"auto\"><\/div>\n<div dir=\"auto\"><strong>VIA <a href=\"mailto:eliasdiaz20019@gmail.com\" target=\"_blank\" rel=\"noopener\">eliasdiaz20019@gmail.com<\/a><\/strong><\/div>\n<div dir=\"auto\"><\/div>\n<div dir=\"auto\"><img loading=\"lazy\" decoding=\"async\" class=\"alignnone size-medium wp-image-6437\" src=\"https:\/\/periodicocentroccidente.com\/wp-content\/uploads\/2026\/03\/1008287790-300x266.jpg\" alt=\"\" width=\"300\" height=\"266\" srcset=\"https:\/\/periodicocentroccidente.com\/wp-content\/uploads\/2026\/03\/1008287790-300x266.jpg 300w, https:\/\/periodicocentroccidente.com\/wp-content\/uploads\/2026\/03\/1008287790-1024x909.jpg 1024w, https:\/\/periodicocentroccidente.com\/wp-content\/uploads\/2026\/03\/1008287790-768x682.jpg 768w, https:\/\/periodicocentroccidente.com\/wp-content\/uploads\/2026\/03\/1008287790.jpg 1080w\" sizes=\"auto, (max-width: 300px) 100vw, 300px\" \/>\u00a0 \u00a0 \u00a0 \u00a0 <img loading=\"lazy\" decoding=\"async\" class=\"alignnone size-medium wp-image-6440\" src=\"https:\/\/periodicocentroccidente.com\/wp-content\/uploads\/2026\/03\/muerto-300x260.jpg\" alt=\"\" width=\"300\" height=\"260\" srcset=\"https:\/\/periodicocentroccidente.com\/wp-content\/uploads\/2026\/03\/muerto-300x260.jpg 300w, https:\/\/periodicocentroccidente.com\/wp-content\/uploads\/2026\/03\/muerto-1024x889.jpg 1024w, https:\/\/periodicocentroccidente.com\/wp-content\/uploads\/2026\/03\/muerto-768x666.jpg 768w, https:\/\/periodicocentroccidente.com\/wp-content\/uploads\/2026\/03\/muerto.jpg 1043w\" sizes=\"auto, (max-width: 300px) 100vw, 300px\" \/><\/div>\n","protected":false},"excerpt":{"rendered":"<p>Especial.- Este mi&eacute;rcoles 18 de marzo en horas de la ma&ntilde;ana un hombre perdi&oacute; la vida y otro result&oacute; con lesiones de consideraci&oacute;n tras el vuelco del veh&iacute;culo en el cual viajaban, un Ford, modelo Fiesta, de color gris, con placa AB110P, en la v&iacute;a Guanare &ndash; Guanarito, estado Portuguesa. Seg&uacute;n lo trascendido sobre el &hellip;<\/p>\n","protected":false},"author":2,"featured_media":6436,"comment_status":"open","ping_status":"open","sticky":false,"template":"","format":"standard","meta":{"_jetpack_memberships_contains_paid_content":false,"footnotes":""},"categories":[127],"tags":[],"class_list":["post-6435","post","type-post","status-publish","format-standard","has-post-thumbnail","hentry","category-noticias-recientes"],"yoast_head":"<!-- This site is optimized with the Yoast SEO plugin v24.8.1 - https:\/\/yoast.com\/wordpress\/plugins\/seo\/ -->\n<title>Un muerto y un herido luego de aparatoso volcamiento de un vehiculo -<\/title>\n<meta name=\"robots\" content=\"index, follow, max-snippet:-1, max-image-preview:large, max-video-preview:-1\" \/>\n<link rel=\"canonical\" href=\"https:\/\/periodicocentroccidente.com\/?p=6435\" \/>\n<meta property=\"og:locale\" content=\"es_ES\" \/>\n<meta property=\"og:type\" content=\"article\" \/>\n<meta property=\"og:title\" content=\"Un muerto y un herido luego de aparatoso volcamiento de un vehiculo -\" \/>\n<meta property=\"og:description\" content=\"Especial.- Este mi&eacute;rcoles 18 de marzo en horas de la ma&ntilde;ana un hombre perdi&oacute; la vida y otro result&oacute; con lesiones de consideraci&oacute;n tras el vuelco del veh&iacute;culo en el cual viajaban, un Ford, modelo Fiesta, de color gris, con placa AB110P, en la v&iacute;a Guanare &ndash; Guanarito, estado Portuguesa. Seg&uacute;n lo trascendido sobre el &hellip;\" \/>\n<meta property=\"og:url\" content=\"https:\/\/periodicocentroccidente.com\/?p=6435\" \/>\n<meta property=\"article:published_time\" content=\"2026-03-19T03:57:50+00:00\" \/>\n<meta property=\"article:modified_time\" content=\"2026-03-19T04:00:09+00:00\" \/>\n<meta property=\"og:image\" content=\"https:\/\/periodicocentroccidente.com\/wp-content\/uploads\/2026\/03\/1008287787.jpg\" \/>\n\t<meta property=\"og:image:width\" content=\"1080\" \/>\n\t<meta property=\"og:image:height\" content=\"956\" \/>\n\t<meta property=\"og:image:type\" content=\"image\/jpeg\" \/>\n<meta name=\"author\" content=\"Ricardo\" \/>\n<meta name=\"twitter:card\" content=\"summary_large_image\" \/>\n<meta name=\"twitter:label1\" content=\"Escrito por\" \/>\n\t<meta name=\"twitter:data1\" content=\"Ricardo\" \/>\n\t<meta name=\"twitter:label2\" content=\"Tiempo de lectura\" \/>\n\t<meta name=\"twitter:data2\" content=\"2 minutos\" \/>\n<script type=\"application\/ld+json\" class=\"yoast-schema-graph\">{\"@context\":\"https:\/\/schema.org\",\"@graph\":[{\"@type\":\"WebPage\",\"@id\":\"https:\/\/periodicocentroccidente.com\/?p=6435\",\"url\":\"https:\/\/periodicocentroccidente.com\/?p=6435\",\"name\":\"Un muerto y un herido luego de aparatoso volcamiento de un vehiculo -\",\"isPartOf\":{\"@id\":\"https:\/\/periodicocentroccidente.com\/#website\"},\"primaryImageOfPage\":{\"@id\":\"https:\/\/periodicocentroccidente.com\/?p=6435#primaryimage\"},\"image\":{\"@id\":\"https:\/\/periodicocentroccidente.com\/?p=6435#primaryimage\"},\"thumbnailUrl\":\"https:\/\/periodicocentroccidente.com\/wp-content\/uploads\/2026\/03\/1008287787.jpg\",\"datePublished\":\"2026-03-19T03:57:50+00:00\",\"dateModified\":\"2026-03-19T04:00:09+00:00\",\"author\":{\"@id\":\"https:\/\/periodicocentroccidente.com\/#\/schema\/person\/f4e4a651098f3db198244657b7130e7e\"},\"breadcrumb\":{\"@id\":\"https:\/\/periodicocentroccidente.com\/?p=6435#breadcrumb\"},\"inLanguage\":\"es\",\"potentialAction\":[{\"@type\":\"ReadAction\",\"target\":[\"https:\/\/periodicocentroccidente.com\/?p=6435\"]}]},{\"@type\":\"ImageObject\",\"inLanguage\":\"es\",\"@id\":\"https:\/\/periodicocentroccidente.com\/?p=6435#primaryimage\",\"url\":\"https:\/\/periodicocentroccidente.com\/wp-content\/uploads\/2026\/03\/1008287787.jpg\",\"contentUrl\":\"https:\/\/periodicocentroccidente.com\/wp-content\/uploads\/2026\/03\/1008287787.jpg\",\"width\":1080,\"height\":956},{\"@type\":\"BreadcrumbList\",\"@id\":\"https:\/\/periodicocentroccidente.com\/?p=6435#breadcrumb\",\"itemListElement\":[{\"@type\":\"ListItem\",\"position\":1,\"name\":\"Portada\",\"item\":\"https:\/\/periodicocentroccidente.com\/\"},{\"@type\":\"ListItem\",\"position\":2,\"name\":\"Un muerto y un herido luego de aparatoso volcamiento de un vehiculo\"}]},{\"@type\":\"WebSite\",\"@id\":\"https:\/\/periodicocentroccidente.com\/#website\",\"url\":\"https:\/\/periodicocentroccidente.com\/\",\"name\":\"\",\"description\":\"Periodismo serio y responsable\",\"potentialAction\":[{\"@type\":\"SearchAction\",\"target\":{\"@type\":\"EntryPoint\",\"urlTemplate\":\"https:\/\/periodicocentroccidente.com\/?s={search_term_string}\"},\"query-input\":{\"@type\":\"PropertyValueSpecification\",\"valueRequired\":true,\"valueName\":\"search_term_string\"}}],\"inLanguage\":\"es\"},{\"@type\":\"Person\",\"@id\":\"https:\/\/periodicocentroccidente.com\/#\/schema\/person\/f4e4a651098f3db198244657b7130e7e\",\"name\":\"Ricardo\",\"image\":{\"@type\":\"ImageObject\",\"inLanguage\":\"es\",\"@id\":\"https:\/\/periodicocentroccidente.com\/#\/schema\/person\/image\/\",\"url\":\"https:\/\/secure.gravatar.com\/avatar\/402e6137108ec0fdaa7809184382fb1dd2f8b00264c1d945d341f2b8f90db429?s=96&d=mm&r=g\",\"contentUrl\":\"https:\/\/secure.gravatar.com\/avatar\/402e6137108ec0fdaa7809184382fb1dd2f8b00264c1d945d341f2b8f90db429?s=96&d=mm&r=g\",\"caption\":\"Ricardo\"},\"url\":\"https:\/\/periodicocentroccidente.com\/?author=2\"}]}<\/script>\n<!-- \/ Yoast SEO plugin. -->","yoast_head_json":{"title":"Un muerto y un herido luego de aparatoso volcamiento de un vehiculo -","robots":{"index":"index","follow":"follow","max-snippet":"max-snippet:-1","max-image-preview":"max-image-preview:large","max-video-preview":"max-video-preview:-1"},"canonical":"https:\/\/periodicocentroccidente.com\/?p=6435","og_locale":"es_ES","og_type":"article","og_title":"Un muerto y un herido luego de aparatoso volcamiento de un vehiculo -","og_description":"Especial.- Este mi&eacute;rcoles 18 de marzo en horas de la ma&ntilde;ana un hombre perdi&oacute; la vida y otro result&oacute; con lesiones de consideraci&oacute;n tras el vuelco del veh&iacute;culo en el cual viajaban, un Ford, modelo Fiesta, de color gris, con placa AB110P, en la v&iacute;a Guanare &ndash; Guanarito, estado Portuguesa. Seg&uacute;n lo trascendido sobre el &hellip;","og_url":"https:\/\/periodicocentroccidente.com\/?p=6435","article_published_time":"2026-03-19T03:57:50+00:00","article_modified_time":"2026-03-19T04:00:09+00:00","og_image":[{"width":1080,"height":956,"url":"https:\/\/periodicocentroccidente.com\/wp-content\/uploads\/2026\/03\/1008287787.jpg","type":"image\/jpeg"}],"author":"Ricardo","twitter_card":"summary_large_image","twitter_misc":{"Escrito por":"Ricardo","Tiempo de lectura":"2 minutos"},"schema":{"@context":"https:\/\/schema.org","@graph":[{"@type":"WebPage","@id":"https:\/\/periodicocentroccidente.com\/?p=6435","url":"https:\/\/periodicocentroccidente.com\/?p=6435","name":"Un muerto y un herido luego de aparatoso volcamiento de un vehiculo -","isPartOf":{"@id":"https:\/\/periodicocentroccidente.com\/#website"},"primaryImageOfPage":{"@id":"https:\/\/periodicocentroccidente.com\/?p=6435#primaryimage"},"image":{"@id":"https:\/\/periodicocentroccidente.com\/?p=6435#primaryimage"},"thumbnailUrl":"https:\/\/periodicocentroccidente.com\/wp-content\/uploads\/2026\/03\/1008287787.jpg","datePublished":"2026-03-19T03:57:50+00:00","dateModified":"2026-03-19T04:00:09+00:00","author":{"@id":"https:\/\/periodicocentroccidente.com\/#\/schema\/person\/f4e4a651098f3db198244657b7130e7e"},"breadcrumb":{"@id":"https:\/\/periodicocentroccidente.com\/?p=6435#breadcrumb"},"inLanguage":"es","potentialAction":[{"@type":"ReadAction","target":["https:\/\/periodicocentroccidente.com\/?p=6435"]}]},{"@type":"ImageObject","inLanguage":"es","@id":"https:\/\/periodicocentroccidente.com\/?p=6435#primaryimage","url":"https:\/\/periodicocentroccidente.com\/wp-content\/uploads\/2026\/03\/1008287787.jpg","contentUrl":"https:\/\/periodicocentroccidente.com\/wp-content\/uploads\/2026\/03\/1008287787.jpg","width":1080,"height":956},{"@type":"BreadcrumbList","@id":"https:\/\/periodicocentroccidente.com\/?p=6435#breadcrumb","itemListElement":[{"@type":"ListItem","position":1,"name":"Portada","item":"https:\/\/periodicocentroccidente.com\/"},{"@type":"ListItem","position":2,"name":"Un muerto y un herido luego de aparatoso volcamiento de un vehiculo"}]},{"@type":"WebSite","@id":"https:\/\/periodicocentroccidente.com\/#website","url":"https:\/\/periodicocentroccidente.com\/","name":"","description":"Periodismo serio y responsable","potentialAction":[{"@type":"SearchAction","target":{"@type":"EntryPoint","urlTemplate":"https:\/\/periodicocentroccidente.com\/?s={search_term_string}"},"query-input":{"@type":"PropertyValueSpecification","valueRequired":true,"valueName":"search_term_string"}}],"inLanguage":"es"},{"@type":"Person","@id":"https:\/\/periodicocentroccidente.com\/#\/schema\/person\/f4e4a651098f3db198244657b7130e7e","name":"Ricardo","image":{"@type":"ImageObject","inLanguage":"es","@id":"https:\/\/periodicocentroccidente.com\/#\/schema\/person\/image\/","url":"https:\/\/secure.gravatar.com\/avatar\/402e6137108ec0fdaa7809184382fb1dd2f8b00264c1d945d341f2b8f90db429?s=96&d=mm&r=g","contentUrl":"https:\/\/secure.gravatar.com\/avatar\/402e6137108ec0fdaa7809184382fb1dd2f8b00264c1d945d341f2b8f90db429?s=96&d=mm&r=g","caption":"Ricardo"},"url":"https:\/\/periodicocentroccidente.com\/?author=2"}]}},"jetpack_featured_media_url":"https:\/\/periodicocentroccidente.com\/wp-content\/uploads\/2026\/03\/1008287787.jpg","jetpack_sharing_enabled":true,"jetpack-related-posts":[],"_links":{"self":[{"href":"https:\/\/periodicocentroccidente.com\/index.php?rest_route=\/wp\/v2\/posts\/6435","targetHints":{"allow":["GET"]}}],"collection":[{"href":"https:\/\/periodicocentroccidente.com\/index.php?rest_route=\/wp\/v2\/posts"}],"about":[{"href":"https:\/\/periodicocentroccidente.com\/index.php?rest_route=\/wp\/v2\/types\/post"}],"author":[{"embeddable":true,"href":"https:\/\/periodicocentroccidente.com\/index.php?rest_route=\/wp\/v2\/users\/2"}],"replies":[{"embeddable":true,"href":"https:\/\/periodicocentroccidente.com\/index.php?rest_route=%2Fwp%2Fv2%2Fcomments&post=6435"}],"version-history":[{"count":3,"href":"https:\/\/periodicocentroccidente.com\/index.php?rest_route=\/wp\/v2\/posts\/6435\/revisions"}],"predecessor-version":[{"id":6442,"href":"https:\/\/periodicocentroccidente.com\/index.php?rest_route=\/wp\/v2\/posts\/6435\/revisions\/6442"}],"wp:featuredmedia":[{"embeddable":true,"href":"https:\/\/periodicocentroccidente.com\/index.php?rest_route=\/wp\/v2\/media\/6436"}],"wp:attachment":[{"href":"https:\/\/periodicocentroccidente.com\/index.php?rest_route=%2Fwp%2Fv2%2Fmedia&parent=6435"}],"wp:term":[{"taxonomy":"category","embeddable":true,"href":"https:\/\/periodicocentroccidente.com\/index.php?rest_route=%2Fwp%2Fv2%2Fcategories&post=6435"},{"taxonomy":"post_tag","embeddable":true,"href":"https:\/\/periodicocentroccidente.com\/index.php?rest_route=%2Fwp%2Fv2%2Ftags&post=6435"}],"curies":[{"name":"wp","href":"https:\/\/api.w.org\/{rel}","templated":true}]}}