{"id":6359,"date":"2026-03-17T19:14:39","date_gmt":"2026-03-17T19:14:39","guid":{"rendered":"https:\/\/periodicocentroccidente.com\/?p=6359"},"modified":"2026-03-17T19:14:39","modified_gmt":"2026-03-17T19:14:39","slug":"mundo-gol-se-proclama-campeon-del-estadal-de-futbol-sub-14","status":"publish","type":"post","link":"https:\/\/periodicocentroccidente.com\/?p=6359","title":{"rendered":"Mundo Gol se proclama campe\u00f3n  del estadal de f\u00fatbol sub-14"},"content":{"rendered":"<p><strong>Especial.-<\/strong><\/p>\n<p>Lleg\u00f3 a su gran final el torneo de f\u00fatbol estadal \u201cEvoluci\u00f3n\u201d categor\u00eda sub-14, evento donde compitieron m\u00e1s de 200 atletas de 16 equipos de seis municipios del estado Portuguesa durante dos meses de acci\u00f3n. El compacto equipo de Mundo Gol se llev\u00f3 los m\u00e1ximos honores tras derrotar dos por cero al cuadro de la escuela Alfredo Maldonado con anotaciones de Jorge Rond\u00f3n y Charles Rodr\u00edguez. El vibrante partido se jug\u00f3 a casa llena en la cancha del sector Algodonal de la ciudad de Araure.<\/p>\n<p><strong>La masificaci\u00f3n prosigue en diversos sectores<\/strong><\/p>\n<p>El presidente de la asociaci\u00f3n de este deporte Jorge Pulido hizo acto de presencia durante la entrega de premiaci\u00f3n en compa\u00f1\u00eda de otros directivos como Francisco \u201cPancho\u201d Garc\u00eda, Yohan Araque, Miguel Bonito, el diputado Hugo Mora y el asesor especial Frank Piedrahita, quienes se\u00f1alaron que es impresionante como prosigue el proceso de masificaci\u00f3n en diferentes sectores de la entidad llanera. <strong>(Fotos de Juan Gonz\u00e1lez)<\/strong><\/p>\n<p><img loading=\"lazy\" decoding=\"async\" class=\"alignnone size-medium wp-image-6362\" src=\"https:\/\/periodicocentroccidente.com\/wp-content\/uploads\/2026\/03\/3-1-300x169.jpg\" alt=\"\" width=\"300\" height=\"169\" srcset=\"https:\/\/periodicocentroccidente.com\/wp-content\/uploads\/2026\/03\/3-1-300x169.jpg 300w, https:\/\/periodicocentroccidente.com\/wp-content\/uploads\/2026\/03\/3-1-1024x576.jpg 1024w, https:\/\/periodicocentroccidente.com\/wp-content\/uploads\/2026\/03\/3-1-768x432.jpg 768w, https:\/\/periodicocentroccidente.com\/wp-content\/uploads\/2026\/03\/3-1-390x220.jpg 390w, https:\/\/periodicocentroccidente.com\/wp-content\/uploads\/2026\/03\/3-1.jpg 1439w\" sizes=\"auto, (max-width: 300px) 100vw, 300px\" \/>\u00a0 \u00a0 \u00a0 \u00a0 <img loading=\"lazy\" decoding=\"async\" class=\"alignnone size-medium wp-image-6361\" src=\"https:\/\/periodicocentroccidente.com\/wp-content\/uploads\/2026\/03\/2-1-300x169.jpg\" alt=\"\" width=\"300\" height=\"169\" srcset=\"https:\/\/periodicocentroccidente.com\/wp-content\/uploads\/2026\/03\/2-1-300x169.jpg 300w, https:\/\/periodicocentroccidente.com\/wp-content\/uploads\/2026\/03\/2-1-1024x576.jpg 1024w, https:\/\/periodicocentroccidente.com\/wp-content\/uploads\/2026\/03\/2-1-768x432.jpg 768w, https:\/\/periodicocentroccidente.com\/wp-content\/uploads\/2026\/03\/2-1-390x220.jpg 390w, https:\/\/periodicocentroccidente.com\/wp-content\/uploads\/2026\/03\/2-1.jpg 1440w\" sizes=\"auto, (max-width: 300px) 100vw, 300px\" \/><\/p>\n","protected":false},"excerpt":{"rendered":"<p>Especial.- Lleg&oacute; a su gran final el torneo de f&uacute;tbol estadal &ldquo;Evoluci&oacute;n&rdquo; categor&iacute;a sub-14, evento donde compitieron m&aacute;s de 200 atletas de 16 equipos de seis municipios del estado Portuguesa durante dos meses de acci&oacute;n. El compacto equipo de Mundo Gol se llev&oacute; los m&aacute;ximos honores tras derrotar dos por cero al cuadro de la &hellip;<\/p>\n","protected":false},"author":2,"featured_media":6360,"comment_status":"open","ping_status":"open","sticky":false,"template":"","format":"standard","meta":{"_jetpack_memberships_contains_paid_content":false,"footnotes":""},"categories":[128],"tags":[],"class_list":["post-6359","post","type-post","status-publish","format-standard","has-post-thumbnail","hentry","category-noticias-del-cono-norte"],"yoast_head":"<!-- This site is optimized with the Yoast SEO plugin v24.8.1 - https:\/\/yoast.com\/wordpress\/plugins\/seo\/ -->\n<title>Mundo Gol se proclama campe\u00f3n del estadal de f\u00fatbol sub-14 -<\/title>\n<meta name=\"robots\" content=\"index, follow, max-snippet:-1, max-image-preview:large, max-video-preview:-1\" \/>\n<link rel=\"canonical\" href=\"https:\/\/periodicocentroccidente.com\/?p=6359\" \/>\n<meta property=\"og:locale\" content=\"es_ES\" \/>\n<meta property=\"og:type\" content=\"article\" \/>\n<meta property=\"og:title\" content=\"Mundo Gol se proclama campe\u00f3n del estadal de f\u00fatbol sub-14 -\" \/>\n<meta property=\"og:description\" content=\"Especial.- Lleg&oacute; a su gran final el torneo de f&uacute;tbol estadal &ldquo;Evoluci&oacute;n&rdquo; categor&iacute;a sub-14, evento donde compitieron m&aacute;s de 200 atletas de 16 equipos de seis municipios del estado Portuguesa durante dos meses de acci&oacute;n. El compacto equipo de Mundo Gol se llev&oacute; los m&aacute;ximos honores tras derrotar dos por cero al cuadro de la &hellip;\" \/>\n<meta property=\"og:url\" content=\"https:\/\/periodicocentroccidente.com\/?p=6359\" \/>\n<meta property=\"article:published_time\" content=\"2026-03-17T19:14:39+00:00\" \/>\n<meta property=\"og:image\" content=\"https:\/\/periodicocentroccidente.com\/wp-content\/uploads\/2026\/03\/1-1.jpg\" \/>\n\t<meta property=\"og:image:width\" content=\"1440\" \/>\n\t<meta property=\"og:image:height\" content=\"810\" \/>\n\t<meta property=\"og:image:type\" content=\"image\/jpeg\" \/>\n<meta name=\"author\" content=\"Ricardo\" \/>\n<meta name=\"twitter:card\" content=\"summary_large_image\" \/>\n<meta name=\"twitter:label1\" content=\"Escrito por\" \/>\n\t<meta name=\"twitter:data1\" content=\"Ricardo\" \/>\n\t<meta name=\"twitter:label2\" content=\"Tiempo de lectura\" \/>\n\t<meta name=\"twitter:data2\" content=\"2 minutos\" \/>\n<script type=\"application\/ld+json\" class=\"yoast-schema-graph\">{\"@context\":\"https:\/\/schema.org\",\"@graph\":[{\"@type\":\"WebPage\",\"@id\":\"https:\/\/periodicocentroccidente.com\/?p=6359\",\"url\":\"https:\/\/periodicocentroccidente.com\/?p=6359\",\"name\":\"Mundo Gol se proclama campe\u00f3n del estadal de f\u00fatbol sub-14 -\",\"isPartOf\":{\"@id\":\"https:\/\/periodicocentroccidente.com\/#website\"},\"primaryImageOfPage\":{\"@id\":\"https:\/\/periodicocentroccidente.com\/?p=6359#primaryimage\"},\"image\":{\"@id\":\"https:\/\/periodicocentroccidente.com\/?p=6359#primaryimage\"},\"thumbnailUrl\":\"https:\/\/periodicocentroccidente.com\/wp-content\/uploads\/2026\/03\/1-1.jpg\",\"datePublished\":\"2026-03-17T19:14:39+00:00\",\"author\":{\"@id\":\"https:\/\/periodicocentroccidente.com\/#\/schema\/person\/f4e4a651098f3db198244657b7130e7e\"},\"breadcrumb\":{\"@id\":\"https:\/\/periodicocentroccidente.com\/?p=6359#breadcrumb\"},\"inLanguage\":\"es\",\"potentialAction\":[{\"@type\":\"ReadAction\",\"target\":[\"https:\/\/periodicocentroccidente.com\/?p=6359\"]}]},{\"@type\":\"ImageObject\",\"inLanguage\":\"es\",\"@id\":\"https:\/\/periodicocentroccidente.com\/?p=6359#primaryimage\",\"url\":\"https:\/\/periodicocentroccidente.com\/wp-content\/uploads\/2026\/03\/1-1.jpg\",\"contentUrl\":\"https:\/\/periodicocentroccidente.com\/wp-content\/uploads\/2026\/03\/1-1.jpg\",\"width\":1440,\"height\":810},{\"@type\":\"BreadcrumbList\",\"@id\":\"https:\/\/periodicocentroccidente.com\/?p=6359#breadcrumb\",\"itemListElement\":[{\"@type\":\"ListItem\",\"position\":1,\"name\":\"Portada\",\"item\":\"https:\/\/periodicocentroccidente.com\/\"},{\"@type\":\"ListItem\",\"position\":2,\"name\":\"Mundo Gol se proclama campe\u00f3n del estadal de f\u00fatbol sub-14\"}]},{\"@type\":\"WebSite\",\"@id\":\"https:\/\/periodicocentroccidente.com\/#website\",\"url\":\"https:\/\/periodicocentroccidente.com\/\",\"name\":\"\",\"description\":\"Periodismo serio y responsable\",\"potentialAction\":[{\"@type\":\"SearchAction\",\"target\":{\"@type\":\"EntryPoint\",\"urlTemplate\":\"https:\/\/periodicocentroccidente.com\/?s={search_term_string}\"},\"query-input\":{\"@type\":\"PropertyValueSpecification\",\"valueRequired\":true,\"valueName\":\"search_term_string\"}}],\"inLanguage\":\"es\"},{\"@type\":\"Person\",\"@id\":\"https:\/\/periodicocentroccidente.com\/#\/schema\/person\/f4e4a651098f3db198244657b7130e7e\",\"name\":\"Ricardo\",\"image\":{\"@type\":\"ImageObject\",\"inLanguage\":\"es\",\"@id\":\"https:\/\/periodicocentroccidente.com\/#\/schema\/person\/image\/\",\"url\":\"https:\/\/secure.gravatar.com\/avatar\/402e6137108ec0fdaa7809184382fb1dd2f8b00264c1d945d341f2b8f90db429?s=96&d=mm&r=g\",\"contentUrl\":\"https:\/\/secure.gravatar.com\/avatar\/402e6137108ec0fdaa7809184382fb1dd2f8b00264c1d945d341f2b8f90db429?s=96&d=mm&r=g\",\"caption\":\"Ricardo\"},\"url\":\"https:\/\/periodicocentroccidente.com\/?author=2\"}]}<\/script>\n<!-- \/ Yoast SEO plugin. -->","yoast_head_json":{"title":"Mundo Gol se proclama campe\u00f3n del estadal de f\u00fatbol sub-14 -","robots":{"index":"index","follow":"follow","max-snippet":"max-snippet:-1","max-image-preview":"max-image-preview:large","max-video-preview":"max-video-preview:-1"},"canonical":"https:\/\/periodicocentroccidente.com\/?p=6359","og_locale":"es_ES","og_type":"article","og_title":"Mundo Gol se proclama campe\u00f3n del estadal de f\u00fatbol sub-14 -","og_description":"Especial.- Lleg&oacute; a su gran final el torneo de f&uacute;tbol estadal &ldquo;Evoluci&oacute;n&rdquo; categor&iacute;a sub-14, evento donde compitieron m&aacute;s de 200 atletas de 16 equipos de seis municipios del estado Portuguesa durante dos meses de acci&oacute;n. El compacto equipo de Mundo Gol se llev&oacute; los m&aacute;ximos honores tras derrotar dos por cero al cuadro de la &hellip;","og_url":"https:\/\/periodicocentroccidente.com\/?p=6359","article_published_time":"2026-03-17T19:14:39+00:00","og_image":[{"width":1440,"height":810,"url":"https:\/\/periodicocentroccidente.com\/wp-content\/uploads\/2026\/03\/1-1.jpg","type":"image\/jpeg"}],"author":"Ricardo","twitter_card":"summary_large_image","twitter_misc":{"Escrito por":"Ricardo","Tiempo de lectura":"2 minutos"},"schema":{"@context":"https:\/\/schema.org","@graph":[{"@type":"WebPage","@id":"https:\/\/periodicocentroccidente.com\/?p=6359","url":"https:\/\/periodicocentroccidente.com\/?p=6359","name":"Mundo Gol se proclama campe\u00f3n del estadal de f\u00fatbol sub-14 -","isPartOf":{"@id":"https:\/\/periodicocentroccidente.com\/#website"},"primaryImageOfPage":{"@id":"https:\/\/periodicocentroccidente.com\/?p=6359#primaryimage"},"image":{"@id":"https:\/\/periodicocentroccidente.com\/?p=6359#primaryimage"},"thumbnailUrl":"https:\/\/periodicocentroccidente.com\/wp-content\/uploads\/2026\/03\/1-1.jpg","datePublished":"2026-03-17T19:14:39+00:00","author":{"@id":"https:\/\/periodicocentroccidente.com\/#\/schema\/person\/f4e4a651098f3db198244657b7130e7e"},"breadcrumb":{"@id":"https:\/\/periodicocentroccidente.com\/?p=6359#breadcrumb"},"inLanguage":"es","potentialAction":[{"@type":"ReadAction","target":["https:\/\/periodicocentroccidente.com\/?p=6359"]}]},{"@type":"ImageObject","inLanguage":"es","@id":"https:\/\/periodicocentroccidente.com\/?p=6359#primaryimage","url":"https:\/\/periodicocentroccidente.com\/wp-content\/uploads\/2026\/03\/1-1.jpg","contentUrl":"https:\/\/periodicocentroccidente.com\/wp-content\/uploads\/2026\/03\/1-1.jpg","width":1440,"height":810},{"@type":"BreadcrumbList","@id":"https:\/\/periodicocentroccidente.com\/?p=6359#breadcrumb","itemListElement":[{"@type":"ListItem","position":1,"name":"Portada","item":"https:\/\/periodicocentroccidente.com\/"},{"@type":"ListItem","position":2,"name":"Mundo Gol se proclama campe\u00f3n del estadal de f\u00fatbol sub-14"}]},{"@type":"WebSite","@id":"https:\/\/periodicocentroccidente.com\/#website","url":"https:\/\/periodicocentroccidente.com\/","name":"","description":"Periodismo serio y responsable","potentialAction":[{"@type":"SearchAction","target":{"@type":"EntryPoint","urlTemplate":"https:\/\/periodicocentroccidente.com\/?s={search_term_string}"},"query-input":{"@type":"PropertyValueSpecification","valueRequired":true,"valueName":"search_term_string"}}],"inLanguage":"es"},{"@type":"Person","@id":"https:\/\/periodicocentroccidente.com\/#\/schema\/person\/f4e4a651098f3db198244657b7130e7e","name":"Ricardo","image":{"@type":"ImageObject","inLanguage":"es","@id":"https:\/\/periodicocentroccidente.com\/#\/schema\/person\/image\/","url":"https:\/\/secure.gravatar.com\/avatar\/402e6137108ec0fdaa7809184382fb1dd2f8b00264c1d945d341f2b8f90db429?s=96&d=mm&r=g","contentUrl":"https:\/\/secure.gravatar.com\/avatar\/402e6137108ec0fdaa7809184382fb1dd2f8b00264c1d945d341f2b8f90db429?s=96&d=mm&r=g","caption":"Ricardo"},"url":"https:\/\/periodicocentroccidente.com\/?author=2"}]}},"jetpack_featured_media_url":"https:\/\/periodicocentroccidente.com\/wp-content\/uploads\/2026\/03\/1-1.jpg","jetpack_sharing_enabled":true,"jetpack-related-posts":[],"_links":{"self":[{"href":"https:\/\/periodicocentroccidente.com\/index.php?rest_route=\/wp\/v2\/posts\/6359","targetHints":{"allow":["GET"]}}],"collection":[{"href":"https:\/\/periodicocentroccidente.com\/index.php?rest_route=\/wp\/v2\/posts"}],"about":[{"href":"https:\/\/periodicocentroccidente.com\/index.php?rest_route=\/wp\/v2\/types\/post"}],"author":[{"embeddable":true,"href":"https:\/\/periodicocentroccidente.com\/index.php?rest_route=\/wp\/v2\/users\/2"}],"replies":[{"embeddable":true,"href":"https:\/\/periodicocentroccidente.com\/index.php?rest_route=%2Fwp%2Fv2%2Fcomments&post=6359"}],"version-history":[{"count":1,"href":"https:\/\/periodicocentroccidente.com\/index.php?rest_route=\/wp\/v2\/posts\/6359\/revisions"}],"predecessor-version":[{"id":6363,"href":"https:\/\/periodicocentroccidente.com\/index.php?rest_route=\/wp\/v2\/posts\/6359\/revisions\/6363"}],"wp:featuredmedia":[{"embeddable":true,"href":"https:\/\/periodicocentroccidente.com\/index.php?rest_route=\/wp\/v2\/media\/6360"}],"wp:attachment":[{"href":"https:\/\/periodicocentroccidente.com\/index.php?rest_route=%2Fwp%2Fv2%2Fmedia&parent=6359"}],"wp:term":[{"taxonomy":"category","embeddable":true,"href":"https:\/\/periodicocentroccidente.com\/index.php?rest_route=%2Fwp%2Fv2%2Fcategories&post=6359"},{"taxonomy":"post_tag","embeddable":true,"href":"https:\/\/periodicocentroccidente.com\/index.php?rest_route=%2Fwp%2Fv2%2Ftags&post=6359"}],"curies":[{"name":"wp","href":"https:\/\/api.w.org\/{rel}","templated":true}]}}