{"id":6313,"date":"2026-03-14T20:58:13","date_gmt":"2026-03-14T20:58:13","guid":{"rendered":"https:\/\/periodicocentroccidente.com\/?p=6313"},"modified":"2026-03-14T20:58:13","modified_gmt":"2026-03-14T20:58:13","slug":"gobernador-primitivo-cedeno-llamo-a-mantener-la-unidad-del-pueblo-patriotico","status":"publish","type":"post","link":"https:\/\/periodicocentroccidente.com\/?p=6313","title":{"rendered":"Gobernador Primitivo Cede\u00f1o llam\u00f3 a mantener la \u00abUnidad del pueblo patri\u00f3tico\u00bb"},"content":{"rendered":"<p><strong>Especial.-<\/strong><\/p>\n<p>Durante la presentaci\u00f3n de su informe de gesti\u00f3n correspondiente al a\u00f1o 2025, el gobernador de Portuguesa, Primitivo Cede\u00f1o, resalt\u00f3 la consolidaci\u00f3n de lo que calific\u00f3 como una \u201cunidad del gran pueblo patri\u00f3tico\u201d dentro de la entidad, enfatizando la importancia de mantener cohesionada la estructura pol\u00edtica y social para enfrentar los retos del pa\u00eds.<\/p>\n<p>En un pasaje de su alocuci\u00f3n, Cede\u00f1o envi\u00f3 un mensaje de apoyo a la Direcci\u00f3n Nacional del partido, as\u00ed como a figuras del liderazgo nacional, en especial al presidente de la Asamblea Nacional, Jorge Rodr\u00edguez, y a diversos compa\u00f1eros de lucha pol\u00edtica. Subray\u00f3 que no puede haber lugar para contradicciones ni dudas dentro de las filas del proyecto pol\u00edtico que representa, insistiendo en que \u201clo que se est\u00e1 haciendo es lo que se tiene que hacer\u201d para el bienestar de la patria.<\/p>\n<p>El gobernador afirm\u00f3 que el foco principal de los esfuerzos en Portuguesa est\u00e1 en la preservaci\u00f3n de la paz nacional y en lograr avances en la consolidaci\u00f3n de pol\u00edticas que, seg\u00fan \u00e9l, favorecen a la poblaci\u00f3n en medio de un contexto pol\u00edtico exigente. Cede\u00f1o explic\u00f3 que la gesti\u00f3n no solo se mide por lo administrativo, sino tambi\u00e9n por la fortaleza ideol\u00f3gica y la unidad de prop\u00f3sito frente a lo que consider\u00f3 \u201cbatallas pol\u00edticas\u201d necesarias para el pa\u00eds.<\/p>\n<p>Asimismo, destac\u00f3 que su gobierno sabe claramente hacia d\u00f3nde debe dirigirse y que los resultados de su trabajo reflejan una gesti\u00f3n comprometida con los intereses colectivos por encima de aspiraciones personales. En ese sentido, insisti\u00f3 en que la coyuntura actual demanda firmeza y claridad de objetivos para continuar avanzando en las tareas asignadas a su administraci\u00f3n.<\/p>\n<p>En su intervenci\u00f3n final, Cede\u00f1o reiter\u00f3 que pese a cualquier cr\u00edtica o cuestionamiento, su administraci\u00f3n se mantiene firme, convencida de que dirige al estado hacia el cumplimiento de sus metas y responsabilidades, reforzando el mensaje de que el Gobierno y su gesti\u00f3n son parte de un proyecto con reconocimiento y respaldo pol\u00edtico a nivel nacional.<\/p>\n<p><strong> \/Noticias24hrs<\/strong><\/p>\n","protected":false},"excerpt":{"rendered":"<p>Especial.- Durante la presentaci&oacute;n de su informe de gesti&oacute;n correspondiente al a&ntilde;o 2025, el gobernador de Portuguesa, Primitivo Cede&ntilde;o, resalt&oacute; la consolidaci&oacute;n de lo que calific&oacute; como una &ldquo;unidad del gran pueblo patri&oacute;tico&rdquo; dentro de la entidad, enfatizando la importancia de mantener cohesionada la estructura pol&iacute;tica y social para enfrentar los retos del pa&iacute;s. En &hellip;<\/p>\n","protected":false},"author":2,"featured_media":6314,"comment_status":"open","ping_status":"open","sticky":false,"template":"","format":"standard","meta":{"_jetpack_memberships_contains_paid_content":false,"footnotes":""},"categories":[127],"tags":[],"class_list":["post-6313","post","type-post","status-publish","format-standard","has-post-thumbnail","hentry","category-noticias-recientes"],"yoast_head":"<!-- This site is optimized with the Yoast SEO plugin v24.8.1 - https:\/\/yoast.com\/wordpress\/plugins\/seo\/ -->\n<title>Gobernador Primitivo Cede\u00f1o llam\u00f3 a mantener la \u00abUnidad del pueblo patri\u00f3tico\u00bb -<\/title>\n<meta name=\"robots\" content=\"index, follow, max-snippet:-1, max-image-preview:large, max-video-preview:-1\" \/>\n<link rel=\"canonical\" href=\"https:\/\/periodicocentroccidente.com\/?p=6313\" \/>\n<meta property=\"og:locale\" content=\"es_ES\" \/>\n<meta property=\"og:type\" content=\"article\" \/>\n<meta property=\"og:title\" content=\"Gobernador Primitivo Cede\u00f1o llam\u00f3 a mantener la \u00abUnidad del pueblo patri\u00f3tico\u00bb -\" \/>\n<meta property=\"og:description\" content=\"Especial.- Durante la presentaci&oacute;n de su informe de gesti&oacute;n correspondiente al a&ntilde;o 2025, el gobernador de Portuguesa, Primitivo Cede&ntilde;o, resalt&oacute; la consolidaci&oacute;n de lo que calific&oacute; como una &ldquo;unidad del gran pueblo patri&oacute;tico&rdquo; dentro de la entidad, enfatizando la importancia de mantener cohesionada la estructura pol&iacute;tica y social para enfrentar los retos del pa&iacute;s. En &hellip;\" \/>\n<meta property=\"og:url\" content=\"https:\/\/periodicocentroccidente.com\/?p=6313\" \/>\n<meta property=\"article:published_time\" content=\"2026-03-14T20:58:13+00:00\" \/>\n<meta property=\"og:image\" content=\"https:\/\/periodicocentroccidente.com\/wp-content\/uploads\/2026\/03\/Screenshot_20260313_065315_Instagram.jpg\" \/>\n\t<meta property=\"og:image:width\" content=\"1080\" \/>\n\t<meta property=\"og:image:height\" content=\"771\" \/>\n\t<meta property=\"og:image:type\" content=\"image\/jpeg\" \/>\n<meta name=\"author\" content=\"Ricardo\" \/>\n<meta name=\"twitter:card\" content=\"summary_large_image\" \/>\n<meta name=\"twitter:label1\" content=\"Escrito por\" \/>\n\t<meta name=\"twitter:data1\" content=\"Ricardo\" \/>\n\t<meta name=\"twitter:label2\" content=\"Tiempo de lectura\" \/>\n\t<meta name=\"twitter:data2\" content=\"2 minutos\" \/>\n<script type=\"application\/ld+json\" class=\"yoast-schema-graph\">{\"@context\":\"https:\/\/schema.org\",\"@graph\":[{\"@type\":\"WebPage\",\"@id\":\"https:\/\/periodicocentroccidente.com\/?p=6313\",\"url\":\"https:\/\/periodicocentroccidente.com\/?p=6313\",\"name\":\"Gobernador Primitivo Cede\u00f1o llam\u00f3 a mantener la \u00abUnidad del pueblo patri\u00f3tico\u00bb -\",\"isPartOf\":{\"@id\":\"https:\/\/periodicocentroccidente.com\/#website\"},\"primaryImageOfPage\":{\"@id\":\"https:\/\/periodicocentroccidente.com\/?p=6313#primaryimage\"},\"image\":{\"@id\":\"https:\/\/periodicocentroccidente.com\/?p=6313#primaryimage\"},\"thumbnailUrl\":\"https:\/\/periodicocentroccidente.com\/wp-content\/uploads\/2026\/03\/Screenshot_20260313_065315_Instagram.jpg\",\"datePublished\":\"2026-03-14T20:58:13+00:00\",\"author\":{\"@id\":\"https:\/\/periodicocentroccidente.com\/#\/schema\/person\/f4e4a651098f3db198244657b7130e7e\"},\"breadcrumb\":{\"@id\":\"https:\/\/periodicocentroccidente.com\/?p=6313#breadcrumb\"},\"inLanguage\":\"es\",\"potentialAction\":[{\"@type\":\"ReadAction\",\"target\":[\"https:\/\/periodicocentroccidente.com\/?p=6313\"]}]},{\"@type\":\"ImageObject\",\"inLanguage\":\"es\",\"@id\":\"https:\/\/periodicocentroccidente.com\/?p=6313#primaryimage\",\"url\":\"https:\/\/periodicocentroccidente.com\/wp-content\/uploads\/2026\/03\/Screenshot_20260313_065315_Instagram.jpg\",\"contentUrl\":\"https:\/\/periodicocentroccidente.com\/wp-content\/uploads\/2026\/03\/Screenshot_20260313_065315_Instagram.jpg\",\"width\":1080,\"height\":771},{\"@type\":\"BreadcrumbList\",\"@id\":\"https:\/\/periodicocentroccidente.com\/?p=6313#breadcrumb\",\"itemListElement\":[{\"@type\":\"ListItem\",\"position\":1,\"name\":\"Portada\",\"item\":\"https:\/\/periodicocentroccidente.com\/\"},{\"@type\":\"ListItem\",\"position\":2,\"name\":\"Gobernador Primitivo Cede\u00f1o llam\u00f3 a mantener la \u00abUnidad del pueblo patri\u00f3tico\u00bb\"}]},{\"@type\":\"WebSite\",\"@id\":\"https:\/\/periodicocentroccidente.com\/#website\",\"url\":\"https:\/\/periodicocentroccidente.com\/\",\"name\":\"\",\"description\":\"Periodismo serio y responsable\",\"potentialAction\":[{\"@type\":\"SearchAction\",\"target\":{\"@type\":\"EntryPoint\",\"urlTemplate\":\"https:\/\/periodicocentroccidente.com\/?s={search_term_string}\"},\"query-input\":{\"@type\":\"PropertyValueSpecification\",\"valueRequired\":true,\"valueName\":\"search_term_string\"}}],\"inLanguage\":\"es\"},{\"@type\":\"Person\",\"@id\":\"https:\/\/periodicocentroccidente.com\/#\/schema\/person\/f4e4a651098f3db198244657b7130e7e\",\"name\":\"Ricardo\",\"image\":{\"@type\":\"ImageObject\",\"inLanguage\":\"es\",\"@id\":\"https:\/\/periodicocentroccidente.com\/#\/schema\/person\/image\/\",\"url\":\"https:\/\/secure.gravatar.com\/avatar\/402e6137108ec0fdaa7809184382fb1dd2f8b00264c1d945d341f2b8f90db429?s=96&d=mm&r=g\",\"contentUrl\":\"https:\/\/secure.gravatar.com\/avatar\/402e6137108ec0fdaa7809184382fb1dd2f8b00264c1d945d341f2b8f90db429?s=96&d=mm&r=g\",\"caption\":\"Ricardo\"},\"url\":\"https:\/\/periodicocentroccidente.com\/?author=2\"}]}<\/script>\n<!-- \/ Yoast SEO plugin. -->","yoast_head_json":{"title":"Gobernador Primitivo Cede\u00f1o llam\u00f3 a mantener la \u00abUnidad del pueblo patri\u00f3tico\u00bb -","robots":{"index":"index","follow":"follow","max-snippet":"max-snippet:-1","max-image-preview":"max-image-preview:large","max-video-preview":"max-video-preview:-1"},"canonical":"https:\/\/periodicocentroccidente.com\/?p=6313","og_locale":"es_ES","og_type":"article","og_title":"Gobernador Primitivo Cede\u00f1o llam\u00f3 a mantener la \u00abUnidad del pueblo patri\u00f3tico\u00bb -","og_description":"Especial.- Durante la presentaci&oacute;n de su informe de gesti&oacute;n correspondiente al a&ntilde;o 2025, el gobernador de Portuguesa, Primitivo Cede&ntilde;o, resalt&oacute; la consolidaci&oacute;n de lo que calific&oacute; como una &ldquo;unidad del gran pueblo patri&oacute;tico&rdquo; dentro de la entidad, enfatizando la importancia de mantener cohesionada la estructura pol&iacute;tica y social para enfrentar los retos del pa&iacute;s. En &hellip;","og_url":"https:\/\/periodicocentroccidente.com\/?p=6313","article_published_time":"2026-03-14T20:58:13+00:00","og_image":[{"width":1080,"height":771,"url":"https:\/\/periodicocentroccidente.com\/wp-content\/uploads\/2026\/03\/Screenshot_20260313_065315_Instagram.jpg","type":"image\/jpeg"}],"author":"Ricardo","twitter_card":"summary_large_image","twitter_misc":{"Escrito por":"Ricardo","Tiempo de lectura":"2 minutos"},"schema":{"@context":"https:\/\/schema.org","@graph":[{"@type":"WebPage","@id":"https:\/\/periodicocentroccidente.com\/?p=6313","url":"https:\/\/periodicocentroccidente.com\/?p=6313","name":"Gobernador Primitivo Cede\u00f1o llam\u00f3 a mantener la \u00abUnidad del pueblo patri\u00f3tico\u00bb -","isPartOf":{"@id":"https:\/\/periodicocentroccidente.com\/#website"},"primaryImageOfPage":{"@id":"https:\/\/periodicocentroccidente.com\/?p=6313#primaryimage"},"image":{"@id":"https:\/\/periodicocentroccidente.com\/?p=6313#primaryimage"},"thumbnailUrl":"https:\/\/periodicocentroccidente.com\/wp-content\/uploads\/2026\/03\/Screenshot_20260313_065315_Instagram.jpg","datePublished":"2026-03-14T20:58:13+00:00","author":{"@id":"https:\/\/periodicocentroccidente.com\/#\/schema\/person\/f4e4a651098f3db198244657b7130e7e"},"breadcrumb":{"@id":"https:\/\/periodicocentroccidente.com\/?p=6313#breadcrumb"},"inLanguage":"es","potentialAction":[{"@type":"ReadAction","target":["https:\/\/periodicocentroccidente.com\/?p=6313"]}]},{"@type":"ImageObject","inLanguage":"es","@id":"https:\/\/periodicocentroccidente.com\/?p=6313#primaryimage","url":"https:\/\/periodicocentroccidente.com\/wp-content\/uploads\/2026\/03\/Screenshot_20260313_065315_Instagram.jpg","contentUrl":"https:\/\/periodicocentroccidente.com\/wp-content\/uploads\/2026\/03\/Screenshot_20260313_065315_Instagram.jpg","width":1080,"height":771},{"@type":"BreadcrumbList","@id":"https:\/\/periodicocentroccidente.com\/?p=6313#breadcrumb","itemListElement":[{"@type":"ListItem","position":1,"name":"Portada","item":"https:\/\/periodicocentroccidente.com\/"},{"@type":"ListItem","position":2,"name":"Gobernador Primitivo Cede\u00f1o llam\u00f3 a mantener la \u00abUnidad del pueblo patri\u00f3tico\u00bb"}]},{"@type":"WebSite","@id":"https:\/\/periodicocentroccidente.com\/#website","url":"https:\/\/periodicocentroccidente.com\/","name":"","description":"Periodismo serio y responsable","potentialAction":[{"@type":"SearchAction","target":{"@type":"EntryPoint","urlTemplate":"https:\/\/periodicocentroccidente.com\/?s={search_term_string}"},"query-input":{"@type":"PropertyValueSpecification","valueRequired":true,"valueName":"search_term_string"}}],"inLanguage":"es"},{"@type":"Person","@id":"https:\/\/periodicocentroccidente.com\/#\/schema\/person\/f4e4a651098f3db198244657b7130e7e","name":"Ricardo","image":{"@type":"ImageObject","inLanguage":"es","@id":"https:\/\/periodicocentroccidente.com\/#\/schema\/person\/image\/","url":"https:\/\/secure.gravatar.com\/avatar\/402e6137108ec0fdaa7809184382fb1dd2f8b00264c1d945d341f2b8f90db429?s=96&d=mm&r=g","contentUrl":"https:\/\/secure.gravatar.com\/avatar\/402e6137108ec0fdaa7809184382fb1dd2f8b00264c1d945d341f2b8f90db429?s=96&d=mm&r=g","caption":"Ricardo"},"url":"https:\/\/periodicocentroccidente.com\/?author=2"}]}},"jetpack_featured_media_url":"https:\/\/periodicocentroccidente.com\/wp-content\/uploads\/2026\/03\/Screenshot_20260313_065315_Instagram.jpg","jetpack_sharing_enabled":true,"jetpack-related-posts":[],"_links":{"self":[{"href":"https:\/\/periodicocentroccidente.com\/index.php?rest_route=\/wp\/v2\/posts\/6313","targetHints":{"allow":["GET"]}}],"collection":[{"href":"https:\/\/periodicocentroccidente.com\/index.php?rest_route=\/wp\/v2\/posts"}],"about":[{"href":"https:\/\/periodicocentroccidente.com\/index.php?rest_route=\/wp\/v2\/types\/post"}],"author":[{"embeddable":true,"href":"https:\/\/periodicocentroccidente.com\/index.php?rest_route=\/wp\/v2\/users\/2"}],"replies":[{"embeddable":true,"href":"https:\/\/periodicocentroccidente.com\/index.php?rest_route=%2Fwp%2Fv2%2Fcomments&post=6313"}],"version-history":[{"count":1,"href":"https:\/\/periodicocentroccidente.com\/index.php?rest_route=\/wp\/v2\/posts\/6313\/revisions"}],"predecessor-version":[{"id":6315,"href":"https:\/\/periodicocentroccidente.com\/index.php?rest_route=\/wp\/v2\/posts\/6313\/revisions\/6315"}],"wp:featuredmedia":[{"embeddable":true,"href":"https:\/\/periodicocentroccidente.com\/index.php?rest_route=\/wp\/v2\/media\/6314"}],"wp:attachment":[{"href":"https:\/\/periodicocentroccidente.com\/index.php?rest_route=%2Fwp%2Fv2%2Fmedia&parent=6313"}],"wp:term":[{"taxonomy":"category","embeddable":true,"href":"https:\/\/periodicocentroccidente.com\/index.php?rest_route=%2Fwp%2Fv2%2Fcategories&post=6313"},{"taxonomy":"post_tag","embeddable":true,"href":"https:\/\/periodicocentroccidente.com\/index.php?rest_route=%2Fwp%2Fv2%2Ftags&post=6313"}],"curies":[{"name":"wp","href":"https:\/\/api.w.org\/{rel}","templated":true}]}}