{"id":6264,"date":"2026-03-12T22:08:48","date_gmt":"2026-03-12T22:08:48","guid":{"rendered":"https:\/\/periodicocentroccidente.com\/?p=6264"},"modified":"2026-03-12T22:08:48","modified_gmt":"2026-03-12T22:08:48","slug":"mas-de-mil-estudiantes-inician-formacion-en-carreras-tradicionales-de-la-unellez-portuguesa","status":"publish","type":"post","link":"https:\/\/periodicocentroccidente.com\/?p=6264","title":{"rendered":"M\u00e1s de mil estudiantes inician formaci\u00f3n en carreras tradicionales de la Unellez Portuguesa"},"content":{"rendered":"<p><strong>Especial.-<\/strong><\/p>\n<div dir=\"auto\">Belkis Hern\u00e1ndez. Atendiendo las directrices del rector de la Universidad Nacional Experimental de los Llanos Occidentales \u00abEzequiel Zamora\u00bb (Unellez), doctor Pedro Grima, y en articulaci\u00f3n con el vicerrector de \u00e1rea, mag\u00edster Jos\u00e9 Baudo, esta casa de estudios dio apertura a las actividades acad\u00e9micas correspondientes al per\u00edodo lectivo 2026-I para estudiantes regulares y de nuevo ingreso.<\/div>\n<div dir=\"auto\"><\/div>\n<div dir=\"auto\">El despliegue educativo abarca tanto la sede principal en Guanare como las diversas extensiones municipalizadas, reafirmando el compromiso de \u00abLa Universidad que Siembra\u00bb con la descentralizaci\u00f3n del conocimiento y el desarrollo productivo de la regi\u00f3n llanera.<\/div>\n<div dir=\"auto\"><\/div>\n<div dir=\"auto\">Como parte de los actos de bienvenida, los estudiantes de nuevo ingreso en la sede de Guanare protagonizaron una jornada de inducci\u00f3n cargada de identidad institucional. El profesor Antonio Veiga lider\u00f3 un recorrido geohist\u00f3rico por la sede administrativa del VPA, actividad en la que estuvo acompa\u00f1ado por el vicerrector Jos\u00e9 Baudo y el personal acad\u00e9mico.<\/div>\n<div dir=\"auto\"><\/div>\n<div dir=\"auto\">Durante el encuentro con los estudiantes, el vicerrector Baudo ofreci\u00f3 palabras de bienvenida en las que destac\u00f3 la importancia de la educaci\u00f3n universitaria inclusiva impulsada por la Revoluci\u00f3n Bolivariana, la autoridad del VPA enfatiz\u00f3: \u00abEsto es inclusi\u00f3n, esto es soberan\u00eda, esto es patria\u00bb. Asimismo, exhort\u00f3 a los j\u00f3venes a valorar la oportunidad de cursar estudios para construir un mejor porvenir.<\/div>\n<div dir=\"auto\"><\/div>\n<div dir=\"auto\">Este recorrido busc\u00f3 conectar al estudiante con su entorno desde el primer d\u00eda, fomentando un sentido de pertenencia hacia los espacios donde forjar\u00e1n su futuro. Las actividades de recepci\u00f3n continuar\u00e1n durante la semana con visitas guiadas por las diversas \u00e1reas del campus, laboratorios y unidades de producci\u00f3n.<\/div>\n<div dir=\"auto\"><\/div>\n<div dir=\"auto\">De acuerdo con las cifras suministradas por el coordinador de Admisi\u00f3n, Registro, Seguimiento y Egreso Estudiantil (Cearsee), \u00d3scar Galiffa, el Vicerrectorado de Producci\u00f3n Agr\u00edcola (VPA) recibi\u00f3 a una cohorte aproximada de mil nuevos estudiantes. Este contingente inicia su formaci\u00f3n profesional en una oferta acad\u00e9mica diversificada que abarca distintas \u00e1reas del conocimiento.<\/div>\n<div dir=\"auto\"><\/div>\n<div dir=\"auto\">Finalmente, se inform\u00f3 que en las sedes municipalizada, el inicio de actividades se desarroll\u00f3 en total normalidad, consolidando de esta manera la presencia de la Unellez en cada rinc\u00f3n del estado Portuguesa.<\/div>\n<div dir=\"auto\"><\/div>\n<div dir=\"auto\"><strong>\u00a0Prensa Unellez-VPA \/ Belkis Hern\u00e1ndez.<\/strong><\/div>\n<div dir=\"auto\"><\/div>\n<div dir=\"auto\"><img loading=\"lazy\" decoding=\"async\" class=\"alignnone size-medium wp-image-6267\" src=\"https:\/\/periodicocentroccidente.com\/wp-content\/uploads\/2026\/03\/1008204981-300x225.jpg\" alt=\"\" width=\"300\" height=\"225\" srcset=\"https:\/\/periodicocentroccidente.com\/wp-content\/uploads\/2026\/03\/1008204981-300x225.jpg 300w, https:\/\/periodicocentroccidente.com\/wp-content\/uploads\/2026\/03\/1008204981-1024x768.jpg 1024w, https:\/\/periodicocentroccidente.com\/wp-content\/uploads\/2026\/03\/1008204981-768x576.jpg 768w, https:\/\/periodicocentroccidente.com\/wp-content\/uploads\/2026\/03\/1008204981-1536x1152.jpg 1536w, https:\/\/periodicocentroccidente.com\/wp-content\/uploads\/2026\/03\/1008204981-2048x1536.jpg 2048w\" sizes=\"auto, (max-width: 300px) 100vw, 300px\" \/>\u00a0 \u00a0 \u00a0 <img loading=\"lazy\" decoding=\"async\" class=\"alignnone size-medium wp-image-6265\" src=\"https:\/\/periodicocentroccidente.com\/wp-content\/uploads\/2026\/03\/1008204979-300x169.jpg\" alt=\"\" width=\"300\" height=\"169\" srcset=\"https:\/\/periodicocentroccidente.com\/wp-content\/uploads\/2026\/03\/1008204979-300x169.jpg 300w, https:\/\/periodicocentroccidente.com\/wp-content\/uploads\/2026\/03\/1008204979-1024x576.jpg 1024w, https:\/\/periodicocentroccidente.com\/wp-content\/uploads\/2026\/03\/1008204979-768x432.jpg 768w, https:\/\/periodicocentroccidente.com\/wp-content\/uploads\/2026\/03\/1008204979-1536x864.jpg 1536w, https:\/\/periodicocentroccidente.com\/wp-content\/uploads\/2026\/03\/1008204979-2048x1152.jpg 2048w, https:\/\/periodicocentroccidente.com\/wp-content\/uploads\/2026\/03\/1008204979-390x220.jpg 390w\" sizes=\"auto, (max-width: 300px) 100vw, 300px\" \/><\/div>\n<div dir=\"auto\"><\/div>\n<div dir=\"auto\"><\/div>\n","protected":false},"excerpt":{"rendered":"<p>Especial.- Belkis Hern&aacute;ndez. Atendiendo las directrices del rector de la Universidad Nacional Experimental de los Llanos Occidentales &laquo;Ezequiel Zamora&raquo; (Unellez), doctor Pedro Grima, y en articulaci&oacute;n con el vicerrector de &aacute;rea, mag&iacute;ster Jos&eacute; Baudo, esta casa de estudios dio apertura a las actividades acad&eacute;micas correspondientes al per&iacute;odo lectivo 2026-I para estudiantes regulares y de nuevo &hellip;<\/p>\n","protected":false},"author":2,"featured_media":6266,"comment_status":"open","ping_status":"open","sticky":false,"template":"","format":"standard","meta":{"_jetpack_memberships_contains_paid_content":false,"footnotes":""},"categories":[127],"tags":[],"class_list":["post-6264","post","type-post","status-publish","format-standard","has-post-thumbnail","hentry","category-noticias-recientes"],"yoast_head":"<!-- This site is optimized with the Yoast SEO plugin v24.8.1 - https:\/\/yoast.com\/wordpress\/plugins\/seo\/ -->\n<title>M\u00e1s de mil estudiantes inician formaci\u00f3n en carreras tradicionales de la Unellez Portuguesa -<\/title>\n<meta name=\"robots\" content=\"index, follow, max-snippet:-1, max-image-preview:large, max-video-preview:-1\" \/>\n<link rel=\"canonical\" href=\"https:\/\/periodicocentroccidente.com\/?p=6264\" \/>\n<meta property=\"og:locale\" content=\"es_ES\" \/>\n<meta property=\"og:type\" content=\"article\" \/>\n<meta property=\"og:title\" content=\"M\u00e1s de mil estudiantes inician formaci\u00f3n en carreras tradicionales de la Unellez Portuguesa -\" \/>\n<meta property=\"og:description\" content=\"Especial.- Belkis Hern&aacute;ndez. Atendiendo las directrices del rector de la Universidad Nacional Experimental de los Llanos Occidentales &laquo;Ezequiel Zamora&raquo; (Unellez), doctor Pedro Grima, y en articulaci&oacute;n con el vicerrector de &aacute;rea, mag&iacute;ster Jos&eacute; Baudo, esta casa de estudios dio apertura a las actividades acad&eacute;micas correspondientes al per&iacute;odo lectivo 2026-I para estudiantes regulares y de nuevo &hellip;\" \/>\n<meta property=\"og:url\" content=\"https:\/\/periodicocentroccidente.com\/?p=6264\" \/>\n<meta property=\"article:published_time\" content=\"2026-03-12T22:08:48+00:00\" \/>\n<meta property=\"og:image\" content=\"https:\/\/periodicocentroccidente.com\/wp-content\/uploads\/2026\/03\/1008204980.jpg\" \/>\n\t<meta property=\"og:image:width\" content=\"1280\" \/>\n\t<meta property=\"og:image:height\" content=\"825\" \/>\n\t<meta property=\"og:image:type\" content=\"image\/jpeg\" \/>\n<meta name=\"author\" content=\"Ricardo\" \/>\n<meta name=\"twitter:card\" content=\"summary_large_image\" \/>\n<meta name=\"twitter:label1\" content=\"Escrito por\" \/>\n\t<meta name=\"twitter:data1\" content=\"Ricardo\" \/>\n\t<meta name=\"twitter:label2\" content=\"Tiempo de lectura\" \/>\n\t<meta name=\"twitter:data2\" content=\"3 minutos\" \/>\n<script type=\"application\/ld+json\" class=\"yoast-schema-graph\">{\"@context\":\"https:\/\/schema.org\",\"@graph\":[{\"@type\":\"WebPage\",\"@id\":\"https:\/\/periodicocentroccidente.com\/?p=6264\",\"url\":\"https:\/\/periodicocentroccidente.com\/?p=6264\",\"name\":\"M\u00e1s de mil estudiantes inician formaci\u00f3n en carreras tradicionales de la Unellez Portuguesa -\",\"isPartOf\":{\"@id\":\"https:\/\/periodicocentroccidente.com\/#website\"},\"primaryImageOfPage\":{\"@id\":\"https:\/\/periodicocentroccidente.com\/?p=6264#primaryimage\"},\"image\":{\"@id\":\"https:\/\/periodicocentroccidente.com\/?p=6264#primaryimage\"},\"thumbnailUrl\":\"https:\/\/periodicocentroccidente.com\/wp-content\/uploads\/2026\/03\/1008204980.jpg\",\"datePublished\":\"2026-03-12T22:08:48+00:00\",\"author\":{\"@id\":\"https:\/\/periodicocentroccidente.com\/#\/schema\/person\/f4e4a651098f3db198244657b7130e7e\"},\"breadcrumb\":{\"@id\":\"https:\/\/periodicocentroccidente.com\/?p=6264#breadcrumb\"},\"inLanguage\":\"es\",\"potentialAction\":[{\"@type\":\"ReadAction\",\"target\":[\"https:\/\/periodicocentroccidente.com\/?p=6264\"]}]},{\"@type\":\"ImageObject\",\"inLanguage\":\"es\",\"@id\":\"https:\/\/periodicocentroccidente.com\/?p=6264#primaryimage\",\"url\":\"https:\/\/periodicocentroccidente.com\/wp-content\/uploads\/2026\/03\/1008204980.jpg\",\"contentUrl\":\"https:\/\/periodicocentroccidente.com\/wp-content\/uploads\/2026\/03\/1008204980.jpg\",\"width\":1280,\"height\":825},{\"@type\":\"BreadcrumbList\",\"@id\":\"https:\/\/periodicocentroccidente.com\/?p=6264#breadcrumb\",\"itemListElement\":[{\"@type\":\"ListItem\",\"position\":1,\"name\":\"Portada\",\"item\":\"https:\/\/periodicocentroccidente.com\/\"},{\"@type\":\"ListItem\",\"position\":2,\"name\":\"M\u00e1s de mil estudiantes inician formaci\u00f3n en carreras tradicionales de la Unellez Portuguesa\"}]},{\"@type\":\"WebSite\",\"@id\":\"https:\/\/periodicocentroccidente.com\/#website\",\"url\":\"https:\/\/periodicocentroccidente.com\/\",\"name\":\"\",\"description\":\"Periodismo serio y responsable\",\"potentialAction\":[{\"@type\":\"SearchAction\",\"target\":{\"@type\":\"EntryPoint\",\"urlTemplate\":\"https:\/\/periodicocentroccidente.com\/?s={search_term_string}\"},\"query-input\":{\"@type\":\"PropertyValueSpecification\",\"valueRequired\":true,\"valueName\":\"search_term_string\"}}],\"inLanguage\":\"es\"},{\"@type\":\"Person\",\"@id\":\"https:\/\/periodicocentroccidente.com\/#\/schema\/person\/f4e4a651098f3db198244657b7130e7e\",\"name\":\"Ricardo\",\"image\":{\"@type\":\"ImageObject\",\"inLanguage\":\"es\",\"@id\":\"https:\/\/periodicocentroccidente.com\/#\/schema\/person\/image\/\",\"url\":\"https:\/\/secure.gravatar.com\/avatar\/402e6137108ec0fdaa7809184382fb1dd2f8b00264c1d945d341f2b8f90db429?s=96&d=mm&r=g\",\"contentUrl\":\"https:\/\/secure.gravatar.com\/avatar\/402e6137108ec0fdaa7809184382fb1dd2f8b00264c1d945d341f2b8f90db429?s=96&d=mm&r=g\",\"caption\":\"Ricardo\"},\"url\":\"https:\/\/periodicocentroccidente.com\/?author=2\"}]}<\/script>\n<!-- \/ Yoast SEO plugin. -->","yoast_head_json":{"title":"M\u00e1s de mil estudiantes inician formaci\u00f3n en carreras tradicionales de la Unellez Portuguesa -","robots":{"index":"index","follow":"follow","max-snippet":"max-snippet:-1","max-image-preview":"max-image-preview:large","max-video-preview":"max-video-preview:-1"},"canonical":"https:\/\/periodicocentroccidente.com\/?p=6264","og_locale":"es_ES","og_type":"article","og_title":"M\u00e1s de mil estudiantes inician formaci\u00f3n en carreras tradicionales de la Unellez Portuguesa -","og_description":"Especial.- Belkis Hern&aacute;ndez. Atendiendo las directrices del rector de la Universidad Nacional Experimental de los Llanos Occidentales &laquo;Ezequiel Zamora&raquo; (Unellez), doctor Pedro Grima, y en articulaci&oacute;n con el vicerrector de &aacute;rea, mag&iacute;ster Jos&eacute; Baudo, esta casa de estudios dio apertura a las actividades acad&eacute;micas correspondientes al per&iacute;odo lectivo 2026-I para estudiantes regulares y de nuevo &hellip;","og_url":"https:\/\/periodicocentroccidente.com\/?p=6264","article_published_time":"2026-03-12T22:08:48+00:00","og_image":[{"width":1280,"height":825,"url":"https:\/\/periodicocentroccidente.com\/wp-content\/uploads\/2026\/03\/1008204980.jpg","type":"image\/jpeg"}],"author":"Ricardo","twitter_card":"summary_large_image","twitter_misc":{"Escrito por":"Ricardo","Tiempo de lectura":"3 minutos"},"schema":{"@context":"https:\/\/schema.org","@graph":[{"@type":"WebPage","@id":"https:\/\/periodicocentroccidente.com\/?p=6264","url":"https:\/\/periodicocentroccidente.com\/?p=6264","name":"M\u00e1s de mil estudiantes inician formaci\u00f3n en carreras tradicionales de la Unellez Portuguesa -","isPartOf":{"@id":"https:\/\/periodicocentroccidente.com\/#website"},"primaryImageOfPage":{"@id":"https:\/\/periodicocentroccidente.com\/?p=6264#primaryimage"},"image":{"@id":"https:\/\/periodicocentroccidente.com\/?p=6264#primaryimage"},"thumbnailUrl":"https:\/\/periodicocentroccidente.com\/wp-content\/uploads\/2026\/03\/1008204980.jpg","datePublished":"2026-03-12T22:08:48+00:00","author":{"@id":"https:\/\/periodicocentroccidente.com\/#\/schema\/person\/f4e4a651098f3db198244657b7130e7e"},"breadcrumb":{"@id":"https:\/\/periodicocentroccidente.com\/?p=6264#breadcrumb"},"inLanguage":"es","potentialAction":[{"@type":"ReadAction","target":["https:\/\/periodicocentroccidente.com\/?p=6264"]}]},{"@type":"ImageObject","inLanguage":"es","@id":"https:\/\/periodicocentroccidente.com\/?p=6264#primaryimage","url":"https:\/\/periodicocentroccidente.com\/wp-content\/uploads\/2026\/03\/1008204980.jpg","contentUrl":"https:\/\/periodicocentroccidente.com\/wp-content\/uploads\/2026\/03\/1008204980.jpg","width":1280,"height":825},{"@type":"BreadcrumbList","@id":"https:\/\/periodicocentroccidente.com\/?p=6264#breadcrumb","itemListElement":[{"@type":"ListItem","position":1,"name":"Portada","item":"https:\/\/periodicocentroccidente.com\/"},{"@type":"ListItem","position":2,"name":"M\u00e1s de mil estudiantes inician formaci\u00f3n en carreras tradicionales de la Unellez Portuguesa"}]},{"@type":"WebSite","@id":"https:\/\/periodicocentroccidente.com\/#website","url":"https:\/\/periodicocentroccidente.com\/","name":"","description":"Periodismo serio y responsable","potentialAction":[{"@type":"SearchAction","target":{"@type":"EntryPoint","urlTemplate":"https:\/\/periodicocentroccidente.com\/?s={search_term_string}"},"query-input":{"@type":"PropertyValueSpecification","valueRequired":true,"valueName":"search_term_string"}}],"inLanguage":"es"},{"@type":"Person","@id":"https:\/\/periodicocentroccidente.com\/#\/schema\/person\/f4e4a651098f3db198244657b7130e7e","name":"Ricardo","image":{"@type":"ImageObject","inLanguage":"es","@id":"https:\/\/periodicocentroccidente.com\/#\/schema\/person\/image\/","url":"https:\/\/secure.gravatar.com\/avatar\/402e6137108ec0fdaa7809184382fb1dd2f8b00264c1d945d341f2b8f90db429?s=96&d=mm&r=g","contentUrl":"https:\/\/secure.gravatar.com\/avatar\/402e6137108ec0fdaa7809184382fb1dd2f8b00264c1d945d341f2b8f90db429?s=96&d=mm&r=g","caption":"Ricardo"},"url":"https:\/\/periodicocentroccidente.com\/?author=2"}]}},"jetpack_featured_media_url":"https:\/\/periodicocentroccidente.com\/wp-content\/uploads\/2026\/03\/1008204980.jpg","jetpack_sharing_enabled":true,"jetpack-related-posts":[],"_links":{"self":[{"href":"https:\/\/periodicocentroccidente.com\/index.php?rest_route=\/wp\/v2\/posts\/6264","targetHints":{"allow":["GET"]}}],"collection":[{"href":"https:\/\/periodicocentroccidente.com\/index.php?rest_route=\/wp\/v2\/posts"}],"about":[{"href":"https:\/\/periodicocentroccidente.com\/index.php?rest_route=\/wp\/v2\/types\/post"}],"author":[{"embeddable":true,"href":"https:\/\/periodicocentroccidente.com\/index.php?rest_route=\/wp\/v2\/users\/2"}],"replies":[{"embeddable":true,"href":"https:\/\/periodicocentroccidente.com\/index.php?rest_route=%2Fwp%2Fv2%2Fcomments&post=6264"}],"version-history":[{"count":1,"href":"https:\/\/periodicocentroccidente.com\/index.php?rest_route=\/wp\/v2\/posts\/6264\/revisions"}],"predecessor-version":[{"id":6271,"href":"https:\/\/periodicocentroccidente.com\/index.php?rest_route=\/wp\/v2\/posts\/6264\/revisions\/6271"}],"wp:featuredmedia":[{"embeddable":true,"href":"https:\/\/periodicocentroccidente.com\/index.php?rest_route=\/wp\/v2\/media\/6266"}],"wp:attachment":[{"href":"https:\/\/periodicocentroccidente.com\/index.php?rest_route=%2Fwp%2Fv2%2Fmedia&parent=6264"}],"wp:term":[{"taxonomy":"category","embeddable":true,"href":"https:\/\/periodicocentroccidente.com\/index.php?rest_route=%2Fwp%2Fv2%2Fcategories&post=6264"},{"taxonomy":"post_tag","embeddable":true,"href":"https:\/\/periodicocentroccidente.com\/index.php?rest_route=%2Fwp%2Fv2%2Ftags&post=6264"}],"curies":[{"name":"wp","href":"https:\/\/api.w.org\/{rel}","templated":true}]}}