{"id":6254,"date":"2026-03-12T18:19:21","date_gmt":"2026-03-12T18:19:21","guid":{"rendered":"https:\/\/periodicocentroccidente.com\/?p=6254"},"modified":"2026-03-12T18:19:21","modified_gmt":"2026-03-12T18:19:21","slug":"reaizada-asamblea-extraordinaria-de-productores-agropecuarios-comerciantes-y-vecinos-sobre-el-precio-de-la-leche-a-puerta-de-corral","status":"publish","type":"post","link":"https:\/\/periodicocentroccidente.com\/?p=6254","title":{"rendered":"Reaizada asamblea extraordinaria de productores agropecuarios,\u00a0comerciantes\u00a0y vecinos sobre el precio de la leche a puerta de corral"},"content":{"rendered":"<div dir=\"auto\"><strong>Especial.-<\/strong><\/div>\n<div dir=\"auto\"><\/div>\n<div dir=\"auto\">En concurrida asamblea organizada por la Asociaci\u00f3n de Productores Agropecuarios\u00a0 de Guanarito sobre el precio de la leche a puerta de corral; el gerente territorial de Corpoelec inform\u00f3, que en los pr\u00f3ximos noventa d\u00edas los municipios Guanarito y\u00a0 Papel\u00f3n contar\u00e1n con un servicio el\u00e9ctrico eficiente y para ello Corpoelec est\u00e1 haciendo el dise\u00f1o\u00a0 para la instalaci\u00f3n de seis reguladores de 34.5 MV, para levantar el perfil de tensi\u00f3n que tienen en esas importantes localidades, de tal manera que estas comunidades y el comercio puedan tener un servicio estable.<\/div>\n<div dir=\"auto\"><\/div>\n<div dir=\"auto\">Asi lo se\u00f1al\u00f3 Danny Brice\u00f1o, gerente territorial de Corpoelec en el estado Portuguesa; quien particip\u00f3 como invitado especial en la extraordinaria asamblea de productores agropecuarios,\u00a0 comerciantes\u00a0 y vecinos;\u00a0 efectuada el d\u00eda mi\u00e9rcoles 11 de marzo en la Concha Ac\u00fastica\u00a0 de Guanarito; qui\u00e9n argument\u00f3 en su intervenci\u00f3n que \u00abest\u00e1n instalando todos esos equipos gracias a una inversi\u00f3n nacional, con el apoyo del gobernador y el alcalde de Guanarito; para el cual tienen un plan de inversi\u00f3n bastante estructurado para lograr consolidar el sistema el\u00e9ctrico en estos importantes municipios. Debemos contar con el apoyo de los usuarios, cumpliendo y aplicando todas las normas de la Ley Org\u00e1nica del Sistema El\u00e9ctrico, haciendo uso eficiente de este servicio\u00bb.<\/div>\n<div dir=\"auto\"><\/div>\n<div dir=\"auto\">En esta asamblea organizada por la Asociaci\u00f3n de Productores Agropecuarios\u00a0 de Guanarito (AsoGuanarito), que preside Elizabeth Hilbl, tambi\u00e9n le acompa\u00f1aron en el presidio, Francar Martinez, Alcalde de ese municipio, Danny Brice\u00f1o, gerente de Corpoelec; Manuel Hernandez, representante de Sogapor; Maribel Camejo, presidenta C\u00e1mara de Comercio; Carupe Gonzalez, Capitana GNB; Santana Baez, Cmte. Polic\u00eda Estadal, Rafael Sequera, Cmte. PNB; Martin Castro y Shaddy Adbu, de Aso Guanarito;\u00a0 Hildefonso Contreras y Ender\u00a0 ganaderos.<\/div>\n<div dir=\"auto\"><\/div>\n<div dir=\"auto\">Iniciaron el derecho de palabras la presidenta de AsoGuanarito, quien dio la bienvenida, representante del comercio, luego el gerente de Corpoelec; despu\u00e9s Tania Camacho, Joel Mendez, Isaac Contreras, Jaime Pe&#8217;rez; voceros de diversas comunidades productoras de leche de Guanarito y Jaime Pe&#8217;rez, de Papelon; Martin Castro y Shaddy Adbu; quienes plantearon diversas situaciones sobre el precio de la leche a puerta de corral, pagos en bolivares BCV-d\u00f3lar, cr\u00e9ditos, asesoramiento t\u00e9cnico, an\u00e1lisis de costos de produccion, situaci\u00f3n del combustible gasolina, gasoil, traslados a sus finca y mantenimiento de v\u00edas de comunicaciones. A pesar de que all\u00ed laboran m\u00e1s de ochenta empresas queseras, solo asistieron Roberto Gil y Manuel Pupo.<\/div>\n<div dir=\"auto\"><\/div>\n<div dir=\"auto\">La presidenta de Aso Guanarito coment\u00f3 que en los pr\u00f3ximos d\u00edas se reunir\u00e1n los agremiados conjuntamente con las empresas queseras, para determinar un precio\u00a0 justo y alianza ganar-ganar, con la leche a puerta de corral. Adem\u00e1s entreg\u00f3 al alcalde una serie de peticiones de \u00edndole nacional, regional y municipal para optimizar la producci\u00f3n, productividad y valorar los esfuerzos de los productores\u00a0 por su importancia agroalimentaria para el pa\u00eds.<\/div>\n<div dir=\"auto\"><\/div>\n<div dir=\"auto\">Por su parte el burgomaestre de ese pueblo llanero, afirm\u00f3 que se lleva varias tareas para su casa, relacionadas con los clamores y solicitudes de esa importante asamblea,\u00a0 que ser\u00e1n tramitadas ante el gobernador del estado Portuguesa, Corpoelec, PDVSA y Ministerio de Agricultura y Tierras.<\/div>\n<div dir=\"auto\"><\/div>\n<div dir=\"auto\"><strong>Fotos Anibal Garcia Soteldo CRGV 1.393.<\/strong><\/div>\n","protected":false},"excerpt":{"rendered":"<p>Especial.- En concurrida asamblea organizada por la Asociaci&oacute;n de Productores Agropecuarios&nbsp; de Guanarito sobre el precio de la leche a puerta de corral; el gerente territorial de Corpoelec inform&oacute;, que en los pr&oacute;ximos noventa d&iacute;as los municipios Guanarito y&nbsp; Papel&oacute;n contar&aacute;n con un servicio el&eacute;ctrico eficiente y para ello Corpoelec est&aacute; haciendo el dise&ntilde;o&nbsp; para &hellip;<\/p>\n","protected":false},"author":2,"featured_media":6255,"comment_status":"open","ping_status":"open","sticky":false,"template":"","format":"standard","meta":{"_jetpack_memberships_contains_paid_content":false,"footnotes":""},"categories":[127],"tags":[],"class_list":["post-6254","post","type-post","status-publish","format-standard","has-post-thumbnail","hentry","category-noticias-recientes"],"yoast_head":"<!-- This site is optimized with the Yoast SEO plugin v24.8.1 - https:\/\/yoast.com\/wordpress\/plugins\/seo\/ -->\n<title>Reaizada asamblea extraordinaria de productores agropecuarios,\u00a0comerciantes\u00a0y vecinos sobre el precio de la leche a puerta de corral -<\/title>\n<meta name=\"robots\" content=\"index, follow, max-snippet:-1, max-image-preview:large, max-video-preview:-1\" \/>\n<link rel=\"canonical\" href=\"https:\/\/periodicocentroccidente.com\/?p=6254\" \/>\n<meta property=\"og:locale\" content=\"es_ES\" \/>\n<meta property=\"og:type\" content=\"article\" \/>\n<meta property=\"og:title\" content=\"Reaizada asamblea extraordinaria de productores agropecuarios,\u00a0comerciantes\u00a0y vecinos sobre el precio de la leche a puerta de corral -\" \/>\n<meta property=\"og:description\" content=\"Especial.- En concurrida asamblea organizada por la Asociaci&oacute;n de Productores Agropecuarios&nbsp; de Guanarito sobre el precio de la leche a puerta de corral; el gerente territorial de Corpoelec inform&oacute;, que en los pr&oacute;ximos noventa d&iacute;as los municipios Guanarito y&nbsp; Papel&oacute;n contar&aacute;n con un servicio el&eacute;ctrico eficiente y para ello Corpoelec est&aacute; haciendo el dise&ntilde;o&nbsp; para &hellip;\" \/>\n<meta property=\"og:url\" content=\"https:\/\/periodicocentroccidente.com\/?p=6254\" \/>\n<meta property=\"article:published_time\" content=\"2026-03-12T18:19:21+00:00\" \/>\n<meta property=\"og:image\" content=\"https:\/\/periodicocentroccidente.com\/wp-content\/uploads\/2026\/03\/lecha-guana.jpg\" \/>\n\t<meta property=\"og:image:width\" content=\"1280\" \/>\n\t<meta property=\"og:image:height\" content=\"798\" \/>\n\t<meta property=\"og:image:type\" content=\"image\/jpeg\" \/>\n<meta name=\"author\" content=\"Ricardo\" \/>\n<meta name=\"twitter:card\" content=\"summary_large_image\" \/>\n<meta name=\"twitter:label1\" content=\"Escrito por\" \/>\n\t<meta name=\"twitter:data1\" content=\"Ricardo\" \/>\n\t<meta name=\"twitter:label2\" content=\"Tiempo de lectura\" \/>\n\t<meta name=\"twitter:data2\" content=\"3 minutos\" \/>\n<script type=\"application\/ld+json\" class=\"yoast-schema-graph\">{\"@context\":\"https:\/\/schema.org\",\"@graph\":[{\"@type\":\"WebPage\",\"@id\":\"https:\/\/periodicocentroccidente.com\/?p=6254\",\"url\":\"https:\/\/periodicocentroccidente.com\/?p=6254\",\"name\":\"Reaizada asamblea extraordinaria de productores agropecuarios,\u00a0comerciantes\u00a0y vecinos sobre el precio de la leche a puerta de corral -\",\"isPartOf\":{\"@id\":\"https:\/\/periodicocentroccidente.com\/#website\"},\"primaryImageOfPage\":{\"@id\":\"https:\/\/periodicocentroccidente.com\/?p=6254#primaryimage\"},\"image\":{\"@id\":\"https:\/\/periodicocentroccidente.com\/?p=6254#primaryimage\"},\"thumbnailUrl\":\"https:\/\/periodicocentroccidente.com\/wp-content\/uploads\/2026\/03\/lecha-guana.jpg\",\"datePublished\":\"2026-03-12T18:19:21+00:00\",\"author\":{\"@id\":\"https:\/\/periodicocentroccidente.com\/#\/schema\/person\/f4e4a651098f3db198244657b7130e7e\"},\"breadcrumb\":{\"@id\":\"https:\/\/periodicocentroccidente.com\/?p=6254#breadcrumb\"},\"inLanguage\":\"es\",\"potentialAction\":[{\"@type\":\"ReadAction\",\"target\":[\"https:\/\/periodicocentroccidente.com\/?p=6254\"]}]},{\"@type\":\"ImageObject\",\"inLanguage\":\"es\",\"@id\":\"https:\/\/periodicocentroccidente.com\/?p=6254#primaryimage\",\"url\":\"https:\/\/periodicocentroccidente.com\/wp-content\/uploads\/2026\/03\/lecha-guana.jpg\",\"contentUrl\":\"https:\/\/periodicocentroccidente.com\/wp-content\/uploads\/2026\/03\/lecha-guana.jpg\",\"width\":1280,\"height\":798},{\"@type\":\"BreadcrumbList\",\"@id\":\"https:\/\/periodicocentroccidente.com\/?p=6254#breadcrumb\",\"itemListElement\":[{\"@type\":\"ListItem\",\"position\":1,\"name\":\"Portada\",\"item\":\"https:\/\/periodicocentroccidente.com\/\"},{\"@type\":\"ListItem\",\"position\":2,\"name\":\"Reaizada asamblea extraordinaria de productores agropecuarios,\u00a0comerciantes\u00a0y vecinos sobre el precio de la leche a puerta de corral\"}]},{\"@type\":\"WebSite\",\"@id\":\"https:\/\/periodicocentroccidente.com\/#website\",\"url\":\"https:\/\/periodicocentroccidente.com\/\",\"name\":\"\",\"description\":\"Periodismo serio y responsable\",\"potentialAction\":[{\"@type\":\"SearchAction\",\"target\":{\"@type\":\"EntryPoint\",\"urlTemplate\":\"https:\/\/periodicocentroccidente.com\/?s={search_term_string}\"},\"query-input\":{\"@type\":\"PropertyValueSpecification\",\"valueRequired\":true,\"valueName\":\"search_term_string\"}}],\"inLanguage\":\"es\"},{\"@type\":\"Person\",\"@id\":\"https:\/\/periodicocentroccidente.com\/#\/schema\/person\/f4e4a651098f3db198244657b7130e7e\",\"name\":\"Ricardo\",\"image\":{\"@type\":\"ImageObject\",\"inLanguage\":\"es\",\"@id\":\"https:\/\/periodicocentroccidente.com\/#\/schema\/person\/image\/\",\"url\":\"https:\/\/secure.gravatar.com\/avatar\/402e6137108ec0fdaa7809184382fb1dd2f8b00264c1d945d341f2b8f90db429?s=96&d=mm&r=g\",\"contentUrl\":\"https:\/\/secure.gravatar.com\/avatar\/402e6137108ec0fdaa7809184382fb1dd2f8b00264c1d945d341f2b8f90db429?s=96&d=mm&r=g\",\"caption\":\"Ricardo\"},\"url\":\"https:\/\/periodicocentroccidente.com\/?author=2\"}]}<\/script>\n<!-- \/ Yoast SEO plugin. -->","yoast_head_json":{"title":"Reaizada asamblea extraordinaria de productores agropecuarios,\u00a0comerciantes\u00a0y vecinos sobre el precio de la leche a puerta de corral -","robots":{"index":"index","follow":"follow","max-snippet":"max-snippet:-1","max-image-preview":"max-image-preview:large","max-video-preview":"max-video-preview:-1"},"canonical":"https:\/\/periodicocentroccidente.com\/?p=6254","og_locale":"es_ES","og_type":"article","og_title":"Reaizada asamblea extraordinaria de productores agropecuarios,\u00a0comerciantes\u00a0y vecinos sobre el precio de la leche a puerta de corral -","og_description":"Especial.- En concurrida asamblea organizada por la Asociaci&oacute;n de Productores Agropecuarios&nbsp; de Guanarito sobre el precio de la leche a puerta de corral; el gerente territorial de Corpoelec inform&oacute;, que en los pr&oacute;ximos noventa d&iacute;as los municipios Guanarito y&nbsp; Papel&oacute;n contar&aacute;n con un servicio el&eacute;ctrico eficiente y para ello Corpoelec est&aacute; haciendo el dise&ntilde;o&nbsp; para &hellip;","og_url":"https:\/\/periodicocentroccidente.com\/?p=6254","article_published_time":"2026-03-12T18:19:21+00:00","og_image":[{"width":1280,"height":798,"url":"https:\/\/periodicocentroccidente.com\/wp-content\/uploads\/2026\/03\/lecha-guana.jpg","type":"image\/jpeg"}],"author":"Ricardo","twitter_card":"summary_large_image","twitter_misc":{"Escrito por":"Ricardo","Tiempo de lectura":"3 minutos"},"schema":{"@context":"https:\/\/schema.org","@graph":[{"@type":"WebPage","@id":"https:\/\/periodicocentroccidente.com\/?p=6254","url":"https:\/\/periodicocentroccidente.com\/?p=6254","name":"Reaizada asamblea extraordinaria de productores agropecuarios,\u00a0comerciantes\u00a0y vecinos sobre el precio de la leche a puerta de corral -","isPartOf":{"@id":"https:\/\/periodicocentroccidente.com\/#website"},"primaryImageOfPage":{"@id":"https:\/\/periodicocentroccidente.com\/?p=6254#primaryimage"},"image":{"@id":"https:\/\/periodicocentroccidente.com\/?p=6254#primaryimage"},"thumbnailUrl":"https:\/\/periodicocentroccidente.com\/wp-content\/uploads\/2026\/03\/lecha-guana.jpg","datePublished":"2026-03-12T18:19:21+00:00","author":{"@id":"https:\/\/periodicocentroccidente.com\/#\/schema\/person\/f4e4a651098f3db198244657b7130e7e"},"breadcrumb":{"@id":"https:\/\/periodicocentroccidente.com\/?p=6254#breadcrumb"},"inLanguage":"es","potentialAction":[{"@type":"ReadAction","target":["https:\/\/periodicocentroccidente.com\/?p=6254"]}]},{"@type":"ImageObject","inLanguage":"es","@id":"https:\/\/periodicocentroccidente.com\/?p=6254#primaryimage","url":"https:\/\/periodicocentroccidente.com\/wp-content\/uploads\/2026\/03\/lecha-guana.jpg","contentUrl":"https:\/\/periodicocentroccidente.com\/wp-content\/uploads\/2026\/03\/lecha-guana.jpg","width":1280,"height":798},{"@type":"BreadcrumbList","@id":"https:\/\/periodicocentroccidente.com\/?p=6254#breadcrumb","itemListElement":[{"@type":"ListItem","position":1,"name":"Portada","item":"https:\/\/periodicocentroccidente.com\/"},{"@type":"ListItem","position":2,"name":"Reaizada asamblea extraordinaria de productores agropecuarios,\u00a0comerciantes\u00a0y vecinos sobre el precio de la leche a puerta de corral"}]},{"@type":"WebSite","@id":"https:\/\/periodicocentroccidente.com\/#website","url":"https:\/\/periodicocentroccidente.com\/","name":"","description":"Periodismo serio y responsable","potentialAction":[{"@type":"SearchAction","target":{"@type":"EntryPoint","urlTemplate":"https:\/\/periodicocentroccidente.com\/?s={search_term_string}"},"query-input":{"@type":"PropertyValueSpecification","valueRequired":true,"valueName":"search_term_string"}}],"inLanguage":"es"},{"@type":"Person","@id":"https:\/\/periodicocentroccidente.com\/#\/schema\/person\/f4e4a651098f3db198244657b7130e7e","name":"Ricardo","image":{"@type":"ImageObject","inLanguage":"es","@id":"https:\/\/periodicocentroccidente.com\/#\/schema\/person\/image\/","url":"https:\/\/secure.gravatar.com\/avatar\/402e6137108ec0fdaa7809184382fb1dd2f8b00264c1d945d341f2b8f90db429?s=96&d=mm&r=g","contentUrl":"https:\/\/secure.gravatar.com\/avatar\/402e6137108ec0fdaa7809184382fb1dd2f8b00264c1d945d341f2b8f90db429?s=96&d=mm&r=g","caption":"Ricardo"},"url":"https:\/\/periodicocentroccidente.com\/?author=2"}]}},"jetpack_featured_media_url":"https:\/\/periodicocentroccidente.com\/wp-content\/uploads\/2026\/03\/lecha-guana.jpg","jetpack_sharing_enabled":true,"jetpack-related-posts":[],"_links":{"self":[{"href":"https:\/\/periodicocentroccidente.com\/index.php?rest_route=\/wp\/v2\/posts\/6254","targetHints":{"allow":["GET"]}}],"collection":[{"href":"https:\/\/periodicocentroccidente.com\/index.php?rest_route=\/wp\/v2\/posts"}],"about":[{"href":"https:\/\/periodicocentroccidente.com\/index.php?rest_route=\/wp\/v2\/types\/post"}],"author":[{"embeddable":true,"href":"https:\/\/periodicocentroccidente.com\/index.php?rest_route=\/wp\/v2\/users\/2"}],"replies":[{"embeddable":true,"href":"https:\/\/periodicocentroccidente.com\/index.php?rest_route=%2Fwp%2Fv2%2Fcomments&post=6254"}],"version-history":[{"count":1,"href":"https:\/\/periodicocentroccidente.com\/index.php?rest_route=\/wp\/v2\/posts\/6254\/revisions"}],"predecessor-version":[{"id":6256,"href":"https:\/\/periodicocentroccidente.com\/index.php?rest_route=\/wp\/v2\/posts\/6254\/revisions\/6256"}],"wp:featuredmedia":[{"embeddable":true,"href":"https:\/\/periodicocentroccidente.com\/index.php?rest_route=\/wp\/v2\/media\/6255"}],"wp:attachment":[{"href":"https:\/\/periodicocentroccidente.com\/index.php?rest_route=%2Fwp%2Fv2%2Fmedia&parent=6254"}],"wp:term":[{"taxonomy":"category","embeddable":true,"href":"https:\/\/periodicocentroccidente.com\/index.php?rest_route=%2Fwp%2Fv2%2Fcategories&post=6254"},{"taxonomy":"post_tag","embeddable":true,"href":"https:\/\/periodicocentroccidente.com\/index.php?rest_route=%2Fwp%2Fv2%2Ftags&post=6254"}],"curies":[{"name":"wp","href":"https:\/\/api.w.org\/{rel}","templated":true}]}}