{"id":6235,"date":"2026-03-11T15:35:21","date_gmt":"2026-03-11T15:35:21","guid":{"rendered":"https:\/\/periodicocentroccidente.com\/?p=6235"},"modified":"2026-03-11T15:35:21","modified_gmt":"2026-03-11T15:35:21","slug":"el-sistema-en-portuguesa-celebra-su-1er-encuentro-coral-internucleos","status":"publish","type":"post","link":"https:\/\/periodicocentroccidente.com\/?p=6235","title":{"rendered":"El Sistema en Portuguesa celebra su 1er Encuentro Coral Intern\u00facleos"},"content":{"rendered":"<p><strong>Especial.-<\/strong><\/p>\n<p>Como parte de la agenda art\u00edstica y acad\u00e9mica del Sistema Nacional de Orquestas y Coros Juveniles e Infantiles de Venezuela, el estado Portuguesa fue escenario del 1er Encuentro Coral Intern\u00facleos, realizado en los municipios Guanare y Araure. El evento congreg\u00f3 a estudiantes del Programa Acad\u00e9mico Coral (PAC), quienes con su talento rindieron homenaje a los grandes compositores y arreglistas del repertorio coral venezolano.<\/p>\n<p>Alfredo Ortega, miembro del equipo acad\u00e9mico regional del PAC, detall\u00f3 que la jornada inici\u00f3 en el N\u00facleo Guanare. La gala cont\u00f3 con la participaci\u00f3n del Coro de Iniciaci\u00f3n, bajo la direcci\u00f3n de H\u00e9ctor Echenagucia; el Coro Infantil, dirigido por \u00c1ngel Delgado; el Coro Prejuvenil, a cargo de Mar\u00eda Luisana Pic\u00f3n, y el Coro Sinf\u00f3nico Juvenil de Guanare, dirigido por el propio Ortega.<\/p>\n<p>Posteriormente, en el cono norte de la entidad, el N\u00facleo Acarigua-Araure present\u00f3 su muestra musical en las instalaciones del Colegio Latinoam\u00e9rica. En esta ocasi\u00f3n, subieron a escena los Ni\u00f1os Cantores de Acarigua-Araure, bajo la batuta del profesor Jos\u00e9 P\u00e9rez, junto al Coro Juvenil y el Coro Sinf\u00f3nico, dirigidos por el formador Deivi Guti\u00e9rrez.<\/p>\n<p>Ortega destac\u00f3 que estos conciertos se alinean con las grandes actividades corales de El Sistema a nivel nacional. Su objetivo primordial es consolidar al PAC como un eje transversal de la instituci\u00f3n y fortalecer la identidad musical del pa\u00eds. \u201cBuscamos potenciar la formaci\u00f3n de nuestros integrantes hacia la excelencia interpretativa\u201d, afirm\u00f3.<\/p>\n<p>Asimismo, el vocero acad\u00e9mico explic\u00f3 que este encuentro promueve la hermandad entre los n\u00facleos y pone en valor la labor de los arreglistas venezolanos, al tiempo que invita al p\u00fablico local a sumarse y conectar con estas experiencias art\u00edsticas.<\/p>\n<p><strong>Fundamentos y visi\u00f3n pedag\u00f3gica<\/strong><\/p>\n<p>Al profundizar en los fundamentos pedag\u00f3gicos de El Sistema, Ortega subray\u00f3 que estas herramientas no solo fomentan la convivencia y la seguridad en el joven, sino que desarrollan su gusto est\u00e9tico y sensibilidad. \u201cEl trabajo colectivo otorga al ni\u00f1o confianza, sentido de colaboraci\u00f3n y autoestima, adem\u00e1s de fortalecer aspectos sociales, cognitivos y humanos\u201d, se\u00f1al\u00f3.<\/p>\n<p>Finalmente, record\u00f3 el legado del Maestro Jos\u00e9 Antonio Abreu, quien sosten\u00eda que la pr\u00e1ctica coral es una v\u00eda de integraci\u00f3n social: \u201cDesde el primer d\u00eda que el ni\u00f1o entra al coro, canta y forma parte de una comunidad. Cantar en un coro o tocar en una orquesta es introducir al joven en una sociedad que trabaja en perfecta armon\u00eda por un objetivo com\u00fan\u201d, se\u00f1al\u00f3.<\/p>\n<p>Con el impulso del Programa Acad\u00e9mico Coral, El Sistema reafirma su compromiso de usar la voz como un instrumento de transformaci\u00f3n, abriendo a ni\u00f1os y j\u00f3venes un abanico de posibilidades para su desarrollo art\u00edstico, humano e intelectual. <strong>\/\/<\/strong><\/p>\n<p><strong>Jorveis Ortegano Valecillo \/ <\/strong><strong>Prensa &#8211; El Sistema Portuguesa<\/strong><\/p>\n<p><img loading=\"lazy\" decoding=\"async\" class=\"alignnone size-medium wp-image-6237\" src=\"https:\/\/periodicocentroccidente.com\/wp-content\/uploads\/2026\/03\/5012833499022560103-300x225.jpg\" alt=\"\" width=\"300\" height=\"225\" srcset=\"https:\/\/periodicocentroccidente.com\/wp-content\/uploads\/2026\/03\/5012833499022560103-300x225.jpg 300w, https:\/\/periodicocentroccidente.com\/wp-content\/uploads\/2026\/03\/5012833499022560103-1024x768.jpg 1024w, https:\/\/periodicocentroccidente.com\/wp-content\/uploads\/2026\/03\/5012833499022560103-768x576.jpg 768w, https:\/\/periodicocentroccidente.com\/wp-content\/uploads\/2026\/03\/5012833499022560103.jpg 1280w\" sizes=\"auto, (max-width: 300px) 100vw, 300px\" \/>\u00a0 \u00a0 \u00a0 <img loading=\"lazy\" decoding=\"async\" class=\"alignnone size-medium wp-image-6238\" src=\"https:\/\/periodicocentroccidente.com\/wp-content\/uploads\/2026\/03\/5012833499022560107-264x300.jpg\" alt=\"\" width=\"264\" height=\"300\" srcset=\"https:\/\/periodicocentroccidente.com\/wp-content\/uploads\/2026\/03\/5012833499022560107-264x300.jpg 264w, https:\/\/periodicocentroccidente.com\/wp-content\/uploads\/2026\/03\/5012833499022560107-768x872.jpg 768w, https:\/\/periodicocentroccidente.com\/wp-content\/uploads\/2026\/03\/5012833499022560107.jpg 780w\" sizes=\"auto, (max-width: 264px) 100vw, 264px\" \/><\/p>\n<p><img loading=\"lazy\" decoding=\"async\" class=\"alignnone size-medium wp-image-6239\" src=\"https:\/\/periodicocentroccidente.com\/wp-content\/uploads\/2026\/03\/5012833499022560113-257x300.jpg\" alt=\"\" width=\"257\" height=\"300\" srcset=\"https:\/\/periodicocentroccidente.com\/wp-content\/uploads\/2026\/03\/5012833499022560113-257x300.jpg 257w, https:\/\/periodicocentroccidente.com\/wp-content\/uploads\/2026\/03\/5012833499022560113-768x896.jpg 768w, https:\/\/periodicocentroccidente.com\/wp-content\/uploads\/2026\/03\/5012833499022560113.jpg 780w\" sizes=\"auto, (max-width: 257px) 100vw, 257px\" \/><\/p>\n<p>&nbsp;<\/p>\n","protected":false},"excerpt":{"rendered":"<p>Especial.- Como parte de la agenda art&iacute;stica y acad&eacute;mica del Sistema Nacional de Orquestas y Coros Juveniles e Infantiles de Venezuela, el estado Portuguesa fue escenario del 1er Encuentro Coral Intern&uacute;cleos, realizado en los municipios Guanare y Araure. El evento congreg&oacute; a estudiantes del Programa Acad&eacute;mico Coral (PAC), quienes con su talento rindieron homenaje a &hellip;<\/p>\n","protected":false},"author":2,"featured_media":6236,"comment_status":"open","ping_status":"open","sticky":false,"template":"","format":"standard","meta":{"_jetpack_memberships_contains_paid_content":false,"footnotes":""},"categories":[127],"tags":[],"class_list":["post-6235","post","type-post","status-publish","format-standard","has-post-thumbnail","hentry","category-noticias-recientes"],"yoast_head":"<!-- This site is optimized with the Yoast SEO plugin v24.8.1 - https:\/\/yoast.com\/wordpress\/plugins\/seo\/ -->\n<title>El Sistema en Portuguesa celebra su 1er Encuentro Coral Intern\u00facleos -<\/title>\n<meta name=\"robots\" content=\"index, follow, max-snippet:-1, max-image-preview:large, max-video-preview:-1\" \/>\n<link rel=\"canonical\" href=\"https:\/\/periodicocentroccidente.com\/?p=6235\" \/>\n<meta property=\"og:locale\" content=\"es_ES\" \/>\n<meta property=\"og:type\" content=\"article\" \/>\n<meta property=\"og:title\" content=\"El Sistema en Portuguesa celebra su 1er Encuentro Coral Intern\u00facleos -\" \/>\n<meta property=\"og:description\" content=\"Especial.- Como parte de la agenda art&iacute;stica y acad&eacute;mica del Sistema Nacional de Orquestas y Coros Juveniles e Infantiles de Venezuela, el estado Portuguesa fue escenario del 1er Encuentro Coral Intern&uacute;cleos, realizado en los municipios Guanare y Araure. El evento congreg&oacute; a estudiantes del Programa Acad&eacute;mico Coral (PAC), quienes con su talento rindieron homenaje a &hellip;\" \/>\n<meta property=\"og:url\" content=\"https:\/\/periodicocentroccidente.com\/?p=6235\" \/>\n<meta property=\"article:published_time\" content=\"2026-03-11T15:35:21+00:00\" \/>\n<meta property=\"og:image\" content=\"https:\/\/periodicocentroccidente.com\/wp-content\/uploads\/2026\/03\/5012833499022560097.jpg\" \/>\n\t<meta property=\"og:image:width\" content=\"1280\" \/>\n\t<meta property=\"og:image:height\" content=\"960\" \/>\n\t<meta property=\"og:image:type\" content=\"image\/jpeg\" \/>\n<meta name=\"author\" content=\"Ricardo\" \/>\n<meta name=\"twitter:card\" content=\"summary_large_image\" \/>\n<meta name=\"twitter:label1\" content=\"Escrito por\" \/>\n\t<meta name=\"twitter:data1\" content=\"Ricardo\" \/>\n\t<meta name=\"twitter:label2\" content=\"Tiempo de lectura\" \/>\n\t<meta name=\"twitter:data2\" content=\"3 minutos\" \/>\n<script type=\"application\/ld+json\" class=\"yoast-schema-graph\">{\"@context\":\"https:\/\/schema.org\",\"@graph\":[{\"@type\":\"WebPage\",\"@id\":\"https:\/\/periodicocentroccidente.com\/?p=6235\",\"url\":\"https:\/\/periodicocentroccidente.com\/?p=6235\",\"name\":\"El Sistema en Portuguesa celebra su 1er Encuentro Coral Intern\u00facleos -\",\"isPartOf\":{\"@id\":\"https:\/\/periodicocentroccidente.com\/#website\"},\"primaryImageOfPage\":{\"@id\":\"https:\/\/periodicocentroccidente.com\/?p=6235#primaryimage\"},\"image\":{\"@id\":\"https:\/\/periodicocentroccidente.com\/?p=6235#primaryimage\"},\"thumbnailUrl\":\"https:\/\/periodicocentroccidente.com\/wp-content\/uploads\/2026\/03\/5012833499022560097.jpg\",\"datePublished\":\"2026-03-11T15:35:21+00:00\",\"author\":{\"@id\":\"https:\/\/periodicocentroccidente.com\/#\/schema\/person\/f4e4a651098f3db198244657b7130e7e\"},\"breadcrumb\":{\"@id\":\"https:\/\/periodicocentroccidente.com\/?p=6235#breadcrumb\"},\"inLanguage\":\"es\",\"potentialAction\":[{\"@type\":\"ReadAction\",\"target\":[\"https:\/\/periodicocentroccidente.com\/?p=6235\"]}]},{\"@type\":\"ImageObject\",\"inLanguage\":\"es\",\"@id\":\"https:\/\/periodicocentroccidente.com\/?p=6235#primaryimage\",\"url\":\"https:\/\/periodicocentroccidente.com\/wp-content\/uploads\/2026\/03\/5012833499022560097.jpg\",\"contentUrl\":\"https:\/\/periodicocentroccidente.com\/wp-content\/uploads\/2026\/03\/5012833499022560097.jpg\",\"width\":1280,\"height\":960},{\"@type\":\"BreadcrumbList\",\"@id\":\"https:\/\/periodicocentroccidente.com\/?p=6235#breadcrumb\",\"itemListElement\":[{\"@type\":\"ListItem\",\"position\":1,\"name\":\"Portada\",\"item\":\"https:\/\/periodicocentroccidente.com\/\"},{\"@type\":\"ListItem\",\"position\":2,\"name\":\"El Sistema en Portuguesa celebra su 1er Encuentro Coral Intern\u00facleos\"}]},{\"@type\":\"WebSite\",\"@id\":\"https:\/\/periodicocentroccidente.com\/#website\",\"url\":\"https:\/\/periodicocentroccidente.com\/\",\"name\":\"\",\"description\":\"Periodismo serio y responsable\",\"potentialAction\":[{\"@type\":\"SearchAction\",\"target\":{\"@type\":\"EntryPoint\",\"urlTemplate\":\"https:\/\/periodicocentroccidente.com\/?s={search_term_string}\"},\"query-input\":{\"@type\":\"PropertyValueSpecification\",\"valueRequired\":true,\"valueName\":\"search_term_string\"}}],\"inLanguage\":\"es\"},{\"@type\":\"Person\",\"@id\":\"https:\/\/periodicocentroccidente.com\/#\/schema\/person\/f4e4a651098f3db198244657b7130e7e\",\"name\":\"Ricardo\",\"image\":{\"@type\":\"ImageObject\",\"inLanguage\":\"es\",\"@id\":\"https:\/\/periodicocentroccidente.com\/#\/schema\/person\/image\/\",\"url\":\"https:\/\/secure.gravatar.com\/avatar\/402e6137108ec0fdaa7809184382fb1dd2f8b00264c1d945d341f2b8f90db429?s=96&d=mm&r=g\",\"contentUrl\":\"https:\/\/secure.gravatar.com\/avatar\/402e6137108ec0fdaa7809184382fb1dd2f8b00264c1d945d341f2b8f90db429?s=96&d=mm&r=g\",\"caption\":\"Ricardo\"},\"url\":\"https:\/\/periodicocentroccidente.com\/?author=2\"}]}<\/script>\n<!-- \/ Yoast SEO plugin. -->","yoast_head_json":{"title":"El Sistema en Portuguesa celebra su 1er Encuentro Coral Intern\u00facleos -","robots":{"index":"index","follow":"follow","max-snippet":"max-snippet:-1","max-image-preview":"max-image-preview:large","max-video-preview":"max-video-preview:-1"},"canonical":"https:\/\/periodicocentroccidente.com\/?p=6235","og_locale":"es_ES","og_type":"article","og_title":"El Sistema en Portuguesa celebra su 1er Encuentro Coral Intern\u00facleos -","og_description":"Especial.- Como parte de la agenda art&iacute;stica y acad&eacute;mica del Sistema Nacional de Orquestas y Coros Juveniles e Infantiles de Venezuela, el estado Portuguesa fue escenario del 1er Encuentro Coral Intern&uacute;cleos, realizado en los municipios Guanare y Araure. El evento congreg&oacute; a estudiantes del Programa Acad&eacute;mico Coral (PAC), quienes con su talento rindieron homenaje a &hellip;","og_url":"https:\/\/periodicocentroccidente.com\/?p=6235","article_published_time":"2026-03-11T15:35:21+00:00","og_image":[{"width":1280,"height":960,"url":"https:\/\/periodicocentroccidente.com\/wp-content\/uploads\/2026\/03\/5012833499022560097.jpg","type":"image\/jpeg"}],"author":"Ricardo","twitter_card":"summary_large_image","twitter_misc":{"Escrito por":"Ricardo","Tiempo de lectura":"3 minutos"},"schema":{"@context":"https:\/\/schema.org","@graph":[{"@type":"WebPage","@id":"https:\/\/periodicocentroccidente.com\/?p=6235","url":"https:\/\/periodicocentroccidente.com\/?p=6235","name":"El Sistema en Portuguesa celebra su 1er Encuentro Coral Intern\u00facleos -","isPartOf":{"@id":"https:\/\/periodicocentroccidente.com\/#website"},"primaryImageOfPage":{"@id":"https:\/\/periodicocentroccidente.com\/?p=6235#primaryimage"},"image":{"@id":"https:\/\/periodicocentroccidente.com\/?p=6235#primaryimage"},"thumbnailUrl":"https:\/\/periodicocentroccidente.com\/wp-content\/uploads\/2026\/03\/5012833499022560097.jpg","datePublished":"2026-03-11T15:35:21+00:00","author":{"@id":"https:\/\/periodicocentroccidente.com\/#\/schema\/person\/f4e4a651098f3db198244657b7130e7e"},"breadcrumb":{"@id":"https:\/\/periodicocentroccidente.com\/?p=6235#breadcrumb"},"inLanguage":"es","potentialAction":[{"@type":"ReadAction","target":["https:\/\/periodicocentroccidente.com\/?p=6235"]}]},{"@type":"ImageObject","inLanguage":"es","@id":"https:\/\/periodicocentroccidente.com\/?p=6235#primaryimage","url":"https:\/\/periodicocentroccidente.com\/wp-content\/uploads\/2026\/03\/5012833499022560097.jpg","contentUrl":"https:\/\/periodicocentroccidente.com\/wp-content\/uploads\/2026\/03\/5012833499022560097.jpg","width":1280,"height":960},{"@type":"BreadcrumbList","@id":"https:\/\/periodicocentroccidente.com\/?p=6235#breadcrumb","itemListElement":[{"@type":"ListItem","position":1,"name":"Portada","item":"https:\/\/periodicocentroccidente.com\/"},{"@type":"ListItem","position":2,"name":"El Sistema en Portuguesa celebra su 1er Encuentro Coral Intern\u00facleos"}]},{"@type":"WebSite","@id":"https:\/\/periodicocentroccidente.com\/#website","url":"https:\/\/periodicocentroccidente.com\/","name":"","description":"Periodismo serio y responsable","potentialAction":[{"@type":"SearchAction","target":{"@type":"EntryPoint","urlTemplate":"https:\/\/periodicocentroccidente.com\/?s={search_term_string}"},"query-input":{"@type":"PropertyValueSpecification","valueRequired":true,"valueName":"search_term_string"}}],"inLanguage":"es"},{"@type":"Person","@id":"https:\/\/periodicocentroccidente.com\/#\/schema\/person\/f4e4a651098f3db198244657b7130e7e","name":"Ricardo","image":{"@type":"ImageObject","inLanguage":"es","@id":"https:\/\/periodicocentroccidente.com\/#\/schema\/person\/image\/","url":"https:\/\/secure.gravatar.com\/avatar\/402e6137108ec0fdaa7809184382fb1dd2f8b00264c1d945d341f2b8f90db429?s=96&d=mm&r=g","contentUrl":"https:\/\/secure.gravatar.com\/avatar\/402e6137108ec0fdaa7809184382fb1dd2f8b00264c1d945d341f2b8f90db429?s=96&d=mm&r=g","caption":"Ricardo"},"url":"https:\/\/periodicocentroccidente.com\/?author=2"}]}},"jetpack_featured_media_url":"https:\/\/periodicocentroccidente.com\/wp-content\/uploads\/2026\/03\/5012833499022560097.jpg","jetpack_sharing_enabled":true,"jetpack-related-posts":[],"_links":{"self":[{"href":"https:\/\/periodicocentroccidente.com\/index.php?rest_route=\/wp\/v2\/posts\/6235","targetHints":{"allow":["GET"]}}],"collection":[{"href":"https:\/\/periodicocentroccidente.com\/index.php?rest_route=\/wp\/v2\/posts"}],"about":[{"href":"https:\/\/periodicocentroccidente.com\/index.php?rest_route=\/wp\/v2\/types\/post"}],"author":[{"embeddable":true,"href":"https:\/\/periodicocentroccidente.com\/index.php?rest_route=\/wp\/v2\/users\/2"}],"replies":[{"embeddable":true,"href":"https:\/\/periodicocentroccidente.com\/index.php?rest_route=%2Fwp%2Fv2%2Fcomments&post=6235"}],"version-history":[{"count":1,"href":"https:\/\/periodicocentroccidente.com\/index.php?rest_route=\/wp\/v2\/posts\/6235\/revisions"}],"predecessor-version":[{"id":6240,"href":"https:\/\/periodicocentroccidente.com\/index.php?rest_route=\/wp\/v2\/posts\/6235\/revisions\/6240"}],"wp:featuredmedia":[{"embeddable":true,"href":"https:\/\/periodicocentroccidente.com\/index.php?rest_route=\/wp\/v2\/media\/6236"}],"wp:attachment":[{"href":"https:\/\/periodicocentroccidente.com\/index.php?rest_route=%2Fwp%2Fv2%2Fmedia&parent=6235"}],"wp:term":[{"taxonomy":"category","embeddable":true,"href":"https:\/\/periodicocentroccidente.com\/index.php?rest_route=%2Fwp%2Fv2%2Fcategories&post=6235"},{"taxonomy":"post_tag","embeddable":true,"href":"https:\/\/periodicocentroccidente.com\/index.php?rest_route=%2Fwp%2Fv2%2Ftags&post=6235"}],"curies":[{"name":"wp","href":"https:\/\/api.w.org\/{rel}","templated":true}]}}