{"id":6195,"date":"2026-03-09T20:56:47","date_gmt":"2026-03-09T20:56:47","guid":{"rendered":"https:\/\/periodicocentroccidente.com\/?p=6195"},"modified":"2026-03-09T20:56:47","modified_gmt":"2026-03-09T20:56:47","slug":"abordaje-epidemiologico-avanza-en-cinco-municipios-de-portuguesa","status":"publish","type":"post","link":"https:\/\/periodicocentroccidente.com\/?p=6195","title":{"rendered":"Abordaje epidemiol\u00f3gico avanza en cinco municipios de Portuguesa"},"content":{"rendered":"<p><strong>Especial.-<\/strong><\/p>\n<p>Ante el brote detectado de fiebre amarilla en el estado Portuguesa, las autoridades del sistema nacional de salud han desplegado un intenso primer abordaje en cinco principales municipios de los catorce de la entidad.<\/p>\n<p>De acuerdo a lo informador por el\u00a0doctor Carlos Majano, autoridad \u00fanica de Salud en estado Portuguesa,\u00a0destac\u00f3 que se han desplegado cuarenta brigadas para atender como prioridad los centros educativos y comunidades en los municipios donde se ha confirmado la presencia del virus.<\/p>\n<p>Se destaca que los municipios\u00a0Guanare, Guanarito, Papal\u00f3n, P\u00e1ez y Araure,\u00a0est\u00e1n siendo atendidos por personal de 40 brigadas especializadas en inmunizaci\u00f3n, ante cuya labor se solicita el m\u00e1ximo respaldo de la poblaci\u00f3n para garantizar el \u00e9xito de la jornada y el cumplimiento de las metas propuestas.<\/p>\n<p>\u201cEstamos priorizando en la jornada de inmunizaci\u00f3n los municipios donde se han confirmado casos de la fiebre amarilla, para lo cual contamos con cuarenta brigadas desplegadas con sus respectivos equipos, recibiendo el apoyo de la parte militar, siendo atendidos de una forma intensiva a fin de que abarquemos el cien por ciento de la cobertura vacunal\u201d,\u00a0expres\u00f3 la autoridad de Salud en Portuguesa.<\/p>\n<p>Adicion\u00f3 que las personas que sientan s\u00edntomas del contagio, principalmente fiebre, dolores de cabeza, coloraci\u00f3n amarilla de la piel, v\u00f3mito, entre otros factores, deben acudir a los principales centros de salud, como CDI, Cl\u00ednicas Populares y toda la red ambulatoria de salud que est\u00e1n disponibles para llevar a cabo las inmunizaciones.<\/p>\n<p><strong>PREVISI\u00d3N EN SEMANA SANTA<\/strong><\/p>\n<p>El Ministerio de Salud exigir\u00e1 a las personas que viajen a los estados\u00a0Portuguesa,\u00a0Barinas, Aragua y Lara la\u00a0vacuna contra la\u00a0fiebre amarilla\u00a0con, al menos, 10 d\u00edas de antelaci\u00f3n debido al brote de esta enfermedad, inform\u00f3 el Gobierno.<\/p>\n<p>Una nota oficial precis\u00f3 que el requisito se aplicar\u00e1 a quienes\u00a0\u201cplaneen visitar durante la pr\u00f3xima Semana Santa\u201d esas cuatro regiones occidentales, quienes tambi\u00e9n deber\u00e1n usar \u201cropa de manga larga y repelente en zonas boscosas para prevenir picaduras\u201d.<\/p>\n<p>El Ministerio de Comunicaci\u00f3n indic\u00f3 que se activ\u00f3\u00a0\u201cun protocolo especial de vigilancia epidemiol\u00f3gica\u201d\u00a0y que la poblaci\u00f3n de estos estados debe \u201cacudir masivamente a los centros de inmunizaci\u00f3n para frenar la propagaci\u00f3n del virus\u201d.-<\/p>\n<p><strong>VIA <a href=\"mailto:eliasdiaz20019@gmail.com\">eliasdiaz20019@gmail.com<\/a><\/strong><\/p>\n<p><img loading=\"lazy\" decoding=\"async\" class=\"alignnone size-medium wp-image-6197\" src=\"https:\/\/periodicocentroccidente.com\/wp-content\/uploads\/2026\/03\/Captura-de-pantalla-2026-03-09-a-las-15.26.16-300x224.png\" alt=\"\" width=\"300\" height=\"224\" srcset=\"https:\/\/periodicocentroccidente.com\/wp-content\/uploads\/2026\/03\/Captura-de-pantalla-2026-03-09-a-las-15.26.16-300x224.png 300w, https:\/\/periodicocentroccidente.com\/wp-content\/uploads\/2026\/03\/Captura-de-pantalla-2026-03-09-a-las-15.26.16-768x573.png 768w, https:\/\/periodicocentroccidente.com\/wp-content\/uploads\/2026\/03\/Captura-de-pantalla-2026-03-09-a-las-15.26.16.png 994w\" sizes=\"auto, (max-width: 300px) 100vw, 300px\" \/><\/p>\n","protected":false},"excerpt":{"rendered":"<p>Especial.- Ante el brote detectado de fiebre amarilla en el estado Portuguesa, las autoridades del sistema nacional de salud han desplegado un intenso primer abordaje en cinco principales municipios de los catorce de la entidad. De acuerdo a lo informador por el&nbsp;doctor Carlos Majano, autoridad &uacute;nica de Salud en estado Portuguesa,&nbsp;destac&oacute; que se han desplegado &hellip;<\/p>\n","protected":false},"author":2,"featured_media":6196,"comment_status":"open","ping_status":"open","sticky":false,"template":"","format":"standard","meta":{"_jetpack_memberships_contains_paid_content":false,"footnotes":""},"categories":[127],"tags":[],"class_list":["post-6195","post","type-post","status-publish","format-standard","has-post-thumbnail","hentry","category-noticias-recientes"],"yoast_head":"<!-- This site is optimized with the Yoast SEO plugin v24.8.1 - https:\/\/yoast.com\/wordpress\/plugins\/seo\/ -->\n<title>Abordaje epidemiol\u00f3gico avanza en cinco municipios de Portuguesa -<\/title>\n<meta name=\"robots\" content=\"index, follow, max-snippet:-1, max-image-preview:large, max-video-preview:-1\" \/>\n<link rel=\"canonical\" href=\"https:\/\/periodicocentroccidente.com\/?p=6195\" \/>\n<meta property=\"og:locale\" content=\"es_ES\" \/>\n<meta property=\"og:type\" content=\"article\" \/>\n<meta property=\"og:title\" content=\"Abordaje epidemiol\u00f3gico avanza en cinco municipios de Portuguesa -\" \/>\n<meta property=\"og:description\" content=\"Especial.- Ante el brote detectado de fiebre amarilla en el estado Portuguesa, las autoridades del sistema nacional de salud han desplegado un intenso primer abordaje en cinco principales municipios de los catorce de la entidad. De acuerdo a lo informador por el&nbsp;doctor Carlos Majano, autoridad &uacute;nica de Salud en estado Portuguesa,&nbsp;destac&oacute; que se han desplegado &hellip;\" \/>\n<meta property=\"og:url\" content=\"https:\/\/periodicocentroccidente.com\/?p=6195\" \/>\n<meta property=\"article:published_time\" content=\"2026-03-09T20:56:47+00:00\" \/>\n<meta property=\"og:image\" content=\"https:\/\/periodicocentroccidente.com\/wp-content\/uploads\/2026\/03\/Captura-de-pantalla-2026-03-09-a-las-15.23.12.png\" \/>\n\t<meta property=\"og:image:width\" content=\"621\" \/>\n\t<meta property=\"og:image:height\" content=\"800\" \/>\n\t<meta property=\"og:image:type\" content=\"image\/png\" \/>\n<meta name=\"author\" content=\"Ricardo\" \/>\n<meta name=\"twitter:card\" content=\"summary_large_image\" \/>\n<meta name=\"twitter:label1\" content=\"Escrito por\" \/>\n\t<meta name=\"twitter:data1\" content=\"Ricardo\" \/>\n\t<meta name=\"twitter:label2\" content=\"Tiempo de lectura\" \/>\n\t<meta name=\"twitter:data2\" content=\"3 minutos\" \/>\n<script type=\"application\/ld+json\" class=\"yoast-schema-graph\">{\"@context\":\"https:\/\/schema.org\",\"@graph\":[{\"@type\":\"WebPage\",\"@id\":\"https:\/\/periodicocentroccidente.com\/?p=6195\",\"url\":\"https:\/\/periodicocentroccidente.com\/?p=6195\",\"name\":\"Abordaje epidemiol\u00f3gico avanza en cinco municipios de Portuguesa -\",\"isPartOf\":{\"@id\":\"https:\/\/periodicocentroccidente.com\/#website\"},\"primaryImageOfPage\":{\"@id\":\"https:\/\/periodicocentroccidente.com\/?p=6195#primaryimage\"},\"image\":{\"@id\":\"https:\/\/periodicocentroccidente.com\/?p=6195#primaryimage\"},\"thumbnailUrl\":\"https:\/\/periodicocentroccidente.com\/wp-content\/uploads\/2026\/03\/Captura-de-pantalla-2026-03-09-a-las-15.23.12.png\",\"datePublished\":\"2026-03-09T20:56:47+00:00\",\"author\":{\"@id\":\"https:\/\/periodicocentroccidente.com\/#\/schema\/person\/f4e4a651098f3db198244657b7130e7e\"},\"breadcrumb\":{\"@id\":\"https:\/\/periodicocentroccidente.com\/?p=6195#breadcrumb\"},\"inLanguage\":\"es\",\"potentialAction\":[{\"@type\":\"ReadAction\",\"target\":[\"https:\/\/periodicocentroccidente.com\/?p=6195\"]}]},{\"@type\":\"ImageObject\",\"inLanguage\":\"es\",\"@id\":\"https:\/\/periodicocentroccidente.com\/?p=6195#primaryimage\",\"url\":\"https:\/\/periodicocentroccidente.com\/wp-content\/uploads\/2026\/03\/Captura-de-pantalla-2026-03-09-a-las-15.23.12.png\",\"contentUrl\":\"https:\/\/periodicocentroccidente.com\/wp-content\/uploads\/2026\/03\/Captura-de-pantalla-2026-03-09-a-las-15.23.12.png\",\"width\":621,\"height\":800},{\"@type\":\"BreadcrumbList\",\"@id\":\"https:\/\/periodicocentroccidente.com\/?p=6195#breadcrumb\",\"itemListElement\":[{\"@type\":\"ListItem\",\"position\":1,\"name\":\"Portada\",\"item\":\"https:\/\/periodicocentroccidente.com\/\"},{\"@type\":\"ListItem\",\"position\":2,\"name\":\"Abordaje epidemiol\u00f3gico avanza en cinco municipios de Portuguesa\"}]},{\"@type\":\"WebSite\",\"@id\":\"https:\/\/periodicocentroccidente.com\/#website\",\"url\":\"https:\/\/periodicocentroccidente.com\/\",\"name\":\"\",\"description\":\"Periodismo serio y responsable\",\"potentialAction\":[{\"@type\":\"SearchAction\",\"target\":{\"@type\":\"EntryPoint\",\"urlTemplate\":\"https:\/\/periodicocentroccidente.com\/?s={search_term_string}\"},\"query-input\":{\"@type\":\"PropertyValueSpecification\",\"valueRequired\":true,\"valueName\":\"search_term_string\"}}],\"inLanguage\":\"es\"},{\"@type\":\"Person\",\"@id\":\"https:\/\/periodicocentroccidente.com\/#\/schema\/person\/f4e4a651098f3db198244657b7130e7e\",\"name\":\"Ricardo\",\"image\":{\"@type\":\"ImageObject\",\"inLanguage\":\"es\",\"@id\":\"https:\/\/periodicocentroccidente.com\/#\/schema\/person\/image\/\",\"url\":\"https:\/\/secure.gravatar.com\/avatar\/402e6137108ec0fdaa7809184382fb1dd2f8b00264c1d945d341f2b8f90db429?s=96&d=mm&r=g\",\"contentUrl\":\"https:\/\/secure.gravatar.com\/avatar\/402e6137108ec0fdaa7809184382fb1dd2f8b00264c1d945d341f2b8f90db429?s=96&d=mm&r=g\",\"caption\":\"Ricardo\"},\"url\":\"https:\/\/periodicocentroccidente.com\/?author=2\"}]}<\/script>\n<!-- \/ Yoast SEO plugin. -->","yoast_head_json":{"title":"Abordaje epidemiol\u00f3gico avanza en cinco municipios de Portuguesa -","robots":{"index":"index","follow":"follow","max-snippet":"max-snippet:-1","max-image-preview":"max-image-preview:large","max-video-preview":"max-video-preview:-1"},"canonical":"https:\/\/periodicocentroccidente.com\/?p=6195","og_locale":"es_ES","og_type":"article","og_title":"Abordaje epidemiol\u00f3gico avanza en cinco municipios de Portuguesa -","og_description":"Especial.- Ante el brote detectado de fiebre amarilla en el estado Portuguesa, las autoridades del sistema nacional de salud han desplegado un intenso primer abordaje en cinco principales municipios de los catorce de la entidad. De acuerdo a lo informador por el&nbsp;doctor Carlos Majano, autoridad &uacute;nica de Salud en estado Portuguesa,&nbsp;destac&oacute; que se han desplegado &hellip;","og_url":"https:\/\/periodicocentroccidente.com\/?p=6195","article_published_time":"2026-03-09T20:56:47+00:00","og_image":[{"width":621,"height":800,"url":"https:\/\/periodicocentroccidente.com\/wp-content\/uploads\/2026\/03\/Captura-de-pantalla-2026-03-09-a-las-15.23.12.png","type":"image\/png"}],"author":"Ricardo","twitter_card":"summary_large_image","twitter_misc":{"Escrito por":"Ricardo","Tiempo de lectura":"3 minutos"},"schema":{"@context":"https:\/\/schema.org","@graph":[{"@type":"WebPage","@id":"https:\/\/periodicocentroccidente.com\/?p=6195","url":"https:\/\/periodicocentroccidente.com\/?p=6195","name":"Abordaje epidemiol\u00f3gico avanza en cinco municipios de Portuguesa -","isPartOf":{"@id":"https:\/\/periodicocentroccidente.com\/#website"},"primaryImageOfPage":{"@id":"https:\/\/periodicocentroccidente.com\/?p=6195#primaryimage"},"image":{"@id":"https:\/\/periodicocentroccidente.com\/?p=6195#primaryimage"},"thumbnailUrl":"https:\/\/periodicocentroccidente.com\/wp-content\/uploads\/2026\/03\/Captura-de-pantalla-2026-03-09-a-las-15.23.12.png","datePublished":"2026-03-09T20:56:47+00:00","author":{"@id":"https:\/\/periodicocentroccidente.com\/#\/schema\/person\/f4e4a651098f3db198244657b7130e7e"},"breadcrumb":{"@id":"https:\/\/periodicocentroccidente.com\/?p=6195#breadcrumb"},"inLanguage":"es","potentialAction":[{"@type":"ReadAction","target":["https:\/\/periodicocentroccidente.com\/?p=6195"]}]},{"@type":"ImageObject","inLanguage":"es","@id":"https:\/\/periodicocentroccidente.com\/?p=6195#primaryimage","url":"https:\/\/periodicocentroccidente.com\/wp-content\/uploads\/2026\/03\/Captura-de-pantalla-2026-03-09-a-las-15.23.12.png","contentUrl":"https:\/\/periodicocentroccidente.com\/wp-content\/uploads\/2026\/03\/Captura-de-pantalla-2026-03-09-a-las-15.23.12.png","width":621,"height":800},{"@type":"BreadcrumbList","@id":"https:\/\/periodicocentroccidente.com\/?p=6195#breadcrumb","itemListElement":[{"@type":"ListItem","position":1,"name":"Portada","item":"https:\/\/periodicocentroccidente.com\/"},{"@type":"ListItem","position":2,"name":"Abordaje epidemiol\u00f3gico avanza en cinco municipios de Portuguesa"}]},{"@type":"WebSite","@id":"https:\/\/periodicocentroccidente.com\/#website","url":"https:\/\/periodicocentroccidente.com\/","name":"","description":"Periodismo serio y responsable","potentialAction":[{"@type":"SearchAction","target":{"@type":"EntryPoint","urlTemplate":"https:\/\/periodicocentroccidente.com\/?s={search_term_string}"},"query-input":{"@type":"PropertyValueSpecification","valueRequired":true,"valueName":"search_term_string"}}],"inLanguage":"es"},{"@type":"Person","@id":"https:\/\/periodicocentroccidente.com\/#\/schema\/person\/f4e4a651098f3db198244657b7130e7e","name":"Ricardo","image":{"@type":"ImageObject","inLanguage":"es","@id":"https:\/\/periodicocentroccidente.com\/#\/schema\/person\/image\/","url":"https:\/\/secure.gravatar.com\/avatar\/402e6137108ec0fdaa7809184382fb1dd2f8b00264c1d945d341f2b8f90db429?s=96&d=mm&r=g","contentUrl":"https:\/\/secure.gravatar.com\/avatar\/402e6137108ec0fdaa7809184382fb1dd2f8b00264c1d945d341f2b8f90db429?s=96&d=mm&r=g","caption":"Ricardo"},"url":"https:\/\/periodicocentroccidente.com\/?author=2"}]}},"jetpack_featured_media_url":"https:\/\/periodicocentroccidente.com\/wp-content\/uploads\/2026\/03\/Captura-de-pantalla-2026-03-09-a-las-15.23.12.png","jetpack_sharing_enabled":true,"jetpack-related-posts":[],"_links":{"self":[{"href":"https:\/\/periodicocentroccidente.com\/index.php?rest_route=\/wp\/v2\/posts\/6195","targetHints":{"allow":["GET"]}}],"collection":[{"href":"https:\/\/periodicocentroccidente.com\/index.php?rest_route=\/wp\/v2\/posts"}],"about":[{"href":"https:\/\/periodicocentroccidente.com\/index.php?rest_route=\/wp\/v2\/types\/post"}],"author":[{"embeddable":true,"href":"https:\/\/periodicocentroccidente.com\/index.php?rest_route=\/wp\/v2\/users\/2"}],"replies":[{"embeddable":true,"href":"https:\/\/periodicocentroccidente.com\/index.php?rest_route=%2Fwp%2Fv2%2Fcomments&post=6195"}],"version-history":[{"count":1,"href":"https:\/\/periodicocentroccidente.com\/index.php?rest_route=\/wp\/v2\/posts\/6195\/revisions"}],"predecessor-version":[{"id":6199,"href":"https:\/\/periodicocentroccidente.com\/index.php?rest_route=\/wp\/v2\/posts\/6195\/revisions\/6199"}],"wp:featuredmedia":[{"embeddable":true,"href":"https:\/\/periodicocentroccidente.com\/index.php?rest_route=\/wp\/v2\/media\/6196"}],"wp:attachment":[{"href":"https:\/\/periodicocentroccidente.com\/index.php?rest_route=%2Fwp%2Fv2%2Fmedia&parent=6195"}],"wp:term":[{"taxonomy":"category","embeddable":true,"href":"https:\/\/periodicocentroccidente.com\/index.php?rest_route=%2Fwp%2Fv2%2Fcategories&post=6195"},{"taxonomy":"post_tag","embeddable":true,"href":"https:\/\/periodicocentroccidente.com\/index.php?rest_route=%2Fwp%2Fv2%2Ftags&post=6195"}],"curies":[{"name":"wp","href":"https:\/\/api.w.org\/{rel}","templated":true}]}}