{"id":6191,"date":"2026-03-09T20:36:23","date_gmt":"2026-03-09T20:36:23","guid":{"rendered":"https:\/\/periodicocentroccidente.com\/?p=6191"},"modified":"2026-03-09T20:36:23","modified_gmt":"2026-03-09T20:36:23","slug":"poliportuguesa-detiene-a-cuatro-ciudadanos-por-caza-ilegal-en-guanarito","status":"publish","type":"post","link":"https:\/\/periodicocentroccidente.com\/?p=6191","title":{"rendered":"PoliPortuguesa detiene a cuatro ciudadanos por caza ilegal en Guanarito"},"content":{"rendered":"<p><strong>Especial.-<\/strong><\/p>\n<div dir=\"auto\">En el marco de los operativos de vigilancia y patrullaje preventivo como parte de la Gran Misi\u00f3n Cuadrantes de Paz, funcionarios del Cuerpo de Polic\u00eda del Estado Portuguesa,\u00a0 cumpliendo las pol\u00edticas de seguridad ciudadana impulsadas por el Gobernador ejemplar Antonio Primitivo Cede\u00f1o y bajo la direcci\u00f3n del G\/B Luis Alberto Morales Guerrero, efectuaron la aprehensi\u00f3n de cuatro sujetos por el delito de caza ilegal, durante un procedimiento realizado en el sector Maporita del municipio Guanarito.<\/div>\n<div dir=\"auto\"><\/div>\n<div dir=\"auto\">\u200bEl hecho se registr\u00f3 en horas del amanecer de este lunes 09 de marzo, cuando la comisi\u00f3n policial, perteneciente a la Comuna Socialista Hoja Blanca, avist\u00f3 a los sospechosos a bordo de tres motocicletas en la carretera nacional. Tras darles la voz de alto y realizar la inspecci\u00f3n de rigor apegada a la ley, los oficiales actuantes les incautaron armas de fuego, armas blancas y un chig\u00fcire muerto, cuya caza est\u00e1 regulada por las leyes ambientales venezolanas para proteger el equilibrio ecol\u00f3gico.<\/div>\n<div dir=\"auto\"><\/div>\n<div dir=\"auto\">\u200bLos detenidos han sido identificados como: Ricardo E. Burgos R. (33 a\u00f1os), Neptal\u00ed Rond\u00f3n Z. (43 a\u00f1os), Javier D. Brice\u00f1o R. (36 a\u00f1os) y \u200bJorge L. Brice\u00f1o R. (37 a\u00f1os), a quienes les decomisaron tambi\u00e9n 15 fulminantes de clavo y 139 balines de acero. Los mismos permanecen bajo arresto y han sido puestos a la orden de la Fiscal\u00eda de Ambiente del Ministerio P\u00fablico, organismo que se encargar\u00e1 de continuar con el proceso legal por delitos contra el Estado Venezolano y la fauna silvestre.<\/div>\n<div dir=\"auto\"><\/div>\n<div dir=\"auto\"><strong>Fuente: CPBEP\u00a0<\/strong><\/div>\n<div dir=\"auto\"><strong>R: M. Far\u00eda CNP19087\u00a0<\/strong><\/div>\n<div dir=\"auto\"><\/div>\n<div dir=\"auto\"><img loading=\"lazy\" decoding=\"async\" class=\"alignnone size-medium wp-image-6193\" src=\"https:\/\/periodicocentroccidente.com\/wp-content\/uploads\/2026\/03\/1008165455-300x233.jpg\" alt=\"\" width=\"300\" height=\"233\" srcset=\"https:\/\/periodicocentroccidente.com\/wp-content\/uploads\/2026\/03\/1008165455-300x233.jpg 300w, https:\/\/periodicocentroccidente.com\/wp-content\/uploads\/2026\/03\/1008165455-1024x797.jpg 1024w, https:\/\/periodicocentroccidente.com\/wp-content\/uploads\/2026\/03\/1008165455-768x598.jpg 768w, https:\/\/periodicocentroccidente.com\/wp-content\/uploads\/2026\/03\/1008165455.jpg 1172w\" sizes=\"auto, (max-width: 300px) 100vw, 300px\" \/><\/div>\n","protected":false},"excerpt":{"rendered":"<p>Especial.- En el marco de los operativos de vigilancia y patrullaje preventivo como parte de la Gran Misi&oacute;n Cuadrantes de Paz, funcionarios del Cuerpo de Polic&iacute;a del Estado Portuguesa,&nbsp; cumpliendo las pol&iacute;ticas de seguridad ciudadana impulsadas por el Gobernador ejemplar Antonio Primitivo Cede&ntilde;o y bajo la direcci&oacute;n del G\/B Luis Alberto Morales Guerrero, efectuaron la &hellip;<\/p>\n","protected":false},"author":2,"featured_media":6192,"comment_status":"open","ping_status":"open","sticky":false,"template":"","format":"standard","meta":{"_jetpack_memberships_contains_paid_content":false,"footnotes":""},"categories":[127],"tags":[],"class_list":["post-6191","post","type-post","status-publish","format-standard","has-post-thumbnail","hentry","category-noticias-recientes"],"yoast_head":"<!-- This site is optimized with the Yoast SEO plugin v24.8.1 - https:\/\/yoast.com\/wordpress\/plugins\/seo\/ -->\n<title>PoliPortuguesa detiene a cuatro ciudadanos por caza ilegal en Guanarito -<\/title>\n<meta name=\"robots\" content=\"index, follow, max-snippet:-1, max-image-preview:large, max-video-preview:-1\" \/>\n<link rel=\"canonical\" href=\"https:\/\/periodicocentroccidente.com\/?p=6191\" \/>\n<meta property=\"og:locale\" content=\"es_ES\" \/>\n<meta property=\"og:type\" content=\"article\" \/>\n<meta property=\"og:title\" content=\"PoliPortuguesa detiene a cuatro ciudadanos por caza ilegal en Guanarito -\" \/>\n<meta property=\"og:description\" content=\"Especial.- En el marco de los operativos de vigilancia y patrullaje preventivo como parte de la Gran Misi&oacute;n Cuadrantes de Paz, funcionarios del Cuerpo de Polic&iacute;a del Estado Portuguesa,&nbsp; cumpliendo las pol&iacute;ticas de seguridad ciudadana impulsadas por el Gobernador ejemplar Antonio Primitivo Cede&ntilde;o y bajo la direcci&oacute;n del G\/B Luis Alberto Morales Guerrero, efectuaron la &hellip;\" \/>\n<meta property=\"og:url\" content=\"https:\/\/periodicocentroccidente.com\/?p=6191\" \/>\n<meta property=\"article:published_time\" content=\"2026-03-09T20:36:23+00:00\" \/>\n<meta property=\"og:image\" content=\"https:\/\/periodicocentroccidente.com\/wp-content\/uploads\/2026\/03\/1008165454.jpg\" \/>\n\t<meta property=\"og:image:width\" content=\"1160\" \/>\n\t<meta property=\"og:image:height\" content=\"724\" \/>\n\t<meta property=\"og:image:type\" content=\"image\/jpeg\" \/>\n<meta name=\"author\" content=\"Ricardo\" \/>\n<meta name=\"twitter:card\" content=\"summary_large_image\" \/>\n<meta name=\"twitter:label1\" content=\"Escrito por\" \/>\n\t<meta name=\"twitter:data1\" content=\"Ricardo\" \/>\n\t<meta name=\"twitter:label2\" content=\"Tiempo de lectura\" \/>\n\t<meta name=\"twitter:data2\" content=\"2 minutos\" \/>\n<script type=\"application\/ld+json\" class=\"yoast-schema-graph\">{\"@context\":\"https:\/\/schema.org\",\"@graph\":[{\"@type\":\"WebPage\",\"@id\":\"https:\/\/periodicocentroccidente.com\/?p=6191\",\"url\":\"https:\/\/periodicocentroccidente.com\/?p=6191\",\"name\":\"PoliPortuguesa detiene a cuatro ciudadanos por caza ilegal en Guanarito -\",\"isPartOf\":{\"@id\":\"https:\/\/periodicocentroccidente.com\/#website\"},\"primaryImageOfPage\":{\"@id\":\"https:\/\/periodicocentroccidente.com\/?p=6191#primaryimage\"},\"image\":{\"@id\":\"https:\/\/periodicocentroccidente.com\/?p=6191#primaryimage\"},\"thumbnailUrl\":\"https:\/\/periodicocentroccidente.com\/wp-content\/uploads\/2026\/03\/1008165454.jpg\",\"datePublished\":\"2026-03-09T20:36:23+00:00\",\"author\":{\"@id\":\"https:\/\/periodicocentroccidente.com\/#\/schema\/person\/f4e4a651098f3db198244657b7130e7e\"},\"breadcrumb\":{\"@id\":\"https:\/\/periodicocentroccidente.com\/?p=6191#breadcrumb\"},\"inLanguage\":\"es\",\"potentialAction\":[{\"@type\":\"ReadAction\",\"target\":[\"https:\/\/periodicocentroccidente.com\/?p=6191\"]}]},{\"@type\":\"ImageObject\",\"inLanguage\":\"es\",\"@id\":\"https:\/\/periodicocentroccidente.com\/?p=6191#primaryimage\",\"url\":\"https:\/\/periodicocentroccidente.com\/wp-content\/uploads\/2026\/03\/1008165454.jpg\",\"contentUrl\":\"https:\/\/periodicocentroccidente.com\/wp-content\/uploads\/2026\/03\/1008165454.jpg\",\"width\":1160,\"height\":724},{\"@type\":\"BreadcrumbList\",\"@id\":\"https:\/\/periodicocentroccidente.com\/?p=6191#breadcrumb\",\"itemListElement\":[{\"@type\":\"ListItem\",\"position\":1,\"name\":\"Portada\",\"item\":\"https:\/\/periodicocentroccidente.com\/\"},{\"@type\":\"ListItem\",\"position\":2,\"name\":\"PoliPortuguesa detiene a cuatro ciudadanos por caza ilegal en Guanarito\"}]},{\"@type\":\"WebSite\",\"@id\":\"https:\/\/periodicocentroccidente.com\/#website\",\"url\":\"https:\/\/periodicocentroccidente.com\/\",\"name\":\"\",\"description\":\"Periodismo serio y responsable\",\"potentialAction\":[{\"@type\":\"SearchAction\",\"target\":{\"@type\":\"EntryPoint\",\"urlTemplate\":\"https:\/\/periodicocentroccidente.com\/?s={search_term_string}\"},\"query-input\":{\"@type\":\"PropertyValueSpecification\",\"valueRequired\":true,\"valueName\":\"search_term_string\"}}],\"inLanguage\":\"es\"},{\"@type\":\"Person\",\"@id\":\"https:\/\/periodicocentroccidente.com\/#\/schema\/person\/f4e4a651098f3db198244657b7130e7e\",\"name\":\"Ricardo\",\"image\":{\"@type\":\"ImageObject\",\"inLanguage\":\"es\",\"@id\":\"https:\/\/periodicocentroccidente.com\/#\/schema\/person\/image\/\",\"url\":\"https:\/\/secure.gravatar.com\/avatar\/402e6137108ec0fdaa7809184382fb1dd2f8b00264c1d945d341f2b8f90db429?s=96&d=mm&r=g\",\"contentUrl\":\"https:\/\/secure.gravatar.com\/avatar\/402e6137108ec0fdaa7809184382fb1dd2f8b00264c1d945d341f2b8f90db429?s=96&d=mm&r=g\",\"caption\":\"Ricardo\"},\"url\":\"https:\/\/periodicocentroccidente.com\/?author=2\"}]}<\/script>\n<!-- \/ Yoast SEO plugin. -->","yoast_head_json":{"title":"PoliPortuguesa detiene a cuatro ciudadanos por caza ilegal en Guanarito -","robots":{"index":"index","follow":"follow","max-snippet":"max-snippet:-1","max-image-preview":"max-image-preview:large","max-video-preview":"max-video-preview:-1"},"canonical":"https:\/\/periodicocentroccidente.com\/?p=6191","og_locale":"es_ES","og_type":"article","og_title":"PoliPortuguesa detiene a cuatro ciudadanos por caza ilegal en Guanarito -","og_description":"Especial.- En el marco de los operativos de vigilancia y patrullaje preventivo como parte de la Gran Misi&oacute;n Cuadrantes de Paz, funcionarios del Cuerpo de Polic&iacute;a del Estado Portuguesa,&nbsp; cumpliendo las pol&iacute;ticas de seguridad ciudadana impulsadas por el Gobernador ejemplar Antonio Primitivo Cede&ntilde;o y bajo la direcci&oacute;n del G\/B Luis Alberto Morales Guerrero, efectuaron la &hellip;","og_url":"https:\/\/periodicocentroccidente.com\/?p=6191","article_published_time":"2026-03-09T20:36:23+00:00","og_image":[{"width":1160,"height":724,"url":"https:\/\/periodicocentroccidente.com\/wp-content\/uploads\/2026\/03\/1008165454.jpg","type":"image\/jpeg"}],"author":"Ricardo","twitter_card":"summary_large_image","twitter_misc":{"Escrito por":"Ricardo","Tiempo de lectura":"2 minutos"},"schema":{"@context":"https:\/\/schema.org","@graph":[{"@type":"WebPage","@id":"https:\/\/periodicocentroccidente.com\/?p=6191","url":"https:\/\/periodicocentroccidente.com\/?p=6191","name":"PoliPortuguesa detiene a cuatro ciudadanos por caza ilegal en Guanarito -","isPartOf":{"@id":"https:\/\/periodicocentroccidente.com\/#website"},"primaryImageOfPage":{"@id":"https:\/\/periodicocentroccidente.com\/?p=6191#primaryimage"},"image":{"@id":"https:\/\/periodicocentroccidente.com\/?p=6191#primaryimage"},"thumbnailUrl":"https:\/\/periodicocentroccidente.com\/wp-content\/uploads\/2026\/03\/1008165454.jpg","datePublished":"2026-03-09T20:36:23+00:00","author":{"@id":"https:\/\/periodicocentroccidente.com\/#\/schema\/person\/f4e4a651098f3db198244657b7130e7e"},"breadcrumb":{"@id":"https:\/\/periodicocentroccidente.com\/?p=6191#breadcrumb"},"inLanguage":"es","potentialAction":[{"@type":"ReadAction","target":["https:\/\/periodicocentroccidente.com\/?p=6191"]}]},{"@type":"ImageObject","inLanguage":"es","@id":"https:\/\/periodicocentroccidente.com\/?p=6191#primaryimage","url":"https:\/\/periodicocentroccidente.com\/wp-content\/uploads\/2026\/03\/1008165454.jpg","contentUrl":"https:\/\/periodicocentroccidente.com\/wp-content\/uploads\/2026\/03\/1008165454.jpg","width":1160,"height":724},{"@type":"BreadcrumbList","@id":"https:\/\/periodicocentroccidente.com\/?p=6191#breadcrumb","itemListElement":[{"@type":"ListItem","position":1,"name":"Portada","item":"https:\/\/periodicocentroccidente.com\/"},{"@type":"ListItem","position":2,"name":"PoliPortuguesa detiene a cuatro ciudadanos por caza ilegal en Guanarito"}]},{"@type":"WebSite","@id":"https:\/\/periodicocentroccidente.com\/#website","url":"https:\/\/periodicocentroccidente.com\/","name":"","description":"Periodismo serio y responsable","potentialAction":[{"@type":"SearchAction","target":{"@type":"EntryPoint","urlTemplate":"https:\/\/periodicocentroccidente.com\/?s={search_term_string}"},"query-input":{"@type":"PropertyValueSpecification","valueRequired":true,"valueName":"search_term_string"}}],"inLanguage":"es"},{"@type":"Person","@id":"https:\/\/periodicocentroccidente.com\/#\/schema\/person\/f4e4a651098f3db198244657b7130e7e","name":"Ricardo","image":{"@type":"ImageObject","inLanguage":"es","@id":"https:\/\/periodicocentroccidente.com\/#\/schema\/person\/image\/","url":"https:\/\/secure.gravatar.com\/avatar\/402e6137108ec0fdaa7809184382fb1dd2f8b00264c1d945d341f2b8f90db429?s=96&d=mm&r=g","contentUrl":"https:\/\/secure.gravatar.com\/avatar\/402e6137108ec0fdaa7809184382fb1dd2f8b00264c1d945d341f2b8f90db429?s=96&d=mm&r=g","caption":"Ricardo"},"url":"https:\/\/periodicocentroccidente.com\/?author=2"}]}},"jetpack_featured_media_url":"https:\/\/periodicocentroccidente.com\/wp-content\/uploads\/2026\/03\/1008165454.jpg","jetpack_sharing_enabled":true,"jetpack-related-posts":[],"_links":{"self":[{"href":"https:\/\/periodicocentroccidente.com\/index.php?rest_route=\/wp\/v2\/posts\/6191","targetHints":{"allow":["GET"]}}],"collection":[{"href":"https:\/\/periodicocentroccidente.com\/index.php?rest_route=\/wp\/v2\/posts"}],"about":[{"href":"https:\/\/periodicocentroccidente.com\/index.php?rest_route=\/wp\/v2\/types\/post"}],"author":[{"embeddable":true,"href":"https:\/\/periodicocentroccidente.com\/index.php?rest_route=\/wp\/v2\/users\/2"}],"replies":[{"embeddable":true,"href":"https:\/\/periodicocentroccidente.com\/index.php?rest_route=%2Fwp%2Fv2%2Fcomments&post=6191"}],"version-history":[{"count":1,"href":"https:\/\/periodicocentroccidente.com\/index.php?rest_route=\/wp\/v2\/posts\/6191\/revisions"}],"predecessor-version":[{"id":6194,"href":"https:\/\/periodicocentroccidente.com\/index.php?rest_route=\/wp\/v2\/posts\/6191\/revisions\/6194"}],"wp:featuredmedia":[{"embeddable":true,"href":"https:\/\/periodicocentroccidente.com\/index.php?rest_route=\/wp\/v2\/media\/6192"}],"wp:attachment":[{"href":"https:\/\/periodicocentroccidente.com\/index.php?rest_route=%2Fwp%2Fv2%2Fmedia&parent=6191"}],"wp:term":[{"taxonomy":"category","embeddable":true,"href":"https:\/\/periodicocentroccidente.com\/index.php?rest_route=%2Fwp%2Fv2%2Fcategories&post=6191"},{"taxonomy":"post_tag","embeddable":true,"href":"https:\/\/periodicocentroccidente.com\/index.php?rest_route=%2Fwp%2Fv2%2Ftags&post=6191"}],"curies":[{"name":"wp","href":"https:\/\/api.w.org\/{rel}","templated":true}]}}