{"id":6184,"date":"2026-03-09T20:31:49","date_gmt":"2026-03-09T20:31:49","guid":{"rendered":"https:\/\/periodicocentroccidente.com\/?p=6184"},"modified":"2026-03-09T20:31:49","modified_gmt":"2026-03-09T20:31:49","slug":"seis-directoras-lideran-a-la-sinfonica-regional-de-portuguesa-jose-antonio-paez","status":"publish","type":"post","link":"https:\/\/periodicocentroccidente.com\/?p=6184","title":{"rendered":"Seis directoras lideran a la Sinf\u00f3nica Regional de Portuguesa \u201cJos\u00e9 Antonio P\u00e1ez\u201d"},"content":{"rendered":"<p><strong>Especial.-<\/strong><\/p>\n<p>El eco de los aplausos reson\u00f3 en la Bas\u00edlica Catedral de Guanare. En el podio, el talento femenino fue protagonista durante el concierto de la Sinf\u00f3nica Regional de Portuguesa \u201cJos\u00e9 Antonio P\u00e1ez\u201d, una gala que celebr\u00f3 el liderazgo de la mujer en el marco de su d\u00eda internacional.<\/p>\n<p>La Sinf\u00f3nica no solo ofreci\u00f3 m\u00fasica; ofreci\u00f3 un manifiesto visual y sonoro. Seis directoras, con seis estilos distintos y una misma fuerza t\u00e9cnica, se apoderaron del escenario para demostrar que el podio -hist\u00f3ricamente reservado para la figura masculina- es hoy un espacio de conquista y sensibilidad femenina.<\/p>\n<p>La gala inici\u00f3 con la energ\u00eda r\u00edtmica de Batuque, del brasile\u00f1o Oscar Lorenzo Fern\u00e1ndez, bajo la batuta de Irma Flores, quien entreg\u00f3 una ejecuci\u00f3n que prepar\u00f3 el terreno para la solemnidad. El pulso cambi\u00f3 dr\u00e1sticamente cuando la maestra Raquel Castillo asumi\u00f3 el mando para abordar el IV movimiento de la Sinfon\u00eda n.\u00ba 2 en re mayor de Sibelius, una obra de alta complejidad t\u00e9cnica.<\/p>\n<p>El drama y el brillo europeo llegaron con Yary Mendoza, quien condujo a los m\u00fasicos a trav\u00e9s de la intensidad de Los Toreadores de Bizet. La segunda mitad de la tarde fue un despliegue de dinamismo: Sushan Hern\u00e1ndez, aport\u00f3 el car\u00e1cter y la elegancia necesarios para la Danza H\u00fangara n.\u00ba 5 de Brahms; seguidamente, Elg\u00e9nesis Haricapa hizo vibrar el escenario con el Malambo de Alberto Ginastera.<\/p>\n<p>El cierre, como era de esperarse, fue una explosi\u00f3n musical. Carmen Dorante, integrante de la fila de violas de la Regional, subi\u00f3 al podio para dirigir el ic\u00f3nico Mambo de Leonard Bernstein. El grito de \u00ab\u00a1Mambo!\u00bb no solo brot\u00f3 de los m\u00fasicos, sino de un p\u00fablico que reconoci\u00f3 en esa batuta el talento de quienes forman parte del Sistema Nacional de Orquestas y Coros Juveniles e Infantiles de Venezuela.<\/p>\n<p>Cabe resaltar que este concierto fue una oportunidad para celebrar, escuchar y reconocer el enorme talento de las mujeres en la m\u00fasica sinf\u00f3nica. En Portuguesa, la matr\u00edcula est\u00e1 constituida por un n\u00famero importante de ni\u00f1as y j\u00f3venes, lo que consolida a El Sistema como una plataforma de igualdad donde el g\u00e9nero no limita el genio. <strong>\/\/<\/strong><\/p>\n<p><strong>Jorveis Ortegano Valecill \/\u00a0<\/strong><strong>Prensa &#8211; El Sistema Portuguesa<\/strong><\/p>\n<p><img loading=\"lazy\" decoding=\"async\" class=\"alignnone size-medium wp-image-6186\" src=\"https:\/\/periodicocentroccidente.com\/wp-content\/uploads\/2026\/03\/5003741714681891744-300x225.jpg\" alt=\"\" width=\"300\" height=\"225\" srcset=\"https:\/\/periodicocentroccidente.com\/wp-content\/uploads\/2026\/03\/5003741714681891744-300x225.jpg 300w, https:\/\/periodicocentroccidente.com\/wp-content\/uploads\/2026\/03\/5003741714681891744-1024x768.jpg 1024w, https:\/\/periodicocentroccidente.com\/wp-content\/uploads\/2026\/03\/5003741714681891744-768x576.jpg 768w, https:\/\/periodicocentroccidente.com\/wp-content\/uploads\/2026\/03\/5003741714681891744.jpg 1280w\" sizes=\"auto, (max-width: 300px) 100vw, 300px\" \/>\u00a0 \u00a0 \u00a0 <img loading=\"lazy\" decoding=\"async\" class=\"alignnone size-medium wp-image-6188\" src=\"https:\/\/periodicocentroccidente.com\/wp-content\/uploads\/2026\/03\/5003741714681891756-300x225.jpg\" alt=\"\" width=\"300\" height=\"225\" srcset=\"https:\/\/periodicocentroccidente.com\/wp-content\/uploads\/2026\/03\/5003741714681891756-300x225.jpg 300w, https:\/\/periodicocentroccidente.com\/wp-content\/uploads\/2026\/03\/5003741714681891756-1024x768.jpg 1024w, https:\/\/periodicocentroccidente.com\/wp-content\/uploads\/2026\/03\/5003741714681891756-768x576.jpg 768w, https:\/\/periodicocentroccidente.com\/wp-content\/uploads\/2026\/03\/5003741714681891756.jpg 1280w\" sizes=\"auto, (max-width: 300px) 100vw, 300px\" \/><\/p>\n<p><img loading=\"lazy\" decoding=\"async\" class=\"alignnone size-medium wp-image-6189\" src=\"https:\/\/periodicocentroccidente.com\/wp-content\/uploads\/2026\/03\/5003741714681891766-300x225.jpg\" alt=\"\" width=\"300\" height=\"225\" srcset=\"https:\/\/periodicocentroccidente.com\/wp-content\/uploads\/2026\/03\/5003741714681891766-300x225.jpg 300w, https:\/\/periodicocentroccidente.com\/wp-content\/uploads\/2026\/03\/5003741714681891766-1024x768.jpg 1024w, https:\/\/periodicocentroccidente.com\/wp-content\/uploads\/2026\/03\/5003741714681891766-768x576.jpg 768w, https:\/\/periodicocentroccidente.com\/wp-content\/uploads\/2026\/03\/5003741714681891766.jpg 1280w\" sizes=\"auto, (max-width: 300px) 100vw, 300px\" \/><\/p>\n","protected":false},"excerpt":{"rendered":"<p>Especial.- El eco de los aplausos reson&oacute; en la Bas&iacute;lica Catedral de Guanare. En el podio, el talento femenino fue protagonista durante el concierto de la Sinf&oacute;nica Regional de Portuguesa &ldquo;Jos&eacute; Antonio P&aacute;ez&rdquo;, una gala que celebr&oacute; el liderazgo de la mujer en el marco de su d&iacute;a internacional. La Sinf&oacute;nica no solo ofreci&oacute; m&uacute;sica; &hellip;<\/p>\n","protected":false},"author":2,"featured_media":6185,"comment_status":"open","ping_status":"open","sticky":false,"template":"","format":"standard","meta":{"_jetpack_memberships_contains_paid_content":false,"footnotes":""},"categories":[127],"tags":[],"class_list":["post-6184","post","type-post","status-publish","format-standard","has-post-thumbnail","hentry","category-noticias-recientes"],"yoast_head":"<!-- This site is optimized with the Yoast SEO plugin v24.8.1 - https:\/\/yoast.com\/wordpress\/plugins\/seo\/ -->\n<title>Seis directoras lideran a la Sinf\u00f3nica Regional de Portuguesa \u201cJos\u00e9 Antonio P\u00e1ez\u201d -<\/title>\n<meta name=\"robots\" content=\"index, follow, max-snippet:-1, max-image-preview:large, max-video-preview:-1\" \/>\n<link rel=\"canonical\" href=\"https:\/\/periodicocentroccidente.com\/?p=6184\" \/>\n<meta property=\"og:locale\" content=\"es_ES\" \/>\n<meta property=\"og:type\" content=\"article\" \/>\n<meta property=\"og:title\" content=\"Seis directoras lideran a la Sinf\u00f3nica Regional de Portuguesa \u201cJos\u00e9 Antonio P\u00e1ez\u201d -\" \/>\n<meta property=\"og:description\" content=\"Especial.- El eco de los aplausos reson&oacute; en la Bas&iacute;lica Catedral de Guanare. En el podio, el talento femenino fue protagonista durante el concierto de la Sinf&oacute;nica Regional de Portuguesa &ldquo;Jos&eacute; Antonio P&aacute;ez&rdquo;, una gala que celebr&oacute; el liderazgo de la mujer en el marco de su d&iacute;a internacional. La Sinf&oacute;nica no solo ofreci&oacute; m&uacute;sica; &hellip;\" \/>\n<meta property=\"og:url\" content=\"https:\/\/periodicocentroccidente.com\/?p=6184\" \/>\n<meta property=\"article:published_time\" content=\"2026-03-09T20:31:49+00:00\" \/>\n<meta property=\"og:image\" content=\"https:\/\/periodicocentroccidente.com\/wp-content\/uploads\/2026\/03\/5003741714681891782.jpg\" \/>\n\t<meta property=\"og:image:width\" content=\"1280\" \/>\n\t<meta property=\"og:image:height\" content=\"960\" \/>\n\t<meta property=\"og:image:type\" content=\"image\/jpeg\" \/>\n<meta name=\"author\" content=\"Ricardo\" \/>\n<meta name=\"twitter:card\" content=\"summary_large_image\" \/>\n<meta name=\"twitter:label1\" content=\"Escrito por\" \/>\n\t<meta name=\"twitter:data1\" content=\"Ricardo\" \/>\n\t<meta name=\"twitter:label2\" content=\"Tiempo de lectura\" \/>\n\t<meta name=\"twitter:data2\" content=\"3 minutos\" \/>\n<script type=\"application\/ld+json\" class=\"yoast-schema-graph\">{\"@context\":\"https:\/\/schema.org\",\"@graph\":[{\"@type\":\"WebPage\",\"@id\":\"https:\/\/periodicocentroccidente.com\/?p=6184\",\"url\":\"https:\/\/periodicocentroccidente.com\/?p=6184\",\"name\":\"Seis directoras lideran a la Sinf\u00f3nica Regional de Portuguesa \u201cJos\u00e9 Antonio P\u00e1ez\u201d -\",\"isPartOf\":{\"@id\":\"https:\/\/periodicocentroccidente.com\/#website\"},\"primaryImageOfPage\":{\"@id\":\"https:\/\/periodicocentroccidente.com\/?p=6184#primaryimage\"},\"image\":{\"@id\":\"https:\/\/periodicocentroccidente.com\/?p=6184#primaryimage\"},\"thumbnailUrl\":\"https:\/\/periodicocentroccidente.com\/wp-content\/uploads\/2026\/03\/5003741714681891782.jpg\",\"datePublished\":\"2026-03-09T20:31:49+00:00\",\"author\":{\"@id\":\"https:\/\/periodicocentroccidente.com\/#\/schema\/person\/f4e4a651098f3db198244657b7130e7e\"},\"breadcrumb\":{\"@id\":\"https:\/\/periodicocentroccidente.com\/?p=6184#breadcrumb\"},\"inLanguage\":\"es\",\"potentialAction\":[{\"@type\":\"ReadAction\",\"target\":[\"https:\/\/periodicocentroccidente.com\/?p=6184\"]}]},{\"@type\":\"ImageObject\",\"inLanguage\":\"es\",\"@id\":\"https:\/\/periodicocentroccidente.com\/?p=6184#primaryimage\",\"url\":\"https:\/\/periodicocentroccidente.com\/wp-content\/uploads\/2026\/03\/5003741714681891782.jpg\",\"contentUrl\":\"https:\/\/periodicocentroccidente.com\/wp-content\/uploads\/2026\/03\/5003741714681891782.jpg\",\"width\":1280,\"height\":960},{\"@type\":\"BreadcrumbList\",\"@id\":\"https:\/\/periodicocentroccidente.com\/?p=6184#breadcrumb\",\"itemListElement\":[{\"@type\":\"ListItem\",\"position\":1,\"name\":\"Portada\",\"item\":\"https:\/\/periodicocentroccidente.com\/\"},{\"@type\":\"ListItem\",\"position\":2,\"name\":\"Seis directoras lideran a la Sinf\u00f3nica Regional de Portuguesa \u201cJos\u00e9 Antonio P\u00e1ez\u201d\"}]},{\"@type\":\"WebSite\",\"@id\":\"https:\/\/periodicocentroccidente.com\/#website\",\"url\":\"https:\/\/periodicocentroccidente.com\/\",\"name\":\"\",\"description\":\"Periodismo serio y responsable\",\"potentialAction\":[{\"@type\":\"SearchAction\",\"target\":{\"@type\":\"EntryPoint\",\"urlTemplate\":\"https:\/\/periodicocentroccidente.com\/?s={search_term_string}\"},\"query-input\":{\"@type\":\"PropertyValueSpecification\",\"valueRequired\":true,\"valueName\":\"search_term_string\"}}],\"inLanguage\":\"es\"},{\"@type\":\"Person\",\"@id\":\"https:\/\/periodicocentroccidente.com\/#\/schema\/person\/f4e4a651098f3db198244657b7130e7e\",\"name\":\"Ricardo\",\"image\":{\"@type\":\"ImageObject\",\"inLanguage\":\"es\",\"@id\":\"https:\/\/periodicocentroccidente.com\/#\/schema\/person\/image\/\",\"url\":\"https:\/\/secure.gravatar.com\/avatar\/402e6137108ec0fdaa7809184382fb1dd2f8b00264c1d945d341f2b8f90db429?s=96&d=mm&r=g\",\"contentUrl\":\"https:\/\/secure.gravatar.com\/avatar\/402e6137108ec0fdaa7809184382fb1dd2f8b00264c1d945d341f2b8f90db429?s=96&d=mm&r=g\",\"caption\":\"Ricardo\"},\"url\":\"https:\/\/periodicocentroccidente.com\/?author=2\"}]}<\/script>\n<!-- \/ Yoast SEO plugin. -->","yoast_head_json":{"title":"Seis directoras lideran a la Sinf\u00f3nica Regional de Portuguesa \u201cJos\u00e9 Antonio P\u00e1ez\u201d -","robots":{"index":"index","follow":"follow","max-snippet":"max-snippet:-1","max-image-preview":"max-image-preview:large","max-video-preview":"max-video-preview:-1"},"canonical":"https:\/\/periodicocentroccidente.com\/?p=6184","og_locale":"es_ES","og_type":"article","og_title":"Seis directoras lideran a la Sinf\u00f3nica Regional de Portuguesa \u201cJos\u00e9 Antonio P\u00e1ez\u201d -","og_description":"Especial.- El eco de los aplausos reson&oacute; en la Bas&iacute;lica Catedral de Guanare. En el podio, el talento femenino fue protagonista durante el concierto de la Sinf&oacute;nica Regional de Portuguesa &ldquo;Jos&eacute; Antonio P&aacute;ez&rdquo;, una gala que celebr&oacute; el liderazgo de la mujer en el marco de su d&iacute;a internacional. La Sinf&oacute;nica no solo ofreci&oacute; m&uacute;sica; &hellip;","og_url":"https:\/\/periodicocentroccidente.com\/?p=6184","article_published_time":"2026-03-09T20:31:49+00:00","og_image":[{"width":1280,"height":960,"url":"https:\/\/periodicocentroccidente.com\/wp-content\/uploads\/2026\/03\/5003741714681891782.jpg","type":"image\/jpeg"}],"author":"Ricardo","twitter_card":"summary_large_image","twitter_misc":{"Escrito por":"Ricardo","Tiempo de lectura":"3 minutos"},"schema":{"@context":"https:\/\/schema.org","@graph":[{"@type":"WebPage","@id":"https:\/\/periodicocentroccidente.com\/?p=6184","url":"https:\/\/periodicocentroccidente.com\/?p=6184","name":"Seis directoras lideran a la Sinf\u00f3nica Regional de Portuguesa \u201cJos\u00e9 Antonio P\u00e1ez\u201d -","isPartOf":{"@id":"https:\/\/periodicocentroccidente.com\/#website"},"primaryImageOfPage":{"@id":"https:\/\/periodicocentroccidente.com\/?p=6184#primaryimage"},"image":{"@id":"https:\/\/periodicocentroccidente.com\/?p=6184#primaryimage"},"thumbnailUrl":"https:\/\/periodicocentroccidente.com\/wp-content\/uploads\/2026\/03\/5003741714681891782.jpg","datePublished":"2026-03-09T20:31:49+00:00","author":{"@id":"https:\/\/periodicocentroccidente.com\/#\/schema\/person\/f4e4a651098f3db198244657b7130e7e"},"breadcrumb":{"@id":"https:\/\/periodicocentroccidente.com\/?p=6184#breadcrumb"},"inLanguage":"es","potentialAction":[{"@type":"ReadAction","target":["https:\/\/periodicocentroccidente.com\/?p=6184"]}]},{"@type":"ImageObject","inLanguage":"es","@id":"https:\/\/periodicocentroccidente.com\/?p=6184#primaryimage","url":"https:\/\/periodicocentroccidente.com\/wp-content\/uploads\/2026\/03\/5003741714681891782.jpg","contentUrl":"https:\/\/periodicocentroccidente.com\/wp-content\/uploads\/2026\/03\/5003741714681891782.jpg","width":1280,"height":960},{"@type":"BreadcrumbList","@id":"https:\/\/periodicocentroccidente.com\/?p=6184#breadcrumb","itemListElement":[{"@type":"ListItem","position":1,"name":"Portada","item":"https:\/\/periodicocentroccidente.com\/"},{"@type":"ListItem","position":2,"name":"Seis directoras lideran a la Sinf\u00f3nica Regional de Portuguesa \u201cJos\u00e9 Antonio P\u00e1ez\u201d"}]},{"@type":"WebSite","@id":"https:\/\/periodicocentroccidente.com\/#website","url":"https:\/\/periodicocentroccidente.com\/","name":"","description":"Periodismo serio y responsable","potentialAction":[{"@type":"SearchAction","target":{"@type":"EntryPoint","urlTemplate":"https:\/\/periodicocentroccidente.com\/?s={search_term_string}"},"query-input":{"@type":"PropertyValueSpecification","valueRequired":true,"valueName":"search_term_string"}}],"inLanguage":"es"},{"@type":"Person","@id":"https:\/\/periodicocentroccidente.com\/#\/schema\/person\/f4e4a651098f3db198244657b7130e7e","name":"Ricardo","image":{"@type":"ImageObject","inLanguage":"es","@id":"https:\/\/periodicocentroccidente.com\/#\/schema\/person\/image\/","url":"https:\/\/secure.gravatar.com\/avatar\/402e6137108ec0fdaa7809184382fb1dd2f8b00264c1d945d341f2b8f90db429?s=96&d=mm&r=g","contentUrl":"https:\/\/secure.gravatar.com\/avatar\/402e6137108ec0fdaa7809184382fb1dd2f8b00264c1d945d341f2b8f90db429?s=96&d=mm&r=g","caption":"Ricardo"},"url":"https:\/\/periodicocentroccidente.com\/?author=2"}]}},"jetpack_featured_media_url":"https:\/\/periodicocentroccidente.com\/wp-content\/uploads\/2026\/03\/5003741714681891782.jpg","jetpack_sharing_enabled":true,"jetpack-related-posts":[],"_links":{"self":[{"href":"https:\/\/periodicocentroccidente.com\/index.php?rest_route=\/wp\/v2\/posts\/6184","targetHints":{"allow":["GET"]}}],"collection":[{"href":"https:\/\/periodicocentroccidente.com\/index.php?rest_route=\/wp\/v2\/posts"}],"about":[{"href":"https:\/\/periodicocentroccidente.com\/index.php?rest_route=\/wp\/v2\/types\/post"}],"author":[{"embeddable":true,"href":"https:\/\/periodicocentroccidente.com\/index.php?rest_route=\/wp\/v2\/users\/2"}],"replies":[{"embeddable":true,"href":"https:\/\/periodicocentroccidente.com\/index.php?rest_route=%2Fwp%2Fv2%2Fcomments&post=6184"}],"version-history":[{"count":1,"href":"https:\/\/periodicocentroccidente.com\/index.php?rest_route=\/wp\/v2\/posts\/6184\/revisions"}],"predecessor-version":[{"id":6190,"href":"https:\/\/periodicocentroccidente.com\/index.php?rest_route=\/wp\/v2\/posts\/6184\/revisions\/6190"}],"wp:featuredmedia":[{"embeddable":true,"href":"https:\/\/periodicocentroccidente.com\/index.php?rest_route=\/wp\/v2\/media\/6185"}],"wp:attachment":[{"href":"https:\/\/periodicocentroccidente.com\/index.php?rest_route=%2Fwp%2Fv2%2Fmedia&parent=6184"}],"wp:term":[{"taxonomy":"category","embeddable":true,"href":"https:\/\/periodicocentroccidente.com\/index.php?rest_route=%2Fwp%2Fv2%2Fcategories&post=6184"},{"taxonomy":"post_tag","embeddable":true,"href":"https:\/\/periodicocentroccidente.com\/index.php?rest_route=%2Fwp%2Fv2%2Ftags&post=6184"}],"curies":[{"name":"wp","href":"https:\/\/api.w.org\/{rel}","templated":true}]}}