{"id":6171,"date":"2026-03-09T14:04:35","date_gmt":"2026-03-09T14:04:35","guid":{"rendered":"https:\/\/periodicocentroccidente.com\/?p=6171"},"modified":"2026-03-09T14:04:35","modified_gmt":"2026-03-09T14:04:35","slug":"capturado-sujeto-con-notificacion-roja-de-interpol-solicitado-por-el-secuestro-y-muerte-de-un-ciudadano-en-peru","status":"publish","type":"post","link":"https:\/\/periodicocentroccidente.com\/?p=6171","title":{"rendered":"Capturado sujeto con Notificaci\u00f3n Roja de Interpol solicitado por el secuestro y muerte de un ciudadano en Per\u00fa"},"content":{"rendered":"<p><strong>Especial.-<\/strong><\/p>\n<div dir=\"auto\">Efectivos del Servicio de Investigaci\u00f3n Penal (SIP) Cono Norte, base Araure, del Cuerpo de Polic\u00eda Bolivariana del Estado Portuguesa (CPBEP), lograron la detenci\u00f3n de Juan Daniel Linarez Rodr\u00edguez (21), quien posee Notificaci\u00f3n Roja de la INTERPOL debido a una orden de captura emitida por la Polic\u00eda Nacional de Per\u00fa (PNP) tras ser vinculado con una organizaci\u00f3n criminal denominada \u00abLos Piratas\u00bb.<\/div>\n<div dir=\"auto\"><\/div>\n<div dir=\"auto\">De acuerdo con la informaci\u00f3n ofrecida por la Divisi\u00f3n de Secuestros (Divise) de Per\u00fa, el detenido es se\u00f1alado por su presunta participaci\u00f3n en el secuestro, extorsi\u00f3n y posterior asesinato de un ciudadano peruano, en un hecho ocurrido en agosto de 2025 en la ciudad de Lima, seg\u00fan el reporte oficial del organismo.<\/div>\n<div dir=\"auto\"><\/div>\n<div dir=\"auto\">Esta contundente actuaci\u00f3n policial, apegada a la ley, ha sido ejecutada en cumplimiento de las pol\u00edticas de seguridad ciudadana y cooperaci\u00f3n institucional emanadas del Ministerio del Poder Popular para Relaciones Interiores, Justicia y Paz de la Rep\u00fablica Bolivariana de Venezuela, impulsadas por la gesti\u00f3n del Gobernador Antonio Primitivo Cede\u00f1o, y bajo la supervisi\u00f3n directa del Director General del Cuerpo de Polic\u00eda Bolivariana del Estado Portuguesa (CPBEP), G\/B Luis Alberto Morales Guerrero.<\/div>\n<div dir=\"auto\"><\/div>\n<div dir=\"auto\">La vocer\u00eda oficial del organismo actuante inform\u00f3 que funcionarios del SIP de la Polic\u00eda del estado Portuguesa, liderados por el C\/J Freddy Segovia, fueron alertados por la comunidad acerca de la presencia del indiciado en la Urbanizaci\u00f3n Agua Clara de la ciudad de Araure, donde permanec\u00eda encubierto tratando de evadir a las autoridades. No obstante, tras labores de rastreo y precisar su ubicaci\u00f3n, el sujeto mostr\u00f3 una actitud violenta ante la comisi\u00f3n oficial que procesaba su arresto, agrediendo a los uniformados que, finalmente, lograron neutralizarlo.<\/div>\n<div dir=\"auto\"><\/div>\n<div dir=\"auto\">En consecuencia, el aprehendido y las evidencias incautadas (un tel\u00e9fono Samsung Galaxy A17 5G y una tarjeta SIM Card), han quedado a la orden de la Sala Penal del Tribunal Supremo de Justicia, por orden del \u00f3rgano que dirige las investigaciones.<\/div>\n<div dir=\"auto\"><\/div>\n<div dir=\"auto\"><strong>Fuente: Servicio de Investigaci\u00f3n Penal CPBEP\u00a0<\/strong><\/div>\n<div dir=\"auto\"><strong>R: M. Faria\u00a0 CNP19087<\/strong><\/div>\n<div dir=\"auto\"><\/div>\n<div dir=\"auto\"><img loading=\"lazy\" decoding=\"async\" class=\"alignnone size-medium wp-image-6173\" src=\"https:\/\/periodicocentroccidente.com\/wp-content\/uploads\/2026\/03\/1008159865-169x300.jpg\" alt=\"\" width=\"169\" height=\"300\" srcset=\"https:\/\/periodicocentroccidente.com\/wp-content\/uploads\/2026\/03\/1008159865-169x300.jpg 169w, https:\/\/periodicocentroccidente.com\/wp-content\/uploads\/2026\/03\/1008159865-576x1024.jpg 576w, https:\/\/periodicocentroccidente.com\/wp-content\/uploads\/2026\/03\/1008159865.jpg 607w\" sizes=\"auto, (max-width: 169px) 100vw, 169px\" \/><\/div>\n","protected":false},"excerpt":{"rendered":"<p>Especial.- Efectivos del Servicio de Investigaci&oacute;n Penal (SIP) Cono Norte, base Araure, del Cuerpo de Polic&iacute;a Bolivariana del Estado Portuguesa (CPBEP), lograron la detenci&oacute;n de Juan Daniel Linarez Rodr&iacute;guez (21), quien posee Notificaci&oacute;n Roja de la INTERPOL debido a una orden de captura emitida por la Polic&iacute;a Nacional de Per&uacute; (PNP) tras ser vinculado con &hellip;<\/p>\n","protected":false},"author":2,"featured_media":6172,"comment_status":"open","ping_status":"open","sticky":false,"template":"","format":"standard","meta":{"_jetpack_memberships_contains_paid_content":false,"footnotes":""},"categories":[128],"tags":[],"class_list":["post-6171","post","type-post","status-publish","format-standard","has-post-thumbnail","hentry","category-noticias-del-cono-norte"],"yoast_head":"<!-- This site is optimized with the Yoast SEO plugin v24.8.1 - https:\/\/yoast.com\/wordpress\/plugins\/seo\/ -->\n<title>Capturado sujeto con Notificaci\u00f3n Roja de Interpol solicitado por el secuestro y muerte de un ciudadano en Per\u00fa -<\/title>\n<meta name=\"robots\" content=\"index, follow, max-snippet:-1, max-image-preview:large, max-video-preview:-1\" \/>\n<link rel=\"canonical\" href=\"https:\/\/periodicocentroccidente.com\/?p=6171\" \/>\n<meta property=\"og:locale\" content=\"es_ES\" \/>\n<meta property=\"og:type\" content=\"article\" \/>\n<meta property=\"og:title\" content=\"Capturado sujeto con Notificaci\u00f3n Roja de Interpol solicitado por el secuestro y muerte de un ciudadano en Per\u00fa -\" \/>\n<meta property=\"og:description\" content=\"Especial.- Efectivos del Servicio de Investigaci&oacute;n Penal (SIP) Cono Norte, base Araure, del Cuerpo de Polic&iacute;a Bolivariana del Estado Portuguesa (CPBEP), lograron la detenci&oacute;n de Juan Daniel Linarez Rodr&iacute;guez (21), quien posee Notificaci&oacute;n Roja de la INTERPOL debido a una orden de captura emitida por la Polic&iacute;a Nacional de Per&uacute; (PNP) tras ser vinculado con &hellip;\" \/>\n<meta property=\"og:url\" content=\"https:\/\/periodicocentroccidente.com\/?p=6171\" \/>\n<meta property=\"article:published_time\" content=\"2026-03-09T14:04:35+00:00\" \/>\n<meta property=\"og:image\" content=\"https:\/\/periodicocentroccidente.com\/wp-content\/uploads\/2026\/03\/1008159864.jpg\" \/>\n\t<meta property=\"og:image:width\" content=\"1029\" \/>\n\t<meta property=\"og:image:height\" content=\"1280\" \/>\n\t<meta property=\"og:image:type\" content=\"image\/jpeg\" \/>\n<meta name=\"author\" content=\"Ricardo\" \/>\n<meta name=\"twitter:card\" content=\"summary_large_image\" \/>\n<meta name=\"twitter:label1\" content=\"Escrito por\" \/>\n\t<meta name=\"twitter:data1\" content=\"Ricardo\" \/>\n\t<meta name=\"twitter:label2\" content=\"Tiempo de lectura\" \/>\n\t<meta name=\"twitter:data2\" content=\"2 minutos\" \/>\n<script type=\"application\/ld+json\" class=\"yoast-schema-graph\">{\"@context\":\"https:\/\/schema.org\",\"@graph\":[{\"@type\":\"WebPage\",\"@id\":\"https:\/\/periodicocentroccidente.com\/?p=6171\",\"url\":\"https:\/\/periodicocentroccidente.com\/?p=6171\",\"name\":\"Capturado sujeto con Notificaci\u00f3n Roja de Interpol solicitado por el secuestro y muerte de un ciudadano en Per\u00fa -\",\"isPartOf\":{\"@id\":\"https:\/\/periodicocentroccidente.com\/#website\"},\"primaryImageOfPage\":{\"@id\":\"https:\/\/periodicocentroccidente.com\/?p=6171#primaryimage\"},\"image\":{\"@id\":\"https:\/\/periodicocentroccidente.com\/?p=6171#primaryimage\"},\"thumbnailUrl\":\"https:\/\/periodicocentroccidente.com\/wp-content\/uploads\/2026\/03\/1008159864.jpg\",\"datePublished\":\"2026-03-09T14:04:35+00:00\",\"author\":{\"@id\":\"https:\/\/periodicocentroccidente.com\/#\/schema\/person\/f4e4a651098f3db198244657b7130e7e\"},\"breadcrumb\":{\"@id\":\"https:\/\/periodicocentroccidente.com\/?p=6171#breadcrumb\"},\"inLanguage\":\"es\",\"potentialAction\":[{\"@type\":\"ReadAction\",\"target\":[\"https:\/\/periodicocentroccidente.com\/?p=6171\"]}]},{\"@type\":\"ImageObject\",\"inLanguage\":\"es\",\"@id\":\"https:\/\/periodicocentroccidente.com\/?p=6171#primaryimage\",\"url\":\"https:\/\/periodicocentroccidente.com\/wp-content\/uploads\/2026\/03\/1008159864.jpg\",\"contentUrl\":\"https:\/\/periodicocentroccidente.com\/wp-content\/uploads\/2026\/03\/1008159864.jpg\",\"width\":1029,\"height\":1280},{\"@type\":\"BreadcrumbList\",\"@id\":\"https:\/\/periodicocentroccidente.com\/?p=6171#breadcrumb\",\"itemListElement\":[{\"@type\":\"ListItem\",\"position\":1,\"name\":\"Portada\",\"item\":\"https:\/\/periodicocentroccidente.com\/\"},{\"@type\":\"ListItem\",\"position\":2,\"name\":\"Capturado sujeto con Notificaci\u00f3n Roja de Interpol solicitado por el secuestro y muerte de un ciudadano en Per\u00fa\"}]},{\"@type\":\"WebSite\",\"@id\":\"https:\/\/periodicocentroccidente.com\/#website\",\"url\":\"https:\/\/periodicocentroccidente.com\/\",\"name\":\"\",\"description\":\"Periodismo serio y responsable\",\"potentialAction\":[{\"@type\":\"SearchAction\",\"target\":{\"@type\":\"EntryPoint\",\"urlTemplate\":\"https:\/\/periodicocentroccidente.com\/?s={search_term_string}\"},\"query-input\":{\"@type\":\"PropertyValueSpecification\",\"valueRequired\":true,\"valueName\":\"search_term_string\"}}],\"inLanguage\":\"es\"},{\"@type\":\"Person\",\"@id\":\"https:\/\/periodicocentroccidente.com\/#\/schema\/person\/f4e4a651098f3db198244657b7130e7e\",\"name\":\"Ricardo\",\"image\":{\"@type\":\"ImageObject\",\"inLanguage\":\"es\",\"@id\":\"https:\/\/periodicocentroccidente.com\/#\/schema\/person\/image\/\",\"url\":\"https:\/\/secure.gravatar.com\/avatar\/402e6137108ec0fdaa7809184382fb1dd2f8b00264c1d945d341f2b8f90db429?s=96&d=mm&r=g\",\"contentUrl\":\"https:\/\/secure.gravatar.com\/avatar\/402e6137108ec0fdaa7809184382fb1dd2f8b00264c1d945d341f2b8f90db429?s=96&d=mm&r=g\",\"caption\":\"Ricardo\"},\"url\":\"https:\/\/periodicocentroccidente.com\/?author=2\"}]}<\/script>\n<!-- \/ Yoast SEO plugin. -->","yoast_head_json":{"title":"Capturado sujeto con Notificaci\u00f3n Roja de Interpol solicitado por el secuestro y muerte de un ciudadano en Per\u00fa -","robots":{"index":"index","follow":"follow","max-snippet":"max-snippet:-1","max-image-preview":"max-image-preview:large","max-video-preview":"max-video-preview:-1"},"canonical":"https:\/\/periodicocentroccidente.com\/?p=6171","og_locale":"es_ES","og_type":"article","og_title":"Capturado sujeto con Notificaci\u00f3n Roja de Interpol solicitado por el secuestro y muerte de un ciudadano en Per\u00fa -","og_description":"Especial.- Efectivos del Servicio de Investigaci&oacute;n Penal (SIP) Cono Norte, base Araure, del Cuerpo de Polic&iacute;a Bolivariana del Estado Portuguesa (CPBEP), lograron la detenci&oacute;n de Juan Daniel Linarez Rodr&iacute;guez (21), quien posee Notificaci&oacute;n Roja de la INTERPOL debido a una orden de captura emitida por la Polic&iacute;a Nacional de Per&uacute; (PNP) tras ser vinculado con &hellip;","og_url":"https:\/\/periodicocentroccidente.com\/?p=6171","article_published_time":"2026-03-09T14:04:35+00:00","og_image":[{"width":1029,"height":1280,"url":"https:\/\/periodicocentroccidente.com\/wp-content\/uploads\/2026\/03\/1008159864.jpg","type":"image\/jpeg"}],"author":"Ricardo","twitter_card":"summary_large_image","twitter_misc":{"Escrito por":"Ricardo","Tiempo de lectura":"2 minutos"},"schema":{"@context":"https:\/\/schema.org","@graph":[{"@type":"WebPage","@id":"https:\/\/periodicocentroccidente.com\/?p=6171","url":"https:\/\/periodicocentroccidente.com\/?p=6171","name":"Capturado sujeto con Notificaci\u00f3n Roja de Interpol solicitado por el secuestro y muerte de un ciudadano en Per\u00fa -","isPartOf":{"@id":"https:\/\/periodicocentroccidente.com\/#website"},"primaryImageOfPage":{"@id":"https:\/\/periodicocentroccidente.com\/?p=6171#primaryimage"},"image":{"@id":"https:\/\/periodicocentroccidente.com\/?p=6171#primaryimage"},"thumbnailUrl":"https:\/\/periodicocentroccidente.com\/wp-content\/uploads\/2026\/03\/1008159864.jpg","datePublished":"2026-03-09T14:04:35+00:00","author":{"@id":"https:\/\/periodicocentroccidente.com\/#\/schema\/person\/f4e4a651098f3db198244657b7130e7e"},"breadcrumb":{"@id":"https:\/\/periodicocentroccidente.com\/?p=6171#breadcrumb"},"inLanguage":"es","potentialAction":[{"@type":"ReadAction","target":["https:\/\/periodicocentroccidente.com\/?p=6171"]}]},{"@type":"ImageObject","inLanguage":"es","@id":"https:\/\/periodicocentroccidente.com\/?p=6171#primaryimage","url":"https:\/\/periodicocentroccidente.com\/wp-content\/uploads\/2026\/03\/1008159864.jpg","contentUrl":"https:\/\/periodicocentroccidente.com\/wp-content\/uploads\/2026\/03\/1008159864.jpg","width":1029,"height":1280},{"@type":"BreadcrumbList","@id":"https:\/\/periodicocentroccidente.com\/?p=6171#breadcrumb","itemListElement":[{"@type":"ListItem","position":1,"name":"Portada","item":"https:\/\/periodicocentroccidente.com\/"},{"@type":"ListItem","position":2,"name":"Capturado sujeto con Notificaci\u00f3n Roja de Interpol solicitado por el secuestro y muerte de un ciudadano en Per\u00fa"}]},{"@type":"WebSite","@id":"https:\/\/periodicocentroccidente.com\/#website","url":"https:\/\/periodicocentroccidente.com\/","name":"","description":"Periodismo serio y responsable","potentialAction":[{"@type":"SearchAction","target":{"@type":"EntryPoint","urlTemplate":"https:\/\/periodicocentroccidente.com\/?s={search_term_string}"},"query-input":{"@type":"PropertyValueSpecification","valueRequired":true,"valueName":"search_term_string"}}],"inLanguage":"es"},{"@type":"Person","@id":"https:\/\/periodicocentroccidente.com\/#\/schema\/person\/f4e4a651098f3db198244657b7130e7e","name":"Ricardo","image":{"@type":"ImageObject","inLanguage":"es","@id":"https:\/\/periodicocentroccidente.com\/#\/schema\/person\/image\/","url":"https:\/\/secure.gravatar.com\/avatar\/402e6137108ec0fdaa7809184382fb1dd2f8b00264c1d945d341f2b8f90db429?s=96&d=mm&r=g","contentUrl":"https:\/\/secure.gravatar.com\/avatar\/402e6137108ec0fdaa7809184382fb1dd2f8b00264c1d945d341f2b8f90db429?s=96&d=mm&r=g","caption":"Ricardo"},"url":"https:\/\/periodicocentroccidente.com\/?author=2"}]}},"jetpack_featured_media_url":"https:\/\/periodicocentroccidente.com\/wp-content\/uploads\/2026\/03\/1008159864.jpg","jetpack_sharing_enabled":true,"jetpack-related-posts":[],"_links":{"self":[{"href":"https:\/\/periodicocentroccidente.com\/index.php?rest_route=\/wp\/v2\/posts\/6171","targetHints":{"allow":["GET"]}}],"collection":[{"href":"https:\/\/periodicocentroccidente.com\/index.php?rest_route=\/wp\/v2\/posts"}],"about":[{"href":"https:\/\/periodicocentroccidente.com\/index.php?rest_route=\/wp\/v2\/types\/post"}],"author":[{"embeddable":true,"href":"https:\/\/periodicocentroccidente.com\/index.php?rest_route=\/wp\/v2\/users\/2"}],"replies":[{"embeddable":true,"href":"https:\/\/periodicocentroccidente.com\/index.php?rest_route=%2Fwp%2Fv2%2Fcomments&post=6171"}],"version-history":[{"count":1,"href":"https:\/\/periodicocentroccidente.com\/index.php?rest_route=\/wp\/v2\/posts\/6171\/revisions"}],"predecessor-version":[{"id":6175,"href":"https:\/\/periodicocentroccidente.com\/index.php?rest_route=\/wp\/v2\/posts\/6171\/revisions\/6175"}],"wp:featuredmedia":[{"embeddable":true,"href":"https:\/\/periodicocentroccidente.com\/index.php?rest_route=\/wp\/v2\/media\/6172"}],"wp:attachment":[{"href":"https:\/\/periodicocentroccidente.com\/index.php?rest_route=%2Fwp%2Fv2%2Fmedia&parent=6171"}],"wp:term":[{"taxonomy":"category","embeddable":true,"href":"https:\/\/periodicocentroccidente.com\/index.php?rest_route=%2Fwp%2Fv2%2Fcategories&post=6171"},{"taxonomy":"post_tag","embeddable":true,"href":"https:\/\/periodicocentroccidente.com\/index.php?rest_route=%2Fwp%2Fv2%2Ftags&post=6171"}],"curies":[{"name":"wp","href":"https:\/\/api.w.org\/{rel}","templated":true}]}}