{"id":6168,"date":"2026-03-09T13:54:09","date_gmt":"2026-03-09T13:54:09","guid":{"rendered":"https:\/\/periodicocentroccidente.com\/?p=6168"},"modified":"2026-03-09T13:54:09","modified_gmt":"2026-03-09T13:54:09","slug":"diputado-jose-gregorio-correa-celebra-el-restablecimiento-de-relaciones-consulares-y-diplomaticas-con-eeuu","status":"publish","type":"post","link":"https:\/\/periodicocentroccidente.com\/?p=6168","title":{"rendered":"Diputado Jos\u00e9 Gregorio Correa celebra el restablecimiento de relaciones consulares y diplom\u00e1ticas con EEUU"},"content":{"rendered":"<div class=\"entry-content\">\n<p><strong>Especial.-<\/strong><\/p>\n<p>Tras el anuncio realizado sobre el restablecimiento de relaciones diplom\u00e1ticas y consulares entre la Rep\u00fablica Bolivariana de Venezuela y los Estados Unidos de Am\u00e9rica, el diputado a la Asamblea Nacional, Jos\u00e9 Gregorio Correa, calific\u00f3 la medida como el paso m\u00e1s importante hacia la \u00abnormalizaci\u00f3n de la vida del venezolano\u00bb.<\/p>\n<p>Correa, quien durante a\u00f1os ha denunciado la precariedad jur\u00eddica de los venezolanos fuera del pa\u00eds, record\u00f3 que la ausencia de servicios consulares convirti\u00f3 tr\u00e1mites b\u00e1sicos en una tragedia.<\/p>\n<p>\u00abLo que hoy celebramos no es un triunfo de un sector pol\u00edtico sobre otro, sino una victoria para el venezolano en el exterior. Hemos pasado a\u00f1os exigiendo que la pol\u00edtica no se anteponga al derecho humano de tener identidad. Un venezolano sin consulado es un ciudadano desprotegido, y hoy ese calvario comienza a ver su fin\u00bb, afirm\u00f3 el parlamentario.<\/p>\n<p>El diputado subray\u00f3 que la reapertura de las sedes consulares en ciudades clave de Estados Unidos permitir\u00e1 reactivar procesos cr\u00edticos que hab\u00edan quedado en el limbo desde 2019 como la renovaci\u00f3n de pasaportes y c\u00e9dulas de identidad, emisi\u00f3n de actas de nacimiento y defunci\u00f3n, procesos de apostilla y legalizaci\u00f3n de documentos.<\/p>\n<p>Correa lament\u00f3 que se tuviera que llegar a extremos cr\u00edticos para entender que el di\u00e1logo es la \u00fanica v\u00eda. \u201cSiempre lo dijimos: las sanciones y los bloqueos no tumban gobiernos, solo castigan al pueblo. Quienes pidieron aislamiento y el cierre de sedes diplom\u00e1ticas le hicieron un da\u00f1o irreparable a las familias venezolanas que quedaron separadas y sin papeles\u201d, se\u00f1al\u00f3 en clara alusi\u00f3n a las estrategias de a\u00f1os anteriores.<\/p>\n<p>Finalmente, el diputado hizo un llamado a que este restablecimiento priorice la Celeridad Administrativa para atender la mora de miles de tr\u00e1mites acumulados \u00abNuestra agenda debe ser la agenda de la gente, sobre todo los salarios, los maestros y las pensiones. El restablecimiento de relaciones es la llave para que el venezolano deje de ser un extra\u00f1o en el mundo y recupere su respaldo institucional\u00bb, concluy\u00f3.<\/p>\n<\/div>\n<footer class=\"entry-footer featured-desc\"><\/footer>\n","protected":false},"excerpt":{"rendered":"<p>Especial.- Tras el anuncio realizado sobre el restablecimiento de relaciones diplom&aacute;ticas y consulares entre la Rep&uacute;blica Bolivariana de Venezuela y los Estados Unidos de Am&eacute;rica, el diputado a la Asamblea Nacional, Jos&eacute; Gregorio Correa, calific&oacute; la medida como el paso m&aacute;s importante hacia la &laquo;normalizaci&oacute;n de la vida del venezolano&raquo;. Correa, quien durante a&ntilde;os ha &hellip;<\/p>\n","protected":false},"author":2,"featured_media":6169,"comment_status":"open","ping_status":"open","sticky":false,"template":"","format":"standard","meta":{"_jetpack_memberships_contains_paid_content":false,"footnotes":""},"categories":[127],"tags":[],"class_list":["post-6168","post","type-post","status-publish","format-standard","has-post-thumbnail","hentry","category-noticias-recientes"],"yoast_head":"<!-- This site is optimized with the Yoast SEO plugin v24.8.1 - https:\/\/yoast.com\/wordpress\/plugins\/seo\/ -->\n<title>Diputado Jos\u00e9 Gregorio Correa celebra el restablecimiento de relaciones consulares y diplom\u00e1ticas con EEUU -<\/title>\n<meta name=\"robots\" content=\"index, follow, max-snippet:-1, max-image-preview:large, max-video-preview:-1\" \/>\n<link rel=\"canonical\" href=\"https:\/\/periodicocentroccidente.com\/?p=6168\" \/>\n<meta property=\"og:locale\" content=\"es_ES\" \/>\n<meta property=\"og:type\" content=\"article\" \/>\n<meta property=\"og:title\" content=\"Diputado Jos\u00e9 Gregorio Correa celebra el restablecimiento de relaciones consulares y diplom\u00e1ticas con EEUU -\" \/>\n<meta property=\"og:description\" content=\"Especial.- Tras el anuncio realizado sobre el restablecimiento de relaciones diplom&aacute;ticas y consulares entre la Rep&uacute;blica Bolivariana de Venezuela y los Estados Unidos de Am&eacute;rica, el diputado a la Asamblea Nacional, Jos&eacute; Gregorio Correa, calific&oacute; la medida como el paso m&aacute;s importante hacia la &laquo;normalizaci&oacute;n de la vida del venezolano&raquo;. Correa, quien durante a&ntilde;os ha &hellip;\" \/>\n<meta property=\"og:url\" content=\"https:\/\/periodicocentroccidente.com\/?p=6168\" \/>\n<meta property=\"article:published_time\" content=\"2026-03-09T13:54:09+00:00\" \/>\n<meta property=\"og:image\" content=\"https:\/\/periodicocentroccidente.com\/wp-content\/uploads\/2026\/03\/IMG_3555-1536x849-1.jpeg\" \/>\n\t<meta property=\"og:image:width\" content=\"1536\" \/>\n\t<meta property=\"og:image:height\" content=\"849\" \/>\n\t<meta property=\"og:image:type\" content=\"image\/jpeg\" \/>\n<meta name=\"author\" content=\"Ricardo\" \/>\n<meta name=\"twitter:card\" content=\"summary_large_image\" \/>\n<meta name=\"twitter:label1\" content=\"Escrito por\" \/>\n\t<meta name=\"twitter:data1\" content=\"Ricardo\" \/>\n\t<meta name=\"twitter:label2\" content=\"Tiempo de lectura\" \/>\n\t<meta name=\"twitter:data2\" content=\"2 minutos\" \/>\n<script type=\"application\/ld+json\" class=\"yoast-schema-graph\">{\"@context\":\"https:\/\/schema.org\",\"@graph\":[{\"@type\":\"WebPage\",\"@id\":\"https:\/\/periodicocentroccidente.com\/?p=6168\",\"url\":\"https:\/\/periodicocentroccidente.com\/?p=6168\",\"name\":\"Diputado Jos\u00e9 Gregorio Correa celebra el restablecimiento de relaciones consulares y diplom\u00e1ticas con EEUU -\",\"isPartOf\":{\"@id\":\"https:\/\/periodicocentroccidente.com\/#website\"},\"primaryImageOfPage\":{\"@id\":\"https:\/\/periodicocentroccidente.com\/?p=6168#primaryimage\"},\"image\":{\"@id\":\"https:\/\/periodicocentroccidente.com\/?p=6168#primaryimage\"},\"thumbnailUrl\":\"https:\/\/periodicocentroccidente.com\/wp-content\/uploads\/2026\/03\/IMG_3555-1536x849-1.jpeg\",\"datePublished\":\"2026-03-09T13:54:09+00:00\",\"author\":{\"@id\":\"https:\/\/periodicocentroccidente.com\/#\/schema\/person\/f4e4a651098f3db198244657b7130e7e\"},\"breadcrumb\":{\"@id\":\"https:\/\/periodicocentroccidente.com\/?p=6168#breadcrumb\"},\"inLanguage\":\"es\",\"potentialAction\":[{\"@type\":\"ReadAction\",\"target\":[\"https:\/\/periodicocentroccidente.com\/?p=6168\"]}]},{\"@type\":\"ImageObject\",\"inLanguage\":\"es\",\"@id\":\"https:\/\/periodicocentroccidente.com\/?p=6168#primaryimage\",\"url\":\"https:\/\/periodicocentroccidente.com\/wp-content\/uploads\/2026\/03\/IMG_3555-1536x849-1.jpeg\",\"contentUrl\":\"https:\/\/periodicocentroccidente.com\/wp-content\/uploads\/2026\/03\/IMG_3555-1536x849-1.jpeg\",\"width\":1536,\"height\":849},{\"@type\":\"BreadcrumbList\",\"@id\":\"https:\/\/periodicocentroccidente.com\/?p=6168#breadcrumb\",\"itemListElement\":[{\"@type\":\"ListItem\",\"position\":1,\"name\":\"Portada\",\"item\":\"https:\/\/periodicocentroccidente.com\/\"},{\"@type\":\"ListItem\",\"position\":2,\"name\":\"Diputado Jos\u00e9 Gregorio Correa celebra el restablecimiento de relaciones consulares y diplom\u00e1ticas con EEUU\"}]},{\"@type\":\"WebSite\",\"@id\":\"https:\/\/periodicocentroccidente.com\/#website\",\"url\":\"https:\/\/periodicocentroccidente.com\/\",\"name\":\"\",\"description\":\"Periodismo serio y responsable\",\"potentialAction\":[{\"@type\":\"SearchAction\",\"target\":{\"@type\":\"EntryPoint\",\"urlTemplate\":\"https:\/\/periodicocentroccidente.com\/?s={search_term_string}\"},\"query-input\":{\"@type\":\"PropertyValueSpecification\",\"valueRequired\":true,\"valueName\":\"search_term_string\"}}],\"inLanguage\":\"es\"},{\"@type\":\"Person\",\"@id\":\"https:\/\/periodicocentroccidente.com\/#\/schema\/person\/f4e4a651098f3db198244657b7130e7e\",\"name\":\"Ricardo\",\"image\":{\"@type\":\"ImageObject\",\"inLanguage\":\"es\",\"@id\":\"https:\/\/periodicocentroccidente.com\/#\/schema\/person\/image\/\",\"url\":\"https:\/\/secure.gravatar.com\/avatar\/402e6137108ec0fdaa7809184382fb1dd2f8b00264c1d945d341f2b8f90db429?s=96&d=mm&r=g\",\"contentUrl\":\"https:\/\/secure.gravatar.com\/avatar\/402e6137108ec0fdaa7809184382fb1dd2f8b00264c1d945d341f2b8f90db429?s=96&d=mm&r=g\",\"caption\":\"Ricardo\"},\"url\":\"https:\/\/periodicocentroccidente.com\/?author=2\"}]}<\/script>\n<!-- \/ Yoast SEO plugin. -->","yoast_head_json":{"title":"Diputado Jos\u00e9 Gregorio Correa celebra el restablecimiento de relaciones consulares y diplom\u00e1ticas con EEUU -","robots":{"index":"index","follow":"follow","max-snippet":"max-snippet:-1","max-image-preview":"max-image-preview:large","max-video-preview":"max-video-preview:-1"},"canonical":"https:\/\/periodicocentroccidente.com\/?p=6168","og_locale":"es_ES","og_type":"article","og_title":"Diputado Jos\u00e9 Gregorio Correa celebra el restablecimiento de relaciones consulares y diplom\u00e1ticas con EEUU -","og_description":"Especial.- Tras el anuncio realizado sobre el restablecimiento de relaciones diplom&aacute;ticas y consulares entre la Rep&uacute;blica Bolivariana de Venezuela y los Estados Unidos de Am&eacute;rica, el diputado a la Asamblea Nacional, Jos&eacute; Gregorio Correa, calific&oacute; la medida como el paso m&aacute;s importante hacia la &laquo;normalizaci&oacute;n de la vida del venezolano&raquo;. Correa, quien durante a&ntilde;os ha &hellip;","og_url":"https:\/\/periodicocentroccidente.com\/?p=6168","article_published_time":"2026-03-09T13:54:09+00:00","og_image":[{"width":1536,"height":849,"url":"https:\/\/periodicocentroccidente.com\/wp-content\/uploads\/2026\/03\/IMG_3555-1536x849-1.jpeg","type":"image\/jpeg"}],"author":"Ricardo","twitter_card":"summary_large_image","twitter_misc":{"Escrito por":"Ricardo","Tiempo de lectura":"2 minutos"},"schema":{"@context":"https:\/\/schema.org","@graph":[{"@type":"WebPage","@id":"https:\/\/periodicocentroccidente.com\/?p=6168","url":"https:\/\/periodicocentroccidente.com\/?p=6168","name":"Diputado Jos\u00e9 Gregorio Correa celebra el restablecimiento de relaciones consulares y diplom\u00e1ticas con EEUU -","isPartOf":{"@id":"https:\/\/periodicocentroccidente.com\/#website"},"primaryImageOfPage":{"@id":"https:\/\/periodicocentroccidente.com\/?p=6168#primaryimage"},"image":{"@id":"https:\/\/periodicocentroccidente.com\/?p=6168#primaryimage"},"thumbnailUrl":"https:\/\/periodicocentroccidente.com\/wp-content\/uploads\/2026\/03\/IMG_3555-1536x849-1.jpeg","datePublished":"2026-03-09T13:54:09+00:00","author":{"@id":"https:\/\/periodicocentroccidente.com\/#\/schema\/person\/f4e4a651098f3db198244657b7130e7e"},"breadcrumb":{"@id":"https:\/\/periodicocentroccidente.com\/?p=6168#breadcrumb"},"inLanguage":"es","potentialAction":[{"@type":"ReadAction","target":["https:\/\/periodicocentroccidente.com\/?p=6168"]}]},{"@type":"ImageObject","inLanguage":"es","@id":"https:\/\/periodicocentroccidente.com\/?p=6168#primaryimage","url":"https:\/\/periodicocentroccidente.com\/wp-content\/uploads\/2026\/03\/IMG_3555-1536x849-1.jpeg","contentUrl":"https:\/\/periodicocentroccidente.com\/wp-content\/uploads\/2026\/03\/IMG_3555-1536x849-1.jpeg","width":1536,"height":849},{"@type":"BreadcrumbList","@id":"https:\/\/periodicocentroccidente.com\/?p=6168#breadcrumb","itemListElement":[{"@type":"ListItem","position":1,"name":"Portada","item":"https:\/\/periodicocentroccidente.com\/"},{"@type":"ListItem","position":2,"name":"Diputado Jos\u00e9 Gregorio Correa celebra el restablecimiento de relaciones consulares y diplom\u00e1ticas con EEUU"}]},{"@type":"WebSite","@id":"https:\/\/periodicocentroccidente.com\/#website","url":"https:\/\/periodicocentroccidente.com\/","name":"","description":"Periodismo serio y responsable","potentialAction":[{"@type":"SearchAction","target":{"@type":"EntryPoint","urlTemplate":"https:\/\/periodicocentroccidente.com\/?s={search_term_string}"},"query-input":{"@type":"PropertyValueSpecification","valueRequired":true,"valueName":"search_term_string"}}],"inLanguage":"es"},{"@type":"Person","@id":"https:\/\/periodicocentroccidente.com\/#\/schema\/person\/f4e4a651098f3db198244657b7130e7e","name":"Ricardo","image":{"@type":"ImageObject","inLanguage":"es","@id":"https:\/\/periodicocentroccidente.com\/#\/schema\/person\/image\/","url":"https:\/\/secure.gravatar.com\/avatar\/402e6137108ec0fdaa7809184382fb1dd2f8b00264c1d945d341f2b8f90db429?s=96&d=mm&r=g","contentUrl":"https:\/\/secure.gravatar.com\/avatar\/402e6137108ec0fdaa7809184382fb1dd2f8b00264c1d945d341f2b8f90db429?s=96&d=mm&r=g","caption":"Ricardo"},"url":"https:\/\/periodicocentroccidente.com\/?author=2"}]}},"jetpack_featured_media_url":"https:\/\/periodicocentroccidente.com\/wp-content\/uploads\/2026\/03\/IMG_3555-1536x849-1.jpeg","jetpack_sharing_enabled":true,"jetpack-related-posts":[],"_links":{"self":[{"href":"https:\/\/periodicocentroccidente.com\/index.php?rest_route=\/wp\/v2\/posts\/6168","targetHints":{"allow":["GET"]}}],"collection":[{"href":"https:\/\/periodicocentroccidente.com\/index.php?rest_route=\/wp\/v2\/posts"}],"about":[{"href":"https:\/\/periodicocentroccidente.com\/index.php?rest_route=\/wp\/v2\/types\/post"}],"author":[{"embeddable":true,"href":"https:\/\/periodicocentroccidente.com\/index.php?rest_route=\/wp\/v2\/users\/2"}],"replies":[{"embeddable":true,"href":"https:\/\/periodicocentroccidente.com\/index.php?rest_route=%2Fwp%2Fv2%2Fcomments&post=6168"}],"version-history":[{"count":1,"href":"https:\/\/periodicocentroccidente.com\/index.php?rest_route=\/wp\/v2\/posts\/6168\/revisions"}],"predecessor-version":[{"id":6170,"href":"https:\/\/periodicocentroccidente.com\/index.php?rest_route=\/wp\/v2\/posts\/6168\/revisions\/6170"}],"wp:featuredmedia":[{"embeddable":true,"href":"https:\/\/periodicocentroccidente.com\/index.php?rest_route=\/wp\/v2\/media\/6169"}],"wp:attachment":[{"href":"https:\/\/periodicocentroccidente.com\/index.php?rest_route=%2Fwp%2Fv2%2Fmedia&parent=6168"}],"wp:term":[{"taxonomy":"category","embeddable":true,"href":"https:\/\/periodicocentroccidente.com\/index.php?rest_route=%2Fwp%2Fv2%2Fcategories&post=6168"},{"taxonomy":"post_tag","embeddable":true,"href":"https:\/\/periodicocentroccidente.com\/index.php?rest_route=%2Fwp%2Fv2%2Ftags&post=6168"}],"curies":[{"name":"wp","href":"https:\/\/api.w.org\/{rel}","templated":true}]}}