{"id":6150,"date":"2026-03-05T17:01:37","date_gmt":"2026-03-05T17:01:37","guid":{"rendered":"https:\/\/periodicocentroccidente.com\/?p=6150"},"modified":"2026-03-05T17:01:37","modified_gmt":"2026-03-05T17:01:37","slug":"en-semana-santa-vacuna-contra-la-fiebre-amarilla-sera-obligatoria-en-portuguesa","status":"publish","type":"post","link":"https:\/\/periodicocentroccidente.com\/?p=6150","title":{"rendered":"En Semana Santa: Vacuna contra la Fiebre Amarilla ser\u00e1 obligatoria en Portuguesa"},"content":{"rendered":"<p><strong>Especial .-<\/strong><\/p>\n<p>El Gobierno venezolano inform\u00f3 que todas las personas que planeen visitar\u00a0Barinas, Aragua, Lara y Portuguesa durante la pr\u00f3xima Semana Santa deber\u00e1n aplicarse la vacuna contra la fiebre amarilla al menos diez d\u00edas antes de su viaje, como medida preventiva frente al brote registrado en el pa\u00eds.<\/p>\n<p>La vicepresidenta sectorial de Salud, Ciencia, Tecnolog\u00eda y Ecosocialismo, Isabel Iturria, explic\u00f3 que la medida forma parte de un protocolo de vigilancia epidemiol\u00f3gica orientado a frenar la propagaci\u00f3n del virus, especialmente en \u00e1reas selv\u00e1ticas donde el riesgo de contagio es mayor.<\/p>\n<p>Por otra parte, la viceministra para Redes de Salud Colectiva, Magda Magris, se\u00f1al\u00f3 que quienes transiten por estos ecosistemas enfrentan una probabilidad m\u00e1s alta de infecci\u00f3n debido a las condiciones ambientales que favorecen la presencia del mosquito vector.<\/p>\n<p>Por ello, las autoridades hacen un llamado a acudir a los centros de vacunaci\u00f3n para protegerse antes de cualquier traslado tur\u00edstico.<\/p>\n<p>Adem\u00e1s, se recomienda utilizar ropa de manga larga y repelente en zonas boscosas para minimizar el riesgo de picaduras de mosquitos transmisores.<\/p>\n<p>Magris destac\u00f3 que la prevenci\u00f3n individual sigue siendo la herramienta m\u00e1s eficaz contra la enfermedad y record\u00f3 que la vacuna actual brinda protecci\u00f3n de por vida con una sola aplicaci\u00f3n.<\/p>\n<p>\u201cProtegerse antes del viaje no solo resguarda la salud de cada persona, sino que tambi\u00e9n ayuda a evitar la propagaci\u00f3n del virus en las comunidades\u201d, enfatiz\u00f3 la viceministra.<\/p>\n<p>La semana pasada, la ministra de Salud, Nuramy Guti\u00e9rrez Gonz\u00e1lez, confirm\u00f3 oficialmente la existencia del brote en Venezuela,\u00a0vinculado al resurgimiento regional de la enfermedad en pa\u00edses vecinos como Colombia, Bolivia, Brasil y Ecuador desde finales de 2024.<\/p>\n<p>Guti\u00e9rrez detall\u00f3 que las jornadas de vacunaci\u00f3n se intensifican en los cuatro estados afectados y asegur\u00f3 que hay dosis disponibles para toda la poblaci\u00f3n, incluyendo al personal militar y a quienes acudan a vacunarse en otras regiones del pa\u00eds.\u00a0<strong>(Con Informaci\u00f3n de El Universal)<\/strong><\/p>\n","protected":false},"excerpt":{"rendered":"<p>Especial .- El Gobierno venezolano inform&oacute; que todas las personas que planeen visitar&nbsp;Barinas, Aragua, Lara y Portuguesa durante la pr&oacute;xima Semana Santa deber&aacute;n aplicarse la vacuna contra la fiebre amarilla al menos diez d&iacute;as antes de su viaje, como medida preventiva frente al brote registrado en el pa&iacute;s. La vicepresidenta sectorial de Salud, Ciencia, Tecnolog&iacute;a &hellip;<\/p>\n","protected":false},"author":2,"featured_media":6151,"comment_status":"open","ping_status":"open","sticky":false,"template":"","format":"standard","meta":{"_jetpack_memberships_contains_paid_content":false,"footnotes":""},"categories":[127],"tags":[],"class_list":["post-6150","post","type-post","status-publish","format-standard","has-post-thumbnail","hentry","category-noticias-recientes"],"yoast_head":"<!-- This site is optimized with the Yoast SEO plugin v24.8.1 - https:\/\/yoast.com\/wordpress\/plugins\/seo\/ -->\n<title>En Semana Santa: Vacuna contra la Fiebre Amarilla ser\u00e1 obligatoria en Portuguesa -<\/title>\n<meta name=\"robots\" content=\"index, follow, max-snippet:-1, max-image-preview:large, max-video-preview:-1\" \/>\n<link rel=\"canonical\" href=\"https:\/\/periodicocentroccidente.com\/?p=6150\" \/>\n<meta property=\"og:locale\" content=\"es_ES\" \/>\n<meta property=\"og:type\" content=\"article\" \/>\n<meta property=\"og:title\" content=\"En Semana Santa: Vacuna contra la Fiebre Amarilla ser\u00e1 obligatoria en Portuguesa -\" \/>\n<meta property=\"og:description\" content=\"Especial .- El Gobierno venezolano inform&oacute; que todas las personas que planeen visitar&nbsp;Barinas, Aragua, Lara y Portuguesa durante la pr&oacute;xima Semana Santa deber&aacute;n aplicarse la vacuna contra la fiebre amarilla al menos diez d&iacute;as antes de su viaje, como medida preventiva frente al brote registrado en el pa&iacute;s. La vicepresidenta sectorial de Salud, Ciencia, Tecnolog&iacute;a &hellip;\" \/>\n<meta property=\"og:url\" content=\"https:\/\/periodicocentroccidente.com\/?p=6150\" \/>\n<meta property=\"article:published_time\" content=\"2026-03-05T17:01:37+00:00\" \/>\n<meta property=\"og:image\" content=\"https:\/\/periodicocentroccidente.com\/wp-content\/uploads\/2026\/03\/vacunacion-fiebre-amarilla.jpg\" \/>\n\t<meta property=\"og:image:width\" content=\"1200\" \/>\n\t<meta property=\"og:image:height\" content=\"720\" \/>\n\t<meta property=\"og:image:type\" content=\"image\/jpeg\" \/>\n<meta name=\"author\" content=\"Ricardo\" \/>\n<meta name=\"twitter:card\" content=\"summary_large_image\" \/>\n<meta name=\"twitter:label1\" content=\"Escrito por\" \/>\n\t<meta name=\"twitter:data1\" content=\"Ricardo\" \/>\n\t<meta name=\"twitter:label2\" content=\"Tiempo de lectura\" \/>\n\t<meta name=\"twitter:data2\" content=\"2 minutos\" \/>\n<script type=\"application\/ld+json\" class=\"yoast-schema-graph\">{\"@context\":\"https:\/\/schema.org\",\"@graph\":[{\"@type\":\"WebPage\",\"@id\":\"https:\/\/periodicocentroccidente.com\/?p=6150\",\"url\":\"https:\/\/periodicocentroccidente.com\/?p=6150\",\"name\":\"En Semana Santa: Vacuna contra la Fiebre Amarilla ser\u00e1 obligatoria en Portuguesa -\",\"isPartOf\":{\"@id\":\"https:\/\/periodicocentroccidente.com\/#website\"},\"primaryImageOfPage\":{\"@id\":\"https:\/\/periodicocentroccidente.com\/?p=6150#primaryimage\"},\"image\":{\"@id\":\"https:\/\/periodicocentroccidente.com\/?p=6150#primaryimage\"},\"thumbnailUrl\":\"https:\/\/periodicocentroccidente.com\/wp-content\/uploads\/2026\/03\/vacunacion-fiebre-amarilla.jpg\",\"datePublished\":\"2026-03-05T17:01:37+00:00\",\"author\":{\"@id\":\"https:\/\/periodicocentroccidente.com\/#\/schema\/person\/f4e4a651098f3db198244657b7130e7e\"},\"breadcrumb\":{\"@id\":\"https:\/\/periodicocentroccidente.com\/?p=6150#breadcrumb\"},\"inLanguage\":\"es\",\"potentialAction\":[{\"@type\":\"ReadAction\",\"target\":[\"https:\/\/periodicocentroccidente.com\/?p=6150\"]}]},{\"@type\":\"ImageObject\",\"inLanguage\":\"es\",\"@id\":\"https:\/\/periodicocentroccidente.com\/?p=6150#primaryimage\",\"url\":\"https:\/\/periodicocentroccidente.com\/wp-content\/uploads\/2026\/03\/vacunacion-fiebre-amarilla.jpg\",\"contentUrl\":\"https:\/\/periodicocentroccidente.com\/wp-content\/uploads\/2026\/03\/vacunacion-fiebre-amarilla.jpg\",\"width\":1200,\"height\":720,\"caption\":\"CREATOR: gd-jpeg v1.0 (using IJG JPEG v62), quality = 82\"},{\"@type\":\"BreadcrumbList\",\"@id\":\"https:\/\/periodicocentroccidente.com\/?p=6150#breadcrumb\",\"itemListElement\":[{\"@type\":\"ListItem\",\"position\":1,\"name\":\"Portada\",\"item\":\"https:\/\/periodicocentroccidente.com\/\"},{\"@type\":\"ListItem\",\"position\":2,\"name\":\"En Semana Santa: Vacuna contra la Fiebre Amarilla ser\u00e1 obligatoria en Portuguesa\"}]},{\"@type\":\"WebSite\",\"@id\":\"https:\/\/periodicocentroccidente.com\/#website\",\"url\":\"https:\/\/periodicocentroccidente.com\/\",\"name\":\"\",\"description\":\"Periodismo serio y responsable\",\"potentialAction\":[{\"@type\":\"SearchAction\",\"target\":{\"@type\":\"EntryPoint\",\"urlTemplate\":\"https:\/\/periodicocentroccidente.com\/?s={search_term_string}\"},\"query-input\":{\"@type\":\"PropertyValueSpecification\",\"valueRequired\":true,\"valueName\":\"search_term_string\"}}],\"inLanguage\":\"es\"},{\"@type\":\"Person\",\"@id\":\"https:\/\/periodicocentroccidente.com\/#\/schema\/person\/f4e4a651098f3db198244657b7130e7e\",\"name\":\"Ricardo\",\"image\":{\"@type\":\"ImageObject\",\"inLanguage\":\"es\",\"@id\":\"https:\/\/periodicocentroccidente.com\/#\/schema\/person\/image\/\",\"url\":\"https:\/\/secure.gravatar.com\/avatar\/402e6137108ec0fdaa7809184382fb1dd2f8b00264c1d945d341f2b8f90db429?s=96&d=mm&r=g\",\"contentUrl\":\"https:\/\/secure.gravatar.com\/avatar\/402e6137108ec0fdaa7809184382fb1dd2f8b00264c1d945d341f2b8f90db429?s=96&d=mm&r=g\",\"caption\":\"Ricardo\"},\"url\":\"https:\/\/periodicocentroccidente.com\/?author=2\"}]}<\/script>\n<!-- \/ Yoast SEO plugin. -->","yoast_head_json":{"title":"En Semana Santa: Vacuna contra la Fiebre Amarilla ser\u00e1 obligatoria en Portuguesa -","robots":{"index":"index","follow":"follow","max-snippet":"max-snippet:-1","max-image-preview":"max-image-preview:large","max-video-preview":"max-video-preview:-1"},"canonical":"https:\/\/periodicocentroccidente.com\/?p=6150","og_locale":"es_ES","og_type":"article","og_title":"En Semana Santa: Vacuna contra la Fiebre Amarilla ser\u00e1 obligatoria en Portuguesa -","og_description":"Especial .- El Gobierno venezolano inform&oacute; que todas las personas que planeen visitar&nbsp;Barinas, Aragua, Lara y Portuguesa durante la pr&oacute;xima Semana Santa deber&aacute;n aplicarse la vacuna contra la fiebre amarilla al menos diez d&iacute;as antes de su viaje, como medida preventiva frente al brote registrado en el pa&iacute;s. La vicepresidenta sectorial de Salud, Ciencia, Tecnolog&iacute;a &hellip;","og_url":"https:\/\/periodicocentroccidente.com\/?p=6150","article_published_time":"2026-03-05T17:01:37+00:00","og_image":[{"width":1200,"height":720,"url":"https:\/\/periodicocentroccidente.com\/wp-content\/uploads\/2026\/03\/vacunacion-fiebre-amarilla.jpg","type":"image\/jpeg"}],"author":"Ricardo","twitter_card":"summary_large_image","twitter_misc":{"Escrito por":"Ricardo","Tiempo de lectura":"2 minutos"},"schema":{"@context":"https:\/\/schema.org","@graph":[{"@type":"WebPage","@id":"https:\/\/periodicocentroccidente.com\/?p=6150","url":"https:\/\/periodicocentroccidente.com\/?p=6150","name":"En Semana Santa: Vacuna contra la Fiebre Amarilla ser\u00e1 obligatoria en Portuguesa -","isPartOf":{"@id":"https:\/\/periodicocentroccidente.com\/#website"},"primaryImageOfPage":{"@id":"https:\/\/periodicocentroccidente.com\/?p=6150#primaryimage"},"image":{"@id":"https:\/\/periodicocentroccidente.com\/?p=6150#primaryimage"},"thumbnailUrl":"https:\/\/periodicocentroccidente.com\/wp-content\/uploads\/2026\/03\/vacunacion-fiebre-amarilla.jpg","datePublished":"2026-03-05T17:01:37+00:00","author":{"@id":"https:\/\/periodicocentroccidente.com\/#\/schema\/person\/f4e4a651098f3db198244657b7130e7e"},"breadcrumb":{"@id":"https:\/\/periodicocentroccidente.com\/?p=6150#breadcrumb"},"inLanguage":"es","potentialAction":[{"@type":"ReadAction","target":["https:\/\/periodicocentroccidente.com\/?p=6150"]}]},{"@type":"ImageObject","inLanguage":"es","@id":"https:\/\/periodicocentroccidente.com\/?p=6150#primaryimage","url":"https:\/\/periodicocentroccidente.com\/wp-content\/uploads\/2026\/03\/vacunacion-fiebre-amarilla.jpg","contentUrl":"https:\/\/periodicocentroccidente.com\/wp-content\/uploads\/2026\/03\/vacunacion-fiebre-amarilla.jpg","width":1200,"height":720,"caption":"CREATOR: gd-jpeg v1.0 (using IJG JPEG v62), quality = 82"},{"@type":"BreadcrumbList","@id":"https:\/\/periodicocentroccidente.com\/?p=6150#breadcrumb","itemListElement":[{"@type":"ListItem","position":1,"name":"Portada","item":"https:\/\/periodicocentroccidente.com\/"},{"@type":"ListItem","position":2,"name":"En Semana Santa: Vacuna contra la Fiebre Amarilla ser\u00e1 obligatoria en Portuguesa"}]},{"@type":"WebSite","@id":"https:\/\/periodicocentroccidente.com\/#website","url":"https:\/\/periodicocentroccidente.com\/","name":"","description":"Periodismo serio y responsable","potentialAction":[{"@type":"SearchAction","target":{"@type":"EntryPoint","urlTemplate":"https:\/\/periodicocentroccidente.com\/?s={search_term_string}"},"query-input":{"@type":"PropertyValueSpecification","valueRequired":true,"valueName":"search_term_string"}}],"inLanguage":"es"},{"@type":"Person","@id":"https:\/\/periodicocentroccidente.com\/#\/schema\/person\/f4e4a651098f3db198244657b7130e7e","name":"Ricardo","image":{"@type":"ImageObject","inLanguage":"es","@id":"https:\/\/periodicocentroccidente.com\/#\/schema\/person\/image\/","url":"https:\/\/secure.gravatar.com\/avatar\/402e6137108ec0fdaa7809184382fb1dd2f8b00264c1d945d341f2b8f90db429?s=96&d=mm&r=g","contentUrl":"https:\/\/secure.gravatar.com\/avatar\/402e6137108ec0fdaa7809184382fb1dd2f8b00264c1d945d341f2b8f90db429?s=96&d=mm&r=g","caption":"Ricardo"},"url":"https:\/\/periodicocentroccidente.com\/?author=2"}]}},"jetpack_featured_media_url":"https:\/\/periodicocentroccidente.com\/wp-content\/uploads\/2026\/03\/vacunacion-fiebre-amarilla.jpg","jetpack_sharing_enabled":true,"jetpack-related-posts":[],"_links":{"self":[{"href":"https:\/\/periodicocentroccidente.com\/index.php?rest_route=\/wp\/v2\/posts\/6150","targetHints":{"allow":["GET"]}}],"collection":[{"href":"https:\/\/periodicocentroccidente.com\/index.php?rest_route=\/wp\/v2\/posts"}],"about":[{"href":"https:\/\/periodicocentroccidente.com\/index.php?rest_route=\/wp\/v2\/types\/post"}],"author":[{"embeddable":true,"href":"https:\/\/periodicocentroccidente.com\/index.php?rest_route=\/wp\/v2\/users\/2"}],"replies":[{"embeddable":true,"href":"https:\/\/periodicocentroccidente.com\/index.php?rest_route=%2Fwp%2Fv2%2Fcomments&post=6150"}],"version-history":[{"count":1,"href":"https:\/\/periodicocentroccidente.com\/index.php?rest_route=\/wp\/v2\/posts\/6150\/revisions"}],"predecessor-version":[{"id":6152,"href":"https:\/\/periodicocentroccidente.com\/index.php?rest_route=\/wp\/v2\/posts\/6150\/revisions\/6152"}],"wp:featuredmedia":[{"embeddable":true,"href":"https:\/\/periodicocentroccidente.com\/index.php?rest_route=\/wp\/v2\/media\/6151"}],"wp:attachment":[{"href":"https:\/\/periodicocentroccidente.com\/index.php?rest_route=%2Fwp%2Fv2%2Fmedia&parent=6150"}],"wp:term":[{"taxonomy":"category","embeddable":true,"href":"https:\/\/periodicocentroccidente.com\/index.php?rest_route=%2Fwp%2Fv2%2Fcategories&post=6150"},{"taxonomy":"post_tag","embeddable":true,"href":"https:\/\/periodicocentroccidente.com\/index.php?rest_route=%2Fwp%2Fv2%2Ftags&post=6150"}],"curies":[{"name":"wp","href":"https:\/\/api.w.org\/{rel}","templated":true}]}}