{"id":6136,"date":"2026-03-05T15:40:17","date_gmt":"2026-03-05T15:40:17","guid":{"rendered":"https:\/\/periodicocentroccidente.com\/?p=6136"},"modified":"2026-03-05T15:40:17","modified_gmt":"2026-03-05T15:40:17","slug":"comando-intersindical-de-portuguesa-activado-en-procura-de-reivindicacion-de-derechos-para-los-trabajadores","status":"publish","type":"post","link":"https:\/\/periodicocentroccidente.com\/?p=6136","title":{"rendered":"Comando intersindical de Portuguesa activado en procura de reivindicaci\u00f3n de derechos para los trabajadores"},"content":{"rendered":"<div dir=\"auto\"><strong>Especial.-<\/strong><\/div>\n<div dir=\"auto\"><\/div>\n<div dir=\"auto\">Las acciones sindicales en Venezuela para reivindicar derechos laborales se centran actualmente en la lucha por salarios dignos, la recuperaci\u00f3n de la contrataci\u00f3n colectiva y la libertad sindical frente al deterioro del poder adquisitivo. Ante la crisis, los sindicatos utilizan la movilizaci\u00f3n, denuncias internacionales, y la negociaci\u00f3n colectiva (art. 431 LOTTT) para combatir salarios de hambre.<\/div>\n<div dir=\"auto\"><\/div>\n<div dir=\"auto\">No obstante las dificultades para desempe\u00f1ar la acci\u00f3n sindical en Venezuela, por todo el territorio nacional se han observado multitudinarias movilizaciones y protestas, mediante marchas, concentraciones y paros parciales principalmente en el sector p\u00fablico (educaci\u00f3n, salud, industrias b\u00e1sicas) para exigir salarios que cubran la canasta b\u00e1sica y la eliminaci\u00f3n de instructivos como el de la denominada ONAPRE que reducen bonificaciones y mantienen el salario en montos penosos y degradantes.<\/div>\n<div dir=\"auto\"><\/div>\n<div dir=\"auto\">Otro de los temas que abarcan las protestas es el de la negociaci\u00f3n colectiva, a pesar de las restricciones, se mantiene la lucha por la firma de convenciones que garanticen beneficios superiores a los legales, tomando en consideraci\u00f3n el principio de progresividad de los beneficios y derechos laborales obtenidos.<\/div>\n<div dir=\"auto\"><\/div>\n<div dir=\"auto\">La Federaci\u00f3n Venezolana de Maestros por v\u00eda del Sindicato Venezolano de Maestros de Portuguesa, cuyo vocero es el profesor Al\u00ed Misael Acosta, en coalici\u00f3n con docentes activos y jubilados, como de trabajadores afiliados al Colegio de Enfermeros, SIBEP\u00c1EZ, Asociaci\u00f3n de Jubilados del INN, tambi\u00e9n del INCES, como de AMEJUP, acordaron en reciente asamblea en Acarigua, elevar un reclamo escrito a la consideraci\u00f3n de la presidenta encargada de la Rep\u00fablica y al titular de la cartera del trabajo, la restituci\u00f3n de los derechos y libertades democr\u00e1ticas vulnerados y perseguidos, reposici\u00f3n del salario confiscado que debe estar alineado al mandato irrenunciable descrito en el Art. 91 de la Constituci\u00f3n, considerando que un docente con t\u00edtulo de mag\u00edster y doctorado devenga $ 1,44 mensual.<\/div>\n<div dir=\"auto\"><\/div>\n<div dir=\"auto\"><img loading=\"lazy\" decoding=\"async\" class=\"alignnone size-medium wp-image-6138\" src=\"https:\/\/periodicocentroccidente.com\/wp-content\/uploads\/2026\/03\/1008108642-279x300.jpg\" alt=\"\" width=\"279\" height=\"300\" srcset=\"https:\/\/periodicocentroccidente.com\/wp-content\/uploads\/2026\/03\/1008108642-279x300.jpg 279w, https:\/\/periodicocentroccidente.com\/wp-content\/uploads\/2026\/03\/1008108642-768x827.jpg 768w, https:\/\/periodicocentroccidente.com\/wp-content\/uploads\/2026\/03\/1008108642.jpg 780w\" sizes=\"auto, (max-width: 279px) 100vw, 279px\" \/>\u00a0 \u00a0 \u00a0 <img loading=\"lazy\" decoding=\"async\" class=\"alignnone size-medium wp-image-6139\" src=\"https:\/\/periodicocentroccidente.com\/wp-content\/uploads\/2026\/03\/1008108643-300x217.jpg\" alt=\"\" width=\"300\" height=\"217\" srcset=\"https:\/\/periodicocentroccidente.com\/wp-content\/uploads\/2026\/03\/1008108643-300x217.jpg 300w, https:\/\/periodicocentroccidente.com\/wp-content\/uploads\/2026\/03\/1008108643.jpg 428w\" sizes=\"auto, (max-width: 300px) 100vw, 300px\" \/><\/div>\n","protected":false},"excerpt":{"rendered":"<p>Especial.- Las acciones sindicales en Venezuela para reivindicar derechos laborales se centran actualmente en la lucha por salarios dignos, la recuperaci&oacute;n de la contrataci&oacute;n colectiva y la libertad sindical frente al deterioro del poder adquisitivo. Ante la crisis, los sindicatos utilizan la movilizaci&oacute;n, denuncias internacionales, y la negociaci&oacute;n colectiva (art. 431 LOTTT) para combatir salarios &hellip;<\/p>\n","protected":false},"author":2,"featured_media":6137,"comment_status":"open","ping_status":"open","sticky":false,"template":"","format":"standard","meta":{"_jetpack_memberships_contains_paid_content":false,"footnotes":""},"categories":[127],"tags":[],"class_list":["post-6136","post","type-post","status-publish","format-standard","has-post-thumbnail","hentry","category-noticias-recientes"],"yoast_head":"<!-- This site is optimized with the Yoast SEO plugin v24.8.1 - https:\/\/yoast.com\/wordpress\/plugins\/seo\/ -->\n<title>Comando intersindical de Portuguesa activado en procura de reivindicaci\u00f3n de derechos para los trabajadores -<\/title>\n<meta name=\"robots\" content=\"index, follow, max-snippet:-1, max-image-preview:large, max-video-preview:-1\" \/>\n<link rel=\"canonical\" href=\"https:\/\/periodicocentroccidente.com\/?p=6136\" \/>\n<meta property=\"og:locale\" content=\"es_ES\" \/>\n<meta property=\"og:type\" content=\"article\" \/>\n<meta property=\"og:title\" content=\"Comando intersindical de Portuguesa activado en procura de reivindicaci\u00f3n de derechos para los trabajadores -\" \/>\n<meta property=\"og:description\" content=\"Especial.- Las acciones sindicales en Venezuela para reivindicar derechos laborales se centran actualmente en la lucha por salarios dignos, la recuperaci&oacute;n de la contrataci&oacute;n colectiva y la libertad sindical frente al deterioro del poder adquisitivo. Ante la crisis, los sindicatos utilizan la movilizaci&oacute;n, denuncias internacionales, y la negociaci&oacute;n colectiva (art. 431 LOTTT) para combatir salarios &hellip;\" \/>\n<meta property=\"og:url\" content=\"https:\/\/periodicocentroccidente.com\/?p=6136\" \/>\n<meta property=\"article:published_time\" content=\"2026-03-05T15:40:17+00:00\" \/>\n<meta property=\"og:image\" content=\"https:\/\/periodicocentroccidente.com\/wp-content\/uploads\/2026\/03\/1008108644.jpg\" \/>\n\t<meta property=\"og:image:width\" content=\"428\" \/>\n\t<meta property=\"og:image:height\" content=\"570\" \/>\n\t<meta property=\"og:image:type\" content=\"image\/jpeg\" \/>\n<meta name=\"author\" content=\"Ricardo\" \/>\n<meta name=\"twitter:card\" content=\"summary_large_image\" \/>\n<meta name=\"twitter:label1\" content=\"Escrito por\" \/>\n\t<meta name=\"twitter:data1\" content=\"Ricardo\" \/>\n\t<meta name=\"twitter:label2\" content=\"Tiempo de lectura\" \/>\n\t<meta name=\"twitter:data2\" content=\"2 minutos\" \/>\n<script type=\"application\/ld+json\" class=\"yoast-schema-graph\">{\"@context\":\"https:\/\/schema.org\",\"@graph\":[{\"@type\":\"WebPage\",\"@id\":\"https:\/\/periodicocentroccidente.com\/?p=6136\",\"url\":\"https:\/\/periodicocentroccidente.com\/?p=6136\",\"name\":\"Comando intersindical de Portuguesa activado en procura de reivindicaci\u00f3n de derechos para los trabajadores -\",\"isPartOf\":{\"@id\":\"https:\/\/periodicocentroccidente.com\/#website\"},\"primaryImageOfPage\":{\"@id\":\"https:\/\/periodicocentroccidente.com\/?p=6136#primaryimage\"},\"image\":{\"@id\":\"https:\/\/periodicocentroccidente.com\/?p=6136#primaryimage\"},\"thumbnailUrl\":\"https:\/\/periodicocentroccidente.com\/wp-content\/uploads\/2026\/03\/1008108644.jpg\",\"datePublished\":\"2026-03-05T15:40:17+00:00\",\"author\":{\"@id\":\"https:\/\/periodicocentroccidente.com\/#\/schema\/person\/f4e4a651098f3db198244657b7130e7e\"},\"breadcrumb\":{\"@id\":\"https:\/\/periodicocentroccidente.com\/?p=6136#breadcrumb\"},\"inLanguage\":\"es\",\"potentialAction\":[{\"@type\":\"ReadAction\",\"target\":[\"https:\/\/periodicocentroccidente.com\/?p=6136\"]}]},{\"@type\":\"ImageObject\",\"inLanguage\":\"es\",\"@id\":\"https:\/\/periodicocentroccidente.com\/?p=6136#primaryimage\",\"url\":\"https:\/\/periodicocentroccidente.com\/wp-content\/uploads\/2026\/03\/1008108644.jpg\",\"contentUrl\":\"https:\/\/periodicocentroccidente.com\/wp-content\/uploads\/2026\/03\/1008108644.jpg\",\"width\":428,\"height\":570},{\"@type\":\"BreadcrumbList\",\"@id\":\"https:\/\/periodicocentroccidente.com\/?p=6136#breadcrumb\",\"itemListElement\":[{\"@type\":\"ListItem\",\"position\":1,\"name\":\"Portada\",\"item\":\"https:\/\/periodicocentroccidente.com\/\"},{\"@type\":\"ListItem\",\"position\":2,\"name\":\"Comando intersindical de Portuguesa activado en procura de reivindicaci\u00f3n de derechos para los trabajadores\"}]},{\"@type\":\"WebSite\",\"@id\":\"https:\/\/periodicocentroccidente.com\/#website\",\"url\":\"https:\/\/periodicocentroccidente.com\/\",\"name\":\"\",\"description\":\"Periodismo serio y responsable\",\"potentialAction\":[{\"@type\":\"SearchAction\",\"target\":{\"@type\":\"EntryPoint\",\"urlTemplate\":\"https:\/\/periodicocentroccidente.com\/?s={search_term_string}\"},\"query-input\":{\"@type\":\"PropertyValueSpecification\",\"valueRequired\":true,\"valueName\":\"search_term_string\"}}],\"inLanguage\":\"es\"},{\"@type\":\"Person\",\"@id\":\"https:\/\/periodicocentroccidente.com\/#\/schema\/person\/f4e4a651098f3db198244657b7130e7e\",\"name\":\"Ricardo\",\"image\":{\"@type\":\"ImageObject\",\"inLanguage\":\"es\",\"@id\":\"https:\/\/periodicocentroccidente.com\/#\/schema\/person\/image\/\",\"url\":\"https:\/\/secure.gravatar.com\/avatar\/402e6137108ec0fdaa7809184382fb1dd2f8b00264c1d945d341f2b8f90db429?s=96&d=mm&r=g\",\"contentUrl\":\"https:\/\/secure.gravatar.com\/avatar\/402e6137108ec0fdaa7809184382fb1dd2f8b00264c1d945d341f2b8f90db429?s=96&d=mm&r=g\",\"caption\":\"Ricardo\"},\"url\":\"https:\/\/periodicocentroccidente.com\/?author=2\"}]}<\/script>\n<!-- \/ Yoast SEO plugin. -->","yoast_head_json":{"title":"Comando intersindical de Portuguesa activado en procura de reivindicaci\u00f3n de derechos para los trabajadores -","robots":{"index":"index","follow":"follow","max-snippet":"max-snippet:-1","max-image-preview":"max-image-preview:large","max-video-preview":"max-video-preview:-1"},"canonical":"https:\/\/periodicocentroccidente.com\/?p=6136","og_locale":"es_ES","og_type":"article","og_title":"Comando intersindical de Portuguesa activado en procura de reivindicaci\u00f3n de derechos para los trabajadores -","og_description":"Especial.- Las acciones sindicales en Venezuela para reivindicar derechos laborales se centran actualmente en la lucha por salarios dignos, la recuperaci&oacute;n de la contrataci&oacute;n colectiva y la libertad sindical frente al deterioro del poder adquisitivo. Ante la crisis, los sindicatos utilizan la movilizaci&oacute;n, denuncias internacionales, y la negociaci&oacute;n colectiva (art. 431 LOTTT) para combatir salarios &hellip;","og_url":"https:\/\/periodicocentroccidente.com\/?p=6136","article_published_time":"2026-03-05T15:40:17+00:00","og_image":[{"width":428,"height":570,"url":"https:\/\/periodicocentroccidente.com\/wp-content\/uploads\/2026\/03\/1008108644.jpg","type":"image\/jpeg"}],"author":"Ricardo","twitter_card":"summary_large_image","twitter_misc":{"Escrito por":"Ricardo","Tiempo de lectura":"2 minutos"},"schema":{"@context":"https:\/\/schema.org","@graph":[{"@type":"WebPage","@id":"https:\/\/periodicocentroccidente.com\/?p=6136","url":"https:\/\/periodicocentroccidente.com\/?p=6136","name":"Comando intersindical de Portuguesa activado en procura de reivindicaci\u00f3n de derechos para los trabajadores -","isPartOf":{"@id":"https:\/\/periodicocentroccidente.com\/#website"},"primaryImageOfPage":{"@id":"https:\/\/periodicocentroccidente.com\/?p=6136#primaryimage"},"image":{"@id":"https:\/\/periodicocentroccidente.com\/?p=6136#primaryimage"},"thumbnailUrl":"https:\/\/periodicocentroccidente.com\/wp-content\/uploads\/2026\/03\/1008108644.jpg","datePublished":"2026-03-05T15:40:17+00:00","author":{"@id":"https:\/\/periodicocentroccidente.com\/#\/schema\/person\/f4e4a651098f3db198244657b7130e7e"},"breadcrumb":{"@id":"https:\/\/periodicocentroccidente.com\/?p=6136#breadcrumb"},"inLanguage":"es","potentialAction":[{"@type":"ReadAction","target":["https:\/\/periodicocentroccidente.com\/?p=6136"]}]},{"@type":"ImageObject","inLanguage":"es","@id":"https:\/\/periodicocentroccidente.com\/?p=6136#primaryimage","url":"https:\/\/periodicocentroccidente.com\/wp-content\/uploads\/2026\/03\/1008108644.jpg","contentUrl":"https:\/\/periodicocentroccidente.com\/wp-content\/uploads\/2026\/03\/1008108644.jpg","width":428,"height":570},{"@type":"BreadcrumbList","@id":"https:\/\/periodicocentroccidente.com\/?p=6136#breadcrumb","itemListElement":[{"@type":"ListItem","position":1,"name":"Portada","item":"https:\/\/periodicocentroccidente.com\/"},{"@type":"ListItem","position":2,"name":"Comando intersindical de Portuguesa activado en procura de reivindicaci\u00f3n de derechos para los trabajadores"}]},{"@type":"WebSite","@id":"https:\/\/periodicocentroccidente.com\/#website","url":"https:\/\/periodicocentroccidente.com\/","name":"","description":"Periodismo serio y responsable","potentialAction":[{"@type":"SearchAction","target":{"@type":"EntryPoint","urlTemplate":"https:\/\/periodicocentroccidente.com\/?s={search_term_string}"},"query-input":{"@type":"PropertyValueSpecification","valueRequired":true,"valueName":"search_term_string"}}],"inLanguage":"es"},{"@type":"Person","@id":"https:\/\/periodicocentroccidente.com\/#\/schema\/person\/f4e4a651098f3db198244657b7130e7e","name":"Ricardo","image":{"@type":"ImageObject","inLanguage":"es","@id":"https:\/\/periodicocentroccidente.com\/#\/schema\/person\/image\/","url":"https:\/\/secure.gravatar.com\/avatar\/402e6137108ec0fdaa7809184382fb1dd2f8b00264c1d945d341f2b8f90db429?s=96&d=mm&r=g","contentUrl":"https:\/\/secure.gravatar.com\/avatar\/402e6137108ec0fdaa7809184382fb1dd2f8b00264c1d945d341f2b8f90db429?s=96&d=mm&r=g","caption":"Ricardo"},"url":"https:\/\/periodicocentroccidente.com\/?author=2"}]}},"jetpack_featured_media_url":"https:\/\/periodicocentroccidente.com\/wp-content\/uploads\/2026\/03\/1008108644.jpg","jetpack_sharing_enabled":true,"jetpack-related-posts":[],"_links":{"self":[{"href":"https:\/\/periodicocentroccidente.com\/index.php?rest_route=\/wp\/v2\/posts\/6136","targetHints":{"allow":["GET"]}}],"collection":[{"href":"https:\/\/periodicocentroccidente.com\/index.php?rest_route=\/wp\/v2\/posts"}],"about":[{"href":"https:\/\/periodicocentroccidente.com\/index.php?rest_route=\/wp\/v2\/types\/post"}],"author":[{"embeddable":true,"href":"https:\/\/periodicocentroccidente.com\/index.php?rest_route=\/wp\/v2\/users\/2"}],"replies":[{"embeddable":true,"href":"https:\/\/periodicocentroccidente.com\/index.php?rest_route=%2Fwp%2Fv2%2Fcomments&post=6136"}],"version-history":[{"count":1,"href":"https:\/\/periodicocentroccidente.com\/index.php?rest_route=\/wp\/v2\/posts\/6136\/revisions"}],"predecessor-version":[{"id":6140,"href":"https:\/\/periodicocentroccidente.com\/index.php?rest_route=\/wp\/v2\/posts\/6136\/revisions\/6140"}],"wp:featuredmedia":[{"embeddable":true,"href":"https:\/\/periodicocentroccidente.com\/index.php?rest_route=\/wp\/v2\/media\/6137"}],"wp:attachment":[{"href":"https:\/\/periodicocentroccidente.com\/index.php?rest_route=%2Fwp%2Fv2%2Fmedia&parent=6136"}],"wp:term":[{"taxonomy":"category","embeddable":true,"href":"https:\/\/periodicocentroccidente.com\/index.php?rest_route=%2Fwp%2Fv2%2Fcategories&post=6136"},{"taxonomy":"post_tag","embeddable":true,"href":"https:\/\/periodicocentroccidente.com\/index.php?rest_route=%2Fwp%2Fv2%2Ftags&post=6136"}],"curies":[{"name":"wp","href":"https:\/\/api.w.org\/{rel}","templated":true}]}}