{"id":6114,"date":"2026-03-04T18:41:37","date_gmt":"2026-03-04T18:41:37","guid":{"rendered":"https:\/\/periodicocentroccidente.com\/?p=6114"},"modified":"2026-03-04T18:41:37","modified_gmt":"2026-03-04T18:41:37","slug":"nuestro-principal-objetivo-es-clasificar-a-copa-libertadores","status":"publish","type":"post","link":"https:\/\/periodicocentroccidente.com\/?p=6114","title":{"rendered":"\u201cNuestro principal objetivo es clasificar a Copa Libertadores\u201d"},"content":{"rendered":"<p><strong>Especial.-<\/strong><\/p>\n<p>Como bastante sobresaliente califica Vito Recchimurzo, presidente del Portuguesa FC, la campa\u00f1a que viene haciendo la escuadra llanera en la presente temporada de la Liga Futve, al ubicarse en el cuarto lugar de la tabla con 8 puntos acumulados, luego de cinco jornadas disputadas. \u201cEs motivo de satisfacci\u00f3n y orgullo el desempe\u00f1o que ha tenido nuestra divisa y esto es producto del arduo trabajo que hemos realizado en lo que va del 2026. Venimos de golear en casa a Monagas y ahora trataremos de imponernos el domingo a Metropolitanos en la capital de la rep\u00fablica. Estamos proyectados por buen camino encabezados por un excelente entrenador como el profesor Leonardo Gonz\u00e1lez. L\u00ednea por l\u00ednea hay buen material\u201d, indic\u00f3 el dirigente.<\/p>\n<p><strong>Cuentan con la mejor fanaticada del pa\u00eds y la meta es ir a Copa Internacional <\/strong><\/p>\n<p>Agrega que la meta es acudir nuevamente a Copa Internacional y dejar bien en alto los colores de Venezuela. \u201cVamos a luchar fecha tras fecha por clasificar a la Libertadores y ganar la sexta estrella. El ambiente que se vive en nuestro estadio es realmente extraordinario. Tenemos la mejor fanaticada de Venezuela promediando m\u00e1s de ocho mil fan\u00e1ticos presentes por partido\u201d.<\/p>\n<p>Finalmente sostuvo que la cantera que tiene el elenco rojinegro es muy prometedora. \u201cContamos con una estupenda generaci\u00f3n de relevo. Con j\u00f3venes talentos de la zona que prometen perderse de vista el caso de Luis Moreno Quero, Daniel Linares, Robert Mendoza, Joniel Bullones, Arc\u00e1ngel Oliveros, Jes\u00fas Gonz\u00e1lez, entre otras grandes s\u00faper figuras\u201d, cerr\u00f3 diciendo el empresario caraque\u00f1o.<\/p>\n","protected":false},"excerpt":{"rendered":"<p>Especial.- Como bastante sobresaliente califica Vito Recchimurzo, presidente del Portuguesa FC, la campa&ntilde;a que viene haciendo la escuadra llanera en la presente temporada de la Liga Futve, al ubicarse en el cuarto lugar de la tabla con 8 puntos acumulados, luego de cinco jornadas disputadas. &ldquo;Es motivo de satisfacci&oacute;n y orgullo el desempe&ntilde;o que ha &hellip;<\/p>\n","protected":false},"author":2,"featured_media":6115,"comment_status":"open","ping_status":"open","sticky":false,"template":"","format":"standard","meta":{"_jetpack_memberships_contains_paid_content":false,"footnotes":""},"categories":[128],"tags":[],"class_list":["post-6114","post","type-post","status-publish","format-standard","has-post-thumbnail","hentry","category-noticias-del-cono-norte"],"yoast_head":"<!-- This site is optimized with the Yoast SEO plugin v24.8.1 - https:\/\/yoast.com\/wordpress\/plugins\/seo\/ -->\n<title>\u201cNuestro principal objetivo es clasificar a Copa Libertadores\u201d -<\/title>\n<meta name=\"robots\" content=\"index, follow, max-snippet:-1, max-image-preview:large, max-video-preview:-1\" \/>\n<link rel=\"canonical\" href=\"https:\/\/periodicocentroccidente.com\/?p=6114\" \/>\n<meta property=\"og:locale\" content=\"es_ES\" \/>\n<meta property=\"og:type\" content=\"article\" \/>\n<meta property=\"og:title\" content=\"\u201cNuestro principal objetivo es clasificar a Copa Libertadores\u201d -\" \/>\n<meta property=\"og:description\" content=\"Especial.- Como bastante sobresaliente califica Vito Recchimurzo, presidente del Portuguesa FC, la campa&ntilde;a que viene haciendo la escuadra llanera en la presente temporada de la Liga Futve, al ubicarse en el cuarto lugar de la tabla con 8 puntos acumulados, luego de cinco jornadas disputadas. &ldquo;Es motivo de satisfacci&oacute;n y orgullo el desempe&ntilde;o que ha &hellip;\" \/>\n<meta property=\"og:url\" content=\"https:\/\/periodicocentroccidente.com\/?p=6114\" \/>\n<meta property=\"article:published_time\" content=\"2026-03-04T18:41:37+00:00\" \/>\n<meta property=\"og:image\" content=\"https:\/\/periodicocentroccidente.com\/wp-content\/uploads\/2026\/03\/portugue.jpg\" \/>\n\t<meta property=\"og:image:width\" content=\"1976\" \/>\n\t<meta property=\"og:image:height\" content=\"1616\" \/>\n\t<meta property=\"og:image:type\" content=\"image\/jpeg\" \/>\n<meta name=\"author\" content=\"Ricardo\" \/>\n<meta name=\"twitter:card\" content=\"summary_large_image\" \/>\n<meta name=\"twitter:label1\" content=\"Escrito por\" \/>\n\t<meta name=\"twitter:data1\" content=\"Ricardo\" \/>\n\t<meta name=\"twitter:label2\" content=\"Tiempo de lectura\" \/>\n\t<meta name=\"twitter:data2\" content=\"2 minutos\" \/>\n<script type=\"application\/ld+json\" class=\"yoast-schema-graph\">{\"@context\":\"https:\/\/schema.org\",\"@graph\":[{\"@type\":\"WebPage\",\"@id\":\"https:\/\/periodicocentroccidente.com\/?p=6114\",\"url\":\"https:\/\/periodicocentroccidente.com\/?p=6114\",\"name\":\"\u201cNuestro principal objetivo es clasificar a Copa Libertadores\u201d -\",\"isPartOf\":{\"@id\":\"https:\/\/periodicocentroccidente.com\/#website\"},\"primaryImageOfPage\":{\"@id\":\"https:\/\/periodicocentroccidente.com\/?p=6114#primaryimage\"},\"image\":{\"@id\":\"https:\/\/periodicocentroccidente.com\/?p=6114#primaryimage\"},\"thumbnailUrl\":\"https:\/\/periodicocentroccidente.com\/wp-content\/uploads\/2026\/03\/portugue.jpg\",\"datePublished\":\"2026-03-04T18:41:37+00:00\",\"author\":{\"@id\":\"https:\/\/periodicocentroccidente.com\/#\/schema\/person\/f4e4a651098f3db198244657b7130e7e\"},\"breadcrumb\":{\"@id\":\"https:\/\/periodicocentroccidente.com\/?p=6114#breadcrumb\"},\"inLanguage\":\"es\",\"potentialAction\":[{\"@type\":\"ReadAction\",\"target\":[\"https:\/\/periodicocentroccidente.com\/?p=6114\"]}]},{\"@type\":\"ImageObject\",\"inLanguage\":\"es\",\"@id\":\"https:\/\/periodicocentroccidente.com\/?p=6114#primaryimage\",\"url\":\"https:\/\/periodicocentroccidente.com\/wp-content\/uploads\/2026\/03\/portugue.jpg\",\"contentUrl\":\"https:\/\/periodicocentroccidente.com\/wp-content\/uploads\/2026\/03\/portugue.jpg\",\"width\":1976,\"height\":1616},{\"@type\":\"BreadcrumbList\",\"@id\":\"https:\/\/periodicocentroccidente.com\/?p=6114#breadcrumb\",\"itemListElement\":[{\"@type\":\"ListItem\",\"position\":1,\"name\":\"Portada\",\"item\":\"https:\/\/periodicocentroccidente.com\/\"},{\"@type\":\"ListItem\",\"position\":2,\"name\":\"\u201cNuestro principal objetivo es clasificar a Copa Libertadores\u201d\"}]},{\"@type\":\"WebSite\",\"@id\":\"https:\/\/periodicocentroccidente.com\/#website\",\"url\":\"https:\/\/periodicocentroccidente.com\/\",\"name\":\"\",\"description\":\"Periodismo serio y responsable\",\"potentialAction\":[{\"@type\":\"SearchAction\",\"target\":{\"@type\":\"EntryPoint\",\"urlTemplate\":\"https:\/\/periodicocentroccidente.com\/?s={search_term_string}\"},\"query-input\":{\"@type\":\"PropertyValueSpecification\",\"valueRequired\":true,\"valueName\":\"search_term_string\"}}],\"inLanguage\":\"es\"},{\"@type\":\"Person\",\"@id\":\"https:\/\/periodicocentroccidente.com\/#\/schema\/person\/f4e4a651098f3db198244657b7130e7e\",\"name\":\"Ricardo\",\"image\":{\"@type\":\"ImageObject\",\"inLanguage\":\"es\",\"@id\":\"https:\/\/periodicocentroccidente.com\/#\/schema\/person\/image\/\",\"url\":\"https:\/\/secure.gravatar.com\/avatar\/402e6137108ec0fdaa7809184382fb1dd2f8b00264c1d945d341f2b8f90db429?s=96&d=mm&r=g\",\"contentUrl\":\"https:\/\/secure.gravatar.com\/avatar\/402e6137108ec0fdaa7809184382fb1dd2f8b00264c1d945d341f2b8f90db429?s=96&d=mm&r=g\",\"caption\":\"Ricardo\"},\"url\":\"https:\/\/periodicocentroccidente.com\/?author=2\"}]}<\/script>\n<!-- \/ Yoast SEO plugin. -->","yoast_head_json":{"title":"\u201cNuestro principal objetivo es clasificar a Copa Libertadores\u201d -","robots":{"index":"index","follow":"follow","max-snippet":"max-snippet:-1","max-image-preview":"max-image-preview:large","max-video-preview":"max-video-preview:-1"},"canonical":"https:\/\/periodicocentroccidente.com\/?p=6114","og_locale":"es_ES","og_type":"article","og_title":"\u201cNuestro principal objetivo es clasificar a Copa Libertadores\u201d -","og_description":"Especial.- Como bastante sobresaliente califica Vito Recchimurzo, presidente del Portuguesa FC, la campa&ntilde;a que viene haciendo la escuadra llanera en la presente temporada de la Liga Futve, al ubicarse en el cuarto lugar de la tabla con 8 puntos acumulados, luego de cinco jornadas disputadas. &ldquo;Es motivo de satisfacci&oacute;n y orgullo el desempe&ntilde;o que ha &hellip;","og_url":"https:\/\/periodicocentroccidente.com\/?p=6114","article_published_time":"2026-03-04T18:41:37+00:00","og_image":[{"width":1976,"height":1616,"url":"https:\/\/periodicocentroccidente.com\/wp-content\/uploads\/2026\/03\/portugue.jpg","type":"image\/jpeg"}],"author":"Ricardo","twitter_card":"summary_large_image","twitter_misc":{"Escrito por":"Ricardo","Tiempo de lectura":"2 minutos"},"schema":{"@context":"https:\/\/schema.org","@graph":[{"@type":"WebPage","@id":"https:\/\/periodicocentroccidente.com\/?p=6114","url":"https:\/\/periodicocentroccidente.com\/?p=6114","name":"\u201cNuestro principal objetivo es clasificar a Copa Libertadores\u201d -","isPartOf":{"@id":"https:\/\/periodicocentroccidente.com\/#website"},"primaryImageOfPage":{"@id":"https:\/\/periodicocentroccidente.com\/?p=6114#primaryimage"},"image":{"@id":"https:\/\/periodicocentroccidente.com\/?p=6114#primaryimage"},"thumbnailUrl":"https:\/\/periodicocentroccidente.com\/wp-content\/uploads\/2026\/03\/portugue.jpg","datePublished":"2026-03-04T18:41:37+00:00","author":{"@id":"https:\/\/periodicocentroccidente.com\/#\/schema\/person\/f4e4a651098f3db198244657b7130e7e"},"breadcrumb":{"@id":"https:\/\/periodicocentroccidente.com\/?p=6114#breadcrumb"},"inLanguage":"es","potentialAction":[{"@type":"ReadAction","target":["https:\/\/periodicocentroccidente.com\/?p=6114"]}]},{"@type":"ImageObject","inLanguage":"es","@id":"https:\/\/periodicocentroccidente.com\/?p=6114#primaryimage","url":"https:\/\/periodicocentroccidente.com\/wp-content\/uploads\/2026\/03\/portugue.jpg","contentUrl":"https:\/\/periodicocentroccidente.com\/wp-content\/uploads\/2026\/03\/portugue.jpg","width":1976,"height":1616},{"@type":"BreadcrumbList","@id":"https:\/\/periodicocentroccidente.com\/?p=6114#breadcrumb","itemListElement":[{"@type":"ListItem","position":1,"name":"Portada","item":"https:\/\/periodicocentroccidente.com\/"},{"@type":"ListItem","position":2,"name":"\u201cNuestro principal objetivo es clasificar a Copa Libertadores\u201d"}]},{"@type":"WebSite","@id":"https:\/\/periodicocentroccidente.com\/#website","url":"https:\/\/periodicocentroccidente.com\/","name":"","description":"Periodismo serio y responsable","potentialAction":[{"@type":"SearchAction","target":{"@type":"EntryPoint","urlTemplate":"https:\/\/periodicocentroccidente.com\/?s={search_term_string}"},"query-input":{"@type":"PropertyValueSpecification","valueRequired":true,"valueName":"search_term_string"}}],"inLanguage":"es"},{"@type":"Person","@id":"https:\/\/periodicocentroccidente.com\/#\/schema\/person\/f4e4a651098f3db198244657b7130e7e","name":"Ricardo","image":{"@type":"ImageObject","inLanguage":"es","@id":"https:\/\/periodicocentroccidente.com\/#\/schema\/person\/image\/","url":"https:\/\/secure.gravatar.com\/avatar\/402e6137108ec0fdaa7809184382fb1dd2f8b00264c1d945d341f2b8f90db429?s=96&d=mm&r=g","contentUrl":"https:\/\/secure.gravatar.com\/avatar\/402e6137108ec0fdaa7809184382fb1dd2f8b00264c1d945d341f2b8f90db429?s=96&d=mm&r=g","caption":"Ricardo"},"url":"https:\/\/periodicocentroccidente.com\/?author=2"}]}},"jetpack_featured_media_url":"https:\/\/periodicocentroccidente.com\/wp-content\/uploads\/2026\/03\/portugue.jpg","jetpack_sharing_enabled":true,"jetpack-related-posts":[],"_links":{"self":[{"href":"https:\/\/periodicocentroccidente.com\/index.php?rest_route=\/wp\/v2\/posts\/6114","targetHints":{"allow":["GET"]}}],"collection":[{"href":"https:\/\/periodicocentroccidente.com\/index.php?rest_route=\/wp\/v2\/posts"}],"about":[{"href":"https:\/\/periodicocentroccidente.com\/index.php?rest_route=\/wp\/v2\/types\/post"}],"author":[{"embeddable":true,"href":"https:\/\/periodicocentroccidente.com\/index.php?rest_route=\/wp\/v2\/users\/2"}],"replies":[{"embeddable":true,"href":"https:\/\/periodicocentroccidente.com\/index.php?rest_route=%2Fwp%2Fv2%2Fcomments&post=6114"}],"version-history":[{"count":1,"href":"https:\/\/periodicocentroccidente.com\/index.php?rest_route=\/wp\/v2\/posts\/6114\/revisions"}],"predecessor-version":[{"id":6116,"href":"https:\/\/periodicocentroccidente.com\/index.php?rest_route=\/wp\/v2\/posts\/6114\/revisions\/6116"}],"wp:featuredmedia":[{"embeddable":true,"href":"https:\/\/periodicocentroccidente.com\/index.php?rest_route=\/wp\/v2\/media\/6115"}],"wp:attachment":[{"href":"https:\/\/periodicocentroccidente.com\/index.php?rest_route=%2Fwp%2Fv2%2Fmedia&parent=6114"}],"wp:term":[{"taxonomy":"category","embeddable":true,"href":"https:\/\/periodicocentroccidente.com\/index.php?rest_route=%2Fwp%2Fv2%2Fcategories&post=6114"},{"taxonomy":"post_tag","embeddable":true,"href":"https:\/\/periodicocentroccidente.com\/index.php?rest_route=%2Fwp%2Fv2%2Ftags&post=6114"}],"curies":[{"name":"wp","href":"https:\/\/api.w.org\/{rel}","templated":true}]}}