{"id":6105,"date":"2026-03-04T15:56:30","date_gmt":"2026-03-04T15:56:30","guid":{"rendered":"https:\/\/periodicocentroccidente.com\/?p=6105"},"modified":"2026-03-04T15:56:30","modified_gmt":"2026-03-04T15:56:30","slug":"hallan-sin-vida-y-con-signos-de-violencia-al-periodista-walter-jaimes-en-merida","status":"publish","type":"post","link":"https:\/\/periodicocentroccidente.com\/?p=6105","title":{"rendered":"Hallan sin vida y con signos de violencia al periodista Walter Jaimes en M\u00e9rida"},"content":{"rendered":"<p><strong>Especial.-<\/strong><\/p>\n<p>El gremio period\u00edstico del estado M\u00e9rida y la comunidad del Valle del Mocot\u00edes se encuentran consternados tras el hallazgo del cuerpo sin vida de Walter Alexander Jaimes. El comunicador social, quien se encontraba desaparecido desde hace varios d\u00edas, fue localizado este martes en el sector de la variante de M\u00e9rida, presentando signos de violencia que han encendido las alarmas en toda la regi\u00f3n. \u200bLa tragedia fue confirmada inicialmente por su colega Daniel Molina, desatando una ola de repudio ante lo que se perfila como un ensa\u00f1amiento contra un profesional activo y respetado de la comunicaci\u00f3n.<\/p>\n<p><strong>Exigencia de justicia: \u00abQue no sea un n\u00famero m\u00e1s\u00bb<\/strong><br \/>\nEl Colegio Nacional de Periodistas (CNP) Seccional M\u00e9rida no tard\u00f3 en fijar una postura firme. Alfredo Aguilar, secretario general del gremio, calific\u00f3 el hecho como un \u00abhomicidio catastr\u00f3fico\u00bb que enluta a las familias del sector comunicacional.<br \/>\n\u200b\u00bbPedimos a las autoridades competentes que esclarezcan este terrible crimen y se d\u00e9 con la captura de los responsables. No descansaremos hasta que se haga justicia\u00bb, sentenci\u00f3 Aguilar.<\/p>\n<p><strong>El gremio encara al CICPC<\/strong><br \/>\nDada la naturaleza del hallazgo \u2014donde se report\u00f3 que el cuerpo presentaba el rostro desfigurado\u2014, el CNP M\u00e9rida hizo un llamado directo al Director General del CICPC, Douglas Rico. La exigencia es clara: celeridad, transparencia y resultados inmediatos en las experticias t\u00e9cnicas para identificar a los autores materiales e intelectuales de este asesinato que silencia una voz en Tovar.<\/p>\n<p>Se espera que en las pr\u00f3ximas horas los organismos de seguridad brinden un informe oficial sobre las causas del deceso. Mientras tanto, la comunidad comunicacional permanece en alerta, exigiendo que este crimen no quede impune en los archivos policiales.<\/p>\n<p><strong>Luis Alonso Cede\u00f1o\/ Panamericana\/ Sur del Lago \u00a0<\/strong><\/p>\n<p><img loading=\"lazy\" decoding=\"async\" class=\"alignnone size-medium wp-image-6107\" src=\"https:\/\/periodicocentroccidente.com\/wp-content\/uploads\/2026\/03\/1003004163-262x300.jpg\" alt=\"\" width=\"262\" height=\"300\" srcset=\"https:\/\/periodicocentroccidente.com\/wp-content\/uploads\/2026\/03\/1003004163-262x300.jpg 262w, https:\/\/periodicocentroccidente.com\/wp-content\/uploads\/2026\/03\/1003004163.jpg 628w\" sizes=\"auto, (max-width: 262px) 100vw, 262px\" \/><\/p>\n","protected":false},"excerpt":{"rendered":"<p>Especial.- El gremio period&iacute;stico del estado M&eacute;rida y la comunidad del Valle del Mocot&iacute;es se encuentran consternados tras el hallazgo del cuerpo sin vida de Walter Alexander Jaimes. El comunicador social, quien se encontraba desaparecido desde hace varios d&iacute;as, fue localizado este martes en el sector de la variante de M&eacute;rida, presentando signos de violencia &hellip;<\/p>\n","protected":false},"author":2,"featured_media":6106,"comment_status":"open","ping_status":"open","sticky":false,"template":"","format":"standard","meta":{"_jetpack_memberships_contains_paid_content":false,"footnotes":""},"categories":[127],"tags":[],"class_list":["post-6105","post","type-post","status-publish","format-standard","has-post-thumbnail","hentry","category-noticias-recientes"],"yoast_head":"<!-- This site is optimized with the Yoast SEO plugin v24.8.1 - https:\/\/yoast.com\/wordpress\/plugins\/seo\/ -->\n<title>Hallan sin vida y con signos de violencia al periodista Walter Jaimes en M\u00e9rida -<\/title>\n<meta name=\"robots\" content=\"index, follow, max-snippet:-1, max-image-preview:large, max-video-preview:-1\" \/>\n<link rel=\"canonical\" href=\"https:\/\/periodicocentroccidente.com\/?p=6105\" \/>\n<meta property=\"og:locale\" content=\"es_ES\" \/>\n<meta property=\"og:type\" content=\"article\" \/>\n<meta property=\"og:title\" content=\"Hallan sin vida y con signos de violencia al periodista Walter Jaimes en M\u00e9rida -\" \/>\n<meta property=\"og:description\" content=\"Especial.- El gremio period&iacute;stico del estado M&eacute;rida y la comunidad del Valle del Mocot&iacute;es se encuentran consternados tras el hallazgo del cuerpo sin vida de Walter Alexander Jaimes. El comunicador social, quien se encontraba desaparecido desde hace varios d&iacute;as, fue localizado este martes en el sector de la variante de M&eacute;rida, presentando signos de violencia &hellip;\" \/>\n<meta property=\"og:url\" content=\"https:\/\/periodicocentroccidente.com\/?p=6105\" \/>\n<meta property=\"article:published_time\" content=\"2026-03-04T15:56:30+00:00\" \/>\n<meta property=\"og:image\" content=\"https:\/\/periodicocentroccidente.com\/wp-content\/uploads\/2026\/03\/1003004146.jpg\" \/>\n\t<meta property=\"og:image:width\" content=\"720\" \/>\n\t<meta property=\"og:image:height\" content=\"527\" \/>\n\t<meta property=\"og:image:type\" content=\"image\/jpeg\" \/>\n<meta name=\"author\" content=\"Ricardo\" \/>\n<meta name=\"twitter:card\" content=\"summary_large_image\" \/>\n<meta name=\"twitter:label1\" content=\"Escrito por\" \/>\n\t<meta name=\"twitter:data1\" content=\"Ricardo\" \/>\n\t<meta name=\"twitter:label2\" content=\"Tiempo de lectura\" \/>\n\t<meta name=\"twitter:data2\" content=\"2 minutos\" \/>\n<script type=\"application\/ld+json\" class=\"yoast-schema-graph\">{\"@context\":\"https:\/\/schema.org\",\"@graph\":[{\"@type\":\"WebPage\",\"@id\":\"https:\/\/periodicocentroccidente.com\/?p=6105\",\"url\":\"https:\/\/periodicocentroccidente.com\/?p=6105\",\"name\":\"Hallan sin vida y con signos de violencia al periodista Walter Jaimes en M\u00e9rida -\",\"isPartOf\":{\"@id\":\"https:\/\/periodicocentroccidente.com\/#website\"},\"primaryImageOfPage\":{\"@id\":\"https:\/\/periodicocentroccidente.com\/?p=6105#primaryimage\"},\"image\":{\"@id\":\"https:\/\/periodicocentroccidente.com\/?p=6105#primaryimage\"},\"thumbnailUrl\":\"https:\/\/periodicocentroccidente.com\/wp-content\/uploads\/2026\/03\/1003004146.jpg\",\"datePublished\":\"2026-03-04T15:56:30+00:00\",\"author\":{\"@id\":\"https:\/\/periodicocentroccidente.com\/#\/schema\/person\/f4e4a651098f3db198244657b7130e7e\"},\"breadcrumb\":{\"@id\":\"https:\/\/periodicocentroccidente.com\/?p=6105#breadcrumb\"},\"inLanguage\":\"es\",\"potentialAction\":[{\"@type\":\"ReadAction\",\"target\":[\"https:\/\/periodicocentroccidente.com\/?p=6105\"]}]},{\"@type\":\"ImageObject\",\"inLanguage\":\"es\",\"@id\":\"https:\/\/periodicocentroccidente.com\/?p=6105#primaryimage\",\"url\":\"https:\/\/periodicocentroccidente.com\/wp-content\/uploads\/2026\/03\/1003004146.jpg\",\"contentUrl\":\"https:\/\/periodicocentroccidente.com\/wp-content\/uploads\/2026\/03\/1003004146.jpg\",\"width\":720,\"height\":527},{\"@type\":\"BreadcrumbList\",\"@id\":\"https:\/\/periodicocentroccidente.com\/?p=6105#breadcrumb\",\"itemListElement\":[{\"@type\":\"ListItem\",\"position\":1,\"name\":\"Portada\",\"item\":\"https:\/\/periodicocentroccidente.com\/\"},{\"@type\":\"ListItem\",\"position\":2,\"name\":\"Hallan sin vida y con signos de violencia al periodista Walter Jaimes en M\u00e9rida\"}]},{\"@type\":\"WebSite\",\"@id\":\"https:\/\/periodicocentroccidente.com\/#website\",\"url\":\"https:\/\/periodicocentroccidente.com\/\",\"name\":\"\",\"description\":\"Periodismo serio y responsable\",\"potentialAction\":[{\"@type\":\"SearchAction\",\"target\":{\"@type\":\"EntryPoint\",\"urlTemplate\":\"https:\/\/periodicocentroccidente.com\/?s={search_term_string}\"},\"query-input\":{\"@type\":\"PropertyValueSpecification\",\"valueRequired\":true,\"valueName\":\"search_term_string\"}}],\"inLanguage\":\"es\"},{\"@type\":\"Person\",\"@id\":\"https:\/\/periodicocentroccidente.com\/#\/schema\/person\/f4e4a651098f3db198244657b7130e7e\",\"name\":\"Ricardo\",\"image\":{\"@type\":\"ImageObject\",\"inLanguage\":\"es\",\"@id\":\"https:\/\/periodicocentroccidente.com\/#\/schema\/person\/image\/\",\"url\":\"https:\/\/secure.gravatar.com\/avatar\/402e6137108ec0fdaa7809184382fb1dd2f8b00264c1d945d341f2b8f90db429?s=96&d=mm&r=g\",\"contentUrl\":\"https:\/\/secure.gravatar.com\/avatar\/402e6137108ec0fdaa7809184382fb1dd2f8b00264c1d945d341f2b8f90db429?s=96&d=mm&r=g\",\"caption\":\"Ricardo\"},\"url\":\"https:\/\/periodicocentroccidente.com\/?author=2\"}]}<\/script>\n<!-- \/ Yoast SEO plugin. -->","yoast_head_json":{"title":"Hallan sin vida y con signos de violencia al periodista Walter Jaimes en M\u00e9rida -","robots":{"index":"index","follow":"follow","max-snippet":"max-snippet:-1","max-image-preview":"max-image-preview:large","max-video-preview":"max-video-preview:-1"},"canonical":"https:\/\/periodicocentroccidente.com\/?p=6105","og_locale":"es_ES","og_type":"article","og_title":"Hallan sin vida y con signos de violencia al periodista Walter Jaimes en M\u00e9rida -","og_description":"Especial.- El gremio period&iacute;stico del estado M&eacute;rida y la comunidad del Valle del Mocot&iacute;es se encuentran consternados tras el hallazgo del cuerpo sin vida de Walter Alexander Jaimes. El comunicador social, quien se encontraba desaparecido desde hace varios d&iacute;as, fue localizado este martes en el sector de la variante de M&eacute;rida, presentando signos de violencia &hellip;","og_url":"https:\/\/periodicocentroccidente.com\/?p=6105","article_published_time":"2026-03-04T15:56:30+00:00","og_image":[{"width":720,"height":527,"url":"https:\/\/periodicocentroccidente.com\/wp-content\/uploads\/2026\/03\/1003004146.jpg","type":"image\/jpeg"}],"author":"Ricardo","twitter_card":"summary_large_image","twitter_misc":{"Escrito por":"Ricardo","Tiempo de lectura":"2 minutos"},"schema":{"@context":"https:\/\/schema.org","@graph":[{"@type":"WebPage","@id":"https:\/\/periodicocentroccidente.com\/?p=6105","url":"https:\/\/periodicocentroccidente.com\/?p=6105","name":"Hallan sin vida y con signos de violencia al periodista Walter Jaimes en M\u00e9rida -","isPartOf":{"@id":"https:\/\/periodicocentroccidente.com\/#website"},"primaryImageOfPage":{"@id":"https:\/\/periodicocentroccidente.com\/?p=6105#primaryimage"},"image":{"@id":"https:\/\/periodicocentroccidente.com\/?p=6105#primaryimage"},"thumbnailUrl":"https:\/\/periodicocentroccidente.com\/wp-content\/uploads\/2026\/03\/1003004146.jpg","datePublished":"2026-03-04T15:56:30+00:00","author":{"@id":"https:\/\/periodicocentroccidente.com\/#\/schema\/person\/f4e4a651098f3db198244657b7130e7e"},"breadcrumb":{"@id":"https:\/\/periodicocentroccidente.com\/?p=6105#breadcrumb"},"inLanguage":"es","potentialAction":[{"@type":"ReadAction","target":["https:\/\/periodicocentroccidente.com\/?p=6105"]}]},{"@type":"ImageObject","inLanguage":"es","@id":"https:\/\/periodicocentroccidente.com\/?p=6105#primaryimage","url":"https:\/\/periodicocentroccidente.com\/wp-content\/uploads\/2026\/03\/1003004146.jpg","contentUrl":"https:\/\/periodicocentroccidente.com\/wp-content\/uploads\/2026\/03\/1003004146.jpg","width":720,"height":527},{"@type":"BreadcrumbList","@id":"https:\/\/periodicocentroccidente.com\/?p=6105#breadcrumb","itemListElement":[{"@type":"ListItem","position":1,"name":"Portada","item":"https:\/\/periodicocentroccidente.com\/"},{"@type":"ListItem","position":2,"name":"Hallan sin vida y con signos de violencia al periodista Walter Jaimes en M\u00e9rida"}]},{"@type":"WebSite","@id":"https:\/\/periodicocentroccidente.com\/#website","url":"https:\/\/periodicocentroccidente.com\/","name":"","description":"Periodismo serio y responsable","potentialAction":[{"@type":"SearchAction","target":{"@type":"EntryPoint","urlTemplate":"https:\/\/periodicocentroccidente.com\/?s={search_term_string}"},"query-input":{"@type":"PropertyValueSpecification","valueRequired":true,"valueName":"search_term_string"}}],"inLanguage":"es"},{"@type":"Person","@id":"https:\/\/periodicocentroccidente.com\/#\/schema\/person\/f4e4a651098f3db198244657b7130e7e","name":"Ricardo","image":{"@type":"ImageObject","inLanguage":"es","@id":"https:\/\/periodicocentroccidente.com\/#\/schema\/person\/image\/","url":"https:\/\/secure.gravatar.com\/avatar\/402e6137108ec0fdaa7809184382fb1dd2f8b00264c1d945d341f2b8f90db429?s=96&d=mm&r=g","contentUrl":"https:\/\/secure.gravatar.com\/avatar\/402e6137108ec0fdaa7809184382fb1dd2f8b00264c1d945d341f2b8f90db429?s=96&d=mm&r=g","caption":"Ricardo"},"url":"https:\/\/periodicocentroccidente.com\/?author=2"}]}},"jetpack_featured_media_url":"https:\/\/periodicocentroccidente.com\/wp-content\/uploads\/2026\/03\/1003004146.jpg","jetpack_sharing_enabled":true,"jetpack-related-posts":[],"_links":{"self":[{"href":"https:\/\/periodicocentroccidente.com\/index.php?rest_route=\/wp\/v2\/posts\/6105","targetHints":{"allow":["GET"]}}],"collection":[{"href":"https:\/\/periodicocentroccidente.com\/index.php?rest_route=\/wp\/v2\/posts"}],"about":[{"href":"https:\/\/periodicocentroccidente.com\/index.php?rest_route=\/wp\/v2\/types\/post"}],"author":[{"embeddable":true,"href":"https:\/\/periodicocentroccidente.com\/index.php?rest_route=\/wp\/v2\/users\/2"}],"replies":[{"embeddable":true,"href":"https:\/\/periodicocentroccidente.com\/index.php?rest_route=%2Fwp%2Fv2%2Fcomments&post=6105"}],"version-history":[{"count":1,"href":"https:\/\/periodicocentroccidente.com\/index.php?rest_route=\/wp\/v2\/posts\/6105\/revisions"}],"predecessor-version":[{"id":6108,"href":"https:\/\/periodicocentroccidente.com\/index.php?rest_route=\/wp\/v2\/posts\/6105\/revisions\/6108"}],"wp:featuredmedia":[{"embeddable":true,"href":"https:\/\/periodicocentroccidente.com\/index.php?rest_route=\/wp\/v2\/media\/6106"}],"wp:attachment":[{"href":"https:\/\/periodicocentroccidente.com\/index.php?rest_route=%2Fwp%2Fv2%2Fmedia&parent=6105"}],"wp:term":[{"taxonomy":"category","embeddable":true,"href":"https:\/\/periodicocentroccidente.com\/index.php?rest_route=%2Fwp%2Fv2%2Fcategories&post=6105"},{"taxonomy":"post_tag","embeddable":true,"href":"https:\/\/periodicocentroccidente.com\/index.php?rest_route=%2Fwp%2Fv2%2Ftags&post=6105"}],"curies":[{"name":"wp","href":"https:\/\/api.w.org\/{rel}","templated":true}]}}