{"id":6100,"date":"2026-03-04T15:50:07","date_gmt":"2026-03-04T15:50:07","guid":{"rendered":"https:\/\/periodicocentroccidente.com\/?p=6100"},"modified":"2026-03-04T15:50:07","modified_gmt":"2026-03-04T15:50:07","slug":"mujeres-al-podio-el-sistema-guanare-celebra-el-liderazgo-femenino-con-una-gala-sinfonica","status":"publish","type":"post","link":"https:\/\/periodicocentroccidente.com\/?p=6100","title":{"rendered":"\u201cMujeres al Podio\u201d: El Sistema Guanare celebra el liderazgo femenino con una gala sinf\u00f3nica"},"content":{"rendered":"<p><strong>Especial.-<\/strong><\/p>\n<p>En el marco de la conmemoraci\u00f3n del D\u00eda Internacional de la Mujer, el Sistema Nacional de Orquestas y Coros Juveniles e Infantiles de Venezuela, N\u00facleo Guanare, presenta el concierto \u201cMujeres al Podio\u201d. El evento tendr\u00e1 lugar este s\u00e1bado 7 de marzo, a las 4:30 p.m., en la Bas\u00edlica Catedral de Guanare.<\/p>\n<p>La gala ser\u00e1 protagonizada por la Sinf\u00f3nica Regional de Portuguesa \u201cJos\u00e9 Antonio P\u00e1ez\u201d, la cual estar\u00e1 bajo la batuta de seis destacadas directoras, quienes subir\u00e1n al podio para demostrar la excelencia t\u00e9cnica, el talento y la sensibilidad art\u00edstica que define a la mujer en la m\u00fasica acad\u00e9mica.<\/p>\n<p>El programa ha sido dise\u00f1ado para mostrar la versatilidad de la orquesta a trav\u00e9s de obras universales y latinoamericanas: Batuque (Danza di Negri) de O. L. Fern\u00e1ndez &#8211; Dirige: Irma Flores; el IV movimiento de la Sinfon\u00eda n.\u00ba 2 en re mayor, Op. 43 de Sibelius &#8211; Dirige: Raquel Castillo y Los Toreadores de Bizet &#8211; Dirige: Yary Mendoza.<\/p>\n<p>Seguido de la Danza H\u00fangara n.\u00ba 5 de Johannes Brahms &#8211; Dirige: Sushan Hern\u00e1ndez; Malambo de la Suite \u00abEstancia\u00bb de Alberto Ginastera &#8211; Dirige: Elg\u00e9nesis Haricapa. Para cerrar por todo lo alto con el Mambo de Leonard Bernstein &#8211; Dirige: Carmen Dorante.<\/p>\n<p>Para El Sistema, fundado por el Maestro Jos\u00e9 Antonio Abreu, la participaci\u00f3n femenina es un pilar fundamental. Oscar Bejarano, director del N\u00facleo Guanare, destaca que la instituci\u00f3n se ha consolidado como una plataforma de igualdad.<\/p>\n<p>\u00abActualmente, la mayor\u00eda de nuestra matr\u00edcula est\u00e1 conformada por ni\u00f1as. Esto representa un logro hist\u00f3rico en una profesi\u00f3n tradicionalmente dominada por hombres y refuerza nuestro compromiso de abrir espacios de poder para las mujeres en el arte\u00bb, afirm\u00f3 Bejarano.<\/p>\n<p><strong>Contexto global<\/strong><\/p>\n<p>Bajo el lema de la ONU para 2026, \u201cDerechos. Justicia. Acci\u00f3n. Para TODAS las mujeres y ni\u00f1as\u201d, este concierto se une al llamado global por derribar barreras y garantizar la participaci\u00f3n plena de la mujer en todos los \u00e1mbitos sociales y culturales.<\/p>\n<p>El Sistema &#8211; N\u00facleo Guanare invita a toda la colectividad a disfrutar de este encuentro gratuito, donde la m\u00fasica se convierte en el lenguaje universal de la igualdad y el reconocimiento. <strong>\/\/<\/strong><\/p>\n<p><strong>Jorveis Ortegano Valecillo \/\u00a0<\/strong><strong>Prensa &#8211; El Sistema Portuguesa<\/strong><\/p>\n","protected":false},"excerpt":{"rendered":"<p>Especial.- En el marco de la conmemoraci&oacute;n del D&iacute;a Internacional de la Mujer, el Sistema Nacional de Orquestas y Coros Juveniles e Infantiles de Venezuela, N&uacute;cleo Guanare, presenta el concierto &ldquo;Mujeres al Podio&rdquo;. El evento tendr&aacute; lugar este s&aacute;bado 7 de marzo, a las 4:30 p.m., en la Bas&iacute;lica Catedral de Guanare. La gala ser&aacute; &hellip;<\/p>\n","protected":false},"author":2,"featured_media":6101,"comment_status":"open","ping_status":"open","sticky":false,"template":"","format":"standard","meta":{"_jetpack_memberships_contains_paid_content":false,"footnotes":""},"categories":[127],"tags":[],"class_list":["post-6100","post","type-post","status-publish","format-standard","has-post-thumbnail","hentry","category-noticias-recientes"],"yoast_head":"<!-- This site is optimized with the Yoast SEO plugin v24.8.1 - https:\/\/yoast.com\/wordpress\/plugins\/seo\/ -->\n<title>\u201cMujeres al Podio\u201d: El Sistema Guanare celebra el liderazgo femenino con una gala sinf\u00f3nica -<\/title>\n<meta name=\"robots\" content=\"index, follow, max-snippet:-1, max-image-preview:large, max-video-preview:-1\" \/>\n<link rel=\"canonical\" href=\"https:\/\/periodicocentroccidente.com\/?p=6100\" \/>\n<meta property=\"og:locale\" content=\"es_ES\" \/>\n<meta property=\"og:type\" content=\"article\" \/>\n<meta property=\"og:title\" content=\"\u201cMujeres al Podio\u201d: El Sistema Guanare celebra el liderazgo femenino con una gala sinf\u00f3nica -\" \/>\n<meta property=\"og:description\" content=\"Especial.- En el marco de la conmemoraci&oacute;n del D&iacute;a Internacional de la Mujer, el Sistema Nacional de Orquestas y Coros Juveniles e Infantiles de Venezuela, N&uacute;cleo Guanare, presenta el concierto &ldquo;Mujeres al Podio&rdquo;. El evento tendr&aacute; lugar este s&aacute;bado 7 de marzo, a las 4:30 p.m., en la Bas&iacute;lica Catedral de Guanare. La gala ser&aacute; &hellip;\" \/>\n<meta property=\"og:url\" content=\"https:\/\/periodicocentroccidente.com\/?p=6100\" \/>\n<meta property=\"article:published_time\" content=\"2026-03-04T15:50:07+00:00\" \/>\n<meta property=\"og:image\" content=\"https:\/\/periodicocentroccidente.com\/wp-content\/uploads\/2026\/03\/4988209386362702713.jpg\" \/>\n\t<meta property=\"og:image:width\" content=\"1280\" \/>\n\t<meta property=\"og:image:height\" content=\"1280\" \/>\n\t<meta property=\"og:image:type\" content=\"image\/jpeg\" \/>\n<meta name=\"author\" content=\"Ricardo\" \/>\n<meta name=\"twitter:card\" content=\"summary_large_image\" \/>\n<meta name=\"twitter:label1\" content=\"Escrito por\" \/>\n\t<meta name=\"twitter:data1\" content=\"Ricardo\" \/>\n\t<meta name=\"twitter:label2\" content=\"Tiempo de lectura\" \/>\n\t<meta name=\"twitter:data2\" content=\"2 minutos\" \/>\n<script type=\"application\/ld+json\" class=\"yoast-schema-graph\">{\"@context\":\"https:\/\/schema.org\",\"@graph\":[{\"@type\":\"WebPage\",\"@id\":\"https:\/\/periodicocentroccidente.com\/?p=6100\",\"url\":\"https:\/\/periodicocentroccidente.com\/?p=6100\",\"name\":\"\u201cMujeres al Podio\u201d: El Sistema Guanare celebra el liderazgo femenino con una gala sinf\u00f3nica -\",\"isPartOf\":{\"@id\":\"https:\/\/periodicocentroccidente.com\/#website\"},\"primaryImageOfPage\":{\"@id\":\"https:\/\/periodicocentroccidente.com\/?p=6100#primaryimage\"},\"image\":{\"@id\":\"https:\/\/periodicocentroccidente.com\/?p=6100#primaryimage\"},\"thumbnailUrl\":\"https:\/\/periodicocentroccidente.com\/wp-content\/uploads\/2026\/03\/4988209386362702713.jpg\",\"datePublished\":\"2026-03-04T15:50:07+00:00\",\"author\":{\"@id\":\"https:\/\/periodicocentroccidente.com\/#\/schema\/person\/f4e4a651098f3db198244657b7130e7e\"},\"breadcrumb\":{\"@id\":\"https:\/\/periodicocentroccidente.com\/?p=6100#breadcrumb\"},\"inLanguage\":\"es\",\"potentialAction\":[{\"@type\":\"ReadAction\",\"target\":[\"https:\/\/periodicocentroccidente.com\/?p=6100\"]}]},{\"@type\":\"ImageObject\",\"inLanguage\":\"es\",\"@id\":\"https:\/\/periodicocentroccidente.com\/?p=6100#primaryimage\",\"url\":\"https:\/\/periodicocentroccidente.com\/wp-content\/uploads\/2026\/03\/4988209386362702713.jpg\",\"contentUrl\":\"https:\/\/periodicocentroccidente.com\/wp-content\/uploads\/2026\/03\/4988209386362702713.jpg\",\"width\":1280,\"height\":1280},{\"@type\":\"BreadcrumbList\",\"@id\":\"https:\/\/periodicocentroccidente.com\/?p=6100#breadcrumb\",\"itemListElement\":[{\"@type\":\"ListItem\",\"position\":1,\"name\":\"Portada\",\"item\":\"https:\/\/periodicocentroccidente.com\/\"},{\"@type\":\"ListItem\",\"position\":2,\"name\":\"\u201cMujeres al Podio\u201d: El Sistema Guanare celebra el liderazgo femenino con una gala sinf\u00f3nica\"}]},{\"@type\":\"WebSite\",\"@id\":\"https:\/\/periodicocentroccidente.com\/#website\",\"url\":\"https:\/\/periodicocentroccidente.com\/\",\"name\":\"\",\"description\":\"Periodismo serio y responsable\",\"potentialAction\":[{\"@type\":\"SearchAction\",\"target\":{\"@type\":\"EntryPoint\",\"urlTemplate\":\"https:\/\/periodicocentroccidente.com\/?s={search_term_string}\"},\"query-input\":{\"@type\":\"PropertyValueSpecification\",\"valueRequired\":true,\"valueName\":\"search_term_string\"}}],\"inLanguage\":\"es\"},{\"@type\":\"Person\",\"@id\":\"https:\/\/periodicocentroccidente.com\/#\/schema\/person\/f4e4a651098f3db198244657b7130e7e\",\"name\":\"Ricardo\",\"image\":{\"@type\":\"ImageObject\",\"inLanguage\":\"es\",\"@id\":\"https:\/\/periodicocentroccidente.com\/#\/schema\/person\/image\/\",\"url\":\"https:\/\/secure.gravatar.com\/avatar\/402e6137108ec0fdaa7809184382fb1dd2f8b00264c1d945d341f2b8f90db429?s=96&d=mm&r=g\",\"contentUrl\":\"https:\/\/secure.gravatar.com\/avatar\/402e6137108ec0fdaa7809184382fb1dd2f8b00264c1d945d341f2b8f90db429?s=96&d=mm&r=g\",\"caption\":\"Ricardo\"},\"url\":\"https:\/\/periodicocentroccidente.com\/?author=2\"}]}<\/script>\n<!-- \/ Yoast SEO plugin. -->","yoast_head_json":{"title":"\u201cMujeres al Podio\u201d: El Sistema Guanare celebra el liderazgo femenino con una gala sinf\u00f3nica -","robots":{"index":"index","follow":"follow","max-snippet":"max-snippet:-1","max-image-preview":"max-image-preview:large","max-video-preview":"max-video-preview:-1"},"canonical":"https:\/\/periodicocentroccidente.com\/?p=6100","og_locale":"es_ES","og_type":"article","og_title":"\u201cMujeres al Podio\u201d: El Sistema Guanare celebra el liderazgo femenino con una gala sinf\u00f3nica -","og_description":"Especial.- En el marco de la conmemoraci&oacute;n del D&iacute;a Internacional de la Mujer, el Sistema Nacional de Orquestas y Coros Juveniles e Infantiles de Venezuela, N&uacute;cleo Guanare, presenta el concierto &ldquo;Mujeres al Podio&rdquo;. El evento tendr&aacute; lugar este s&aacute;bado 7 de marzo, a las 4:30 p.m., en la Bas&iacute;lica Catedral de Guanare. La gala ser&aacute; &hellip;","og_url":"https:\/\/periodicocentroccidente.com\/?p=6100","article_published_time":"2026-03-04T15:50:07+00:00","og_image":[{"width":1280,"height":1280,"url":"https:\/\/periodicocentroccidente.com\/wp-content\/uploads\/2026\/03\/4988209386362702713.jpg","type":"image\/jpeg"}],"author":"Ricardo","twitter_card":"summary_large_image","twitter_misc":{"Escrito por":"Ricardo","Tiempo de lectura":"2 minutos"},"schema":{"@context":"https:\/\/schema.org","@graph":[{"@type":"WebPage","@id":"https:\/\/periodicocentroccidente.com\/?p=6100","url":"https:\/\/periodicocentroccidente.com\/?p=6100","name":"\u201cMujeres al Podio\u201d: El Sistema Guanare celebra el liderazgo femenino con una gala sinf\u00f3nica -","isPartOf":{"@id":"https:\/\/periodicocentroccidente.com\/#website"},"primaryImageOfPage":{"@id":"https:\/\/periodicocentroccidente.com\/?p=6100#primaryimage"},"image":{"@id":"https:\/\/periodicocentroccidente.com\/?p=6100#primaryimage"},"thumbnailUrl":"https:\/\/periodicocentroccidente.com\/wp-content\/uploads\/2026\/03\/4988209386362702713.jpg","datePublished":"2026-03-04T15:50:07+00:00","author":{"@id":"https:\/\/periodicocentroccidente.com\/#\/schema\/person\/f4e4a651098f3db198244657b7130e7e"},"breadcrumb":{"@id":"https:\/\/periodicocentroccidente.com\/?p=6100#breadcrumb"},"inLanguage":"es","potentialAction":[{"@type":"ReadAction","target":["https:\/\/periodicocentroccidente.com\/?p=6100"]}]},{"@type":"ImageObject","inLanguage":"es","@id":"https:\/\/periodicocentroccidente.com\/?p=6100#primaryimage","url":"https:\/\/periodicocentroccidente.com\/wp-content\/uploads\/2026\/03\/4988209386362702713.jpg","contentUrl":"https:\/\/periodicocentroccidente.com\/wp-content\/uploads\/2026\/03\/4988209386362702713.jpg","width":1280,"height":1280},{"@type":"BreadcrumbList","@id":"https:\/\/periodicocentroccidente.com\/?p=6100#breadcrumb","itemListElement":[{"@type":"ListItem","position":1,"name":"Portada","item":"https:\/\/periodicocentroccidente.com\/"},{"@type":"ListItem","position":2,"name":"\u201cMujeres al Podio\u201d: El Sistema Guanare celebra el liderazgo femenino con una gala sinf\u00f3nica"}]},{"@type":"WebSite","@id":"https:\/\/periodicocentroccidente.com\/#website","url":"https:\/\/periodicocentroccidente.com\/","name":"","description":"Periodismo serio y responsable","potentialAction":[{"@type":"SearchAction","target":{"@type":"EntryPoint","urlTemplate":"https:\/\/periodicocentroccidente.com\/?s={search_term_string}"},"query-input":{"@type":"PropertyValueSpecification","valueRequired":true,"valueName":"search_term_string"}}],"inLanguage":"es"},{"@type":"Person","@id":"https:\/\/periodicocentroccidente.com\/#\/schema\/person\/f4e4a651098f3db198244657b7130e7e","name":"Ricardo","image":{"@type":"ImageObject","inLanguage":"es","@id":"https:\/\/periodicocentroccidente.com\/#\/schema\/person\/image\/","url":"https:\/\/secure.gravatar.com\/avatar\/402e6137108ec0fdaa7809184382fb1dd2f8b00264c1d945d341f2b8f90db429?s=96&d=mm&r=g","contentUrl":"https:\/\/secure.gravatar.com\/avatar\/402e6137108ec0fdaa7809184382fb1dd2f8b00264c1d945d341f2b8f90db429?s=96&d=mm&r=g","caption":"Ricardo"},"url":"https:\/\/periodicocentroccidente.com\/?author=2"}]}},"jetpack_featured_media_url":"https:\/\/periodicocentroccidente.com\/wp-content\/uploads\/2026\/03\/4988209386362702713.jpg","jetpack_sharing_enabled":true,"jetpack-related-posts":[],"_links":{"self":[{"href":"https:\/\/periodicocentroccidente.com\/index.php?rest_route=\/wp\/v2\/posts\/6100","targetHints":{"allow":["GET"]}}],"collection":[{"href":"https:\/\/periodicocentroccidente.com\/index.php?rest_route=\/wp\/v2\/posts"}],"about":[{"href":"https:\/\/periodicocentroccidente.com\/index.php?rest_route=\/wp\/v2\/types\/post"}],"author":[{"embeddable":true,"href":"https:\/\/periodicocentroccidente.com\/index.php?rest_route=\/wp\/v2\/users\/2"}],"replies":[{"embeddable":true,"href":"https:\/\/periodicocentroccidente.com\/index.php?rest_route=%2Fwp%2Fv2%2Fcomments&post=6100"}],"version-history":[{"count":1,"href":"https:\/\/periodicocentroccidente.com\/index.php?rest_route=\/wp\/v2\/posts\/6100\/revisions"}],"predecessor-version":[{"id":6102,"href":"https:\/\/periodicocentroccidente.com\/index.php?rest_route=\/wp\/v2\/posts\/6100\/revisions\/6102"}],"wp:featuredmedia":[{"embeddable":true,"href":"https:\/\/periodicocentroccidente.com\/index.php?rest_route=\/wp\/v2\/media\/6101"}],"wp:attachment":[{"href":"https:\/\/periodicocentroccidente.com\/index.php?rest_route=%2Fwp%2Fv2%2Fmedia&parent=6100"}],"wp:term":[{"taxonomy":"category","embeddable":true,"href":"https:\/\/periodicocentroccidente.com\/index.php?rest_route=%2Fwp%2Fv2%2Fcategories&post=6100"},{"taxonomy":"post_tag","embeddable":true,"href":"https:\/\/periodicocentroccidente.com\/index.php?rest_route=%2Fwp%2Fv2%2Ftags&post=6100"}],"curies":[{"name":"wp","href":"https:\/\/api.w.org\/{rel}","templated":true}]}}