{"id":6069,"date":"2026-03-03T15:09:58","date_gmt":"2026-03-03T15:09:58","guid":{"rendered":"https:\/\/periodicocentroccidente.com\/?p=6069"},"modified":"2026-03-03T15:09:58","modified_gmt":"2026-03-03T15:09:58","slug":"meta-cumplida-la-sabana-estrena-cancha-gracias-a-la-union-entre-comunidad-y-alcaldia","status":"publish","type":"post","link":"https:\/\/periodicocentroccidente.com\/?p=6069","title":{"rendered":"\u00a1Meta cumplida! La Sabana estrena cancha gracias a la uni\u00f3n entre comunidad y Alcald\u00eda"},"content":{"rendered":"<p><strong>Especial.-<\/strong><\/p>\n<p>Lo que comenz\u00f3 como un sue\u00f1o de los vecinos, hoy es una realidad tangible. Gracias a la labor conjunta entre el Poder Popular de la parroquia Monse\u00f1or Arturo Celestino \u00c1lvarez y la Alcald\u00eda de Sucre, los habitantes de La Sabana celebran la rehabilitaci\u00f3n integral de su cancha de usos m\u00faltiples, un espacio que ahora late con fuerza deportiva.<\/p>\n<p><strong>Una transformaci\u00f3n total<\/strong><br \/>\n\u200bEl proyecto no se limit\u00f3 a una \u00abmano de gato\u00bb. Fue una intervenci\u00f3n profunda que devolvi\u00f3 la vida al recinto deportivo mediante:<br \/>\n\u200bSeguridad y est\u00e9tica: Construcci\u00f3n de cerca perimetral y pintura integral (interna y externa).<br \/>\n\u200bEquipamiento nuevo: Instalaci\u00f3n de arquer\u00edas de futbolito, tableros de baloncesto y postes para voleibol.<br \/>\n\u200bDetalles t\u00e9cnicos: Demarcaci\u00f3n reglamentaria y adecuaci\u00f3n de \u00e1reas verdes.\u00a0 Apoyo directo: Entrega de dotaci\u00f3n deportiva para los equipos locales.<\/p>\n<p><strong>La uni\u00f3n por encima de las diferencias<\/strong><br \/>\n\u200bDurante el acto de entrega, el alcalde Yonys Gonz\u00e1lez, acompa\u00f1ado por l\u00edderes vecinales y concejales, destac\u00f3 que la clave del \u00e9xito fue la organizaci\u00f3n social.<br \/>\n\u200b\u00bbCuando nos organizamos y anteponemos el bienestar de la gente por encima de las diferencias, logramos obras como esta\u00bb, afirm\u00f3 el mandatario local, extendiendo una invitaci\u00f3n a todos los consejos comunales del municipio\u00a0 desde El Puerto La Dificultad hasta San Francisco de El Pino,\u00a0 a seguir trabajando bajo este modelo de gesti\u00f3n compartida.<\/p>\n<p><strong>La voz de los protagonistas<\/strong><br \/>\n\u200bPara la comunidad, esta obra representa futuro. Ysa Palomino, vecina del sector, expres\u00f3 con emoci\u00f3n que el espacio es vital para el progreso de la juventud. Por su parte, la concejal Sindy Borja y la consejera Torcoroma Ca\u00f1izales coincidieron en que el papel del CLPP y la voluntad pol\u00edtica fueron los motores que impulsaron este proyecto que hoy beneficia no solo a La Sabana, sino a sectores aleda\u00f1os.<\/p>\n<p><strong>Luis Alonso Cede\u00f1o\/ Panamericana\/ Sur del Lago.\u00a0<\/strong><\/p>\n<p><img loading=\"lazy\" decoding=\"async\" class=\"alignnone size-medium wp-image-6070\" src=\"https:\/\/periodicocentroccidente.com\/wp-content\/uploads\/2026\/03\/1002998590-216x300.jpg\" alt=\"\" width=\"216\" height=\"300\" srcset=\"https:\/\/periodicocentroccidente.com\/wp-content\/uploads\/2026\/03\/1002998590-216x300.jpg 216w, https:\/\/periodicocentroccidente.com\/wp-content\/uploads\/2026\/03\/1002998590.jpg 600w\" sizes=\"auto, (max-width: 216px) 100vw, 216px\" \/><\/p>\n","protected":false},"excerpt":{"rendered":"<p>Especial.- Lo que comenz&oacute; como un sue&ntilde;o de los vecinos, hoy es una realidad tangible. Gracias a la labor conjunta entre el Poder Popular de la parroquia Monse&ntilde;or Arturo Celestino &Aacute;lvarez y la Alcald&iacute;a de Sucre, los habitantes de La Sabana celebran la rehabilitaci&oacute;n integral de su cancha de usos m&uacute;ltiples, un espacio que ahora &hellip;<\/p>\n","protected":false},"author":2,"featured_media":6071,"comment_status":"open","ping_status":"open","sticky":false,"template":"","format":"standard","meta":{"_jetpack_memberships_contains_paid_content":false,"footnotes":""},"categories":[127],"tags":[],"class_list":["post-6069","post","type-post","status-publish","format-standard","has-post-thumbnail","hentry","category-noticias-recientes"],"yoast_head":"<!-- This site is optimized with the Yoast SEO plugin v24.8.1 - https:\/\/yoast.com\/wordpress\/plugins\/seo\/ -->\n<title>\u00a1Meta cumplida! La Sabana estrena cancha gracias a la uni\u00f3n entre comunidad y Alcald\u00eda -<\/title>\n<meta name=\"robots\" content=\"index, follow, max-snippet:-1, max-image-preview:large, max-video-preview:-1\" \/>\n<link rel=\"canonical\" href=\"https:\/\/periodicocentroccidente.com\/?p=6069\" \/>\n<meta property=\"og:locale\" content=\"es_ES\" \/>\n<meta property=\"og:type\" content=\"article\" \/>\n<meta property=\"og:title\" content=\"\u00a1Meta cumplida! La Sabana estrena cancha gracias a la uni\u00f3n entre comunidad y Alcald\u00eda -\" \/>\n<meta property=\"og:description\" content=\"Especial.- Lo que comenz&oacute; como un sue&ntilde;o de los vecinos, hoy es una realidad tangible. Gracias a la labor conjunta entre el Poder Popular de la parroquia Monse&ntilde;or Arturo Celestino &Aacute;lvarez y la Alcald&iacute;a de Sucre, los habitantes de La Sabana celebran la rehabilitaci&oacute;n integral de su cancha de usos m&uacute;ltiples, un espacio que ahora &hellip;\" \/>\n<meta property=\"og:url\" content=\"https:\/\/periodicocentroccidente.com\/?p=6069\" \/>\n<meta property=\"article:published_time\" content=\"2026-03-03T15:09:58+00:00\" \/>\n<meta property=\"og:image\" content=\"https:\/\/periodicocentroccidente.com\/wp-content\/uploads\/2026\/03\/1002998591.jpg\" \/>\n\t<meta property=\"og:image:width\" content=\"639\" \/>\n\t<meta property=\"og:image:height\" content=\"804\" \/>\n\t<meta property=\"og:image:type\" content=\"image\/jpeg\" \/>\n<meta name=\"author\" content=\"Ricardo\" \/>\n<meta name=\"twitter:card\" content=\"summary_large_image\" \/>\n<meta name=\"twitter:label1\" content=\"Escrito por\" \/>\n\t<meta name=\"twitter:data1\" content=\"Ricardo\" \/>\n\t<meta name=\"twitter:label2\" content=\"Tiempo de lectura\" \/>\n\t<meta name=\"twitter:data2\" content=\"2 minutos\" \/>\n<script type=\"application\/ld+json\" class=\"yoast-schema-graph\">{\"@context\":\"https:\/\/schema.org\",\"@graph\":[{\"@type\":\"WebPage\",\"@id\":\"https:\/\/periodicocentroccidente.com\/?p=6069\",\"url\":\"https:\/\/periodicocentroccidente.com\/?p=6069\",\"name\":\"\u00a1Meta cumplida! La Sabana estrena cancha gracias a la uni\u00f3n entre comunidad y Alcald\u00eda -\",\"isPartOf\":{\"@id\":\"https:\/\/periodicocentroccidente.com\/#website\"},\"primaryImageOfPage\":{\"@id\":\"https:\/\/periodicocentroccidente.com\/?p=6069#primaryimage\"},\"image\":{\"@id\":\"https:\/\/periodicocentroccidente.com\/?p=6069#primaryimage\"},\"thumbnailUrl\":\"https:\/\/periodicocentroccidente.com\/wp-content\/uploads\/2026\/03\/1002998591.jpg\",\"datePublished\":\"2026-03-03T15:09:58+00:00\",\"author\":{\"@id\":\"https:\/\/periodicocentroccidente.com\/#\/schema\/person\/f4e4a651098f3db198244657b7130e7e\"},\"breadcrumb\":{\"@id\":\"https:\/\/periodicocentroccidente.com\/?p=6069#breadcrumb\"},\"inLanguage\":\"es\",\"potentialAction\":[{\"@type\":\"ReadAction\",\"target\":[\"https:\/\/periodicocentroccidente.com\/?p=6069\"]}]},{\"@type\":\"ImageObject\",\"inLanguage\":\"es\",\"@id\":\"https:\/\/periodicocentroccidente.com\/?p=6069#primaryimage\",\"url\":\"https:\/\/periodicocentroccidente.com\/wp-content\/uploads\/2026\/03\/1002998591.jpg\",\"contentUrl\":\"https:\/\/periodicocentroccidente.com\/wp-content\/uploads\/2026\/03\/1002998591.jpg\",\"width\":639,\"height\":804},{\"@type\":\"BreadcrumbList\",\"@id\":\"https:\/\/periodicocentroccidente.com\/?p=6069#breadcrumb\",\"itemListElement\":[{\"@type\":\"ListItem\",\"position\":1,\"name\":\"Portada\",\"item\":\"https:\/\/periodicocentroccidente.com\/\"},{\"@type\":\"ListItem\",\"position\":2,\"name\":\"\u00a1Meta cumplida! La Sabana estrena cancha gracias a la uni\u00f3n entre comunidad y Alcald\u00eda\"}]},{\"@type\":\"WebSite\",\"@id\":\"https:\/\/periodicocentroccidente.com\/#website\",\"url\":\"https:\/\/periodicocentroccidente.com\/\",\"name\":\"\",\"description\":\"Periodismo serio y responsable\",\"potentialAction\":[{\"@type\":\"SearchAction\",\"target\":{\"@type\":\"EntryPoint\",\"urlTemplate\":\"https:\/\/periodicocentroccidente.com\/?s={search_term_string}\"},\"query-input\":{\"@type\":\"PropertyValueSpecification\",\"valueRequired\":true,\"valueName\":\"search_term_string\"}}],\"inLanguage\":\"es\"},{\"@type\":\"Person\",\"@id\":\"https:\/\/periodicocentroccidente.com\/#\/schema\/person\/f4e4a651098f3db198244657b7130e7e\",\"name\":\"Ricardo\",\"image\":{\"@type\":\"ImageObject\",\"inLanguage\":\"es\",\"@id\":\"https:\/\/periodicocentroccidente.com\/#\/schema\/person\/image\/\",\"url\":\"https:\/\/secure.gravatar.com\/avatar\/402e6137108ec0fdaa7809184382fb1dd2f8b00264c1d945d341f2b8f90db429?s=96&d=mm&r=g\",\"contentUrl\":\"https:\/\/secure.gravatar.com\/avatar\/402e6137108ec0fdaa7809184382fb1dd2f8b00264c1d945d341f2b8f90db429?s=96&d=mm&r=g\",\"caption\":\"Ricardo\"},\"url\":\"https:\/\/periodicocentroccidente.com\/?author=2\"}]}<\/script>\n<!-- \/ Yoast SEO plugin. -->","yoast_head_json":{"title":"\u00a1Meta cumplida! La Sabana estrena cancha gracias a la uni\u00f3n entre comunidad y Alcald\u00eda -","robots":{"index":"index","follow":"follow","max-snippet":"max-snippet:-1","max-image-preview":"max-image-preview:large","max-video-preview":"max-video-preview:-1"},"canonical":"https:\/\/periodicocentroccidente.com\/?p=6069","og_locale":"es_ES","og_type":"article","og_title":"\u00a1Meta cumplida! La Sabana estrena cancha gracias a la uni\u00f3n entre comunidad y Alcald\u00eda -","og_description":"Especial.- Lo que comenz&oacute; como un sue&ntilde;o de los vecinos, hoy es una realidad tangible. Gracias a la labor conjunta entre el Poder Popular de la parroquia Monse&ntilde;or Arturo Celestino &Aacute;lvarez y la Alcald&iacute;a de Sucre, los habitantes de La Sabana celebran la rehabilitaci&oacute;n integral de su cancha de usos m&uacute;ltiples, un espacio que ahora &hellip;","og_url":"https:\/\/periodicocentroccidente.com\/?p=6069","article_published_time":"2026-03-03T15:09:58+00:00","og_image":[{"width":639,"height":804,"url":"https:\/\/periodicocentroccidente.com\/wp-content\/uploads\/2026\/03\/1002998591.jpg","type":"image\/jpeg"}],"author":"Ricardo","twitter_card":"summary_large_image","twitter_misc":{"Escrito por":"Ricardo","Tiempo de lectura":"2 minutos"},"schema":{"@context":"https:\/\/schema.org","@graph":[{"@type":"WebPage","@id":"https:\/\/periodicocentroccidente.com\/?p=6069","url":"https:\/\/periodicocentroccidente.com\/?p=6069","name":"\u00a1Meta cumplida! La Sabana estrena cancha gracias a la uni\u00f3n entre comunidad y Alcald\u00eda -","isPartOf":{"@id":"https:\/\/periodicocentroccidente.com\/#website"},"primaryImageOfPage":{"@id":"https:\/\/periodicocentroccidente.com\/?p=6069#primaryimage"},"image":{"@id":"https:\/\/periodicocentroccidente.com\/?p=6069#primaryimage"},"thumbnailUrl":"https:\/\/periodicocentroccidente.com\/wp-content\/uploads\/2026\/03\/1002998591.jpg","datePublished":"2026-03-03T15:09:58+00:00","author":{"@id":"https:\/\/periodicocentroccidente.com\/#\/schema\/person\/f4e4a651098f3db198244657b7130e7e"},"breadcrumb":{"@id":"https:\/\/periodicocentroccidente.com\/?p=6069#breadcrumb"},"inLanguage":"es","potentialAction":[{"@type":"ReadAction","target":["https:\/\/periodicocentroccidente.com\/?p=6069"]}]},{"@type":"ImageObject","inLanguage":"es","@id":"https:\/\/periodicocentroccidente.com\/?p=6069#primaryimage","url":"https:\/\/periodicocentroccidente.com\/wp-content\/uploads\/2026\/03\/1002998591.jpg","contentUrl":"https:\/\/periodicocentroccidente.com\/wp-content\/uploads\/2026\/03\/1002998591.jpg","width":639,"height":804},{"@type":"BreadcrumbList","@id":"https:\/\/periodicocentroccidente.com\/?p=6069#breadcrumb","itemListElement":[{"@type":"ListItem","position":1,"name":"Portada","item":"https:\/\/periodicocentroccidente.com\/"},{"@type":"ListItem","position":2,"name":"\u00a1Meta cumplida! La Sabana estrena cancha gracias a la uni\u00f3n entre comunidad y Alcald\u00eda"}]},{"@type":"WebSite","@id":"https:\/\/periodicocentroccidente.com\/#website","url":"https:\/\/periodicocentroccidente.com\/","name":"","description":"Periodismo serio y responsable","potentialAction":[{"@type":"SearchAction","target":{"@type":"EntryPoint","urlTemplate":"https:\/\/periodicocentroccidente.com\/?s={search_term_string}"},"query-input":{"@type":"PropertyValueSpecification","valueRequired":true,"valueName":"search_term_string"}}],"inLanguage":"es"},{"@type":"Person","@id":"https:\/\/periodicocentroccidente.com\/#\/schema\/person\/f4e4a651098f3db198244657b7130e7e","name":"Ricardo","image":{"@type":"ImageObject","inLanguage":"es","@id":"https:\/\/periodicocentroccidente.com\/#\/schema\/person\/image\/","url":"https:\/\/secure.gravatar.com\/avatar\/402e6137108ec0fdaa7809184382fb1dd2f8b00264c1d945d341f2b8f90db429?s=96&d=mm&r=g","contentUrl":"https:\/\/secure.gravatar.com\/avatar\/402e6137108ec0fdaa7809184382fb1dd2f8b00264c1d945d341f2b8f90db429?s=96&d=mm&r=g","caption":"Ricardo"},"url":"https:\/\/periodicocentroccidente.com\/?author=2"}]}},"jetpack_featured_media_url":"https:\/\/periodicocentroccidente.com\/wp-content\/uploads\/2026\/03\/1002998591.jpg","jetpack_sharing_enabled":true,"jetpack-related-posts":[],"_links":{"self":[{"href":"https:\/\/periodicocentroccidente.com\/index.php?rest_route=\/wp\/v2\/posts\/6069","targetHints":{"allow":["GET"]}}],"collection":[{"href":"https:\/\/periodicocentroccidente.com\/index.php?rest_route=\/wp\/v2\/posts"}],"about":[{"href":"https:\/\/periodicocentroccidente.com\/index.php?rest_route=\/wp\/v2\/types\/post"}],"author":[{"embeddable":true,"href":"https:\/\/periodicocentroccidente.com\/index.php?rest_route=\/wp\/v2\/users\/2"}],"replies":[{"embeddable":true,"href":"https:\/\/periodicocentroccidente.com\/index.php?rest_route=%2Fwp%2Fv2%2Fcomments&post=6069"}],"version-history":[{"count":1,"href":"https:\/\/periodicocentroccidente.com\/index.php?rest_route=\/wp\/v2\/posts\/6069\/revisions"}],"predecessor-version":[{"id":6072,"href":"https:\/\/periodicocentroccidente.com\/index.php?rest_route=\/wp\/v2\/posts\/6069\/revisions\/6072"}],"wp:featuredmedia":[{"embeddable":true,"href":"https:\/\/periodicocentroccidente.com\/index.php?rest_route=\/wp\/v2\/media\/6071"}],"wp:attachment":[{"href":"https:\/\/periodicocentroccidente.com\/index.php?rest_route=%2Fwp%2Fv2%2Fmedia&parent=6069"}],"wp:term":[{"taxonomy":"category","embeddable":true,"href":"https:\/\/periodicocentroccidente.com\/index.php?rest_route=%2Fwp%2Fv2%2Fcategories&post=6069"},{"taxonomy":"post_tag","embeddable":true,"href":"https:\/\/periodicocentroccidente.com\/index.php?rest_route=%2Fwp%2Fv2%2Ftags&post=6069"}],"curies":[{"name":"wp","href":"https:\/\/api.w.org\/{rel}","templated":true}]}}