{"id":6058,"date":"2026-03-02T18:17:27","date_gmt":"2026-03-02T18:17:27","guid":{"rendered":"https:\/\/periodicocentroccidente.com\/?p=6058"},"modified":"2026-03-02T18:17:27","modified_gmt":"2026-03-02T18:17:27","slug":"37","status":"publish","type":"post","link":"https:\/\/periodicocentroccidente.com\/?p=6058","title":{"rendered":"37"},"content":{"rendered":"<p>En 1989 ten\u00eda yo 22 a\u00f1os y estaba entrando a la escuela de Comunicaci\u00f3n Social de Luz, Facultad de Humanidades y Educaci\u00f3n, Maracaibo, ni idea que aquella masa de gente bajar\u00eda de los cerros de Caracas para saciar el hambre y calmar la impotencia que ten\u00edan viviendo tres d\u00e9cadas gracias a los gobiernos adeco-copeyano y derivados. Fueron tres d\u00edas, 27 y 28 de febrero y primero de marzo, el descontento popular le sirvi\u00f3 a las fuerzas de represi\u00f3n del segundo reinado de Carlos Andr\u00e9s P\u00e9rez para disparar primero y averiguar despu\u00e9s, las organizaciones de Derechos Humano como Foro Penal, Human Rigth Wash, OEA, Cascos Azules, en fin y cuanto pol\u00edtico sociopata disfrazado de humanidad aprovecharon la oportunidad para hacerse los locos; sabi\u00e9ndome un critico de aquel sistema se me ocurri\u00f3 decir en una reuni\u00f3n en la\u00a0 direcci\u00f3n de la Polic\u00eda del estado Zulia, toda vez que formaba parte del equipo antimot\u00edn de la PEZ, que no era viable disparar contra la gente que intentaba obtener alimentos en el sector comercial de Las Pulgas y Las Playitas, coraz\u00f3n econ\u00f3mico de Maracaibo, tras los eventos aguas abajo del Caracazo, al pronunciar esas palabras me etiquetaron, me arrestaron y me cambiaron de unidad. La comisaria, para aquel entonces, Luz Marina Jim\u00e9nez, guajira de origen, fue la \u00fanica que entendi\u00f3 mis palabras y solicit\u00f3 que me adscribieran al Departamento de Estad\u00edsticas Delictivas, lo que no fue un alivio, pero si logr\u00e9 visualizar una luz al fina del t\u00fanel, a pesar que el comandante de la polic\u00eda, coronel de la Guardia Nacional, Ram\u00edrez, asegur\u00f3 que los saqueadores eran yucpas, guajiros y colombianos por lo que hab\u00eda que restituir el orden a sangre y fuego. M\u00e1s all\u00e1 del acuartelamiento, del estado de excepci\u00f3n, del toque de queda y que las polic\u00edas, GN, Ej\u00e9rcito o comandos unificados intentar\u00e1n resolver el descontento social por la fuerza, el venezolano de a pies demostr\u00f3 de que est\u00e1 hecho, como lo est\u00e1 demostrando hoy d\u00eda 37 a\u00f1os despu\u00e9s, pero con la agravante de una invasi\u00f3n militar a nuestro territorio solicitado expresamente por los dirigentes de la oposici\u00f3n venezolana. Durante el desempe\u00f1o del presidente Hugo Ch\u00e1vez y del presidente secuestrado: Nicol\u00e1s Maduro, los enemigos de Venezuela -nativo y extranjeros- han incitado a revueltas, a que bajen otra vez los cerros, que se aplique la Carta Interamericana, que se active el art\u00edculo 350 del texto constitucional o que el gobierno boliviano renuncie en pleno y nada de eso a ocurrido y por qu\u00e9 no han ocurrido, porque hay una administraci\u00f3n humanista, socialista y con sentido nacionalista. Saben qu\u00e9 es lo mejor de la historia, que puedes analizarla, releerla y visualizarla, en otras palabras, el com\u00fan de los venezolanos entendemos que un gobierno de derecha o centro derecha no es viable en esta naci\u00f3n, sino preg\u00fantense por qu\u00e9 Donal Trump no coloc\u00f3 a Maria Corina Machado tras su incursi\u00f3n militar el 3 de enero del presente a\u00f1o, por qu\u00e9 prefiere negociar con Delcy Rodr\u00edguez que con los grupos neofascistas a los que pertenecen Machado, Guanipa, Lopez, Ledezma, Borges, Castillo y tantos m\u00e1s y qu\u00e9 garant\u00edas tiene ese oscuro personaje de la historia contempor\u00e1nea como lo es Trump, de obtener el oro negro si negocia con quienes han traicionado los ideales bolivarianos, enti\u00e9ndase: Machado y su combo, asumiendo que si vendieron a Venezuela, su pa\u00eds, no lo traicionar\u00e1n a \u00e9l tambi\u00e9n. Y hoy con seis d\u00e9cadas de vida, al igual que cuando tenia 22 a\u00f1os de edad, seguir\u00e9 siendo revolucionario, bolivariano, nacionalista, venezolanista y con un nuevo sentimiento: chavista.<\/p>\n<p><a href=\"mailto:periodistacruzmario@gmail.com\">periodistacruzmario@gmail.com<\/a><\/p>\n<p>X @periodistacruz<\/p>\n<p>Instagram portuguesanewsdigital<\/p>\n<p>Facebook portuguesanews<\/p>\n<p>Telegram Portuguesa News<\/p>\n<p>CNP 8739 CRGV 1753<\/p>\n","protected":false},"excerpt":{"rendered":"<p>En 1989 ten&iacute;a yo 22 a&ntilde;os y estaba entrando a la escuela de Comunicaci&oacute;n Social de Luz, Facultad de Humanidades y Educaci&oacute;n, Maracaibo, ni idea que aquella masa de gente bajar&iacute;a de los cerros de Caracas para saciar el hambre y calmar la impotencia que ten&iacute;an viviendo tres d&eacute;cadas gracias a los gobiernos adeco-copeyano y &hellip;<\/p>\n","protected":false},"author":2,"featured_media":2920,"comment_status":"open","ping_status":"open","sticky":false,"template":"","format":"standard","meta":{"_jetpack_memberships_contains_paid_content":false,"footnotes":""},"categories":[128],"tags":[],"class_list":["post-6058","post","type-post","status-publish","format-standard","has-post-thumbnail","hentry","category-noticias-del-cono-norte"],"yoast_head":"<!-- This site is optimized with the Yoast SEO plugin v24.8.1 - https:\/\/yoast.com\/wordpress\/plugins\/seo\/ -->\n<title>37 -<\/title>\n<meta name=\"robots\" content=\"index, follow, max-snippet:-1, max-image-preview:large, max-video-preview:-1\" \/>\n<link rel=\"canonical\" href=\"https:\/\/periodicocentroccidente.com\/?p=6058\" \/>\n<meta property=\"og:locale\" content=\"es_ES\" \/>\n<meta property=\"og:type\" content=\"article\" \/>\n<meta property=\"og:title\" content=\"37 -\" \/>\n<meta property=\"og:description\" content=\"En 1989 ten&iacute;a yo 22 a&ntilde;os y estaba entrando a la escuela de Comunicaci&oacute;n Social de Luz, Facultad de Humanidades y Educaci&oacute;n, Maracaibo, ni idea que aquella masa de gente bajar&iacute;a de los cerros de Caracas para saciar el hambre y calmar la impotencia que ten&iacute;an viviendo tres d&eacute;cadas gracias a los gobiernos adeco-copeyano y &hellip;\" \/>\n<meta property=\"og:url\" content=\"https:\/\/periodicocentroccidente.com\/?p=6058\" \/>\n<meta property=\"article:published_time\" content=\"2026-03-02T18:17:27+00:00\" \/>\n<meta property=\"og:image\" content=\"https:\/\/periodicocentroccidente.com\/wp-content\/uploads\/2025\/07\/cruz-mario.jpg\" \/>\n\t<meta property=\"og:image:width\" content=\"598\" \/>\n\t<meta property=\"og:image:height\" content=\"267\" \/>\n\t<meta property=\"og:image:type\" content=\"image\/jpeg\" \/>\n<meta name=\"author\" content=\"Ricardo\" \/>\n<meta name=\"twitter:card\" content=\"summary_large_image\" \/>\n<meta name=\"twitter:label1\" content=\"Escrito por\" \/>\n\t<meta name=\"twitter:data1\" content=\"Ricardo\" \/>\n\t<meta name=\"twitter:label2\" content=\"Tiempo de lectura\" \/>\n\t<meta name=\"twitter:data2\" content=\"3 minutos\" \/>\n<script type=\"application\/ld+json\" class=\"yoast-schema-graph\">{\"@context\":\"https:\/\/schema.org\",\"@graph\":[{\"@type\":\"WebPage\",\"@id\":\"https:\/\/periodicocentroccidente.com\/?p=6058\",\"url\":\"https:\/\/periodicocentroccidente.com\/?p=6058\",\"name\":\"37 -\",\"isPartOf\":{\"@id\":\"https:\/\/periodicocentroccidente.com\/#website\"},\"primaryImageOfPage\":{\"@id\":\"https:\/\/periodicocentroccidente.com\/?p=6058#primaryimage\"},\"image\":{\"@id\":\"https:\/\/periodicocentroccidente.com\/?p=6058#primaryimage\"},\"thumbnailUrl\":\"https:\/\/periodicocentroccidente.com\/wp-content\/uploads\/2025\/07\/cruz-mario.jpg\",\"datePublished\":\"2026-03-02T18:17:27+00:00\",\"author\":{\"@id\":\"https:\/\/periodicocentroccidente.com\/#\/schema\/person\/f4e4a651098f3db198244657b7130e7e\"},\"breadcrumb\":{\"@id\":\"https:\/\/periodicocentroccidente.com\/?p=6058#breadcrumb\"},\"inLanguage\":\"es\",\"potentialAction\":[{\"@type\":\"ReadAction\",\"target\":[\"https:\/\/periodicocentroccidente.com\/?p=6058\"]}]},{\"@type\":\"ImageObject\",\"inLanguage\":\"es\",\"@id\":\"https:\/\/periodicocentroccidente.com\/?p=6058#primaryimage\",\"url\":\"https:\/\/periodicocentroccidente.com\/wp-content\/uploads\/2025\/07\/cruz-mario.jpg\",\"contentUrl\":\"https:\/\/periodicocentroccidente.com\/wp-content\/uploads\/2025\/07\/cruz-mario.jpg\",\"width\":598,\"height\":267},{\"@type\":\"BreadcrumbList\",\"@id\":\"https:\/\/periodicocentroccidente.com\/?p=6058#breadcrumb\",\"itemListElement\":[{\"@type\":\"ListItem\",\"position\":1,\"name\":\"Portada\",\"item\":\"https:\/\/periodicocentroccidente.com\/\"},{\"@type\":\"ListItem\",\"position\":2,\"name\":\"37\"}]},{\"@type\":\"WebSite\",\"@id\":\"https:\/\/periodicocentroccidente.com\/#website\",\"url\":\"https:\/\/periodicocentroccidente.com\/\",\"name\":\"\",\"description\":\"Periodismo serio y responsable\",\"potentialAction\":[{\"@type\":\"SearchAction\",\"target\":{\"@type\":\"EntryPoint\",\"urlTemplate\":\"https:\/\/periodicocentroccidente.com\/?s={search_term_string}\"},\"query-input\":{\"@type\":\"PropertyValueSpecification\",\"valueRequired\":true,\"valueName\":\"search_term_string\"}}],\"inLanguage\":\"es\"},{\"@type\":\"Person\",\"@id\":\"https:\/\/periodicocentroccidente.com\/#\/schema\/person\/f4e4a651098f3db198244657b7130e7e\",\"name\":\"Ricardo\",\"image\":{\"@type\":\"ImageObject\",\"inLanguage\":\"es\",\"@id\":\"https:\/\/periodicocentroccidente.com\/#\/schema\/person\/image\/\",\"url\":\"https:\/\/secure.gravatar.com\/avatar\/402e6137108ec0fdaa7809184382fb1dd2f8b00264c1d945d341f2b8f90db429?s=96&d=mm&r=g\",\"contentUrl\":\"https:\/\/secure.gravatar.com\/avatar\/402e6137108ec0fdaa7809184382fb1dd2f8b00264c1d945d341f2b8f90db429?s=96&d=mm&r=g\",\"caption\":\"Ricardo\"},\"url\":\"https:\/\/periodicocentroccidente.com\/?author=2\"}]}<\/script>\n<!-- \/ Yoast SEO plugin. -->","yoast_head_json":{"title":"37 -","robots":{"index":"index","follow":"follow","max-snippet":"max-snippet:-1","max-image-preview":"max-image-preview:large","max-video-preview":"max-video-preview:-1"},"canonical":"https:\/\/periodicocentroccidente.com\/?p=6058","og_locale":"es_ES","og_type":"article","og_title":"37 -","og_description":"En 1989 ten&iacute;a yo 22 a&ntilde;os y estaba entrando a la escuela de Comunicaci&oacute;n Social de Luz, Facultad de Humanidades y Educaci&oacute;n, Maracaibo, ni idea que aquella masa de gente bajar&iacute;a de los cerros de Caracas para saciar el hambre y calmar la impotencia que ten&iacute;an viviendo tres d&eacute;cadas gracias a los gobiernos adeco-copeyano y &hellip;","og_url":"https:\/\/periodicocentroccidente.com\/?p=6058","article_published_time":"2026-03-02T18:17:27+00:00","og_image":[{"width":598,"height":267,"url":"https:\/\/periodicocentroccidente.com\/wp-content\/uploads\/2025\/07\/cruz-mario.jpg","type":"image\/jpeg"}],"author":"Ricardo","twitter_card":"summary_large_image","twitter_misc":{"Escrito por":"Ricardo","Tiempo de lectura":"3 minutos"},"schema":{"@context":"https:\/\/schema.org","@graph":[{"@type":"WebPage","@id":"https:\/\/periodicocentroccidente.com\/?p=6058","url":"https:\/\/periodicocentroccidente.com\/?p=6058","name":"37 -","isPartOf":{"@id":"https:\/\/periodicocentroccidente.com\/#website"},"primaryImageOfPage":{"@id":"https:\/\/periodicocentroccidente.com\/?p=6058#primaryimage"},"image":{"@id":"https:\/\/periodicocentroccidente.com\/?p=6058#primaryimage"},"thumbnailUrl":"https:\/\/periodicocentroccidente.com\/wp-content\/uploads\/2025\/07\/cruz-mario.jpg","datePublished":"2026-03-02T18:17:27+00:00","author":{"@id":"https:\/\/periodicocentroccidente.com\/#\/schema\/person\/f4e4a651098f3db198244657b7130e7e"},"breadcrumb":{"@id":"https:\/\/periodicocentroccidente.com\/?p=6058#breadcrumb"},"inLanguage":"es","potentialAction":[{"@type":"ReadAction","target":["https:\/\/periodicocentroccidente.com\/?p=6058"]}]},{"@type":"ImageObject","inLanguage":"es","@id":"https:\/\/periodicocentroccidente.com\/?p=6058#primaryimage","url":"https:\/\/periodicocentroccidente.com\/wp-content\/uploads\/2025\/07\/cruz-mario.jpg","contentUrl":"https:\/\/periodicocentroccidente.com\/wp-content\/uploads\/2025\/07\/cruz-mario.jpg","width":598,"height":267},{"@type":"BreadcrumbList","@id":"https:\/\/periodicocentroccidente.com\/?p=6058#breadcrumb","itemListElement":[{"@type":"ListItem","position":1,"name":"Portada","item":"https:\/\/periodicocentroccidente.com\/"},{"@type":"ListItem","position":2,"name":"37"}]},{"@type":"WebSite","@id":"https:\/\/periodicocentroccidente.com\/#website","url":"https:\/\/periodicocentroccidente.com\/","name":"","description":"Periodismo serio y responsable","potentialAction":[{"@type":"SearchAction","target":{"@type":"EntryPoint","urlTemplate":"https:\/\/periodicocentroccidente.com\/?s={search_term_string}"},"query-input":{"@type":"PropertyValueSpecification","valueRequired":true,"valueName":"search_term_string"}}],"inLanguage":"es"},{"@type":"Person","@id":"https:\/\/periodicocentroccidente.com\/#\/schema\/person\/f4e4a651098f3db198244657b7130e7e","name":"Ricardo","image":{"@type":"ImageObject","inLanguage":"es","@id":"https:\/\/periodicocentroccidente.com\/#\/schema\/person\/image\/","url":"https:\/\/secure.gravatar.com\/avatar\/402e6137108ec0fdaa7809184382fb1dd2f8b00264c1d945d341f2b8f90db429?s=96&d=mm&r=g","contentUrl":"https:\/\/secure.gravatar.com\/avatar\/402e6137108ec0fdaa7809184382fb1dd2f8b00264c1d945d341f2b8f90db429?s=96&d=mm&r=g","caption":"Ricardo"},"url":"https:\/\/periodicocentroccidente.com\/?author=2"}]}},"jetpack_featured_media_url":"https:\/\/periodicocentroccidente.com\/wp-content\/uploads\/2025\/07\/cruz-mario.jpg","jetpack_sharing_enabled":true,"jetpack-related-posts":[],"_links":{"self":[{"href":"https:\/\/periodicocentroccidente.com\/index.php?rest_route=\/wp\/v2\/posts\/6058","targetHints":{"allow":["GET"]}}],"collection":[{"href":"https:\/\/periodicocentroccidente.com\/index.php?rest_route=\/wp\/v2\/posts"}],"about":[{"href":"https:\/\/periodicocentroccidente.com\/index.php?rest_route=\/wp\/v2\/types\/post"}],"author":[{"embeddable":true,"href":"https:\/\/periodicocentroccidente.com\/index.php?rest_route=\/wp\/v2\/users\/2"}],"replies":[{"embeddable":true,"href":"https:\/\/periodicocentroccidente.com\/index.php?rest_route=%2Fwp%2Fv2%2Fcomments&post=6058"}],"version-history":[{"count":1,"href":"https:\/\/periodicocentroccidente.com\/index.php?rest_route=\/wp\/v2\/posts\/6058\/revisions"}],"predecessor-version":[{"id":6059,"href":"https:\/\/periodicocentroccidente.com\/index.php?rest_route=\/wp\/v2\/posts\/6058\/revisions\/6059"}],"wp:featuredmedia":[{"embeddable":true,"href":"https:\/\/periodicocentroccidente.com\/index.php?rest_route=\/wp\/v2\/media\/2920"}],"wp:attachment":[{"href":"https:\/\/periodicocentroccidente.com\/index.php?rest_route=%2Fwp%2Fv2%2Fmedia&parent=6058"}],"wp:term":[{"taxonomy":"category","embeddable":true,"href":"https:\/\/periodicocentroccidente.com\/index.php?rest_route=%2Fwp%2Fv2%2Fcategories&post=6058"},{"taxonomy":"post_tag","embeddable":true,"href":"https:\/\/periodicocentroccidente.com\/index.php?rest_route=%2Fwp%2Fv2%2Ftags&post=6058"}],"curies":[{"name":"wp","href":"https:\/\/api.w.org\/{rel}","templated":true}]}}