{"id":5634,"date":"2026-02-04T16:24:08","date_gmt":"2026-02-04T16:24:08","guid":{"rendered":"https:\/\/periodicocentroccidente.com\/?p=5634"},"modified":"2026-02-04T16:24:08","modified_gmt":"2026-02-04T16:24:08","slug":"ministro-diosdado-cabello-rondon-encabezo-acto-de-entrega-de-patrullas-a-los-cuadrantes-de-paz","status":"publish","type":"post","link":"https:\/\/periodicocentroccidente.com\/?p=5634","title":{"rendered":"Ministro Diosdado Cabello Rond\u00f3n, encabez\u00f3 acto de entrega de patrullas a los cuadrantes de paz"},"content":{"rendered":"<p><strong>Especial.-<\/strong><\/p>\n<div dir=\"auto\">Desde Guanare, estado Portuguesa, el Ministro del Poder Popular para Relaciones Interiores, Justicia y Paz, Cap. Diosdado Cabello Rond\u00f3n, encabez\u00f3 un acto que combin\u00f3 gesti\u00f3n concreta, mensaje pol\u00edtico y reafirmaci\u00f3n del modelo de seguridad construido junto al pueblo organizado.<\/div>\n<div dir=\"auto\"><\/div>\n<div dir=\"auto\">Ante autoridades regionales, alcaldes, cuerpos de seguridad y voceros comunales, Cabello fue claro: la seguridad en Venezuela no se dirige desde un escritorio en Caracas, se construye en cada comunidad, con el pueblo como protagonista.<\/div>\n<div dir=\"auto\"><\/div>\n<div dir=\"auto\"><strong>\u00a0Seguridad con el pueblo: Cuadrantes de Paz<\/strong><\/div>\n<div dir=\"auto\">El eje central del acto fue el fortalecimiento de los Cuadrantes de Paz, definidos como un sistema que garantiza tranquilidad cotidiana a:<\/div>\n<div dir=\"auto\">\u00a0\u2022 Familias<\/div>\n<div dir=\"auto\">\u00a0\u2022 Trabajadores y trabajadoras<\/div>\n<div dir=\"auto\">\u00a0\u2022 J\u00f3venes y estudiantes<\/div>\n<div dir=\"auto\"><\/div>\n<div dir=\"auto\">Cabello explic\u00f3 que los Cuadrantes de Paz no son solo patrullaje policial, sino un cogobierno entre el poder popular y el Estado, donde la comunidad decide, vigila y controla.<\/div>\n<div dir=\"auto\"><\/div>\n<div dir=\"auto\"><strong>\u00a0M\u00e1s cobertura territorial en Portuguesa<\/strong><\/div>\n<div dir=\"auto\">El ministro detall\u00f3 que el estado pas\u00f3 de 104 a 191 Cuadrantes de Paz, al alinearlos con circuitos comunales y comunas, casi duplicando la cobertura territorial. Esta reorganizaci\u00f3n permite una atenci\u00f3n m\u00e1s cercana, con autonom\u00eda operativa y control comunitario real.<\/div>\n<div dir=\"auto\">\n<div dir=\"auto\">Cada circuito comunal contar\u00e1 con dos motos y un tel\u00e9fono, conectados directamente con el 911, ambulancias, polic\u00edas y autoridades regionales.<\/div>\n<div dir=\"auto\">Cabello fue enf\u00e1tico: estos recursos son del pueblo. No pueden salir de sus cuadrantes ni usarse con fines personales, pol\u00edticos o institucionales indebidos. \u201cEl poder popular es el contralor\u201d, subray\u00f3.<\/div>\n<div dir=\"auto\">\n<div dir=\"auto\">Cabello anunci\u00f3 el inicio de la instalaci\u00f3n de c\u00e1maras de seguridad en Portuguesa, conectadas al sistema 911. Adem\u00e1s, llam\u00f3 a las empresas privadas a integrar sus c\u00e1maras al sistema p\u00fablico, como parte de la ruta hacia el delito cero.<\/div>\n<div dir=\"auto\"><\/div>\n<div dir=\"auto\"><strong>\u00a0Contexto pol\u00edtico: resistencia y gobierno en pie<\/strong><\/div>\n<div dir=\"auto\">El ministro record\u00f3 que se cumple un mes del ataque armado y del secuestro del presidente Nicol\u00e1s Maduro y de Cilia Flores, as\u00ed como del asesinato de m\u00e1s de 100 venezolanos. En ese contexto, reafirm\u00f3 las tres l\u00edneas estrat\u00e9gicas del Gobierno Bolivariano:<\/div>\n<div dir=\"auto\">\u00a0\u2022\u00a0 Retorno del Presidente y de Cilia Flores<\/div>\n<div dir=\"auto\">\u00a0\u2022\u00a0 Estabilidad y paz del pa\u00eds<\/div>\n<div dir=\"auto\">\u00a0\u2022 Estabilidad econ\u00f3mica y superaci\u00f3n del bloqueo.<\/div>\n<div dir=\"auto\"><\/div>\n<\/div>\n<div dir=\"auto\">\n<div dir=\"auto\">Voceros comunales presentes ratificaron su compromiso de cuidar los recursos, garantizar la paz y defender la soberan\u00eda nacional, as\u00ed como su respaldo al liderazgo del presidente Nicol\u00e1s Maduro y de la presidenta encargada Delcy Rodr\u00edguez.<\/div>\n<div dir=\"auto\">El acto cerr\u00f3 con la activaci\u00f3n simb\u00f3lica de las unidades entregadas, dejando un mensaje claro: la seguridad en Venezuela se construye con el pueblo, desde el territorio y para La Paz.<\/div>\n<\/div>\n<\/div>\n<div dir=\"auto\"><img loading=\"lazy\" decoding=\"async\" class=\"alignnone size-medium wp-image-5636\" src=\"https:\/\/periodicocentroccidente.com\/wp-content\/uploads\/2026\/02\/IMG-20260203-WA1187-240x300.jpg\" alt=\"\" width=\"240\" height=\"300\" srcset=\"https:\/\/periodicocentroccidente.com\/wp-content\/uploads\/2026\/02\/IMG-20260203-WA1187-240x300.jpg 240w, https:\/\/periodicocentroccidente.com\/wp-content\/uploads\/2026\/02\/IMG-20260203-WA1187-819x1024.jpg 819w, https:\/\/periodicocentroccidente.com\/wp-content\/uploads\/2026\/02\/IMG-20260203-WA1187-768x960.jpg 768w, https:\/\/periodicocentroccidente.com\/wp-content\/uploads\/2026\/02\/IMG-20260203-WA1187.jpg 864w\" sizes=\"auto, (max-width: 240px) 100vw, 240px\" \/>\u00a0 \u00a0 \u00a0 <img loading=\"lazy\" decoding=\"async\" class=\"alignnone size-medium wp-image-5635\" src=\"https:\/\/periodicocentroccidente.com\/wp-content\/uploads\/2026\/02\/IMG-20260203-WA1186-240x300.jpg\" alt=\"\" width=\"240\" height=\"300\" srcset=\"https:\/\/periodicocentroccidente.com\/wp-content\/uploads\/2026\/02\/IMG-20260203-WA1186-240x300.jpg 240w, https:\/\/periodicocentroccidente.com\/wp-content\/uploads\/2026\/02\/IMG-20260203-WA1186-819x1024.jpg 819w, https:\/\/periodicocentroccidente.com\/wp-content\/uploads\/2026\/02\/IMG-20260203-WA1186-768x960.jpg 768w, https:\/\/periodicocentroccidente.com\/wp-content\/uploads\/2026\/02\/IMG-20260203-WA1186.jpg 864w\" sizes=\"auto, (max-width: 240px) 100vw, 240px\" \/>\u00a0 \u00a0 <img loading=\"lazy\" decoding=\"async\" class=\"alignnone size-medium wp-image-5639\" src=\"https:\/\/periodicocentroccidente.com\/wp-content\/uploads\/2026\/02\/IMG-20260203-WA1190-240x300.jpg\" alt=\"\" width=\"240\" height=\"300\" srcset=\"https:\/\/periodicocentroccidente.com\/wp-content\/uploads\/2026\/02\/IMG-20260203-WA1190-240x300.jpg 240w, https:\/\/periodicocentroccidente.com\/wp-content\/uploads\/2026\/02\/IMG-20260203-WA1190-819x1024.jpg 819w, https:\/\/periodicocentroccidente.com\/wp-content\/uploads\/2026\/02\/IMG-20260203-WA1190-768x960.jpg 768w, https:\/\/periodicocentroccidente.com\/wp-content\/uploads\/2026\/02\/IMG-20260203-WA1190.jpg 864w\" sizes=\"auto, (max-width: 240px) 100vw, 240px\" \/><\/div>\n<div dir=\"auto\"><\/div>\n<div dir=\"auto\"><img loading=\"lazy\" decoding=\"async\" class=\"alignnone size-medium wp-image-5641\" src=\"https:\/\/periodicocentroccidente.com\/wp-content\/uploads\/2026\/02\/IMG-20260203-WA1192-240x300.jpg\" alt=\"\" width=\"240\" height=\"300\" srcset=\"https:\/\/periodicocentroccidente.com\/wp-content\/uploads\/2026\/02\/IMG-20260203-WA1192-240x300.jpg 240w, https:\/\/periodicocentroccidente.com\/wp-content\/uploads\/2026\/02\/IMG-20260203-WA1192-819x1024.jpg 819w, https:\/\/periodicocentroccidente.com\/wp-content\/uploads\/2026\/02\/IMG-20260203-WA1192-768x960.jpg 768w, https:\/\/periodicocentroccidente.com\/wp-content\/uploads\/2026\/02\/IMG-20260203-WA1192.jpg 864w\" sizes=\"auto, (max-width: 240px) 100vw, 240px\" \/>\u00a0 \u00a0 <img loading=\"lazy\" decoding=\"async\" class=\"alignnone size-medium wp-image-5642\" src=\"https:\/\/periodicocentroccidente.com\/wp-content\/uploads\/2026\/02\/IMG-20260203-WA1193-240x300.jpg\" alt=\"\" width=\"240\" height=\"300\" srcset=\"https:\/\/periodicocentroccidente.com\/wp-content\/uploads\/2026\/02\/IMG-20260203-WA1193-240x300.jpg 240w, https:\/\/periodicocentroccidente.com\/wp-content\/uploads\/2026\/02\/IMG-20260203-WA1193-819x1024.jpg 819w, https:\/\/periodicocentroccidente.com\/wp-content\/uploads\/2026\/02\/IMG-20260203-WA1193-768x960.jpg 768w, https:\/\/periodicocentroccidente.com\/wp-content\/uploads\/2026\/02\/IMG-20260203-WA1193.jpg 864w\" sizes=\"auto, (max-width: 240px) 100vw, 240px\" \/><\/div>\n<div dir=\"auto\">\n<div dir=\"auto\"><\/div>\n<\/div>\n<div dir=\"auto\"><\/div>\n","protected":false},"excerpt":{"rendered":"<p>Especial.- Desde Guanare, estado Portuguesa, el Ministro del Poder Popular para Relaciones Interiores, Justicia y Paz, Cap. Diosdado Cabello Rond&oacute;n, encabez&oacute; un acto que combin&oacute; gesti&oacute;n concreta, mensaje pol&iacute;tico y reafirmaci&oacute;n del modelo de seguridad construido junto al pueblo organizado. Ante autoridades regionales, alcaldes, cuerpos de seguridad y voceros comunales, Cabello fue claro: la seguridad &hellip;<\/p>\n","protected":false},"author":2,"featured_media":5643,"comment_status":"open","ping_status":"open","sticky":false,"template":"","format":"standard","meta":{"_jetpack_memberships_contains_paid_content":false,"footnotes":""},"categories":[127],"tags":[],"class_list":["post-5634","post","type-post","status-publish","format-standard","has-post-thumbnail","hentry","category-noticias-recientes"],"yoast_head":"<!-- This site is optimized with the Yoast SEO plugin v24.8.1 - https:\/\/yoast.com\/wordpress\/plugins\/seo\/ -->\n<title>Ministro Diosdado Cabello Rond\u00f3n, encabez\u00f3 acto de entrega de patrullas a los cuadrantes de paz -<\/title>\n<meta name=\"robots\" content=\"index, follow, max-snippet:-1, max-image-preview:large, max-video-preview:-1\" \/>\n<link rel=\"canonical\" href=\"https:\/\/periodicocentroccidente.com\/?p=5634\" \/>\n<meta property=\"og:locale\" content=\"es_ES\" \/>\n<meta property=\"og:type\" content=\"article\" \/>\n<meta property=\"og:title\" content=\"Ministro Diosdado Cabello Rond\u00f3n, encabez\u00f3 acto de entrega de patrullas a los cuadrantes de paz -\" \/>\n<meta property=\"og:description\" content=\"Especial.- Desde Guanare, estado Portuguesa, el Ministro del Poder Popular para Relaciones Interiores, Justicia y Paz, Cap. Diosdado Cabello Rond&oacute;n, encabez&oacute; un acto que combin&oacute; gesti&oacute;n concreta, mensaje pol&iacute;tico y reafirmaci&oacute;n del modelo de seguridad construido junto al pueblo organizado. Ante autoridades regionales, alcaldes, cuerpos de seguridad y voceros comunales, Cabello fue claro: la seguridad &hellip;\" \/>\n<meta property=\"og:url\" content=\"https:\/\/periodicocentroccidente.com\/?p=5634\" \/>\n<meta property=\"article:published_time\" content=\"2026-02-04T16:24:08+00:00\" \/>\n<meta property=\"og:image\" content=\"https:\/\/periodicocentroccidente.com\/wp-content\/uploads\/2026\/02\/diosdado.jpg\" \/>\n\t<meta property=\"og:image:width\" content=\"858\" \/>\n\t<meta property=\"og:image:height\" content=\"537\" \/>\n\t<meta property=\"og:image:type\" content=\"image\/jpeg\" \/>\n<meta name=\"author\" content=\"Ricardo\" \/>\n<meta name=\"twitter:card\" content=\"summary_large_image\" \/>\n<meta name=\"twitter:label1\" content=\"Escrito por\" \/>\n\t<meta name=\"twitter:data1\" content=\"Ricardo\" \/>\n\t<meta name=\"twitter:label2\" content=\"Tiempo de lectura\" \/>\n\t<meta name=\"twitter:data2\" content=\"4 minutos\" \/>\n<script type=\"application\/ld+json\" class=\"yoast-schema-graph\">{\"@context\":\"https:\/\/schema.org\",\"@graph\":[{\"@type\":\"WebPage\",\"@id\":\"https:\/\/periodicocentroccidente.com\/?p=5634\",\"url\":\"https:\/\/periodicocentroccidente.com\/?p=5634\",\"name\":\"Ministro Diosdado Cabello Rond\u00f3n, encabez\u00f3 acto de entrega de patrullas a los cuadrantes de paz -\",\"isPartOf\":{\"@id\":\"https:\/\/periodicocentroccidente.com\/#website\"},\"primaryImageOfPage\":{\"@id\":\"https:\/\/periodicocentroccidente.com\/?p=5634#primaryimage\"},\"image\":{\"@id\":\"https:\/\/periodicocentroccidente.com\/?p=5634#primaryimage\"},\"thumbnailUrl\":\"https:\/\/periodicocentroccidente.com\/wp-content\/uploads\/2026\/02\/diosdado.jpg\",\"datePublished\":\"2026-02-04T16:24:08+00:00\",\"author\":{\"@id\":\"https:\/\/periodicocentroccidente.com\/#\/schema\/person\/f4e4a651098f3db198244657b7130e7e\"},\"breadcrumb\":{\"@id\":\"https:\/\/periodicocentroccidente.com\/?p=5634#breadcrumb\"},\"inLanguage\":\"es\",\"potentialAction\":[{\"@type\":\"ReadAction\",\"target\":[\"https:\/\/periodicocentroccidente.com\/?p=5634\"]}]},{\"@type\":\"ImageObject\",\"inLanguage\":\"es\",\"@id\":\"https:\/\/periodicocentroccidente.com\/?p=5634#primaryimage\",\"url\":\"https:\/\/periodicocentroccidente.com\/wp-content\/uploads\/2026\/02\/diosdado.jpg\",\"contentUrl\":\"https:\/\/periodicocentroccidente.com\/wp-content\/uploads\/2026\/02\/diosdado.jpg\",\"width\":858,\"height\":537},{\"@type\":\"BreadcrumbList\",\"@id\":\"https:\/\/periodicocentroccidente.com\/?p=5634#breadcrumb\",\"itemListElement\":[{\"@type\":\"ListItem\",\"position\":1,\"name\":\"Portada\",\"item\":\"https:\/\/periodicocentroccidente.com\/\"},{\"@type\":\"ListItem\",\"position\":2,\"name\":\"Ministro Diosdado Cabello Rond\u00f3n, encabez\u00f3 acto de entrega de patrullas a los cuadrantes de paz\"}]},{\"@type\":\"WebSite\",\"@id\":\"https:\/\/periodicocentroccidente.com\/#website\",\"url\":\"https:\/\/periodicocentroccidente.com\/\",\"name\":\"\",\"description\":\"Periodismo serio y responsable\",\"potentialAction\":[{\"@type\":\"SearchAction\",\"target\":{\"@type\":\"EntryPoint\",\"urlTemplate\":\"https:\/\/periodicocentroccidente.com\/?s={search_term_string}\"},\"query-input\":{\"@type\":\"PropertyValueSpecification\",\"valueRequired\":true,\"valueName\":\"search_term_string\"}}],\"inLanguage\":\"es\"},{\"@type\":\"Person\",\"@id\":\"https:\/\/periodicocentroccidente.com\/#\/schema\/person\/f4e4a651098f3db198244657b7130e7e\",\"name\":\"Ricardo\",\"image\":{\"@type\":\"ImageObject\",\"inLanguage\":\"es\",\"@id\":\"https:\/\/periodicocentroccidente.com\/#\/schema\/person\/image\/\",\"url\":\"https:\/\/secure.gravatar.com\/avatar\/402e6137108ec0fdaa7809184382fb1dd2f8b00264c1d945d341f2b8f90db429?s=96&d=mm&r=g\",\"contentUrl\":\"https:\/\/secure.gravatar.com\/avatar\/402e6137108ec0fdaa7809184382fb1dd2f8b00264c1d945d341f2b8f90db429?s=96&d=mm&r=g\",\"caption\":\"Ricardo\"},\"url\":\"https:\/\/periodicocentroccidente.com\/?author=2\"}]}<\/script>\n<!-- \/ Yoast SEO plugin. -->","yoast_head_json":{"title":"Ministro Diosdado Cabello Rond\u00f3n, encabez\u00f3 acto de entrega de patrullas a los cuadrantes de paz -","robots":{"index":"index","follow":"follow","max-snippet":"max-snippet:-1","max-image-preview":"max-image-preview:large","max-video-preview":"max-video-preview:-1"},"canonical":"https:\/\/periodicocentroccidente.com\/?p=5634","og_locale":"es_ES","og_type":"article","og_title":"Ministro Diosdado Cabello Rond\u00f3n, encabez\u00f3 acto de entrega de patrullas a los cuadrantes de paz -","og_description":"Especial.- Desde Guanare, estado Portuguesa, el Ministro del Poder Popular para Relaciones Interiores, Justicia y Paz, Cap. Diosdado Cabello Rond&oacute;n, encabez&oacute; un acto que combin&oacute; gesti&oacute;n concreta, mensaje pol&iacute;tico y reafirmaci&oacute;n del modelo de seguridad construido junto al pueblo organizado. Ante autoridades regionales, alcaldes, cuerpos de seguridad y voceros comunales, Cabello fue claro: la seguridad &hellip;","og_url":"https:\/\/periodicocentroccidente.com\/?p=5634","article_published_time":"2026-02-04T16:24:08+00:00","og_image":[{"width":858,"height":537,"url":"https:\/\/periodicocentroccidente.com\/wp-content\/uploads\/2026\/02\/diosdado.jpg","type":"image\/jpeg"}],"author":"Ricardo","twitter_card":"summary_large_image","twitter_misc":{"Escrito por":"Ricardo","Tiempo de lectura":"4 minutos"},"schema":{"@context":"https:\/\/schema.org","@graph":[{"@type":"WebPage","@id":"https:\/\/periodicocentroccidente.com\/?p=5634","url":"https:\/\/periodicocentroccidente.com\/?p=5634","name":"Ministro Diosdado Cabello Rond\u00f3n, encabez\u00f3 acto de entrega de patrullas a los cuadrantes de paz -","isPartOf":{"@id":"https:\/\/periodicocentroccidente.com\/#website"},"primaryImageOfPage":{"@id":"https:\/\/periodicocentroccidente.com\/?p=5634#primaryimage"},"image":{"@id":"https:\/\/periodicocentroccidente.com\/?p=5634#primaryimage"},"thumbnailUrl":"https:\/\/periodicocentroccidente.com\/wp-content\/uploads\/2026\/02\/diosdado.jpg","datePublished":"2026-02-04T16:24:08+00:00","author":{"@id":"https:\/\/periodicocentroccidente.com\/#\/schema\/person\/f4e4a651098f3db198244657b7130e7e"},"breadcrumb":{"@id":"https:\/\/periodicocentroccidente.com\/?p=5634#breadcrumb"},"inLanguage":"es","potentialAction":[{"@type":"ReadAction","target":["https:\/\/periodicocentroccidente.com\/?p=5634"]}]},{"@type":"ImageObject","inLanguage":"es","@id":"https:\/\/periodicocentroccidente.com\/?p=5634#primaryimage","url":"https:\/\/periodicocentroccidente.com\/wp-content\/uploads\/2026\/02\/diosdado.jpg","contentUrl":"https:\/\/periodicocentroccidente.com\/wp-content\/uploads\/2026\/02\/diosdado.jpg","width":858,"height":537},{"@type":"BreadcrumbList","@id":"https:\/\/periodicocentroccidente.com\/?p=5634#breadcrumb","itemListElement":[{"@type":"ListItem","position":1,"name":"Portada","item":"https:\/\/periodicocentroccidente.com\/"},{"@type":"ListItem","position":2,"name":"Ministro Diosdado Cabello Rond\u00f3n, encabez\u00f3 acto de entrega de patrullas a los cuadrantes de paz"}]},{"@type":"WebSite","@id":"https:\/\/periodicocentroccidente.com\/#website","url":"https:\/\/periodicocentroccidente.com\/","name":"","description":"Periodismo serio y responsable","potentialAction":[{"@type":"SearchAction","target":{"@type":"EntryPoint","urlTemplate":"https:\/\/periodicocentroccidente.com\/?s={search_term_string}"},"query-input":{"@type":"PropertyValueSpecification","valueRequired":true,"valueName":"search_term_string"}}],"inLanguage":"es"},{"@type":"Person","@id":"https:\/\/periodicocentroccidente.com\/#\/schema\/person\/f4e4a651098f3db198244657b7130e7e","name":"Ricardo","image":{"@type":"ImageObject","inLanguage":"es","@id":"https:\/\/periodicocentroccidente.com\/#\/schema\/person\/image\/","url":"https:\/\/secure.gravatar.com\/avatar\/402e6137108ec0fdaa7809184382fb1dd2f8b00264c1d945d341f2b8f90db429?s=96&d=mm&r=g","contentUrl":"https:\/\/secure.gravatar.com\/avatar\/402e6137108ec0fdaa7809184382fb1dd2f8b00264c1d945d341f2b8f90db429?s=96&d=mm&r=g","caption":"Ricardo"},"url":"https:\/\/periodicocentroccidente.com\/?author=2"}]}},"jetpack_featured_media_url":"https:\/\/periodicocentroccidente.com\/wp-content\/uploads\/2026\/02\/diosdado.jpg","jetpack_sharing_enabled":true,"jetpack-related-posts":[],"_links":{"self":[{"href":"https:\/\/periodicocentroccidente.com\/index.php?rest_route=\/wp\/v2\/posts\/5634","targetHints":{"allow":["GET"]}}],"collection":[{"href":"https:\/\/periodicocentroccidente.com\/index.php?rest_route=\/wp\/v2\/posts"}],"about":[{"href":"https:\/\/periodicocentroccidente.com\/index.php?rest_route=\/wp\/v2\/types\/post"}],"author":[{"embeddable":true,"href":"https:\/\/periodicocentroccidente.com\/index.php?rest_route=\/wp\/v2\/users\/2"}],"replies":[{"embeddable":true,"href":"https:\/\/periodicocentroccidente.com\/index.php?rest_route=%2Fwp%2Fv2%2Fcomments&post=5634"}],"version-history":[{"count":1,"href":"https:\/\/periodicocentroccidente.com\/index.php?rest_route=\/wp\/v2\/posts\/5634\/revisions"}],"predecessor-version":[{"id":5644,"href":"https:\/\/periodicocentroccidente.com\/index.php?rest_route=\/wp\/v2\/posts\/5634\/revisions\/5644"}],"wp:featuredmedia":[{"embeddable":true,"href":"https:\/\/periodicocentroccidente.com\/index.php?rest_route=\/wp\/v2\/media\/5643"}],"wp:attachment":[{"href":"https:\/\/periodicocentroccidente.com\/index.php?rest_route=%2Fwp%2Fv2%2Fmedia&parent=5634"}],"wp:term":[{"taxonomy":"category","embeddable":true,"href":"https:\/\/periodicocentroccidente.com\/index.php?rest_route=%2Fwp%2Fv2%2Fcategories&post=5634"},{"taxonomy":"post_tag","embeddable":true,"href":"https:\/\/periodicocentroccidente.com\/index.php?rest_route=%2Fwp%2Fv2%2Ftags&post=5634"}],"curies":[{"name":"wp","href":"https:\/\/api.w.org\/{rel}","templated":true}]}}