{"id":5627,"date":"2026-02-04T15:43:11","date_gmt":"2026-02-04T15:43:11","guid":{"rendered":"https:\/\/periodicocentroccidente.com\/?p=5627"},"modified":"2026-02-04T15:43:11","modified_gmt":"2026-02-04T15:43:11","slug":"contaminacion-sonica-en-guanarito-debe-ser-combatida-por-las-autoridades","status":"publish","type":"post","link":"https:\/\/periodicocentroccidente.com\/?p=5627","title":{"rendered":"\u201cContaminaci\u00f3n s\u00f3nica en Guanarito debe ser combatida por las autoridades\u201d"},"content":{"rendered":"<p><strong>Especial.-<\/strong><\/p>\n<p>La otrora apacible ciudad de Guanarito, estado Portuguesa,\u00a0ha pasado a convertirse en un desorden p\u00fablico durante las 24 horas del d\u00eda y los 7 d\u00edas de la semana, producto de los resonadores con explosiones en motocicletas y veh\u00edculos con equipos de sonido que parecen una miniteka,\u00a0seg\u00fan denuncia el expresidente de la C\u00e1mara de Comercio de dicha localidad llanera, Alfredo \u201cYiya\u201d Fern\u00e1ndez.<\/p>\n<p>Afirma el dirigente gremial que \u201clas autoridades civiles, as\u00ed como policiales y miliares deben poner orden en la casa, a fin de controlar el bochinche que se ha venido presenciando en Guanarito, ya que la salud de la colectividad est\u00e1 sumamente afectada porque en las horas de descanso, es decir, en las noches, es donde m\u00e1s se proponen los motorizados y los due\u00f1os de veh\u00edculos con explosiones de tubos de escape y m\u00fasica a todo volumen a hacer de las suyas\u201d.<\/p>\n<p>\u201cInvito a las autoridades civiles y todos los cuerpos que tengan que ver con el orden p\u00fablico, polic\u00edas y militares, a que nos hagamos eco del bochinche poblacional que vivimos en Guanarito los siete d\u00edas de la semana y las 24 horas del d\u00eda y los 365 d\u00edas del a\u00f1o. Solicito a la primera autoridad civil, pol\u00edtica y administrativa de Guanarito,\u00a0 como es el alcalde; as\u00ed como a los concejales, a que apliquen las ordenanzas sobre el tema de la contaminaci\u00f3n s\u00f3nica que estamos padeciendo en esta regi\u00f3n, ya que la salud de la poblaci\u00f3n est\u00e1 siendo afectada severamente\u201d,\u00a0asever\u00f3 en su denuncia el gremialista.<\/p>\n<p>Reiter\u00f3 que aplicando las correspondientes ordenanzas relacionadas con el tema de la convivencia ciudadana, se va a poner orden en Guanarito, para lo cual debe existir voluntad de querer hacer las cosas bien, ya que hasta ahora cada quien est\u00e1 haciendo lo que le parezca y no hay autoridad alguna que salga a defender al pueblo.-<\/p>\n<p>VIA <strong><a href=\"mailto:eliasdiaz20019@gmail.com\">eliasdiaz20019@gmail.com<\/a><\/strong><\/p>\n<p>&nbsp;<\/p>\n","protected":false},"excerpt":{"rendered":"<p>Especial.- La otrora apacible ciudad de Guanarito, estado Portuguesa,&nbsp;ha pasado a convertirse en un desorden p&uacute;blico durante las 24 horas del d&iacute;a y los 7 d&iacute;as de la semana, producto de los resonadores con explosiones en motocicletas y veh&iacute;culos con equipos de sonido que parecen una miniteka,&nbsp;seg&uacute;n denuncia el expresidente de la C&aacute;mara de Comercio &hellip;<\/p>\n","protected":false},"author":2,"featured_media":5628,"comment_status":"open","ping_status":"open","sticky":false,"template":"","format":"standard","meta":{"_jetpack_memberships_contains_paid_content":false,"footnotes":""},"categories":[127],"tags":[],"class_list":["post-5627","post","type-post","status-publish","format-standard","has-post-thumbnail","hentry","category-noticias-recientes"],"yoast_head":"<!-- This site is optimized with the Yoast SEO plugin v24.8.1 - https:\/\/yoast.com\/wordpress\/plugins\/seo\/ -->\n<title>\u201cContaminaci\u00f3n s\u00f3nica en Guanarito debe ser combatida por las autoridades\u201d -<\/title>\n<meta name=\"robots\" content=\"index, follow, max-snippet:-1, max-image-preview:large, max-video-preview:-1\" \/>\n<link rel=\"canonical\" href=\"https:\/\/periodicocentroccidente.com\/?p=5627\" \/>\n<meta property=\"og:locale\" content=\"es_ES\" \/>\n<meta property=\"og:type\" content=\"article\" \/>\n<meta property=\"og:title\" content=\"\u201cContaminaci\u00f3n s\u00f3nica en Guanarito debe ser combatida por las autoridades\u201d -\" \/>\n<meta property=\"og:description\" content=\"Especial.- La otrora apacible ciudad de Guanarito, estado Portuguesa,&nbsp;ha pasado a convertirse en un desorden p&uacute;blico durante las 24 horas del d&iacute;a y los 7 d&iacute;as de la semana, producto de los resonadores con explosiones en motocicletas y veh&iacute;culos con equipos de sonido que parecen una miniteka,&nbsp;seg&uacute;n denuncia el expresidente de la C&aacute;mara de Comercio &hellip;\" \/>\n<meta property=\"og:url\" content=\"https:\/\/periodicocentroccidente.com\/?p=5627\" \/>\n<meta property=\"article:published_time\" content=\"2026-02-04T15:43:11+00:00\" \/>\n<meta property=\"og:image\" content=\"https:\/\/periodicocentroccidente.com\/wp-content\/uploads\/2026\/02\/ALFREDO-YIYA-FERNANDEZ.jpg\" \/>\n\t<meta property=\"og:image:width\" content=\"810\" \/>\n\t<meta property=\"og:image:height\" content=\"1080\" \/>\n\t<meta property=\"og:image:type\" content=\"image\/jpeg\" \/>\n<meta name=\"author\" content=\"Ricardo\" \/>\n<meta name=\"twitter:card\" content=\"summary_large_image\" \/>\n<meta name=\"twitter:label1\" content=\"Escrito por\" \/>\n\t<meta name=\"twitter:data1\" content=\"Ricardo\" \/>\n\t<meta name=\"twitter:label2\" content=\"Tiempo de lectura\" \/>\n\t<meta name=\"twitter:data2\" content=\"2 minutos\" \/>\n<script type=\"application\/ld+json\" class=\"yoast-schema-graph\">{\"@context\":\"https:\/\/schema.org\",\"@graph\":[{\"@type\":\"WebPage\",\"@id\":\"https:\/\/periodicocentroccidente.com\/?p=5627\",\"url\":\"https:\/\/periodicocentroccidente.com\/?p=5627\",\"name\":\"\u201cContaminaci\u00f3n s\u00f3nica en Guanarito debe ser combatida por las autoridades\u201d -\",\"isPartOf\":{\"@id\":\"https:\/\/periodicocentroccidente.com\/#website\"},\"primaryImageOfPage\":{\"@id\":\"https:\/\/periodicocentroccidente.com\/?p=5627#primaryimage\"},\"image\":{\"@id\":\"https:\/\/periodicocentroccidente.com\/?p=5627#primaryimage\"},\"thumbnailUrl\":\"https:\/\/periodicocentroccidente.com\/wp-content\/uploads\/2026\/02\/ALFREDO-YIYA-FERNANDEZ.jpg\",\"datePublished\":\"2026-02-04T15:43:11+00:00\",\"author\":{\"@id\":\"https:\/\/periodicocentroccidente.com\/#\/schema\/person\/f4e4a651098f3db198244657b7130e7e\"},\"breadcrumb\":{\"@id\":\"https:\/\/periodicocentroccidente.com\/?p=5627#breadcrumb\"},\"inLanguage\":\"es\",\"potentialAction\":[{\"@type\":\"ReadAction\",\"target\":[\"https:\/\/periodicocentroccidente.com\/?p=5627\"]}]},{\"@type\":\"ImageObject\",\"inLanguage\":\"es\",\"@id\":\"https:\/\/periodicocentroccidente.com\/?p=5627#primaryimage\",\"url\":\"https:\/\/periodicocentroccidente.com\/wp-content\/uploads\/2026\/02\/ALFREDO-YIYA-FERNANDEZ.jpg\",\"contentUrl\":\"https:\/\/periodicocentroccidente.com\/wp-content\/uploads\/2026\/02\/ALFREDO-YIYA-FERNANDEZ.jpg\",\"width\":810,\"height\":1080},{\"@type\":\"BreadcrumbList\",\"@id\":\"https:\/\/periodicocentroccidente.com\/?p=5627#breadcrumb\",\"itemListElement\":[{\"@type\":\"ListItem\",\"position\":1,\"name\":\"Portada\",\"item\":\"https:\/\/periodicocentroccidente.com\/\"},{\"@type\":\"ListItem\",\"position\":2,\"name\":\"\u201cContaminaci\u00f3n s\u00f3nica en Guanarito debe ser combatida por las autoridades\u201d\"}]},{\"@type\":\"WebSite\",\"@id\":\"https:\/\/periodicocentroccidente.com\/#website\",\"url\":\"https:\/\/periodicocentroccidente.com\/\",\"name\":\"\",\"description\":\"Periodismo serio y responsable\",\"potentialAction\":[{\"@type\":\"SearchAction\",\"target\":{\"@type\":\"EntryPoint\",\"urlTemplate\":\"https:\/\/periodicocentroccidente.com\/?s={search_term_string}\"},\"query-input\":{\"@type\":\"PropertyValueSpecification\",\"valueRequired\":true,\"valueName\":\"search_term_string\"}}],\"inLanguage\":\"es\"},{\"@type\":\"Person\",\"@id\":\"https:\/\/periodicocentroccidente.com\/#\/schema\/person\/f4e4a651098f3db198244657b7130e7e\",\"name\":\"Ricardo\",\"image\":{\"@type\":\"ImageObject\",\"inLanguage\":\"es\",\"@id\":\"https:\/\/periodicocentroccidente.com\/#\/schema\/person\/image\/\",\"url\":\"https:\/\/secure.gravatar.com\/avatar\/402e6137108ec0fdaa7809184382fb1dd2f8b00264c1d945d341f2b8f90db429?s=96&d=mm&r=g\",\"contentUrl\":\"https:\/\/secure.gravatar.com\/avatar\/402e6137108ec0fdaa7809184382fb1dd2f8b00264c1d945d341f2b8f90db429?s=96&d=mm&r=g\",\"caption\":\"Ricardo\"},\"url\":\"https:\/\/periodicocentroccidente.com\/?author=2\"}]}<\/script>\n<!-- \/ Yoast SEO plugin. -->","yoast_head_json":{"title":"\u201cContaminaci\u00f3n s\u00f3nica en Guanarito debe ser combatida por las autoridades\u201d -","robots":{"index":"index","follow":"follow","max-snippet":"max-snippet:-1","max-image-preview":"max-image-preview:large","max-video-preview":"max-video-preview:-1"},"canonical":"https:\/\/periodicocentroccidente.com\/?p=5627","og_locale":"es_ES","og_type":"article","og_title":"\u201cContaminaci\u00f3n s\u00f3nica en Guanarito debe ser combatida por las autoridades\u201d -","og_description":"Especial.- La otrora apacible ciudad de Guanarito, estado Portuguesa,&nbsp;ha pasado a convertirse en un desorden p&uacute;blico durante las 24 horas del d&iacute;a y los 7 d&iacute;as de la semana, producto de los resonadores con explosiones en motocicletas y veh&iacute;culos con equipos de sonido que parecen una miniteka,&nbsp;seg&uacute;n denuncia el expresidente de la C&aacute;mara de Comercio &hellip;","og_url":"https:\/\/periodicocentroccidente.com\/?p=5627","article_published_time":"2026-02-04T15:43:11+00:00","og_image":[{"width":810,"height":1080,"url":"https:\/\/periodicocentroccidente.com\/wp-content\/uploads\/2026\/02\/ALFREDO-YIYA-FERNANDEZ.jpg","type":"image\/jpeg"}],"author":"Ricardo","twitter_card":"summary_large_image","twitter_misc":{"Escrito por":"Ricardo","Tiempo de lectura":"2 minutos"},"schema":{"@context":"https:\/\/schema.org","@graph":[{"@type":"WebPage","@id":"https:\/\/periodicocentroccidente.com\/?p=5627","url":"https:\/\/periodicocentroccidente.com\/?p=5627","name":"\u201cContaminaci\u00f3n s\u00f3nica en Guanarito debe ser combatida por las autoridades\u201d -","isPartOf":{"@id":"https:\/\/periodicocentroccidente.com\/#website"},"primaryImageOfPage":{"@id":"https:\/\/periodicocentroccidente.com\/?p=5627#primaryimage"},"image":{"@id":"https:\/\/periodicocentroccidente.com\/?p=5627#primaryimage"},"thumbnailUrl":"https:\/\/periodicocentroccidente.com\/wp-content\/uploads\/2026\/02\/ALFREDO-YIYA-FERNANDEZ.jpg","datePublished":"2026-02-04T15:43:11+00:00","author":{"@id":"https:\/\/periodicocentroccidente.com\/#\/schema\/person\/f4e4a651098f3db198244657b7130e7e"},"breadcrumb":{"@id":"https:\/\/periodicocentroccidente.com\/?p=5627#breadcrumb"},"inLanguage":"es","potentialAction":[{"@type":"ReadAction","target":["https:\/\/periodicocentroccidente.com\/?p=5627"]}]},{"@type":"ImageObject","inLanguage":"es","@id":"https:\/\/periodicocentroccidente.com\/?p=5627#primaryimage","url":"https:\/\/periodicocentroccidente.com\/wp-content\/uploads\/2026\/02\/ALFREDO-YIYA-FERNANDEZ.jpg","contentUrl":"https:\/\/periodicocentroccidente.com\/wp-content\/uploads\/2026\/02\/ALFREDO-YIYA-FERNANDEZ.jpg","width":810,"height":1080},{"@type":"BreadcrumbList","@id":"https:\/\/periodicocentroccidente.com\/?p=5627#breadcrumb","itemListElement":[{"@type":"ListItem","position":1,"name":"Portada","item":"https:\/\/periodicocentroccidente.com\/"},{"@type":"ListItem","position":2,"name":"\u201cContaminaci\u00f3n s\u00f3nica en Guanarito debe ser combatida por las autoridades\u201d"}]},{"@type":"WebSite","@id":"https:\/\/periodicocentroccidente.com\/#website","url":"https:\/\/periodicocentroccidente.com\/","name":"","description":"Periodismo serio y responsable","potentialAction":[{"@type":"SearchAction","target":{"@type":"EntryPoint","urlTemplate":"https:\/\/periodicocentroccidente.com\/?s={search_term_string}"},"query-input":{"@type":"PropertyValueSpecification","valueRequired":true,"valueName":"search_term_string"}}],"inLanguage":"es"},{"@type":"Person","@id":"https:\/\/periodicocentroccidente.com\/#\/schema\/person\/f4e4a651098f3db198244657b7130e7e","name":"Ricardo","image":{"@type":"ImageObject","inLanguage":"es","@id":"https:\/\/periodicocentroccidente.com\/#\/schema\/person\/image\/","url":"https:\/\/secure.gravatar.com\/avatar\/402e6137108ec0fdaa7809184382fb1dd2f8b00264c1d945d341f2b8f90db429?s=96&d=mm&r=g","contentUrl":"https:\/\/secure.gravatar.com\/avatar\/402e6137108ec0fdaa7809184382fb1dd2f8b00264c1d945d341f2b8f90db429?s=96&d=mm&r=g","caption":"Ricardo"},"url":"https:\/\/periodicocentroccidente.com\/?author=2"}]}},"jetpack_featured_media_url":"https:\/\/periodicocentroccidente.com\/wp-content\/uploads\/2026\/02\/ALFREDO-YIYA-FERNANDEZ.jpg","jetpack_sharing_enabled":true,"jetpack-related-posts":[],"_links":{"self":[{"href":"https:\/\/periodicocentroccidente.com\/index.php?rest_route=\/wp\/v2\/posts\/5627","targetHints":{"allow":["GET"]}}],"collection":[{"href":"https:\/\/periodicocentroccidente.com\/index.php?rest_route=\/wp\/v2\/posts"}],"about":[{"href":"https:\/\/periodicocentroccidente.com\/index.php?rest_route=\/wp\/v2\/types\/post"}],"author":[{"embeddable":true,"href":"https:\/\/periodicocentroccidente.com\/index.php?rest_route=\/wp\/v2\/users\/2"}],"replies":[{"embeddable":true,"href":"https:\/\/periodicocentroccidente.com\/index.php?rest_route=%2Fwp%2Fv2%2Fcomments&post=5627"}],"version-history":[{"count":1,"href":"https:\/\/periodicocentroccidente.com\/index.php?rest_route=\/wp\/v2\/posts\/5627\/revisions"}],"predecessor-version":[{"id":5629,"href":"https:\/\/periodicocentroccidente.com\/index.php?rest_route=\/wp\/v2\/posts\/5627\/revisions\/5629"}],"wp:featuredmedia":[{"embeddable":true,"href":"https:\/\/periodicocentroccidente.com\/index.php?rest_route=\/wp\/v2\/media\/5628"}],"wp:attachment":[{"href":"https:\/\/periodicocentroccidente.com\/index.php?rest_route=%2Fwp%2Fv2%2Fmedia&parent=5627"}],"wp:term":[{"taxonomy":"category","embeddable":true,"href":"https:\/\/periodicocentroccidente.com\/index.php?rest_route=%2Fwp%2Fv2%2Fcategories&post=5627"},{"taxonomy":"post_tag","embeddable":true,"href":"https:\/\/periodicocentroccidente.com\/index.php?rest_route=%2Fwp%2Fv2%2Ftags&post=5627"}],"curies":[{"name":"wp","href":"https:\/\/api.w.org\/{rel}","templated":true}]}}