{"id":5588,"date":"2026-01-31T19:32:11","date_gmt":"2026-01-31T19:32:11","guid":{"rendered":"https:\/\/periodicocentroccidente.com\/?p=5588"},"modified":"2026-01-31T19:32:11","modified_gmt":"2026-01-31T19:32:11","slug":"avanza-rehabilitacion-del-campo-de-la-coronacion-en-guanare","status":"publish","type":"post","link":"https:\/\/periodicocentroccidente.com\/?p=5588","title":{"rendered":"Avanza rehabilitaci\u00f3n del Campo de la Coronaci\u00f3n en Guanare"},"content":{"rendered":"<p><strong>Especial.-<\/strong><\/p>\n<p>El gobernador de Portuguesa, Primitivo Cede\u00f1o, supervis\u00f3 los trabajos de las fundaciones de acero en el Campo de la Coronaci\u00f3n, en Guanare, una obra religiosa de car\u00e1cter innovador que se construye con el objetivo de brindar a la comunidad un espacio moderno para la pr\u00e1ctica espiritual.<\/p>\n<p>Durante la inspecci\u00f3n, se evalu\u00f3 el avance de la construcci\u00f3n y se verific\u00f3 que los cronogramas de ejecuci\u00f3n se est\u00e9n cumpliendo seg\u00fan lo planificado.<\/p>\n<p>La obra busca convertirse en un referente para la regi\u00f3n, combinando tradici\u00f3n y modernidad en su dise\u00f1o, con espacios funcionales y seguros para los fieles.<\/p>\n<p>Seg\u00fan destac\u00f3 Cede\u00f1o, este proyecto refleja el compromiso del gobierno regional con la cultura, la espiritualidad y el bienestar de la poblaci\u00f3n, ofreciendo un lugar de encuentro y fortalecimiento de valores comunitarios.<\/p>\n<p>El gobernador inform\u00f3 que la entrega de la obra est\u00e1 prevista para muy pronto, asegurando que cada etapa de la construcci\u00f3n cumple con los est\u00e1ndares de calidad y durabilidad requeridos.<\/p>\n<p>La supervisi\u00f3n incluy\u00f3 la revisi\u00f3n de los materiales utilizados y las t\u00e9cnicas de montaje, garantizando as\u00ed la seguridad y la eficiencia de la infraestructura.<\/p>\n<p>Este proyecto se suma a otras iniciativas impulsadas en Guanare para mejorar los espacios p\u00fablicos y culturales, reafirmando la apuesta por el desarrollo integral de la ciudad y la consolidaci\u00f3n de lugares que promuevan la identidad, la fe y la cohesi\u00f3n social entre los habitantes.<\/p>\n<p>VIA <strong>Noticias 24.-<\/strong><\/p>\n<p><img loading=\"lazy\" decoding=\"async\" class=\"alignnone size-medium wp-image-5589\" src=\"https:\/\/periodicocentroccidente.com\/wp-content\/uploads\/2026\/01\/WhatsApp-Image-2026-01-28-at-6.26.33-PM-1-780x470-1-300x181.jpeg\" alt=\"\" width=\"300\" height=\"181\" srcset=\"https:\/\/periodicocentroccidente.com\/wp-content\/uploads\/2026\/01\/WhatsApp-Image-2026-01-28-at-6.26.33-PM-1-780x470-1-300x181.jpeg 300w, https:\/\/periodicocentroccidente.com\/wp-content\/uploads\/2026\/01\/WhatsApp-Image-2026-01-28-at-6.26.33-PM-1-780x470-1-768x463.jpeg 768w, https:\/\/periodicocentroccidente.com\/wp-content\/uploads\/2026\/01\/WhatsApp-Image-2026-01-28-at-6.26.33-PM-1-780x470-1.jpeg 780w\" sizes=\"auto, (max-width: 300px) 100vw, 300px\" \/><\/p>\n","protected":false},"excerpt":{"rendered":"<p>Especial.- El gobernador de Portuguesa, Primitivo Cede&ntilde;o, supervis&oacute; los trabajos de las fundaciones de acero en el Campo de la Coronaci&oacute;n, en Guanare, una obra religiosa de car&aacute;cter innovador que se construye con el objetivo de brindar a la comunidad un espacio moderno para la pr&aacute;ctica espiritual. Durante la inspecci&oacute;n, se evalu&oacute; el avance de &hellip;<\/p>\n","protected":false},"author":2,"featured_media":5591,"comment_status":"open","ping_status":"open","sticky":false,"template":"","format":"standard","meta":{"_jetpack_memberships_contains_paid_content":false,"footnotes":""},"categories":[127],"tags":[],"class_list":["post-5588","post","type-post","status-publish","format-standard","has-post-thumbnail","hentry","category-noticias-recientes"],"yoast_head":"<!-- This site is optimized with the Yoast SEO plugin v24.8.1 - https:\/\/yoast.com\/wordpress\/plugins\/seo\/ -->\n<title>Avanza rehabilitaci\u00f3n del Campo de la Coronaci\u00f3n en Guanare -<\/title>\n<meta name=\"robots\" content=\"index, follow, max-snippet:-1, max-image-preview:large, max-video-preview:-1\" \/>\n<link rel=\"canonical\" href=\"https:\/\/periodicocentroccidente.com\/?p=5588\" \/>\n<meta property=\"og:locale\" content=\"es_ES\" \/>\n<meta property=\"og:type\" content=\"article\" \/>\n<meta property=\"og:title\" content=\"Avanza rehabilitaci\u00f3n del Campo de la Coronaci\u00f3n en Guanare -\" \/>\n<meta property=\"og:description\" content=\"Especial.- El gobernador de Portuguesa, Primitivo Cede&ntilde;o, supervis&oacute; los trabajos de las fundaciones de acero en el Campo de la Coronaci&oacute;n, en Guanare, una obra religiosa de car&aacute;cter innovador que se construye con el objetivo de brindar a la comunidad un espacio moderno para la pr&aacute;ctica espiritual. Durante la inspecci&oacute;n, se evalu&oacute; el avance de &hellip;\" \/>\n<meta property=\"og:url\" content=\"https:\/\/periodicocentroccidente.com\/?p=5588\" \/>\n<meta property=\"article:published_time\" content=\"2026-01-31T19:32:11+00:00\" \/>\n<meta property=\"og:image\" content=\"https:\/\/periodicocentroccidente.com\/wp-content\/uploads\/2026\/01\/coronacion.jpg\" \/>\n\t<meta property=\"og:image:width\" content=\"459\" \/>\n\t<meta property=\"og:image:height\" content=\"283\" \/>\n\t<meta property=\"og:image:type\" content=\"image\/jpeg\" \/>\n<meta name=\"author\" content=\"Ricardo\" \/>\n<meta name=\"twitter:card\" content=\"summary_large_image\" \/>\n<meta name=\"twitter:label1\" content=\"Escrito por\" \/>\n\t<meta name=\"twitter:data1\" content=\"Ricardo\" \/>\n\t<meta name=\"twitter:label2\" content=\"Tiempo de lectura\" \/>\n\t<meta name=\"twitter:data2\" content=\"2 minutos\" \/>\n<script type=\"application\/ld+json\" class=\"yoast-schema-graph\">{\"@context\":\"https:\/\/schema.org\",\"@graph\":[{\"@type\":\"WebPage\",\"@id\":\"https:\/\/periodicocentroccidente.com\/?p=5588\",\"url\":\"https:\/\/periodicocentroccidente.com\/?p=5588\",\"name\":\"Avanza rehabilitaci\u00f3n del Campo de la Coronaci\u00f3n en Guanare -\",\"isPartOf\":{\"@id\":\"https:\/\/periodicocentroccidente.com\/#website\"},\"primaryImageOfPage\":{\"@id\":\"https:\/\/periodicocentroccidente.com\/?p=5588#primaryimage\"},\"image\":{\"@id\":\"https:\/\/periodicocentroccidente.com\/?p=5588#primaryimage\"},\"thumbnailUrl\":\"https:\/\/periodicocentroccidente.com\/wp-content\/uploads\/2026\/01\/coronacion.jpg\",\"datePublished\":\"2026-01-31T19:32:11+00:00\",\"author\":{\"@id\":\"https:\/\/periodicocentroccidente.com\/#\/schema\/person\/f4e4a651098f3db198244657b7130e7e\"},\"breadcrumb\":{\"@id\":\"https:\/\/periodicocentroccidente.com\/?p=5588#breadcrumb\"},\"inLanguage\":\"es\",\"potentialAction\":[{\"@type\":\"ReadAction\",\"target\":[\"https:\/\/periodicocentroccidente.com\/?p=5588\"]}]},{\"@type\":\"ImageObject\",\"inLanguage\":\"es\",\"@id\":\"https:\/\/periodicocentroccidente.com\/?p=5588#primaryimage\",\"url\":\"https:\/\/periodicocentroccidente.com\/wp-content\/uploads\/2026\/01\/coronacion.jpg\",\"contentUrl\":\"https:\/\/periodicocentroccidente.com\/wp-content\/uploads\/2026\/01\/coronacion.jpg\",\"width\":459,\"height\":283},{\"@type\":\"BreadcrumbList\",\"@id\":\"https:\/\/periodicocentroccidente.com\/?p=5588#breadcrumb\",\"itemListElement\":[{\"@type\":\"ListItem\",\"position\":1,\"name\":\"Portada\",\"item\":\"https:\/\/periodicocentroccidente.com\/\"},{\"@type\":\"ListItem\",\"position\":2,\"name\":\"Avanza rehabilitaci\u00f3n del Campo de la Coronaci\u00f3n en Guanare\"}]},{\"@type\":\"WebSite\",\"@id\":\"https:\/\/periodicocentroccidente.com\/#website\",\"url\":\"https:\/\/periodicocentroccidente.com\/\",\"name\":\"\",\"description\":\"Periodismo serio y responsable\",\"potentialAction\":[{\"@type\":\"SearchAction\",\"target\":{\"@type\":\"EntryPoint\",\"urlTemplate\":\"https:\/\/periodicocentroccidente.com\/?s={search_term_string}\"},\"query-input\":{\"@type\":\"PropertyValueSpecification\",\"valueRequired\":true,\"valueName\":\"search_term_string\"}}],\"inLanguage\":\"es\"},{\"@type\":\"Person\",\"@id\":\"https:\/\/periodicocentroccidente.com\/#\/schema\/person\/f4e4a651098f3db198244657b7130e7e\",\"name\":\"Ricardo\",\"image\":{\"@type\":\"ImageObject\",\"inLanguage\":\"es\",\"@id\":\"https:\/\/periodicocentroccidente.com\/#\/schema\/person\/image\/\",\"url\":\"https:\/\/secure.gravatar.com\/avatar\/402e6137108ec0fdaa7809184382fb1dd2f8b00264c1d945d341f2b8f90db429?s=96&d=mm&r=g\",\"contentUrl\":\"https:\/\/secure.gravatar.com\/avatar\/402e6137108ec0fdaa7809184382fb1dd2f8b00264c1d945d341f2b8f90db429?s=96&d=mm&r=g\",\"caption\":\"Ricardo\"},\"url\":\"https:\/\/periodicocentroccidente.com\/?author=2\"}]}<\/script>\n<!-- \/ Yoast SEO plugin. -->","yoast_head_json":{"title":"Avanza rehabilitaci\u00f3n del Campo de la Coronaci\u00f3n en Guanare -","robots":{"index":"index","follow":"follow","max-snippet":"max-snippet:-1","max-image-preview":"max-image-preview:large","max-video-preview":"max-video-preview:-1"},"canonical":"https:\/\/periodicocentroccidente.com\/?p=5588","og_locale":"es_ES","og_type":"article","og_title":"Avanza rehabilitaci\u00f3n del Campo de la Coronaci\u00f3n en Guanare -","og_description":"Especial.- El gobernador de Portuguesa, Primitivo Cede&ntilde;o, supervis&oacute; los trabajos de las fundaciones de acero en el Campo de la Coronaci&oacute;n, en Guanare, una obra religiosa de car&aacute;cter innovador que se construye con el objetivo de brindar a la comunidad un espacio moderno para la pr&aacute;ctica espiritual. Durante la inspecci&oacute;n, se evalu&oacute; el avance de &hellip;","og_url":"https:\/\/periodicocentroccidente.com\/?p=5588","article_published_time":"2026-01-31T19:32:11+00:00","og_image":[{"width":459,"height":283,"url":"https:\/\/periodicocentroccidente.com\/wp-content\/uploads\/2026\/01\/coronacion.jpg","type":"image\/jpeg"}],"author":"Ricardo","twitter_card":"summary_large_image","twitter_misc":{"Escrito por":"Ricardo","Tiempo de lectura":"2 minutos"},"schema":{"@context":"https:\/\/schema.org","@graph":[{"@type":"WebPage","@id":"https:\/\/periodicocentroccidente.com\/?p=5588","url":"https:\/\/periodicocentroccidente.com\/?p=5588","name":"Avanza rehabilitaci\u00f3n del Campo de la Coronaci\u00f3n en Guanare -","isPartOf":{"@id":"https:\/\/periodicocentroccidente.com\/#website"},"primaryImageOfPage":{"@id":"https:\/\/periodicocentroccidente.com\/?p=5588#primaryimage"},"image":{"@id":"https:\/\/periodicocentroccidente.com\/?p=5588#primaryimage"},"thumbnailUrl":"https:\/\/periodicocentroccidente.com\/wp-content\/uploads\/2026\/01\/coronacion.jpg","datePublished":"2026-01-31T19:32:11+00:00","author":{"@id":"https:\/\/periodicocentroccidente.com\/#\/schema\/person\/f4e4a651098f3db198244657b7130e7e"},"breadcrumb":{"@id":"https:\/\/periodicocentroccidente.com\/?p=5588#breadcrumb"},"inLanguage":"es","potentialAction":[{"@type":"ReadAction","target":["https:\/\/periodicocentroccidente.com\/?p=5588"]}]},{"@type":"ImageObject","inLanguage":"es","@id":"https:\/\/periodicocentroccidente.com\/?p=5588#primaryimage","url":"https:\/\/periodicocentroccidente.com\/wp-content\/uploads\/2026\/01\/coronacion.jpg","contentUrl":"https:\/\/periodicocentroccidente.com\/wp-content\/uploads\/2026\/01\/coronacion.jpg","width":459,"height":283},{"@type":"BreadcrumbList","@id":"https:\/\/periodicocentroccidente.com\/?p=5588#breadcrumb","itemListElement":[{"@type":"ListItem","position":1,"name":"Portada","item":"https:\/\/periodicocentroccidente.com\/"},{"@type":"ListItem","position":2,"name":"Avanza rehabilitaci\u00f3n del Campo de la Coronaci\u00f3n en Guanare"}]},{"@type":"WebSite","@id":"https:\/\/periodicocentroccidente.com\/#website","url":"https:\/\/periodicocentroccidente.com\/","name":"","description":"Periodismo serio y responsable","potentialAction":[{"@type":"SearchAction","target":{"@type":"EntryPoint","urlTemplate":"https:\/\/periodicocentroccidente.com\/?s={search_term_string}"},"query-input":{"@type":"PropertyValueSpecification","valueRequired":true,"valueName":"search_term_string"}}],"inLanguage":"es"},{"@type":"Person","@id":"https:\/\/periodicocentroccidente.com\/#\/schema\/person\/f4e4a651098f3db198244657b7130e7e","name":"Ricardo","image":{"@type":"ImageObject","inLanguage":"es","@id":"https:\/\/periodicocentroccidente.com\/#\/schema\/person\/image\/","url":"https:\/\/secure.gravatar.com\/avatar\/402e6137108ec0fdaa7809184382fb1dd2f8b00264c1d945d341f2b8f90db429?s=96&d=mm&r=g","contentUrl":"https:\/\/secure.gravatar.com\/avatar\/402e6137108ec0fdaa7809184382fb1dd2f8b00264c1d945d341f2b8f90db429?s=96&d=mm&r=g","caption":"Ricardo"},"url":"https:\/\/periodicocentroccidente.com\/?author=2"}]}},"jetpack_featured_media_url":"https:\/\/periodicocentroccidente.com\/wp-content\/uploads\/2026\/01\/coronacion.jpg","jetpack_sharing_enabled":true,"jetpack-related-posts":[],"_links":{"self":[{"href":"https:\/\/periodicocentroccidente.com\/index.php?rest_route=\/wp\/v2\/posts\/5588","targetHints":{"allow":["GET"]}}],"collection":[{"href":"https:\/\/periodicocentroccidente.com\/index.php?rest_route=\/wp\/v2\/posts"}],"about":[{"href":"https:\/\/periodicocentroccidente.com\/index.php?rest_route=\/wp\/v2\/types\/post"}],"author":[{"embeddable":true,"href":"https:\/\/periodicocentroccidente.com\/index.php?rest_route=\/wp\/v2\/users\/2"}],"replies":[{"embeddable":true,"href":"https:\/\/periodicocentroccidente.com\/index.php?rest_route=%2Fwp%2Fv2%2Fcomments&post=5588"}],"version-history":[{"count":1,"href":"https:\/\/periodicocentroccidente.com\/index.php?rest_route=\/wp\/v2\/posts\/5588\/revisions"}],"predecessor-version":[{"id":5592,"href":"https:\/\/periodicocentroccidente.com\/index.php?rest_route=\/wp\/v2\/posts\/5588\/revisions\/5592"}],"wp:featuredmedia":[{"embeddable":true,"href":"https:\/\/periodicocentroccidente.com\/index.php?rest_route=\/wp\/v2\/media\/5591"}],"wp:attachment":[{"href":"https:\/\/periodicocentroccidente.com\/index.php?rest_route=%2Fwp%2Fv2%2Fmedia&parent=5588"}],"wp:term":[{"taxonomy":"category","embeddable":true,"href":"https:\/\/periodicocentroccidente.com\/index.php?rest_route=%2Fwp%2Fv2%2Fcategories&post=5588"},{"taxonomy":"post_tag","embeddable":true,"href":"https:\/\/periodicocentroccidente.com\/index.php?rest_route=%2Fwp%2Fv2%2Ftags&post=5588"}],"curies":[{"name":"wp","href":"https:\/\/api.w.org\/{rel}","templated":true}]}}