{"id":5549,"date":"2026-01-30T16:01:57","date_gmt":"2026-01-30T16:01:57","guid":{"rendered":"https:\/\/periodicocentroccidente.com\/?p=5549"},"modified":"2026-01-30T16:01:57","modified_gmt":"2026-01-30T16:01:57","slug":"recuperan-vehiculo-robado-y-detienen-a-sujeto-por-violencia-de-genero","status":"publish","type":"post","link":"https:\/\/periodicocentroccidente.com\/?p=5549","title":{"rendered":"Recuperan veh\u00edculo robado y detienen a sujeto por violencia de g\u00e9nero"},"content":{"rendered":"<p><strong>Especial.-<\/strong><\/p>\n<div dir=\"auto\">En el marco de los operativos de seguridad desplegados en la entidad, funcionarios del Servicio de Investigaci\u00f3n Penal (SIP) del Cuerpo de Polic\u00eda Bolivariana del Estado Portuguesa lograron recientemente importantes resultados en el municipio Ospino y en Guanare, reafirmando su compromiso con la paz ciudadana.<\/div>\n<div dir=\"auto\"><\/div>\n<div dir=\"auto\">Tras labores de inteligencia y seguimiento, efectivos adscritos a la Base Ospino lograron la recuperaci\u00f3n de una motocicleta que hab\u00eda sido reportada como robada bajo amenaza de muerte en la Troncal 5, v\u00eda r\u00edo Ospino.<\/div>\n<div dir=\"auto\"><\/div>\n<div dir=\"auto\">El veh\u00edculo fue localizado en las inmediaciones del vertedero de basura del municipio. Durante el procedimiento, resultaron detenidos dos ciudadanos identificados como: Damasio Palacio Ag\u00fcero y<\/div>\n<div dir=\"auto\">Luis Alexander L\u00f3pez. Ambos sujetos fueron puestos de manera inmediata a la orden del Ministerio P\u00fablico en Acarigua para las investigaciones de rigor.<\/div>\n<div dir=\"auto\"><\/div>\n<div dir=\"auto\">Simult\u00e1neamente, en la ciudad de Guanare, una comisi\u00f3n del SIP atendi\u00f3 de manera oportuna una denuncia sobre presunta violencia de g\u00e9nero. Los funcionarios procedieron a la aprehensi\u00f3n de un ciudadano por estar incurso en el delito de amenazas, tipificado en la Ley Org\u00e1nica sobre el Derecho de las Mujeres a una Vida Libre de Violencia.<\/div>\n<div dir=\"auto\"><\/div>\n<div dir=\"auto\">El detenido qued\u00f3 bajo custodia policial, mientras que el caso fue remitido a la fiscal\u00eda correspondiente del Ministerio P\u00fablico para dar continuidad al debido proceso legal.<\/div>\n<div dir=\"auto\"><\/div>\n<div dir=\"auto\">Gracias a las labores constantes de investigaci\u00f3n, el SIP &#8211; CPBEP contin\u00faa brindando seguridad y respuestas efectivas al pueblo.<\/div>\n<div dir=\"auto\"><\/div>\n<div dir=\"auto\"><strong>Fuente: Cuerpo de Polic\u00eda Bolivariana del Estado Portuguesa (CPBEP)<\/strong><\/div>\n<div dir=\"auto\"><strong>R: M. Far\u00eda CNP 19087<\/strong><\/div>\n<div dir=\"auto\"><\/div>\n<div dir=\"auto\"><img loading=\"lazy\" decoding=\"async\" class=\"alignnone size-medium wp-image-5550\" src=\"https:\/\/periodicocentroccidente.com\/wp-content\/uploads\/2026\/01\/1007676201-276x300.jpg\" alt=\"\" width=\"276\" height=\"300\" srcset=\"https:\/\/periodicocentroccidente.com\/wp-content\/uploads\/2026\/01\/1007676201-276x300.jpg 276w, https:\/\/periodicocentroccidente.com\/wp-content\/uploads\/2026\/01\/1007676201-943x1024.jpg 943w, https:\/\/periodicocentroccidente.com\/wp-content\/uploads\/2026\/01\/1007676201-768x834.jpg 768w, https:\/\/periodicocentroccidente.com\/wp-content\/uploads\/2026\/01\/1007676201.jpg 1179w\" sizes=\"auto, (max-width: 276px) 100vw, 276px\" \/><\/div>\n","protected":false},"excerpt":{"rendered":"<p>Especial.- En el marco de los operativos de seguridad desplegados en la entidad, funcionarios del Servicio de Investigaci&oacute;n Penal (SIP) del Cuerpo de Polic&iacute;a Bolivariana del Estado Portuguesa lograron recientemente importantes resultados en el municipio Ospino y en Guanare, reafirmando su compromiso con la paz ciudadana. Tras labores de inteligencia y seguimiento, efectivos adscritos a &hellip;<\/p>\n","protected":false},"author":2,"featured_media":5551,"comment_status":"open","ping_status":"open","sticky":false,"template":"","format":"standard","meta":{"_jetpack_memberships_contains_paid_content":false,"footnotes":""},"categories":[127],"tags":[],"class_list":["post-5549","post","type-post","status-publish","format-standard","has-post-thumbnail","hentry","category-noticias-recientes"],"yoast_head":"<!-- This site is optimized with the Yoast SEO plugin v24.8.1 - https:\/\/yoast.com\/wordpress\/plugins\/seo\/ -->\n<title>Recuperan veh\u00edculo robado y detienen a sujeto por violencia de g\u00e9nero -<\/title>\n<meta name=\"robots\" content=\"index, follow, max-snippet:-1, max-image-preview:large, max-video-preview:-1\" \/>\n<link rel=\"canonical\" href=\"https:\/\/periodicocentroccidente.com\/?p=5549\" \/>\n<meta property=\"og:locale\" content=\"es_ES\" \/>\n<meta property=\"og:type\" content=\"article\" \/>\n<meta property=\"og:title\" content=\"Recuperan veh\u00edculo robado y detienen a sujeto por violencia de g\u00e9nero -\" \/>\n<meta property=\"og:description\" content=\"Especial.- En el marco de los operativos de seguridad desplegados en la entidad, funcionarios del Servicio de Investigaci&oacute;n Penal (SIP) del Cuerpo de Polic&iacute;a Bolivariana del Estado Portuguesa lograron recientemente importantes resultados en el municipio Ospino y en Guanare, reafirmando su compromiso con la paz ciudadana. Tras labores de inteligencia y seguimiento, efectivos adscritos a &hellip;\" \/>\n<meta property=\"og:url\" content=\"https:\/\/periodicocentroccidente.com\/?p=5549\" \/>\n<meta property=\"article:published_time\" content=\"2026-01-30T16:01:57+00:00\" \/>\n<meta property=\"og:image\" content=\"https:\/\/periodicocentroccidente.com\/wp-content\/uploads\/2026\/01\/1007676202.jpg\" \/>\n\t<meta property=\"og:image:width\" content=\"926\" \/>\n\t<meta property=\"og:image:height\" content=\"922\" \/>\n\t<meta property=\"og:image:type\" content=\"image\/jpeg\" \/>\n<meta name=\"author\" content=\"Ricardo\" \/>\n<meta name=\"twitter:card\" content=\"summary_large_image\" \/>\n<meta name=\"twitter:label1\" content=\"Escrito por\" \/>\n\t<meta name=\"twitter:data1\" content=\"Ricardo\" \/>\n\t<meta name=\"twitter:label2\" content=\"Tiempo de lectura\" \/>\n\t<meta name=\"twitter:data2\" content=\"2 minutos\" \/>\n<script type=\"application\/ld+json\" class=\"yoast-schema-graph\">{\"@context\":\"https:\/\/schema.org\",\"@graph\":[{\"@type\":\"WebPage\",\"@id\":\"https:\/\/periodicocentroccidente.com\/?p=5549\",\"url\":\"https:\/\/periodicocentroccidente.com\/?p=5549\",\"name\":\"Recuperan veh\u00edculo robado y detienen a sujeto por violencia de g\u00e9nero -\",\"isPartOf\":{\"@id\":\"https:\/\/periodicocentroccidente.com\/#website\"},\"primaryImageOfPage\":{\"@id\":\"https:\/\/periodicocentroccidente.com\/?p=5549#primaryimage\"},\"image\":{\"@id\":\"https:\/\/periodicocentroccidente.com\/?p=5549#primaryimage\"},\"thumbnailUrl\":\"https:\/\/periodicocentroccidente.com\/wp-content\/uploads\/2026\/01\/1007676202.jpg\",\"datePublished\":\"2026-01-30T16:01:57+00:00\",\"author\":{\"@id\":\"https:\/\/periodicocentroccidente.com\/#\/schema\/person\/f4e4a651098f3db198244657b7130e7e\"},\"breadcrumb\":{\"@id\":\"https:\/\/periodicocentroccidente.com\/?p=5549#breadcrumb\"},\"inLanguage\":\"es\",\"potentialAction\":[{\"@type\":\"ReadAction\",\"target\":[\"https:\/\/periodicocentroccidente.com\/?p=5549\"]}]},{\"@type\":\"ImageObject\",\"inLanguage\":\"es\",\"@id\":\"https:\/\/periodicocentroccidente.com\/?p=5549#primaryimage\",\"url\":\"https:\/\/periodicocentroccidente.com\/wp-content\/uploads\/2026\/01\/1007676202.jpg\",\"contentUrl\":\"https:\/\/periodicocentroccidente.com\/wp-content\/uploads\/2026\/01\/1007676202.jpg\",\"width\":926,\"height\":922},{\"@type\":\"BreadcrumbList\",\"@id\":\"https:\/\/periodicocentroccidente.com\/?p=5549#breadcrumb\",\"itemListElement\":[{\"@type\":\"ListItem\",\"position\":1,\"name\":\"Portada\",\"item\":\"https:\/\/periodicocentroccidente.com\/\"},{\"@type\":\"ListItem\",\"position\":2,\"name\":\"Recuperan veh\u00edculo robado y detienen a sujeto por violencia de g\u00e9nero\"}]},{\"@type\":\"WebSite\",\"@id\":\"https:\/\/periodicocentroccidente.com\/#website\",\"url\":\"https:\/\/periodicocentroccidente.com\/\",\"name\":\"\",\"description\":\"Periodismo serio y responsable\",\"potentialAction\":[{\"@type\":\"SearchAction\",\"target\":{\"@type\":\"EntryPoint\",\"urlTemplate\":\"https:\/\/periodicocentroccidente.com\/?s={search_term_string}\"},\"query-input\":{\"@type\":\"PropertyValueSpecification\",\"valueRequired\":true,\"valueName\":\"search_term_string\"}}],\"inLanguage\":\"es\"},{\"@type\":\"Person\",\"@id\":\"https:\/\/periodicocentroccidente.com\/#\/schema\/person\/f4e4a651098f3db198244657b7130e7e\",\"name\":\"Ricardo\",\"image\":{\"@type\":\"ImageObject\",\"inLanguage\":\"es\",\"@id\":\"https:\/\/periodicocentroccidente.com\/#\/schema\/person\/image\/\",\"url\":\"https:\/\/secure.gravatar.com\/avatar\/402e6137108ec0fdaa7809184382fb1dd2f8b00264c1d945d341f2b8f90db429?s=96&d=mm&r=g\",\"contentUrl\":\"https:\/\/secure.gravatar.com\/avatar\/402e6137108ec0fdaa7809184382fb1dd2f8b00264c1d945d341f2b8f90db429?s=96&d=mm&r=g\",\"caption\":\"Ricardo\"},\"url\":\"https:\/\/periodicocentroccidente.com\/?author=2\"}]}<\/script>\n<!-- \/ Yoast SEO plugin. -->","yoast_head_json":{"title":"Recuperan veh\u00edculo robado y detienen a sujeto por violencia de g\u00e9nero -","robots":{"index":"index","follow":"follow","max-snippet":"max-snippet:-1","max-image-preview":"max-image-preview:large","max-video-preview":"max-video-preview:-1"},"canonical":"https:\/\/periodicocentroccidente.com\/?p=5549","og_locale":"es_ES","og_type":"article","og_title":"Recuperan veh\u00edculo robado y detienen a sujeto por violencia de g\u00e9nero -","og_description":"Especial.- En el marco de los operativos de seguridad desplegados en la entidad, funcionarios del Servicio de Investigaci&oacute;n Penal (SIP) del Cuerpo de Polic&iacute;a Bolivariana del Estado Portuguesa lograron recientemente importantes resultados en el municipio Ospino y en Guanare, reafirmando su compromiso con la paz ciudadana. Tras labores de inteligencia y seguimiento, efectivos adscritos a &hellip;","og_url":"https:\/\/periodicocentroccidente.com\/?p=5549","article_published_time":"2026-01-30T16:01:57+00:00","og_image":[{"width":926,"height":922,"url":"https:\/\/periodicocentroccidente.com\/wp-content\/uploads\/2026\/01\/1007676202.jpg","type":"image\/jpeg"}],"author":"Ricardo","twitter_card":"summary_large_image","twitter_misc":{"Escrito por":"Ricardo","Tiempo de lectura":"2 minutos"},"schema":{"@context":"https:\/\/schema.org","@graph":[{"@type":"WebPage","@id":"https:\/\/periodicocentroccidente.com\/?p=5549","url":"https:\/\/periodicocentroccidente.com\/?p=5549","name":"Recuperan veh\u00edculo robado y detienen a sujeto por violencia de g\u00e9nero -","isPartOf":{"@id":"https:\/\/periodicocentroccidente.com\/#website"},"primaryImageOfPage":{"@id":"https:\/\/periodicocentroccidente.com\/?p=5549#primaryimage"},"image":{"@id":"https:\/\/periodicocentroccidente.com\/?p=5549#primaryimage"},"thumbnailUrl":"https:\/\/periodicocentroccidente.com\/wp-content\/uploads\/2026\/01\/1007676202.jpg","datePublished":"2026-01-30T16:01:57+00:00","author":{"@id":"https:\/\/periodicocentroccidente.com\/#\/schema\/person\/f4e4a651098f3db198244657b7130e7e"},"breadcrumb":{"@id":"https:\/\/periodicocentroccidente.com\/?p=5549#breadcrumb"},"inLanguage":"es","potentialAction":[{"@type":"ReadAction","target":["https:\/\/periodicocentroccidente.com\/?p=5549"]}]},{"@type":"ImageObject","inLanguage":"es","@id":"https:\/\/periodicocentroccidente.com\/?p=5549#primaryimage","url":"https:\/\/periodicocentroccidente.com\/wp-content\/uploads\/2026\/01\/1007676202.jpg","contentUrl":"https:\/\/periodicocentroccidente.com\/wp-content\/uploads\/2026\/01\/1007676202.jpg","width":926,"height":922},{"@type":"BreadcrumbList","@id":"https:\/\/periodicocentroccidente.com\/?p=5549#breadcrumb","itemListElement":[{"@type":"ListItem","position":1,"name":"Portada","item":"https:\/\/periodicocentroccidente.com\/"},{"@type":"ListItem","position":2,"name":"Recuperan veh\u00edculo robado y detienen a sujeto por violencia de g\u00e9nero"}]},{"@type":"WebSite","@id":"https:\/\/periodicocentroccidente.com\/#website","url":"https:\/\/periodicocentroccidente.com\/","name":"","description":"Periodismo serio y responsable","potentialAction":[{"@type":"SearchAction","target":{"@type":"EntryPoint","urlTemplate":"https:\/\/periodicocentroccidente.com\/?s={search_term_string}"},"query-input":{"@type":"PropertyValueSpecification","valueRequired":true,"valueName":"search_term_string"}}],"inLanguage":"es"},{"@type":"Person","@id":"https:\/\/periodicocentroccidente.com\/#\/schema\/person\/f4e4a651098f3db198244657b7130e7e","name":"Ricardo","image":{"@type":"ImageObject","inLanguage":"es","@id":"https:\/\/periodicocentroccidente.com\/#\/schema\/person\/image\/","url":"https:\/\/secure.gravatar.com\/avatar\/402e6137108ec0fdaa7809184382fb1dd2f8b00264c1d945d341f2b8f90db429?s=96&d=mm&r=g","contentUrl":"https:\/\/secure.gravatar.com\/avatar\/402e6137108ec0fdaa7809184382fb1dd2f8b00264c1d945d341f2b8f90db429?s=96&d=mm&r=g","caption":"Ricardo"},"url":"https:\/\/periodicocentroccidente.com\/?author=2"}]}},"jetpack_featured_media_url":"https:\/\/periodicocentroccidente.com\/wp-content\/uploads\/2026\/01\/1007676202.jpg","jetpack_sharing_enabled":true,"jetpack-related-posts":[],"_links":{"self":[{"href":"https:\/\/periodicocentroccidente.com\/index.php?rest_route=\/wp\/v2\/posts\/5549","targetHints":{"allow":["GET"]}}],"collection":[{"href":"https:\/\/periodicocentroccidente.com\/index.php?rest_route=\/wp\/v2\/posts"}],"about":[{"href":"https:\/\/periodicocentroccidente.com\/index.php?rest_route=\/wp\/v2\/types\/post"}],"author":[{"embeddable":true,"href":"https:\/\/periodicocentroccidente.com\/index.php?rest_route=\/wp\/v2\/users\/2"}],"replies":[{"embeddable":true,"href":"https:\/\/periodicocentroccidente.com\/index.php?rest_route=%2Fwp%2Fv2%2Fcomments&post=5549"}],"version-history":[{"count":1,"href":"https:\/\/periodicocentroccidente.com\/index.php?rest_route=\/wp\/v2\/posts\/5549\/revisions"}],"predecessor-version":[{"id":5552,"href":"https:\/\/periodicocentroccidente.com\/index.php?rest_route=\/wp\/v2\/posts\/5549\/revisions\/5552"}],"wp:featuredmedia":[{"embeddable":true,"href":"https:\/\/periodicocentroccidente.com\/index.php?rest_route=\/wp\/v2\/media\/5551"}],"wp:attachment":[{"href":"https:\/\/periodicocentroccidente.com\/index.php?rest_route=%2Fwp%2Fv2%2Fmedia&parent=5549"}],"wp:term":[{"taxonomy":"category","embeddable":true,"href":"https:\/\/periodicocentroccidente.com\/index.php?rest_route=%2Fwp%2Fv2%2Fcategories&post=5549"},{"taxonomy":"post_tag","embeddable":true,"href":"https:\/\/periodicocentroccidente.com\/index.php?rest_route=%2Fwp%2Fv2%2Ftags&post=5549"}],"curies":[{"name":"wp","href":"https:\/\/api.w.org\/{rel}","templated":true}]}}