{"id":5545,"date":"2026-01-30T15:54:20","date_gmt":"2026-01-30T15:54:20","guid":{"rendered":"https:\/\/periodicocentroccidente.com\/?p=5545"},"modified":"2026-01-30T15:54:20","modified_gmt":"2026-01-30T15:54:20","slug":"sintesis-deportiva-18","status":"publish","type":"post","link":"https:\/\/periodicocentroccidente.com\/?p=5545","title":{"rendered":"S\u00edntesis Deportiva"},"content":{"rendered":"<p><strong>EL REAL MADRID <\/strong>pasa por una fuerte crisis. El conflicto pica y se extiende. La llegada de Xavi Alonso inyect\u00f3 ox\u00edgeno al principio por el trabajo que hab\u00eda hecho en Alemania, sin embargo, no pudo con el camerino y lo que comenz\u00f3 con esperanzas termin\u00f3 antes de afianzar el proyecto. El t\u00e9cnico \u00c1lvaro Arbeloa no ha podido levantar a los merengues\u2026Se viene la Liga Futve con el Deportivo T\u00e1chira, Caracas, UCV, Carabobo y Academia Puerto Cabello como favoritos. El entrenador argentino H\u00e9ctor Pablo Bidoglio promete guerrear con la tropa guairista. La mayor\u00eda de los clubes sumaron refuerzos de calidad para pelear por la codiciada estrella. Se espera que el arbitraje mantenga un nivel aceptable, que los equipos cumplan con el pago puntual y los fan\u00e1ticos acudan masivamente a disfrutar del espect\u00e1culo\u2026El batallador lateral derecho Keiver Z\u00fa\u00f1iga va por la consagraci\u00f3n con Portuguesa FC. Considera que est\u00e1n entrenado fuertemente para pelear por cosas importantes. \u201cAspiro rendir al m\u00e1ximo. Estamos para pelear por cosas importantes. Espero que la fanaticada nos siga apoyando\u201d, apunt\u00f3 el orgullo de la parroquia Catia. Hugo L\u00f3pez el gerente de los rojinegros dice que vienen cosas positivas para la organizaci\u00f3n rojinegra que recientemente suma a sus filas a Edwin Peraza, Hebert Garc\u00eda y Wilfredo Pe\u00f1a\u2026Interesante el conjunto que viene armando Zamora. Una l\u00ednea de ataque que tiene jerarqu\u00eda con Ronald Acu\u00f1a, Richard Celis, quien fuera campe\u00f3n con Noel San Vicente en 2019 y Erickson Gallardo. Jugadores como Bryan Rodr\u00edguez, Juan Mosquera, Junior Cede\u00f1o y Carlitos Rueda ser\u00e1n importantes con la renovada furia llanera. A prop\u00f3sito que V\u00edctor P\u00e9rez, emblem\u00e1tico colombiano en total jug\u00f3 seis temporadas con los blanquinegros y fabric\u00f3 28 goles. Un mediocampista que era letal a la hora de ejecutar los tiros libres con su potente pegada. Actualmente trabaja con las divisiones menores del Junior de Barranquilla. Vaya un fuerte abrazo para el a quien apodaron como el \u201cCantante\u201d, quien tambi\u00e9n milit\u00f3 en Mar\u00edtimo y Uni\u00f3n Atl\u00e9tico San Crist\u00f3bal\u2026Ya son cinco a\u00f1os que lleva residenciado el preparador de porteros Juan Carlos Pacheco. El de Tur\u00e8n manda muchos saludos a sus miles de amistades y dice que ha venido progresando mucho realizando varios cursos\u2026<strong>MAGALLANES<\/strong> ser\u00e1 monarca en cinco juegos. Los bucaneros se encuentran inspirados bajo la conducci\u00f3n del boricua Yadier Molina ante unos aguerridos Caribes, que prometen batallar con su recia toleter\u00eda\u2026.Equipo blindado con gran profesionalismo y talento de alto nivel el de las transmisiones del canal IVC, encabezado por el general de generales H\u00e9ctor Cordido, uno de los mejores comentaristas del continente, Reyes Medina, Freddy Chersia, Iv\u00e1n Medina y dos plumas de oro del periodismo deportivo como el hijo ilustre de Yaracuy Carlos Valmore Rodr\u00edguez y Efra\u00edn Zavarce\u2026La probable alineaci\u00f3n de la tropa venezolana para el pr\u00f3ximo Cl\u00e1sico Mundial la conformar\u00edan Luis Arr\u00e1ez como primera base, en la segunda Andr\u00e9s Gim\u00e9nez , Orlando Arcia en el campocorto, Eugenio Suarez en tercera, en los jardines Maikel Garc\u00eda, Ronald Acu\u00f1a y Jackson Chourio, William Contreras el bateador designado, Salvador P\u00e9rez como receptor y el abridor Pablo L\u00f3pez. Una verdadera maquinaria con firmes aspiraciones de ser monarcas\u2026El s\u00faper prospecto Albert Mej\u00edas tiene solo 13 a\u00f1os y es un general como campocorto, am\u00e9n de su recio bateo. Los Yanquis lo firmar\u00edan por varios millones de d\u00f3lares\u2026<strong>EL TENISTA ESPA\u00d1OL <\/strong>Rafael Nadal mantuvo un s\u00f3lido dominio en el prestigioso campeonato Ronald Garros de Francia. El \u00eddolo de Mallorca logr\u00f3 coronarse en catorce ocasiones para ser el l\u00edder indiscutible de la contienda gala. Una leyenda inolvidable el ib\u00e9rico de 39 a\u00f1os en este bonito deporte, considerado uno de los mejores de todos los tiempos\u2026<strong>GRAN MOMENTO <\/strong>del ascendente alero \u00c1ngelo Cisneros con el Gimnasia Esgrima de Argentina en el baloncesto profesional argentino. El nativo de Ocumare del Tuy se ha crecido en ataque y defensa. Su paisano Luis \u201cTapipa\u201d Duarte feliz de renovar con Gaiteros\u2026Iv\u00e1n Garc\u00eda seria el nuevo estratega de los Centauros de Bol\u00edvar. Lo anunciar\u00edan la pr\u00f3xima semana\u2026<strong>Se termin\u00f3 el espacio\u2026Mis respetos para todo el pa\u00eds.<\/strong><\/p>\n<p><img loading=\"lazy\" decoding=\"async\" class=\"alignnone size-medium wp-image-5546\" src=\"https:\/\/periodicocentroccidente.com\/wp-content\/uploads\/2026\/01\/HECTOR-CORDIDO-300x155.jpg\" alt=\"\" width=\"300\" height=\"155\" srcset=\"https:\/\/periodicocentroccidente.com\/wp-content\/uploads\/2026\/01\/HECTOR-CORDIDO-300x155.jpg 300w, https:\/\/periodicocentroccidente.com\/wp-content\/uploads\/2026\/01\/HECTOR-CORDIDO-768x396.jpg 768w, https:\/\/periodicocentroccidente.com\/wp-content\/uploads\/2026\/01\/HECTOR-CORDIDO.jpg 916w\" sizes=\"auto, (max-width: 300px) 100vw, 300px\" \/><\/p>\n<p>&nbsp;<\/p>\n","protected":false},"excerpt":{"rendered":"<p>EL REAL MADRID pasa por una fuerte crisis. El conflicto pica y se extiende. La llegada de Xavi Alonso inyect&oacute; ox&iacute;geno al principio por el trabajo que hab&iacute;a hecho en Alemania, sin embargo, no pudo con el camerino y lo que comenz&oacute; con esperanzas termin&oacute; antes de afianzar el proyecto. El t&eacute;cnico &Aacute;lvaro Arbeloa no &hellip;<\/p>\n","protected":false},"author":2,"featured_media":3430,"comment_status":"open","ping_status":"open","sticky":false,"template":"","format":"standard","meta":{"_jetpack_memberships_contains_paid_content":false,"footnotes":""},"categories":[127],"tags":[],"class_list":["post-5545","post","type-post","status-publish","format-standard","has-post-thumbnail","hentry","category-noticias-recientes"],"yoast_head":"<!-- This site is optimized with the Yoast SEO plugin v24.8.1 - https:\/\/yoast.com\/wordpress\/plugins\/seo\/ -->\n<title>S\u00edntesis Deportiva -<\/title>\n<meta name=\"robots\" content=\"index, follow, max-snippet:-1, max-image-preview:large, max-video-preview:-1\" \/>\n<link rel=\"canonical\" href=\"https:\/\/periodicocentroccidente.com\/?p=5545\" \/>\n<meta property=\"og:locale\" content=\"es_ES\" \/>\n<meta property=\"og:type\" content=\"article\" \/>\n<meta property=\"og:title\" content=\"S\u00edntesis Deportiva -\" \/>\n<meta property=\"og:description\" content=\"EL REAL MADRID pasa por una fuerte crisis. El conflicto pica y se extiende. La llegada de Xavi Alonso inyect&oacute; ox&iacute;geno al principio por el trabajo que hab&iacute;a hecho en Alemania, sin embargo, no pudo con el camerino y lo que comenz&oacute; con esperanzas termin&oacute; antes de afianzar el proyecto. El t&eacute;cnico &Aacute;lvaro Arbeloa no &hellip;\" \/>\n<meta property=\"og:url\" content=\"https:\/\/periodicocentroccidente.com\/?p=5545\" \/>\n<meta property=\"article:published_time\" content=\"2026-01-30T15:54:20+00:00\" \/>\n<meta property=\"og:image\" content=\"https:\/\/periodicocentroccidente.com\/wp-content\/uploads\/2025\/08\/vagabundo.jpg\" \/>\n\t<meta property=\"og:image:width\" content=\"366\" \/>\n\t<meta property=\"og:image:height\" content=\"143\" \/>\n\t<meta property=\"og:image:type\" content=\"image\/jpeg\" \/>\n<meta name=\"author\" content=\"Ricardo\" \/>\n<meta name=\"twitter:card\" content=\"summary_large_image\" \/>\n<meta name=\"twitter:label1\" content=\"Escrito por\" \/>\n\t<meta name=\"twitter:data1\" content=\"Ricardo\" \/>\n\t<meta name=\"twitter:label2\" content=\"Tiempo de lectura\" \/>\n\t<meta name=\"twitter:data2\" content=\"4 minutos\" \/>\n<script type=\"application\/ld+json\" class=\"yoast-schema-graph\">{\"@context\":\"https:\/\/schema.org\",\"@graph\":[{\"@type\":\"WebPage\",\"@id\":\"https:\/\/periodicocentroccidente.com\/?p=5545\",\"url\":\"https:\/\/periodicocentroccidente.com\/?p=5545\",\"name\":\"S\u00edntesis Deportiva -\",\"isPartOf\":{\"@id\":\"https:\/\/periodicocentroccidente.com\/#website\"},\"primaryImageOfPage\":{\"@id\":\"https:\/\/periodicocentroccidente.com\/?p=5545#primaryimage\"},\"image\":{\"@id\":\"https:\/\/periodicocentroccidente.com\/?p=5545#primaryimage\"},\"thumbnailUrl\":\"https:\/\/periodicocentroccidente.com\/wp-content\/uploads\/2025\/08\/vagabundo.jpg\",\"datePublished\":\"2026-01-30T15:54:20+00:00\",\"author\":{\"@id\":\"https:\/\/periodicocentroccidente.com\/#\/schema\/person\/f4e4a651098f3db198244657b7130e7e\"},\"breadcrumb\":{\"@id\":\"https:\/\/periodicocentroccidente.com\/?p=5545#breadcrumb\"},\"inLanguage\":\"es\",\"potentialAction\":[{\"@type\":\"ReadAction\",\"target\":[\"https:\/\/periodicocentroccidente.com\/?p=5545\"]}]},{\"@type\":\"ImageObject\",\"inLanguage\":\"es\",\"@id\":\"https:\/\/periodicocentroccidente.com\/?p=5545#primaryimage\",\"url\":\"https:\/\/periodicocentroccidente.com\/wp-content\/uploads\/2025\/08\/vagabundo.jpg\",\"contentUrl\":\"https:\/\/periodicocentroccidente.com\/wp-content\/uploads\/2025\/08\/vagabundo.jpg\",\"width\":366,\"height\":143},{\"@type\":\"BreadcrumbList\",\"@id\":\"https:\/\/periodicocentroccidente.com\/?p=5545#breadcrumb\",\"itemListElement\":[{\"@type\":\"ListItem\",\"position\":1,\"name\":\"Portada\",\"item\":\"https:\/\/periodicocentroccidente.com\/\"},{\"@type\":\"ListItem\",\"position\":2,\"name\":\"S\u00edntesis Deportiva\"}]},{\"@type\":\"WebSite\",\"@id\":\"https:\/\/periodicocentroccidente.com\/#website\",\"url\":\"https:\/\/periodicocentroccidente.com\/\",\"name\":\"\",\"description\":\"Periodismo serio y responsable\",\"potentialAction\":[{\"@type\":\"SearchAction\",\"target\":{\"@type\":\"EntryPoint\",\"urlTemplate\":\"https:\/\/periodicocentroccidente.com\/?s={search_term_string}\"},\"query-input\":{\"@type\":\"PropertyValueSpecification\",\"valueRequired\":true,\"valueName\":\"search_term_string\"}}],\"inLanguage\":\"es\"},{\"@type\":\"Person\",\"@id\":\"https:\/\/periodicocentroccidente.com\/#\/schema\/person\/f4e4a651098f3db198244657b7130e7e\",\"name\":\"Ricardo\",\"image\":{\"@type\":\"ImageObject\",\"inLanguage\":\"es\",\"@id\":\"https:\/\/periodicocentroccidente.com\/#\/schema\/person\/image\/\",\"url\":\"https:\/\/secure.gravatar.com\/avatar\/402e6137108ec0fdaa7809184382fb1dd2f8b00264c1d945d341f2b8f90db429?s=96&d=mm&r=g\",\"contentUrl\":\"https:\/\/secure.gravatar.com\/avatar\/402e6137108ec0fdaa7809184382fb1dd2f8b00264c1d945d341f2b8f90db429?s=96&d=mm&r=g\",\"caption\":\"Ricardo\"},\"url\":\"https:\/\/periodicocentroccidente.com\/?author=2\"}]}<\/script>\n<!-- \/ Yoast SEO plugin. -->","yoast_head_json":{"title":"S\u00edntesis Deportiva -","robots":{"index":"index","follow":"follow","max-snippet":"max-snippet:-1","max-image-preview":"max-image-preview:large","max-video-preview":"max-video-preview:-1"},"canonical":"https:\/\/periodicocentroccidente.com\/?p=5545","og_locale":"es_ES","og_type":"article","og_title":"S\u00edntesis Deportiva -","og_description":"EL REAL MADRID pasa por una fuerte crisis. El conflicto pica y se extiende. La llegada de Xavi Alonso inyect&oacute; ox&iacute;geno al principio por el trabajo que hab&iacute;a hecho en Alemania, sin embargo, no pudo con el camerino y lo que comenz&oacute; con esperanzas termin&oacute; antes de afianzar el proyecto. El t&eacute;cnico &Aacute;lvaro Arbeloa no &hellip;","og_url":"https:\/\/periodicocentroccidente.com\/?p=5545","article_published_time":"2026-01-30T15:54:20+00:00","og_image":[{"width":366,"height":143,"url":"https:\/\/periodicocentroccidente.com\/wp-content\/uploads\/2025\/08\/vagabundo.jpg","type":"image\/jpeg"}],"author":"Ricardo","twitter_card":"summary_large_image","twitter_misc":{"Escrito por":"Ricardo","Tiempo de lectura":"4 minutos"},"schema":{"@context":"https:\/\/schema.org","@graph":[{"@type":"WebPage","@id":"https:\/\/periodicocentroccidente.com\/?p=5545","url":"https:\/\/periodicocentroccidente.com\/?p=5545","name":"S\u00edntesis Deportiva -","isPartOf":{"@id":"https:\/\/periodicocentroccidente.com\/#website"},"primaryImageOfPage":{"@id":"https:\/\/periodicocentroccidente.com\/?p=5545#primaryimage"},"image":{"@id":"https:\/\/periodicocentroccidente.com\/?p=5545#primaryimage"},"thumbnailUrl":"https:\/\/periodicocentroccidente.com\/wp-content\/uploads\/2025\/08\/vagabundo.jpg","datePublished":"2026-01-30T15:54:20+00:00","author":{"@id":"https:\/\/periodicocentroccidente.com\/#\/schema\/person\/f4e4a651098f3db198244657b7130e7e"},"breadcrumb":{"@id":"https:\/\/periodicocentroccidente.com\/?p=5545#breadcrumb"},"inLanguage":"es","potentialAction":[{"@type":"ReadAction","target":["https:\/\/periodicocentroccidente.com\/?p=5545"]}]},{"@type":"ImageObject","inLanguage":"es","@id":"https:\/\/periodicocentroccidente.com\/?p=5545#primaryimage","url":"https:\/\/periodicocentroccidente.com\/wp-content\/uploads\/2025\/08\/vagabundo.jpg","contentUrl":"https:\/\/periodicocentroccidente.com\/wp-content\/uploads\/2025\/08\/vagabundo.jpg","width":366,"height":143},{"@type":"BreadcrumbList","@id":"https:\/\/periodicocentroccidente.com\/?p=5545#breadcrumb","itemListElement":[{"@type":"ListItem","position":1,"name":"Portada","item":"https:\/\/periodicocentroccidente.com\/"},{"@type":"ListItem","position":2,"name":"S\u00edntesis Deportiva"}]},{"@type":"WebSite","@id":"https:\/\/periodicocentroccidente.com\/#website","url":"https:\/\/periodicocentroccidente.com\/","name":"","description":"Periodismo serio y responsable","potentialAction":[{"@type":"SearchAction","target":{"@type":"EntryPoint","urlTemplate":"https:\/\/periodicocentroccidente.com\/?s={search_term_string}"},"query-input":{"@type":"PropertyValueSpecification","valueRequired":true,"valueName":"search_term_string"}}],"inLanguage":"es"},{"@type":"Person","@id":"https:\/\/periodicocentroccidente.com\/#\/schema\/person\/f4e4a651098f3db198244657b7130e7e","name":"Ricardo","image":{"@type":"ImageObject","inLanguage":"es","@id":"https:\/\/periodicocentroccidente.com\/#\/schema\/person\/image\/","url":"https:\/\/secure.gravatar.com\/avatar\/402e6137108ec0fdaa7809184382fb1dd2f8b00264c1d945d341f2b8f90db429?s=96&d=mm&r=g","contentUrl":"https:\/\/secure.gravatar.com\/avatar\/402e6137108ec0fdaa7809184382fb1dd2f8b00264c1d945d341f2b8f90db429?s=96&d=mm&r=g","caption":"Ricardo"},"url":"https:\/\/periodicocentroccidente.com\/?author=2"}]}},"jetpack_featured_media_url":"https:\/\/periodicocentroccidente.com\/wp-content\/uploads\/2025\/08\/vagabundo.jpg","jetpack_sharing_enabled":true,"jetpack-related-posts":[],"_links":{"self":[{"href":"https:\/\/periodicocentroccidente.com\/index.php?rest_route=\/wp\/v2\/posts\/5545","targetHints":{"allow":["GET"]}}],"collection":[{"href":"https:\/\/periodicocentroccidente.com\/index.php?rest_route=\/wp\/v2\/posts"}],"about":[{"href":"https:\/\/periodicocentroccidente.com\/index.php?rest_route=\/wp\/v2\/types\/post"}],"author":[{"embeddable":true,"href":"https:\/\/periodicocentroccidente.com\/index.php?rest_route=\/wp\/v2\/users\/2"}],"replies":[{"embeddable":true,"href":"https:\/\/periodicocentroccidente.com\/index.php?rest_route=%2Fwp%2Fv2%2Fcomments&post=5545"}],"version-history":[{"count":1,"href":"https:\/\/periodicocentroccidente.com\/index.php?rest_route=\/wp\/v2\/posts\/5545\/revisions"}],"predecessor-version":[{"id":5547,"href":"https:\/\/periodicocentroccidente.com\/index.php?rest_route=\/wp\/v2\/posts\/5545\/revisions\/5547"}],"wp:featuredmedia":[{"embeddable":true,"href":"https:\/\/periodicocentroccidente.com\/index.php?rest_route=\/wp\/v2\/media\/3430"}],"wp:attachment":[{"href":"https:\/\/periodicocentroccidente.com\/index.php?rest_route=%2Fwp%2Fv2%2Fmedia&parent=5545"}],"wp:term":[{"taxonomy":"category","embeddable":true,"href":"https:\/\/periodicocentroccidente.com\/index.php?rest_route=%2Fwp%2Fv2%2Fcategories&post=5545"},{"taxonomy":"post_tag","embeddable":true,"href":"https:\/\/periodicocentroccidente.com\/index.php?rest_route=%2Fwp%2Fv2%2Ftags&post=5545"}],"curies":[{"name":"wp","href":"https:\/\/api.w.org\/{rel}","templated":true}]}}