{"id":5537,"date":"2026-01-30T15:30:00","date_gmt":"2026-01-30T15:30:00","guid":{"rendered":"https:\/\/periodicocentroccidente.com\/?p=5537"},"modified":"2026-01-30T15:30:00","modified_gmt":"2026-01-30T15:30:00","slug":"concejo-municipal-de-sucre-celebra-sesion-solemne-en-honor-al-dia-del-pastor-cristiano","status":"publish","type":"post","link":"https:\/\/periodicocentroccidente.com\/?p=5537","title":{"rendered":"Concejo Municipal de Sucre celebra Sesi\u00f3n Solemne en honor al D\u00eda del Pastor Cristiano"},"content":{"rendered":"<p><strong>Especial.-<\/strong><\/p>\n<p>En un ambiente de profunda espiritualidad y civismo, el Concejo Municipal Bolivariano de Sucre, estado Zulia, realiz\u00f3 una Sesi\u00f3n Solemne para exaltar la loable labor de los pastores y pastoras que consagran su vida al anuncio del Evangelio de Jesucristo en el eje panamericano, integrando a las comunidades de Sucre (Zulia) y Tulio Febres Cordero (M\u00e9rida).<\/p>\n<p>\u200bEl encuentro tuvo lugar en el templo de la Organizaci\u00f3n Venezolana de Iglesias Cristianas Evang\u00e9licas (OVICE) \u00abLa Hermosa\u00bb. El pres\u00eddium estuvo encabezado por la concejal Zulma Mu\u00f1oz, presidenta del cuerpo legislativo, acompa\u00f1ada por la c\u00e1mara de ediles en pleno, el alcalde Yonys Gonz\u00e1lez, autoridades civiles, representantes de las fuerzas vivas y la feligres\u00eda de diversas congregaciones de la zona.<\/p>\n<p><strong>Un llamado a la transformaci\u00f3n espiritual<\/strong><br \/>\n\u200bEl orador de orden fue el Ap\u00f3stol Pedro Mart\u00ednez, miembro de la Confraternidad de Pastores local. Durante su disertaci\u00f3n, Mart\u00ednez realiz\u00f3 un recorrido hist\u00f3rico sobre Venezuela, enfatizando las bendiciones naturales del pa\u00eds y la necesidad de una renovaci\u00f3n interna. \u00abDios desea la prosperidad de Venezuela, pero ello requiere un cambio de mentalidad. Si transformamos nuestro pensamiento, transformamos nuestra vida\u00bb, manifest\u00f3 el orador, fundamentando su mensaje en la cita b\u00edblica de Hageo 2:6.<br \/>\nPor su parte, la concejal Zulma Mu\u00f1oz extendi\u00f3 palabras de reconocimiento a los homenajeados por su entrega incondicional al Reino de Dios: \u00abRogamos al Se\u00f1or que les conceda abundante gracia en cada paso de su ministerio\u00bb, expres\u00f3.<\/p>\n<p><strong>\u200bTestimonios de impacto social<\/strong><br \/>\n\u200bEl alcalde Yonys Gonz\u00e1lez conmovi\u00f3 a los presentes al compartir el testimonio de transformaci\u00f3n del pastor Antonio, de la comunidad de San Jos\u00e9 de Heras, cuyo cambio de vida tras conocer el Evangelio es testimonio del poder restaurador de la fe. \u00abEl Evangelio transforma; lo he visto con mis propios ojos\u00bb, asever\u00f3 el mandatario municipal.<br \/>\n\u200bAsimismo, la Ap\u00f3stol Tibairy Vergara, presidenta de la Confraternidad de Pastores del Eje Panamericano, valor\u00f3 el esfuerzo de las autoridades municipales por este reconocimiento y record\u00f3 el mandato divino: \u00abEl trabajo del pastor no es sencillo, pero bajo la gu\u00eda del Esp\u00edritu Santo se hace posible. Jesucristo nos encomend\u00f3 apacentar sus ovejas y hoy celebramos a quienes cumplen con amor esa misi\u00f3n\u00bb.<\/p>\n<p>\u200bLa jornada culmin\u00f3 con la entrega formal de certificados de reconocimiento a destacados l\u00edderes espirituales, reafirmando el compromiso de las instituciones p\u00fablicas con el respeto a la libertad de culto y el apoyo a quienes promueven los valores morales y la paz en la regi\u00f3n.<\/p>\n<p><strong>Luis Alonso Cede\u00f1o\/ panamericana &#8211; Sur del Lago \u00a0<\/strong><\/p>\n<p><img loading=\"lazy\" decoding=\"async\" class=\"alignnone size-medium wp-image-5540\" src=\"https:\/\/periodicocentroccidente.com\/wp-content\/uploads\/2026\/01\/1002785244-300x300.jpg\" alt=\"\" width=\"300\" height=\"300\" srcset=\"https:\/\/periodicocentroccidente.com\/wp-content\/uploads\/2026\/01\/1002785244-300x300.jpg 300w, https:\/\/periodicocentroccidente.com\/wp-content\/uploads\/2026\/01\/1002785244-150x150.jpg 150w, https:\/\/periodicocentroccidente.com\/wp-content\/uploads\/2026\/01\/1002785244.jpg 720w\" sizes=\"auto, (max-width: 300px) 100vw, 300px\" \/>\u00a0 \u00a0 \u00a0 <img loading=\"lazy\" decoding=\"async\" class=\"alignnone size-medium wp-image-5541\" src=\"https:\/\/periodicocentroccidente.com\/wp-content\/uploads\/2026\/01\/1002785245-300x300.jpg\" alt=\"\" width=\"300\" height=\"300\" srcset=\"https:\/\/periodicocentroccidente.com\/wp-content\/uploads\/2026\/01\/1002785245-300x300.jpg 300w, https:\/\/periodicocentroccidente.com\/wp-content\/uploads\/2026\/01\/1002785245-150x150.jpg 150w, https:\/\/periodicocentroccidente.com\/wp-content\/uploads\/2026\/01\/1002785245.jpg 720w\" sizes=\"auto, (max-width: 300px) 100vw, 300px\" \/><\/p>\n<p><img loading=\"lazy\" decoding=\"async\" class=\"alignnone size-medium wp-image-5539\" src=\"https:\/\/periodicocentroccidente.com\/wp-content\/uploads\/2026\/01\/1002785243-300x300.jpg\" alt=\"\" width=\"300\" height=\"300\" srcset=\"https:\/\/periodicocentroccidente.com\/wp-content\/uploads\/2026\/01\/1002785243-300x300.jpg 300w, https:\/\/periodicocentroccidente.com\/wp-content\/uploads\/2026\/01\/1002785243-150x150.jpg 150w, https:\/\/periodicocentroccidente.com\/wp-content\/uploads\/2026\/01\/1002785243.jpg 720w\" sizes=\"auto, (max-width: 300px) 100vw, 300px\" \/><\/p>\n<p>&nbsp;<\/p>\n","protected":false},"excerpt":{"rendered":"<p>Especial.- En un ambiente de profunda espiritualidad y civismo, el Concejo Municipal Bolivariano de Sucre, estado Zulia, realiz&oacute; una Sesi&oacute;n Solemne para exaltar la loable labor de los pastores y pastoras que consagran su vida al anuncio del Evangelio de Jesucristo en el eje panamericano, integrando a las comunidades de Sucre (Zulia) y Tulio Febres &hellip;<\/p>\n","protected":false},"author":2,"featured_media":5538,"comment_status":"open","ping_status":"open","sticky":false,"template":"","format":"standard","meta":{"_jetpack_memberships_contains_paid_content":false,"footnotes":""},"categories":[127],"tags":[],"class_list":["post-5537","post","type-post","status-publish","format-standard","has-post-thumbnail","hentry","category-noticias-recientes"],"yoast_head":"<!-- This site is optimized with the Yoast SEO plugin v24.8.1 - https:\/\/yoast.com\/wordpress\/plugins\/seo\/ -->\n<title>Concejo Municipal de Sucre celebra Sesi\u00f3n Solemne en honor al D\u00eda del Pastor Cristiano -<\/title>\n<meta name=\"robots\" content=\"index, follow, max-snippet:-1, max-image-preview:large, max-video-preview:-1\" \/>\n<link rel=\"canonical\" href=\"https:\/\/periodicocentroccidente.com\/?p=5537\" \/>\n<meta property=\"og:locale\" content=\"es_ES\" \/>\n<meta property=\"og:type\" content=\"article\" \/>\n<meta property=\"og:title\" content=\"Concejo Municipal de Sucre celebra Sesi\u00f3n Solemne en honor al D\u00eda del Pastor Cristiano -\" \/>\n<meta property=\"og:description\" content=\"Especial.- En un ambiente de profunda espiritualidad y civismo, el Concejo Municipal Bolivariano de Sucre, estado Zulia, realiz&oacute; una Sesi&oacute;n Solemne para exaltar la loable labor de los pastores y pastoras que consagran su vida al anuncio del Evangelio de Jesucristo en el eje panamericano, integrando a las comunidades de Sucre (Zulia) y Tulio Febres &hellip;\" \/>\n<meta property=\"og:url\" content=\"https:\/\/periodicocentroccidente.com\/?p=5537\" \/>\n<meta property=\"article:published_time\" content=\"2026-01-30T15:30:00+00:00\" \/>\n<meta property=\"og:image\" content=\"https:\/\/periodicocentroccidente.com\/wp-content\/uploads\/2026\/01\/1002785242.jpg\" \/>\n\t<meta property=\"og:image:width\" content=\"720\" \/>\n\t<meta property=\"og:image:height\" content=\"720\" \/>\n\t<meta property=\"og:image:type\" content=\"image\/jpeg\" \/>\n<meta name=\"author\" content=\"Ricardo\" \/>\n<meta name=\"twitter:card\" content=\"summary_large_image\" \/>\n<meta name=\"twitter:label1\" content=\"Escrito por\" \/>\n\t<meta name=\"twitter:data1\" content=\"Ricardo\" \/>\n\t<meta name=\"twitter:label2\" content=\"Tiempo de lectura\" \/>\n\t<meta name=\"twitter:data2\" content=\"3 minutos\" \/>\n<script type=\"application\/ld+json\" class=\"yoast-schema-graph\">{\"@context\":\"https:\/\/schema.org\",\"@graph\":[{\"@type\":\"WebPage\",\"@id\":\"https:\/\/periodicocentroccidente.com\/?p=5537\",\"url\":\"https:\/\/periodicocentroccidente.com\/?p=5537\",\"name\":\"Concejo Municipal de Sucre celebra Sesi\u00f3n Solemne en honor al D\u00eda del Pastor Cristiano -\",\"isPartOf\":{\"@id\":\"https:\/\/periodicocentroccidente.com\/#website\"},\"primaryImageOfPage\":{\"@id\":\"https:\/\/periodicocentroccidente.com\/?p=5537#primaryimage\"},\"image\":{\"@id\":\"https:\/\/periodicocentroccidente.com\/?p=5537#primaryimage\"},\"thumbnailUrl\":\"https:\/\/periodicocentroccidente.com\/wp-content\/uploads\/2026\/01\/1002785242.jpg\",\"datePublished\":\"2026-01-30T15:30:00+00:00\",\"author\":{\"@id\":\"https:\/\/periodicocentroccidente.com\/#\/schema\/person\/f4e4a651098f3db198244657b7130e7e\"},\"breadcrumb\":{\"@id\":\"https:\/\/periodicocentroccidente.com\/?p=5537#breadcrumb\"},\"inLanguage\":\"es\",\"potentialAction\":[{\"@type\":\"ReadAction\",\"target\":[\"https:\/\/periodicocentroccidente.com\/?p=5537\"]}]},{\"@type\":\"ImageObject\",\"inLanguage\":\"es\",\"@id\":\"https:\/\/periodicocentroccidente.com\/?p=5537#primaryimage\",\"url\":\"https:\/\/periodicocentroccidente.com\/wp-content\/uploads\/2026\/01\/1002785242.jpg\",\"contentUrl\":\"https:\/\/periodicocentroccidente.com\/wp-content\/uploads\/2026\/01\/1002785242.jpg\",\"width\":720,\"height\":720},{\"@type\":\"BreadcrumbList\",\"@id\":\"https:\/\/periodicocentroccidente.com\/?p=5537#breadcrumb\",\"itemListElement\":[{\"@type\":\"ListItem\",\"position\":1,\"name\":\"Portada\",\"item\":\"https:\/\/periodicocentroccidente.com\/\"},{\"@type\":\"ListItem\",\"position\":2,\"name\":\"Concejo Municipal de Sucre celebra Sesi\u00f3n Solemne en honor al D\u00eda del Pastor Cristiano\"}]},{\"@type\":\"WebSite\",\"@id\":\"https:\/\/periodicocentroccidente.com\/#website\",\"url\":\"https:\/\/periodicocentroccidente.com\/\",\"name\":\"\",\"description\":\"Periodismo serio y responsable\",\"potentialAction\":[{\"@type\":\"SearchAction\",\"target\":{\"@type\":\"EntryPoint\",\"urlTemplate\":\"https:\/\/periodicocentroccidente.com\/?s={search_term_string}\"},\"query-input\":{\"@type\":\"PropertyValueSpecification\",\"valueRequired\":true,\"valueName\":\"search_term_string\"}}],\"inLanguage\":\"es\"},{\"@type\":\"Person\",\"@id\":\"https:\/\/periodicocentroccidente.com\/#\/schema\/person\/f4e4a651098f3db198244657b7130e7e\",\"name\":\"Ricardo\",\"image\":{\"@type\":\"ImageObject\",\"inLanguage\":\"es\",\"@id\":\"https:\/\/periodicocentroccidente.com\/#\/schema\/person\/image\/\",\"url\":\"https:\/\/secure.gravatar.com\/avatar\/402e6137108ec0fdaa7809184382fb1dd2f8b00264c1d945d341f2b8f90db429?s=96&d=mm&r=g\",\"contentUrl\":\"https:\/\/secure.gravatar.com\/avatar\/402e6137108ec0fdaa7809184382fb1dd2f8b00264c1d945d341f2b8f90db429?s=96&d=mm&r=g\",\"caption\":\"Ricardo\"},\"url\":\"https:\/\/periodicocentroccidente.com\/?author=2\"}]}<\/script>\n<!-- \/ Yoast SEO plugin. -->","yoast_head_json":{"title":"Concejo Municipal de Sucre celebra Sesi\u00f3n Solemne en honor al D\u00eda del Pastor Cristiano -","robots":{"index":"index","follow":"follow","max-snippet":"max-snippet:-1","max-image-preview":"max-image-preview:large","max-video-preview":"max-video-preview:-1"},"canonical":"https:\/\/periodicocentroccidente.com\/?p=5537","og_locale":"es_ES","og_type":"article","og_title":"Concejo Municipal de Sucre celebra Sesi\u00f3n Solemne en honor al D\u00eda del Pastor Cristiano -","og_description":"Especial.- En un ambiente de profunda espiritualidad y civismo, el Concejo Municipal Bolivariano de Sucre, estado Zulia, realiz&oacute; una Sesi&oacute;n Solemne para exaltar la loable labor de los pastores y pastoras que consagran su vida al anuncio del Evangelio de Jesucristo en el eje panamericano, integrando a las comunidades de Sucre (Zulia) y Tulio Febres &hellip;","og_url":"https:\/\/periodicocentroccidente.com\/?p=5537","article_published_time":"2026-01-30T15:30:00+00:00","og_image":[{"width":720,"height":720,"url":"https:\/\/periodicocentroccidente.com\/wp-content\/uploads\/2026\/01\/1002785242.jpg","type":"image\/jpeg"}],"author":"Ricardo","twitter_card":"summary_large_image","twitter_misc":{"Escrito por":"Ricardo","Tiempo de lectura":"3 minutos"},"schema":{"@context":"https:\/\/schema.org","@graph":[{"@type":"WebPage","@id":"https:\/\/periodicocentroccidente.com\/?p=5537","url":"https:\/\/periodicocentroccidente.com\/?p=5537","name":"Concejo Municipal de Sucre celebra Sesi\u00f3n Solemne en honor al D\u00eda del Pastor Cristiano -","isPartOf":{"@id":"https:\/\/periodicocentroccidente.com\/#website"},"primaryImageOfPage":{"@id":"https:\/\/periodicocentroccidente.com\/?p=5537#primaryimage"},"image":{"@id":"https:\/\/periodicocentroccidente.com\/?p=5537#primaryimage"},"thumbnailUrl":"https:\/\/periodicocentroccidente.com\/wp-content\/uploads\/2026\/01\/1002785242.jpg","datePublished":"2026-01-30T15:30:00+00:00","author":{"@id":"https:\/\/periodicocentroccidente.com\/#\/schema\/person\/f4e4a651098f3db198244657b7130e7e"},"breadcrumb":{"@id":"https:\/\/periodicocentroccidente.com\/?p=5537#breadcrumb"},"inLanguage":"es","potentialAction":[{"@type":"ReadAction","target":["https:\/\/periodicocentroccidente.com\/?p=5537"]}]},{"@type":"ImageObject","inLanguage":"es","@id":"https:\/\/periodicocentroccidente.com\/?p=5537#primaryimage","url":"https:\/\/periodicocentroccidente.com\/wp-content\/uploads\/2026\/01\/1002785242.jpg","contentUrl":"https:\/\/periodicocentroccidente.com\/wp-content\/uploads\/2026\/01\/1002785242.jpg","width":720,"height":720},{"@type":"BreadcrumbList","@id":"https:\/\/periodicocentroccidente.com\/?p=5537#breadcrumb","itemListElement":[{"@type":"ListItem","position":1,"name":"Portada","item":"https:\/\/periodicocentroccidente.com\/"},{"@type":"ListItem","position":2,"name":"Concejo Municipal de Sucre celebra Sesi\u00f3n Solemne en honor al D\u00eda del Pastor Cristiano"}]},{"@type":"WebSite","@id":"https:\/\/periodicocentroccidente.com\/#website","url":"https:\/\/periodicocentroccidente.com\/","name":"","description":"Periodismo serio y responsable","potentialAction":[{"@type":"SearchAction","target":{"@type":"EntryPoint","urlTemplate":"https:\/\/periodicocentroccidente.com\/?s={search_term_string}"},"query-input":{"@type":"PropertyValueSpecification","valueRequired":true,"valueName":"search_term_string"}}],"inLanguage":"es"},{"@type":"Person","@id":"https:\/\/periodicocentroccidente.com\/#\/schema\/person\/f4e4a651098f3db198244657b7130e7e","name":"Ricardo","image":{"@type":"ImageObject","inLanguage":"es","@id":"https:\/\/periodicocentroccidente.com\/#\/schema\/person\/image\/","url":"https:\/\/secure.gravatar.com\/avatar\/402e6137108ec0fdaa7809184382fb1dd2f8b00264c1d945d341f2b8f90db429?s=96&d=mm&r=g","contentUrl":"https:\/\/secure.gravatar.com\/avatar\/402e6137108ec0fdaa7809184382fb1dd2f8b00264c1d945d341f2b8f90db429?s=96&d=mm&r=g","caption":"Ricardo"},"url":"https:\/\/periodicocentroccidente.com\/?author=2"}]}},"jetpack_featured_media_url":"https:\/\/periodicocentroccidente.com\/wp-content\/uploads\/2026\/01\/1002785242.jpg","jetpack_sharing_enabled":true,"jetpack-related-posts":[],"_links":{"self":[{"href":"https:\/\/periodicocentroccidente.com\/index.php?rest_route=\/wp\/v2\/posts\/5537","targetHints":{"allow":["GET"]}}],"collection":[{"href":"https:\/\/periodicocentroccidente.com\/index.php?rest_route=\/wp\/v2\/posts"}],"about":[{"href":"https:\/\/periodicocentroccidente.com\/index.php?rest_route=\/wp\/v2\/types\/post"}],"author":[{"embeddable":true,"href":"https:\/\/periodicocentroccidente.com\/index.php?rest_route=\/wp\/v2\/users\/2"}],"replies":[{"embeddable":true,"href":"https:\/\/periodicocentroccidente.com\/index.php?rest_route=%2Fwp%2Fv2%2Fcomments&post=5537"}],"version-history":[{"count":1,"href":"https:\/\/periodicocentroccidente.com\/index.php?rest_route=\/wp\/v2\/posts\/5537\/revisions"}],"predecessor-version":[{"id":5542,"href":"https:\/\/periodicocentroccidente.com\/index.php?rest_route=\/wp\/v2\/posts\/5537\/revisions\/5542"}],"wp:featuredmedia":[{"embeddable":true,"href":"https:\/\/periodicocentroccidente.com\/index.php?rest_route=\/wp\/v2\/media\/5538"}],"wp:attachment":[{"href":"https:\/\/periodicocentroccidente.com\/index.php?rest_route=%2Fwp%2Fv2%2Fmedia&parent=5537"}],"wp:term":[{"taxonomy":"category","embeddable":true,"href":"https:\/\/periodicocentroccidente.com\/index.php?rest_route=%2Fwp%2Fv2%2Fcategories&post=5537"},{"taxonomy":"post_tag","embeddable":true,"href":"https:\/\/periodicocentroccidente.com\/index.php?rest_route=%2Fwp%2Fv2%2Ftags&post=5537"}],"curies":[{"name":"wp","href":"https:\/\/api.w.org\/{rel}","templated":true}]}}