{"id":5526,"date":"2026-01-29T16:11:05","date_gmt":"2026-01-29T16:11:05","guid":{"rendered":"https:\/\/periodicocentroccidente.com\/?p=5526"},"modified":"2026-01-29T16:11:05","modified_gmt":"2026-01-29T16:11:05","slug":"centro-de-atencion-social-de-guanare-comenzo-a-ofrecer-consulta-pediatrica-todos-los-lunes","status":"publish","type":"post","link":"https:\/\/periodicocentroccidente.com\/?p=5526","title":{"rendered":"Centro de Atenci\u00f3n Social de Guanare comenz\u00f3 a ofrecer consulta pedi\u00e1trica todos los lunes"},"content":{"rendered":"<p><strong>Especial.-<\/strong><\/p>\n<p>Ratificando el compromiso de ofrecer al pueblo guanare\u00f1o bienestar, calidad de vida y atenci\u00f3n m\u00e9dica oportuna, la primera combatiente del municipio, Andreina de Novoa, anunci\u00f3 que en el Centro de Atenci\u00f3n Social, adscrito a la Alcald\u00eda del municipio Guanare, que est\u00e1 ubicado en el Barrio La Pe\u00f1ita, empez\u00f3 a ofrecerse consulta pedi\u00e1trica gratuita, producto de la gesti\u00f3n humanista que lidera el alcalde Oscar Novoa.<\/p>\n<p>Detalla que la consulta pedi\u00e1trica se ofrece a la poblaci\u00f3n los lunes de cada semana, al igual que consulta en el \u00e1rea de traumatolog\u00eda. Los martes, hay un internista para atender a la poblaci\u00f3n; los mi\u00e9rcoles, se dispone de un cirujano y se ofrece el servicio de citolog\u00edas. De lunes a jueves consulta de odontolog\u00eda; de lunes a viernes, se ofrece a la poblaci\u00f3n consulta de medicina general y el servicio de electrocardiograma; y lunes, martes, jueves y viernes, ecograf\u00edas de partes blandas, eco tiroideo, prost\u00e1tico, entre otros.<\/p>\n<p>\u201cTodo esto es gratuito con mucho amor y con mucho cari\u00f1o\u201d, dijo la primera combatiente del municipio capital, quien adem\u00e1s detall\u00f3 que el Centro de Atenci\u00f3n Social abre sus puertas a las 7 de la ma\u00f1ana y hasta las 3 de la tarde. Este, es un nuevo hecho concreto que ratifica la intenci\u00f3n de la revoluci\u00f3n bolivariana de atender al pueblo con amor y vocaci\u00f3n de servicio, cumpliendo la visi\u00f3n del presidente Nicol\u00e1s Maduro, y en equipo con la presidenta encargada Delcy Rodr\u00edguez, el gobernador ejemplar Primitivo Cede\u00f1o y por supuesto, de la mano del alcalde de paz, Oscar Novoa, siempre gobernando obedeciendo al pueblo.<\/p>\n","protected":false},"excerpt":{"rendered":"<p>Especial.- Ratificando el compromiso de ofrecer al pueblo guanare&ntilde;o bienestar, calidad de vida y atenci&oacute;n m&eacute;dica oportuna, la primera combatiente del municipio, Andreina de Novoa, anunci&oacute; que en el Centro de Atenci&oacute;n Social, adscrito a la Alcald&iacute;a del municipio Guanare, que est&aacute; ubicado en el Barrio La Pe&ntilde;ita, empez&oacute; a ofrecerse consulta pedi&aacute;trica gratuita, producto &hellip;<\/p>\n","protected":false},"author":2,"featured_media":5527,"comment_status":"open","ping_status":"open","sticky":false,"template":"","format":"standard","meta":{"_jetpack_memberships_contains_paid_content":false,"footnotes":""},"categories":[127],"tags":[],"class_list":["post-5526","post","type-post","status-publish","format-standard","has-post-thumbnail","hentry","category-noticias-recientes"],"yoast_head":"<!-- This site is optimized with the Yoast SEO plugin v24.8.1 - https:\/\/yoast.com\/wordpress\/plugins\/seo\/ -->\n<title>Centro de Atenci\u00f3n Social de Guanare comenz\u00f3 a ofrecer consulta pedi\u00e1trica todos los lunes -<\/title>\n<meta name=\"robots\" content=\"index, follow, max-snippet:-1, max-image-preview:large, max-video-preview:-1\" \/>\n<link rel=\"canonical\" href=\"https:\/\/periodicocentroccidente.com\/?p=5526\" \/>\n<meta property=\"og:locale\" content=\"es_ES\" \/>\n<meta property=\"og:type\" content=\"article\" \/>\n<meta property=\"og:title\" content=\"Centro de Atenci\u00f3n Social de Guanare comenz\u00f3 a ofrecer consulta pedi\u00e1trica todos los lunes -\" \/>\n<meta property=\"og:description\" content=\"Especial.- Ratificando el compromiso de ofrecer al pueblo guanare&ntilde;o bienestar, calidad de vida y atenci&oacute;n m&eacute;dica oportuna, la primera combatiente del municipio, Andreina de Novoa, anunci&oacute; que en el Centro de Atenci&oacute;n Social, adscrito a la Alcald&iacute;a del municipio Guanare, que est&aacute; ubicado en el Barrio La Pe&ntilde;ita, empez&oacute; a ofrecerse consulta pedi&aacute;trica gratuita, producto &hellip;\" \/>\n<meta property=\"og:url\" content=\"https:\/\/periodicocentroccidente.com\/?p=5526\" \/>\n<meta property=\"article:published_time\" content=\"2026-01-29T16:11:05+00:00\" \/>\n<meta property=\"og:image\" content=\"https:\/\/periodicocentroccidente.com\/wp-content\/uploads\/2026\/01\/1002676765-1536x1152-1.jpg\" \/>\n\t<meta property=\"og:image:width\" content=\"1536\" \/>\n\t<meta property=\"og:image:height\" content=\"1152\" \/>\n\t<meta property=\"og:image:type\" content=\"image\/jpeg\" \/>\n<meta name=\"author\" content=\"Ricardo\" \/>\n<meta name=\"twitter:card\" content=\"summary_large_image\" \/>\n<meta name=\"twitter:label1\" content=\"Escrito por\" \/>\n\t<meta name=\"twitter:data1\" content=\"Ricardo\" \/>\n\t<meta name=\"twitter:label2\" content=\"Tiempo de lectura\" \/>\n\t<meta name=\"twitter:data2\" content=\"2 minutos\" \/>\n<script type=\"application\/ld+json\" class=\"yoast-schema-graph\">{\"@context\":\"https:\/\/schema.org\",\"@graph\":[{\"@type\":\"WebPage\",\"@id\":\"https:\/\/periodicocentroccidente.com\/?p=5526\",\"url\":\"https:\/\/periodicocentroccidente.com\/?p=5526\",\"name\":\"Centro de Atenci\u00f3n Social de Guanare comenz\u00f3 a ofrecer consulta pedi\u00e1trica todos los lunes -\",\"isPartOf\":{\"@id\":\"https:\/\/periodicocentroccidente.com\/#website\"},\"primaryImageOfPage\":{\"@id\":\"https:\/\/periodicocentroccidente.com\/?p=5526#primaryimage\"},\"image\":{\"@id\":\"https:\/\/periodicocentroccidente.com\/?p=5526#primaryimage\"},\"thumbnailUrl\":\"https:\/\/periodicocentroccidente.com\/wp-content\/uploads\/2026\/01\/1002676765-1536x1152-1.jpg\",\"datePublished\":\"2026-01-29T16:11:05+00:00\",\"author\":{\"@id\":\"https:\/\/periodicocentroccidente.com\/#\/schema\/person\/f4e4a651098f3db198244657b7130e7e\"},\"breadcrumb\":{\"@id\":\"https:\/\/periodicocentroccidente.com\/?p=5526#breadcrumb\"},\"inLanguage\":\"es\",\"potentialAction\":[{\"@type\":\"ReadAction\",\"target\":[\"https:\/\/periodicocentroccidente.com\/?p=5526\"]}]},{\"@type\":\"ImageObject\",\"inLanguage\":\"es\",\"@id\":\"https:\/\/periodicocentroccidente.com\/?p=5526#primaryimage\",\"url\":\"https:\/\/periodicocentroccidente.com\/wp-content\/uploads\/2026\/01\/1002676765-1536x1152-1.jpg\",\"contentUrl\":\"https:\/\/periodicocentroccidente.com\/wp-content\/uploads\/2026\/01\/1002676765-1536x1152-1.jpg\",\"width\":1536,\"height\":1152},{\"@type\":\"BreadcrumbList\",\"@id\":\"https:\/\/periodicocentroccidente.com\/?p=5526#breadcrumb\",\"itemListElement\":[{\"@type\":\"ListItem\",\"position\":1,\"name\":\"Portada\",\"item\":\"https:\/\/periodicocentroccidente.com\/\"},{\"@type\":\"ListItem\",\"position\":2,\"name\":\"Centro de Atenci\u00f3n Social de Guanare comenz\u00f3 a ofrecer consulta pedi\u00e1trica todos los lunes\"}]},{\"@type\":\"WebSite\",\"@id\":\"https:\/\/periodicocentroccidente.com\/#website\",\"url\":\"https:\/\/periodicocentroccidente.com\/\",\"name\":\"\",\"description\":\"Periodismo serio y responsable\",\"potentialAction\":[{\"@type\":\"SearchAction\",\"target\":{\"@type\":\"EntryPoint\",\"urlTemplate\":\"https:\/\/periodicocentroccidente.com\/?s={search_term_string}\"},\"query-input\":{\"@type\":\"PropertyValueSpecification\",\"valueRequired\":true,\"valueName\":\"search_term_string\"}}],\"inLanguage\":\"es\"},{\"@type\":\"Person\",\"@id\":\"https:\/\/periodicocentroccidente.com\/#\/schema\/person\/f4e4a651098f3db198244657b7130e7e\",\"name\":\"Ricardo\",\"image\":{\"@type\":\"ImageObject\",\"inLanguage\":\"es\",\"@id\":\"https:\/\/periodicocentroccidente.com\/#\/schema\/person\/image\/\",\"url\":\"https:\/\/secure.gravatar.com\/avatar\/402e6137108ec0fdaa7809184382fb1dd2f8b00264c1d945d341f2b8f90db429?s=96&d=mm&r=g\",\"contentUrl\":\"https:\/\/secure.gravatar.com\/avatar\/402e6137108ec0fdaa7809184382fb1dd2f8b00264c1d945d341f2b8f90db429?s=96&d=mm&r=g\",\"caption\":\"Ricardo\"},\"url\":\"https:\/\/periodicocentroccidente.com\/?author=2\"}]}<\/script>\n<!-- \/ Yoast SEO plugin. -->","yoast_head_json":{"title":"Centro de Atenci\u00f3n Social de Guanare comenz\u00f3 a ofrecer consulta pedi\u00e1trica todos los lunes -","robots":{"index":"index","follow":"follow","max-snippet":"max-snippet:-1","max-image-preview":"max-image-preview:large","max-video-preview":"max-video-preview:-1"},"canonical":"https:\/\/periodicocentroccidente.com\/?p=5526","og_locale":"es_ES","og_type":"article","og_title":"Centro de Atenci\u00f3n Social de Guanare comenz\u00f3 a ofrecer consulta pedi\u00e1trica todos los lunes -","og_description":"Especial.- Ratificando el compromiso de ofrecer al pueblo guanare&ntilde;o bienestar, calidad de vida y atenci&oacute;n m&eacute;dica oportuna, la primera combatiente del municipio, Andreina de Novoa, anunci&oacute; que en el Centro de Atenci&oacute;n Social, adscrito a la Alcald&iacute;a del municipio Guanare, que est&aacute; ubicado en el Barrio La Pe&ntilde;ita, empez&oacute; a ofrecerse consulta pedi&aacute;trica gratuita, producto &hellip;","og_url":"https:\/\/periodicocentroccidente.com\/?p=5526","article_published_time":"2026-01-29T16:11:05+00:00","og_image":[{"width":1536,"height":1152,"url":"https:\/\/periodicocentroccidente.com\/wp-content\/uploads\/2026\/01\/1002676765-1536x1152-1.jpg","type":"image\/jpeg"}],"author":"Ricardo","twitter_card":"summary_large_image","twitter_misc":{"Escrito por":"Ricardo","Tiempo de lectura":"2 minutos"},"schema":{"@context":"https:\/\/schema.org","@graph":[{"@type":"WebPage","@id":"https:\/\/periodicocentroccidente.com\/?p=5526","url":"https:\/\/periodicocentroccidente.com\/?p=5526","name":"Centro de Atenci\u00f3n Social de Guanare comenz\u00f3 a ofrecer consulta pedi\u00e1trica todos los lunes -","isPartOf":{"@id":"https:\/\/periodicocentroccidente.com\/#website"},"primaryImageOfPage":{"@id":"https:\/\/periodicocentroccidente.com\/?p=5526#primaryimage"},"image":{"@id":"https:\/\/periodicocentroccidente.com\/?p=5526#primaryimage"},"thumbnailUrl":"https:\/\/periodicocentroccidente.com\/wp-content\/uploads\/2026\/01\/1002676765-1536x1152-1.jpg","datePublished":"2026-01-29T16:11:05+00:00","author":{"@id":"https:\/\/periodicocentroccidente.com\/#\/schema\/person\/f4e4a651098f3db198244657b7130e7e"},"breadcrumb":{"@id":"https:\/\/periodicocentroccidente.com\/?p=5526#breadcrumb"},"inLanguage":"es","potentialAction":[{"@type":"ReadAction","target":["https:\/\/periodicocentroccidente.com\/?p=5526"]}]},{"@type":"ImageObject","inLanguage":"es","@id":"https:\/\/periodicocentroccidente.com\/?p=5526#primaryimage","url":"https:\/\/periodicocentroccidente.com\/wp-content\/uploads\/2026\/01\/1002676765-1536x1152-1.jpg","contentUrl":"https:\/\/periodicocentroccidente.com\/wp-content\/uploads\/2026\/01\/1002676765-1536x1152-1.jpg","width":1536,"height":1152},{"@type":"BreadcrumbList","@id":"https:\/\/periodicocentroccidente.com\/?p=5526#breadcrumb","itemListElement":[{"@type":"ListItem","position":1,"name":"Portada","item":"https:\/\/periodicocentroccidente.com\/"},{"@type":"ListItem","position":2,"name":"Centro de Atenci\u00f3n Social de Guanare comenz\u00f3 a ofrecer consulta pedi\u00e1trica todos los lunes"}]},{"@type":"WebSite","@id":"https:\/\/periodicocentroccidente.com\/#website","url":"https:\/\/periodicocentroccidente.com\/","name":"","description":"Periodismo serio y responsable","potentialAction":[{"@type":"SearchAction","target":{"@type":"EntryPoint","urlTemplate":"https:\/\/periodicocentroccidente.com\/?s={search_term_string}"},"query-input":{"@type":"PropertyValueSpecification","valueRequired":true,"valueName":"search_term_string"}}],"inLanguage":"es"},{"@type":"Person","@id":"https:\/\/periodicocentroccidente.com\/#\/schema\/person\/f4e4a651098f3db198244657b7130e7e","name":"Ricardo","image":{"@type":"ImageObject","inLanguage":"es","@id":"https:\/\/periodicocentroccidente.com\/#\/schema\/person\/image\/","url":"https:\/\/secure.gravatar.com\/avatar\/402e6137108ec0fdaa7809184382fb1dd2f8b00264c1d945d341f2b8f90db429?s=96&d=mm&r=g","contentUrl":"https:\/\/secure.gravatar.com\/avatar\/402e6137108ec0fdaa7809184382fb1dd2f8b00264c1d945d341f2b8f90db429?s=96&d=mm&r=g","caption":"Ricardo"},"url":"https:\/\/periodicocentroccidente.com\/?author=2"}]}},"jetpack_featured_media_url":"https:\/\/periodicocentroccidente.com\/wp-content\/uploads\/2026\/01\/1002676765-1536x1152-1.jpg","jetpack_sharing_enabled":true,"jetpack-related-posts":[],"_links":{"self":[{"href":"https:\/\/periodicocentroccidente.com\/index.php?rest_route=\/wp\/v2\/posts\/5526","targetHints":{"allow":["GET"]}}],"collection":[{"href":"https:\/\/periodicocentroccidente.com\/index.php?rest_route=\/wp\/v2\/posts"}],"about":[{"href":"https:\/\/periodicocentroccidente.com\/index.php?rest_route=\/wp\/v2\/types\/post"}],"author":[{"embeddable":true,"href":"https:\/\/periodicocentroccidente.com\/index.php?rest_route=\/wp\/v2\/users\/2"}],"replies":[{"embeddable":true,"href":"https:\/\/periodicocentroccidente.com\/index.php?rest_route=%2Fwp%2Fv2%2Fcomments&post=5526"}],"version-history":[{"count":1,"href":"https:\/\/periodicocentroccidente.com\/index.php?rest_route=\/wp\/v2\/posts\/5526\/revisions"}],"predecessor-version":[{"id":5528,"href":"https:\/\/periodicocentroccidente.com\/index.php?rest_route=\/wp\/v2\/posts\/5526\/revisions\/5528"}],"wp:featuredmedia":[{"embeddable":true,"href":"https:\/\/periodicocentroccidente.com\/index.php?rest_route=\/wp\/v2\/media\/5527"}],"wp:attachment":[{"href":"https:\/\/periodicocentroccidente.com\/index.php?rest_route=%2Fwp%2Fv2%2Fmedia&parent=5526"}],"wp:term":[{"taxonomy":"category","embeddable":true,"href":"https:\/\/periodicocentroccidente.com\/index.php?rest_route=%2Fwp%2Fv2%2Fcategories&post=5526"},{"taxonomy":"post_tag","embeddable":true,"href":"https:\/\/periodicocentroccidente.com\/index.php?rest_route=%2Fwp%2Fv2%2Ftags&post=5526"}],"curies":[{"name":"wp","href":"https:\/\/api.w.org\/{rel}","templated":true}]}}