{"id":5477,"date":"2026-01-28T15:21:34","date_gmt":"2026-01-28T15:21:34","guid":{"rendered":"https:\/\/periodicocentroccidente.com\/?p=5477"},"modified":"2026-01-28T15:21:34","modified_gmt":"2026-01-28T15:21:34","slug":"portuguesa-se-alista-para-torneo-nacional-de-beisbol-pre-infantil","status":"publish","type":"post","link":"https:\/\/periodicocentroccidente.com\/?p=5477","title":{"rendered":"Portuguesa se alista para Torneo  Nacional de b\u00e9isbol pre-infantil"},"content":{"rendered":"<p><strong>Especial.-<\/strong><\/p>\n<p>En el estadio \u201cElvidio Rey\u201d de esta ciudad se efectu\u00f3 una jornada evaluatoria para escoger a los integrantes de la selecci\u00f3n pre-infantil que representara a Portuguesa en el Torneo Nacional de b\u00e9isbol, evento a disputarse entre los d\u00edas 18 y 25 de febrero en el estadio La Guaira. Cada peloterito fue observado por los t\u00e9cnicos Antonio Graterol, Higinio Peraza y Andr\u00e9s D\u00edaz.<\/p>\n<p>En la jornada participaron 16 jugadores de la Liga Jos\u00e9 Antonio P\u00e1ez de Acarigua-Araure y 18 de la Liga Coromotana de la capital portuguese\u00f1a. El dirigente Oscar Navas dijo que el equipo definitivo estar\u00e1 conformado por 22 jugadores, quienes dar\u00e1n el m\u00e1ximo para que la tropa llanera se meta por lo menos entre los cinco primeros lugares.<\/p>\n<p><img loading=\"lazy\" decoding=\"async\" class=\"alignnone size-medium wp-image-5479\" src=\"https:\/\/periodicocentroccidente.com\/wp-content\/uploads\/2026\/01\/beisbol-2-300x186.jpg\" alt=\"\" width=\"300\" height=\"186\" srcset=\"https:\/\/periodicocentroccidente.com\/wp-content\/uploads\/2026\/01\/beisbol-2-300x186.jpg 300w, https:\/\/periodicocentroccidente.com\/wp-content\/uploads\/2026\/01\/beisbol-2-1024x635.jpg 1024w, https:\/\/periodicocentroccidente.com\/wp-content\/uploads\/2026\/01\/beisbol-2-768x476.jpg 768w, https:\/\/periodicocentroccidente.com\/wp-content\/uploads\/2026\/01\/beisbol-2-1536x952.jpg 1536w, https:\/\/periodicocentroccidente.com\/wp-content\/uploads\/2026\/01\/beisbol-2-2048x1270.jpg 2048w\" sizes=\"auto, (max-width: 300px) 100vw, 300px\" \/>\u00a0 \u00a0 \u00a0 \u00a0 <img loading=\"lazy\" decoding=\"async\" class=\"alignnone size-medium wp-image-5480\" src=\"https:\/\/periodicocentroccidente.com\/wp-content\/uploads\/2026\/01\/beisbol-3-300x196.jpg\" alt=\"\" width=\"300\" height=\"196\" srcset=\"https:\/\/periodicocentroccidente.com\/wp-content\/uploads\/2026\/01\/beisbol-3-300x196.jpg 300w, https:\/\/periodicocentroccidente.com\/wp-content\/uploads\/2026\/01\/beisbol-3-1024x670.jpg 1024w, https:\/\/periodicocentroccidente.com\/wp-content\/uploads\/2026\/01\/beisbol-3-768x503.jpg 768w, https:\/\/periodicocentroccidente.com\/wp-content\/uploads\/2026\/01\/beisbol-3-1536x1005.jpg 1536w, https:\/\/periodicocentroccidente.com\/wp-content\/uploads\/2026\/01\/beisbol-3-2048x1340.jpg 2048w\" sizes=\"auto, (max-width: 300px) 100vw, 300px\" \/><\/p>\n","protected":false},"excerpt":{"rendered":"<p>Especial.- En el estadio &ldquo;Elvidio Rey&rdquo; de esta ciudad se efectu&oacute; una jornada evaluatoria para escoger a los integrantes de la selecci&oacute;n pre-infantil que representara a Portuguesa en el Torneo Nacional de b&eacute;isbol, evento a disputarse entre los d&iacute;as 18 y 25 de febrero en el estadio La Guaira. Cada peloterito fue observado por los &hellip;<\/p>\n","protected":false},"author":2,"featured_media":5478,"comment_status":"open","ping_status":"open","sticky":false,"template":"","format":"standard","meta":{"_jetpack_memberships_contains_paid_content":false,"footnotes":""},"categories":[127],"tags":[],"class_list":["post-5477","post","type-post","status-publish","format-standard","has-post-thumbnail","hentry","category-noticias-recientes"],"yoast_head":"<!-- This site is optimized with the Yoast SEO plugin v24.8.1 - https:\/\/yoast.com\/wordpress\/plugins\/seo\/ -->\n<title>Portuguesa se alista para Torneo Nacional de b\u00e9isbol pre-infantil -<\/title>\n<meta name=\"robots\" content=\"index, follow, max-snippet:-1, max-image-preview:large, max-video-preview:-1\" \/>\n<link rel=\"canonical\" href=\"https:\/\/periodicocentroccidente.com\/?p=5477\" \/>\n<meta property=\"og:locale\" content=\"es_ES\" \/>\n<meta property=\"og:type\" content=\"article\" \/>\n<meta property=\"og:title\" content=\"Portuguesa se alista para Torneo Nacional de b\u00e9isbol pre-infantil -\" \/>\n<meta property=\"og:description\" content=\"Especial.- En el estadio &ldquo;Elvidio Rey&rdquo; de esta ciudad se efectu&oacute; una jornada evaluatoria para escoger a los integrantes de la selecci&oacute;n pre-infantil que representara a Portuguesa en el Torneo Nacional de b&eacute;isbol, evento a disputarse entre los d&iacute;as 18 y 25 de febrero en el estadio La Guaira. Cada peloterito fue observado por los &hellip;\" \/>\n<meta property=\"og:url\" content=\"https:\/\/periodicocentroccidente.com\/?p=5477\" \/>\n<meta property=\"article:published_time\" content=\"2026-01-28T15:21:34+00:00\" \/>\n<meta property=\"og:image\" content=\"https:\/\/periodicocentroccidente.com\/wp-content\/uploads\/2026\/01\/beisbol-1-scaled.jpg\" \/>\n\t<meta property=\"og:image:width\" content=\"2560\" \/>\n\t<meta property=\"og:image:height\" content=\"1572\" \/>\n\t<meta property=\"og:image:type\" content=\"image\/jpeg\" \/>\n<meta name=\"author\" content=\"Ricardo\" \/>\n<meta name=\"twitter:card\" content=\"summary_large_image\" \/>\n<meta name=\"twitter:label1\" content=\"Escrito por\" \/>\n\t<meta name=\"twitter:data1\" content=\"Ricardo\" \/>\n\t<meta name=\"twitter:label2\" content=\"Tiempo de lectura\" \/>\n\t<meta name=\"twitter:data2\" content=\"2 minutos\" \/>\n<script type=\"application\/ld+json\" class=\"yoast-schema-graph\">{\"@context\":\"https:\/\/schema.org\",\"@graph\":[{\"@type\":\"WebPage\",\"@id\":\"https:\/\/periodicocentroccidente.com\/?p=5477\",\"url\":\"https:\/\/periodicocentroccidente.com\/?p=5477\",\"name\":\"Portuguesa se alista para Torneo Nacional de b\u00e9isbol pre-infantil -\",\"isPartOf\":{\"@id\":\"https:\/\/periodicocentroccidente.com\/#website\"},\"primaryImageOfPage\":{\"@id\":\"https:\/\/periodicocentroccidente.com\/?p=5477#primaryimage\"},\"image\":{\"@id\":\"https:\/\/periodicocentroccidente.com\/?p=5477#primaryimage\"},\"thumbnailUrl\":\"https:\/\/periodicocentroccidente.com\/wp-content\/uploads\/2026\/01\/beisbol-1-scaled.jpg\",\"datePublished\":\"2026-01-28T15:21:34+00:00\",\"author\":{\"@id\":\"https:\/\/periodicocentroccidente.com\/#\/schema\/person\/f4e4a651098f3db198244657b7130e7e\"},\"breadcrumb\":{\"@id\":\"https:\/\/periodicocentroccidente.com\/?p=5477#breadcrumb\"},\"inLanguage\":\"es\",\"potentialAction\":[{\"@type\":\"ReadAction\",\"target\":[\"https:\/\/periodicocentroccidente.com\/?p=5477\"]}]},{\"@type\":\"ImageObject\",\"inLanguage\":\"es\",\"@id\":\"https:\/\/periodicocentroccidente.com\/?p=5477#primaryimage\",\"url\":\"https:\/\/periodicocentroccidente.com\/wp-content\/uploads\/2026\/01\/beisbol-1-scaled.jpg\",\"contentUrl\":\"https:\/\/periodicocentroccidente.com\/wp-content\/uploads\/2026\/01\/beisbol-1-scaled.jpg\",\"width\":2560,\"height\":1572},{\"@type\":\"BreadcrumbList\",\"@id\":\"https:\/\/periodicocentroccidente.com\/?p=5477#breadcrumb\",\"itemListElement\":[{\"@type\":\"ListItem\",\"position\":1,\"name\":\"Portada\",\"item\":\"https:\/\/periodicocentroccidente.com\/\"},{\"@type\":\"ListItem\",\"position\":2,\"name\":\"Portuguesa se alista para Torneo Nacional de b\u00e9isbol pre-infantil\"}]},{\"@type\":\"WebSite\",\"@id\":\"https:\/\/periodicocentroccidente.com\/#website\",\"url\":\"https:\/\/periodicocentroccidente.com\/\",\"name\":\"\",\"description\":\"Periodismo serio y responsable\",\"potentialAction\":[{\"@type\":\"SearchAction\",\"target\":{\"@type\":\"EntryPoint\",\"urlTemplate\":\"https:\/\/periodicocentroccidente.com\/?s={search_term_string}\"},\"query-input\":{\"@type\":\"PropertyValueSpecification\",\"valueRequired\":true,\"valueName\":\"search_term_string\"}}],\"inLanguage\":\"es\"},{\"@type\":\"Person\",\"@id\":\"https:\/\/periodicocentroccidente.com\/#\/schema\/person\/f4e4a651098f3db198244657b7130e7e\",\"name\":\"Ricardo\",\"image\":{\"@type\":\"ImageObject\",\"inLanguage\":\"es\",\"@id\":\"https:\/\/periodicocentroccidente.com\/#\/schema\/person\/image\/\",\"url\":\"https:\/\/secure.gravatar.com\/avatar\/402e6137108ec0fdaa7809184382fb1dd2f8b00264c1d945d341f2b8f90db429?s=96&d=mm&r=g\",\"contentUrl\":\"https:\/\/secure.gravatar.com\/avatar\/402e6137108ec0fdaa7809184382fb1dd2f8b00264c1d945d341f2b8f90db429?s=96&d=mm&r=g\",\"caption\":\"Ricardo\"},\"url\":\"https:\/\/periodicocentroccidente.com\/?author=2\"}]}<\/script>\n<!-- \/ Yoast SEO plugin. -->","yoast_head_json":{"title":"Portuguesa se alista para Torneo Nacional de b\u00e9isbol pre-infantil -","robots":{"index":"index","follow":"follow","max-snippet":"max-snippet:-1","max-image-preview":"max-image-preview:large","max-video-preview":"max-video-preview:-1"},"canonical":"https:\/\/periodicocentroccidente.com\/?p=5477","og_locale":"es_ES","og_type":"article","og_title":"Portuguesa se alista para Torneo Nacional de b\u00e9isbol pre-infantil -","og_description":"Especial.- En el estadio &ldquo;Elvidio Rey&rdquo; de esta ciudad se efectu&oacute; una jornada evaluatoria para escoger a los integrantes de la selecci&oacute;n pre-infantil que representara a Portuguesa en el Torneo Nacional de b&eacute;isbol, evento a disputarse entre los d&iacute;as 18 y 25 de febrero en el estadio La Guaira. Cada peloterito fue observado por los &hellip;","og_url":"https:\/\/periodicocentroccidente.com\/?p=5477","article_published_time":"2026-01-28T15:21:34+00:00","og_image":[{"width":2560,"height":1572,"url":"https:\/\/periodicocentroccidente.com\/wp-content\/uploads\/2026\/01\/beisbol-1-scaled.jpg","type":"image\/jpeg"}],"author":"Ricardo","twitter_card":"summary_large_image","twitter_misc":{"Escrito por":"Ricardo","Tiempo de lectura":"2 minutos"},"schema":{"@context":"https:\/\/schema.org","@graph":[{"@type":"WebPage","@id":"https:\/\/periodicocentroccidente.com\/?p=5477","url":"https:\/\/periodicocentroccidente.com\/?p=5477","name":"Portuguesa se alista para Torneo Nacional de b\u00e9isbol pre-infantil -","isPartOf":{"@id":"https:\/\/periodicocentroccidente.com\/#website"},"primaryImageOfPage":{"@id":"https:\/\/periodicocentroccidente.com\/?p=5477#primaryimage"},"image":{"@id":"https:\/\/periodicocentroccidente.com\/?p=5477#primaryimage"},"thumbnailUrl":"https:\/\/periodicocentroccidente.com\/wp-content\/uploads\/2026\/01\/beisbol-1-scaled.jpg","datePublished":"2026-01-28T15:21:34+00:00","author":{"@id":"https:\/\/periodicocentroccidente.com\/#\/schema\/person\/f4e4a651098f3db198244657b7130e7e"},"breadcrumb":{"@id":"https:\/\/periodicocentroccidente.com\/?p=5477#breadcrumb"},"inLanguage":"es","potentialAction":[{"@type":"ReadAction","target":["https:\/\/periodicocentroccidente.com\/?p=5477"]}]},{"@type":"ImageObject","inLanguage":"es","@id":"https:\/\/periodicocentroccidente.com\/?p=5477#primaryimage","url":"https:\/\/periodicocentroccidente.com\/wp-content\/uploads\/2026\/01\/beisbol-1-scaled.jpg","contentUrl":"https:\/\/periodicocentroccidente.com\/wp-content\/uploads\/2026\/01\/beisbol-1-scaled.jpg","width":2560,"height":1572},{"@type":"BreadcrumbList","@id":"https:\/\/periodicocentroccidente.com\/?p=5477#breadcrumb","itemListElement":[{"@type":"ListItem","position":1,"name":"Portada","item":"https:\/\/periodicocentroccidente.com\/"},{"@type":"ListItem","position":2,"name":"Portuguesa se alista para Torneo Nacional de b\u00e9isbol pre-infantil"}]},{"@type":"WebSite","@id":"https:\/\/periodicocentroccidente.com\/#website","url":"https:\/\/periodicocentroccidente.com\/","name":"","description":"Periodismo serio y responsable","potentialAction":[{"@type":"SearchAction","target":{"@type":"EntryPoint","urlTemplate":"https:\/\/periodicocentroccidente.com\/?s={search_term_string}"},"query-input":{"@type":"PropertyValueSpecification","valueRequired":true,"valueName":"search_term_string"}}],"inLanguage":"es"},{"@type":"Person","@id":"https:\/\/periodicocentroccidente.com\/#\/schema\/person\/f4e4a651098f3db198244657b7130e7e","name":"Ricardo","image":{"@type":"ImageObject","inLanguage":"es","@id":"https:\/\/periodicocentroccidente.com\/#\/schema\/person\/image\/","url":"https:\/\/secure.gravatar.com\/avatar\/402e6137108ec0fdaa7809184382fb1dd2f8b00264c1d945d341f2b8f90db429?s=96&d=mm&r=g","contentUrl":"https:\/\/secure.gravatar.com\/avatar\/402e6137108ec0fdaa7809184382fb1dd2f8b00264c1d945d341f2b8f90db429?s=96&d=mm&r=g","caption":"Ricardo"},"url":"https:\/\/periodicocentroccidente.com\/?author=2"}]}},"jetpack_featured_media_url":"https:\/\/periodicocentroccidente.com\/wp-content\/uploads\/2026\/01\/beisbol-1-scaled.jpg","jetpack_sharing_enabled":true,"jetpack-related-posts":[],"_links":{"self":[{"href":"https:\/\/periodicocentroccidente.com\/index.php?rest_route=\/wp\/v2\/posts\/5477","targetHints":{"allow":["GET"]}}],"collection":[{"href":"https:\/\/periodicocentroccidente.com\/index.php?rest_route=\/wp\/v2\/posts"}],"about":[{"href":"https:\/\/periodicocentroccidente.com\/index.php?rest_route=\/wp\/v2\/types\/post"}],"author":[{"embeddable":true,"href":"https:\/\/periodicocentroccidente.com\/index.php?rest_route=\/wp\/v2\/users\/2"}],"replies":[{"embeddable":true,"href":"https:\/\/periodicocentroccidente.com\/index.php?rest_route=%2Fwp%2Fv2%2Fcomments&post=5477"}],"version-history":[{"count":1,"href":"https:\/\/periodicocentroccidente.com\/index.php?rest_route=\/wp\/v2\/posts\/5477\/revisions"}],"predecessor-version":[{"id":5481,"href":"https:\/\/periodicocentroccidente.com\/index.php?rest_route=\/wp\/v2\/posts\/5477\/revisions\/5481"}],"wp:featuredmedia":[{"embeddable":true,"href":"https:\/\/periodicocentroccidente.com\/index.php?rest_route=\/wp\/v2\/media\/5478"}],"wp:attachment":[{"href":"https:\/\/periodicocentroccidente.com\/index.php?rest_route=%2Fwp%2Fv2%2Fmedia&parent=5477"}],"wp:term":[{"taxonomy":"category","embeddable":true,"href":"https:\/\/periodicocentroccidente.com\/index.php?rest_route=%2Fwp%2Fv2%2Fcategories&post=5477"},{"taxonomy":"post_tag","embeddable":true,"href":"https:\/\/periodicocentroccidente.com\/index.php?rest_route=%2Fwp%2Fv2%2Ftags&post=5477"}],"curies":[{"name":"wp","href":"https:\/\/api.w.org\/{rel}","templated":true}]}}