{"id":5474,"date":"2026-01-28T15:02:30","date_gmt":"2026-01-28T15:02:30","guid":{"rendered":"https:\/\/periodicocentroccidente.com\/?p=5474"},"modified":"2026-01-28T15:02:30","modified_gmt":"2026-01-28T15:02:30","slug":"guanare-se-prepara-para-la-2da-caninata-familiar-en-el-marco-del-grito-de-carnaval-2026","status":"publish","type":"post","link":"https:\/\/periodicocentroccidente.com\/?p=5474","title":{"rendered":"Guanare se prepara para la 2da Caninata Familiar en el marco del Grito de Carnaval 2026"},"content":{"rendered":"<div dir=\"auto\"><strong>Especial.-<\/strong><\/div>\n<div dir=\"auto\"><\/div>\n<div dir=\"auto\">\n<div dir=\"auto\">Como parte de las actividades inaugurales de la tradicional Mascarada 2026, este viernes 30 de enero se llevar\u00e1 a cabo la 2da Caninata Familiar, un evento organizado por Misi\u00f3n Nevado que busca integrar a los animales de compa\u00f1\u00eda en la celebraci\u00f3n del \u00abGrito de Carnaval\u00bb m\u00e1s alegre del pa\u00eds.<\/div>\n<div dir=\"auto\"><\/div>\n<div dir=\"auto\">La actividad iniciar\u00e1 a las 5:00 p.m. y tendr\u00e1 como punto de partida la Plaza Bol\u00edvar de Guanare, realizando un recorrido hasta la Centro Cultural Tom\u00e1s Montilla.<\/div>\n<div dir=\"auto\"><\/div>\n<div dir=\"auto\">La invitaci\u00f3n es la comunidad para que asistan con sus perros disfrazados para llenar de colorido las calles de la capital portuguese\u00f1a, durante la jornada se premiar\u00e1 a la creatividad con la elecci\u00f3n del Rey y la Reina de la Caninata Familiar, fomentando un espacio de esparcimiento y uni\u00f3n para toda la familia.<\/div>\n<div dir=\"auto\"><\/div>\n<div dir=\"auto\"><strong>Medidas de seguridad y bienestar animal<\/strong><\/div>\n<div dir=\"auto\"><\/div>\n<div dir=\"auto\">Para garantizar el disfrute y la seguridad de los asistentes y sus mascotas, los organizadores han establecido los siguientes requisitos obligatorios:<\/div>\n<div dir=\"auto\">\u2022 Uso indispensable de collar, pechera y correa (bozal en casos necesarios).<\/div>\n<div dir=\"auto\">\u2022 Carnet de vacunaci\u00f3n al d\u00eda.<\/div>\n<div dir=\"auto\">\u2022 Uso responsable de disfraces: Se exhorta a no utilizar atuendos que sofoquen, cansen o pongan en riesgo la salud del animal.<\/div>\n<div dir=\"auto\"><\/div>\n<div dir=\"auto\"><strong>Inscripciones abiertas\u00a0<\/strong><\/div>\n<div dir=\"auto\"><\/div>\n<div dir=\"auto\">La participaci\u00f3n requiere un registro previo. Las personas interesadas en inscribir a sus animales de compa\u00f1\u00eda pueden hacerlo a trav\u00e9s del siguiente enlace digital:\u00a0<a href=\"https:\/\/acortar.link\/BlELUD\" target=\"_blank\" rel=\"noopener\" data-saferedirecturl=\"https:\/\/www.google.com\/url?q=https:\/\/acortar.link\/BlELUD&amp;source=gmail&amp;ust=1769698631500000&amp;usg=AOvVaw2r0XO3TiLpyNBxjjtSXCpC\">https:\/\/acortar.link\/BlELUD<\/a>. O pueden asdercarse a nuestra sede en el centro Centro Cultural Tom\u00e1s Montilla.<\/div>\n<div dir=\"auto\"><\/div>\n<div dir=\"auto\">Misi\u00f3n Nevado reitera su invitaci\u00f3n a la colectividad para disfrutar de este inicio de carnaval, recordando que \u00abla capacidad de amar es infinita\u00bb.<\/div>\n<\/div>\n<div dir=\"auto\"><\/div>\n<div dir=\"auto\">\n<div dir=\"auto\"><strong>VIA REDACCI\u00d3N GUAYOYO24.-<\/strong><\/div>\n<\/div>\n<div dir=\"auto\"><\/div>\n<div dir=\"auto\"><img loading=\"lazy\" decoding=\"async\" class=\"alignnone size-medium wp-image-5475\" src=\"https:\/\/periodicocentroccidente.com\/wp-content\/uploads\/2026\/01\/unnamed-1-195x300.jpg\" alt=\"\" width=\"195\" height=\"300\" srcset=\"https:\/\/periodicocentroccidente.com\/wp-content\/uploads\/2026\/01\/unnamed-1-195x300.jpg 195w, https:\/\/periodicocentroccidente.com\/wp-content\/uploads\/2026\/01\/unnamed-1-666x1024.jpg 666w, https:\/\/periodicocentroccidente.com\/wp-content\/uploads\/2026\/01\/unnamed-1-768x1182.jpg 768w, https:\/\/periodicocentroccidente.com\/wp-content\/uploads\/2026\/01\/unnamed-1-998x1536.jpg 998w, https:\/\/periodicocentroccidente.com\/wp-content\/uploads\/2026\/01\/unnamed-1.jpg 1040w\" sizes=\"auto, (max-width: 195px) 100vw, 195px\" \/><\/div>\n<div dir=\"auto\">\n<div dir=\"auto\"><\/div>\n<\/div>\n<div dir=\"auto\"><\/div>\n","protected":false},"excerpt":{"rendered":"<p>Especial.- Como parte de las actividades inaugurales de la tradicional Mascarada 2026, este viernes 30 de enero se llevar&aacute; a cabo la 2da Caninata Familiar, un evento organizado por Misi&oacute;n Nevado que busca integrar a los animales de compa&ntilde;&iacute;a en la celebraci&oacute;n del &laquo;Grito de Carnaval&raquo; m&aacute;s alegre del pa&iacute;s. La actividad iniciar&aacute; a las &hellip;<\/p>\n","protected":false},"author":2,"featured_media":5475,"comment_status":"open","ping_status":"open","sticky":false,"template":"","format":"standard","meta":{"_jetpack_memberships_contains_paid_content":false,"footnotes":""},"categories":[127],"tags":[],"class_list":["post-5474","post","type-post","status-publish","format-standard","has-post-thumbnail","hentry","category-noticias-recientes"],"yoast_head":"<!-- This site is optimized with the Yoast SEO plugin v24.8.1 - https:\/\/yoast.com\/wordpress\/plugins\/seo\/ -->\n<title>Guanare se prepara para la 2da Caninata Familiar en el marco del Grito de Carnaval 2026 -<\/title>\n<meta name=\"robots\" content=\"index, follow, max-snippet:-1, max-image-preview:large, max-video-preview:-1\" \/>\n<link rel=\"canonical\" href=\"https:\/\/periodicocentroccidente.com\/?p=5474\" \/>\n<meta property=\"og:locale\" content=\"es_ES\" \/>\n<meta property=\"og:type\" content=\"article\" \/>\n<meta property=\"og:title\" content=\"Guanare se prepara para la 2da Caninata Familiar en el marco del Grito de Carnaval 2026 -\" \/>\n<meta property=\"og:description\" content=\"Especial.- Como parte de las actividades inaugurales de la tradicional Mascarada 2026, este viernes 30 de enero se llevar&aacute; a cabo la 2da Caninata Familiar, un evento organizado por Misi&oacute;n Nevado que busca integrar a los animales de compa&ntilde;&iacute;a en la celebraci&oacute;n del &laquo;Grito de Carnaval&raquo; m&aacute;s alegre del pa&iacute;s. La actividad iniciar&aacute; a las &hellip;\" \/>\n<meta property=\"og:url\" content=\"https:\/\/periodicocentroccidente.com\/?p=5474\" \/>\n<meta property=\"article:published_time\" content=\"2026-01-28T15:02:30+00:00\" \/>\n<meta property=\"og:image\" content=\"https:\/\/periodicocentroccidente.com\/wp-content\/uploads\/2026\/01\/unnamed-1.jpg\" \/>\n\t<meta property=\"og:image:width\" content=\"1040\" \/>\n\t<meta property=\"og:image:height\" content=\"1600\" \/>\n\t<meta property=\"og:image:type\" content=\"image\/jpeg\" \/>\n<meta name=\"author\" content=\"Ricardo\" \/>\n<meta name=\"twitter:card\" content=\"summary_large_image\" \/>\n<meta name=\"twitter:label1\" content=\"Escrito por\" \/>\n\t<meta name=\"twitter:data1\" content=\"Ricardo\" \/>\n\t<meta name=\"twitter:label2\" content=\"Tiempo de lectura\" \/>\n\t<meta name=\"twitter:data2\" content=\"2 minutos\" \/>\n<script type=\"application\/ld+json\" class=\"yoast-schema-graph\">{\"@context\":\"https:\/\/schema.org\",\"@graph\":[{\"@type\":\"WebPage\",\"@id\":\"https:\/\/periodicocentroccidente.com\/?p=5474\",\"url\":\"https:\/\/periodicocentroccidente.com\/?p=5474\",\"name\":\"Guanare se prepara para la 2da Caninata Familiar en el marco del Grito de Carnaval 2026 -\",\"isPartOf\":{\"@id\":\"https:\/\/periodicocentroccidente.com\/#website\"},\"primaryImageOfPage\":{\"@id\":\"https:\/\/periodicocentroccidente.com\/?p=5474#primaryimage\"},\"image\":{\"@id\":\"https:\/\/periodicocentroccidente.com\/?p=5474#primaryimage\"},\"thumbnailUrl\":\"https:\/\/periodicocentroccidente.com\/wp-content\/uploads\/2026\/01\/unnamed-1.jpg\",\"datePublished\":\"2026-01-28T15:02:30+00:00\",\"author\":{\"@id\":\"https:\/\/periodicocentroccidente.com\/#\/schema\/person\/f4e4a651098f3db198244657b7130e7e\"},\"breadcrumb\":{\"@id\":\"https:\/\/periodicocentroccidente.com\/?p=5474#breadcrumb\"},\"inLanguage\":\"es\",\"potentialAction\":[{\"@type\":\"ReadAction\",\"target\":[\"https:\/\/periodicocentroccidente.com\/?p=5474\"]}]},{\"@type\":\"ImageObject\",\"inLanguage\":\"es\",\"@id\":\"https:\/\/periodicocentroccidente.com\/?p=5474#primaryimage\",\"url\":\"https:\/\/periodicocentroccidente.com\/wp-content\/uploads\/2026\/01\/unnamed-1.jpg\",\"contentUrl\":\"https:\/\/periodicocentroccidente.com\/wp-content\/uploads\/2026\/01\/unnamed-1.jpg\",\"width\":1040,\"height\":1600},{\"@type\":\"BreadcrumbList\",\"@id\":\"https:\/\/periodicocentroccidente.com\/?p=5474#breadcrumb\",\"itemListElement\":[{\"@type\":\"ListItem\",\"position\":1,\"name\":\"Portada\",\"item\":\"https:\/\/periodicocentroccidente.com\/\"},{\"@type\":\"ListItem\",\"position\":2,\"name\":\"Guanare se prepara para la 2da Caninata Familiar en el marco del Grito de Carnaval 2026\"}]},{\"@type\":\"WebSite\",\"@id\":\"https:\/\/periodicocentroccidente.com\/#website\",\"url\":\"https:\/\/periodicocentroccidente.com\/\",\"name\":\"\",\"description\":\"Periodismo serio y responsable\",\"potentialAction\":[{\"@type\":\"SearchAction\",\"target\":{\"@type\":\"EntryPoint\",\"urlTemplate\":\"https:\/\/periodicocentroccidente.com\/?s={search_term_string}\"},\"query-input\":{\"@type\":\"PropertyValueSpecification\",\"valueRequired\":true,\"valueName\":\"search_term_string\"}}],\"inLanguage\":\"es\"},{\"@type\":\"Person\",\"@id\":\"https:\/\/periodicocentroccidente.com\/#\/schema\/person\/f4e4a651098f3db198244657b7130e7e\",\"name\":\"Ricardo\",\"image\":{\"@type\":\"ImageObject\",\"inLanguage\":\"es\",\"@id\":\"https:\/\/periodicocentroccidente.com\/#\/schema\/person\/image\/\",\"url\":\"https:\/\/secure.gravatar.com\/avatar\/402e6137108ec0fdaa7809184382fb1dd2f8b00264c1d945d341f2b8f90db429?s=96&d=mm&r=g\",\"contentUrl\":\"https:\/\/secure.gravatar.com\/avatar\/402e6137108ec0fdaa7809184382fb1dd2f8b00264c1d945d341f2b8f90db429?s=96&d=mm&r=g\",\"caption\":\"Ricardo\"},\"url\":\"https:\/\/periodicocentroccidente.com\/?author=2\"}]}<\/script>\n<!-- \/ Yoast SEO plugin. -->","yoast_head_json":{"title":"Guanare se prepara para la 2da Caninata Familiar en el marco del Grito de Carnaval 2026 -","robots":{"index":"index","follow":"follow","max-snippet":"max-snippet:-1","max-image-preview":"max-image-preview:large","max-video-preview":"max-video-preview:-1"},"canonical":"https:\/\/periodicocentroccidente.com\/?p=5474","og_locale":"es_ES","og_type":"article","og_title":"Guanare se prepara para la 2da Caninata Familiar en el marco del Grito de Carnaval 2026 -","og_description":"Especial.- Como parte de las actividades inaugurales de la tradicional Mascarada 2026, este viernes 30 de enero se llevar&aacute; a cabo la 2da Caninata Familiar, un evento organizado por Misi&oacute;n Nevado que busca integrar a los animales de compa&ntilde;&iacute;a en la celebraci&oacute;n del &laquo;Grito de Carnaval&raquo; m&aacute;s alegre del pa&iacute;s. La actividad iniciar&aacute; a las &hellip;","og_url":"https:\/\/periodicocentroccidente.com\/?p=5474","article_published_time":"2026-01-28T15:02:30+00:00","og_image":[{"width":1040,"height":1600,"url":"https:\/\/periodicocentroccidente.com\/wp-content\/uploads\/2026\/01\/unnamed-1.jpg","type":"image\/jpeg"}],"author":"Ricardo","twitter_card":"summary_large_image","twitter_misc":{"Escrito por":"Ricardo","Tiempo de lectura":"2 minutos"},"schema":{"@context":"https:\/\/schema.org","@graph":[{"@type":"WebPage","@id":"https:\/\/periodicocentroccidente.com\/?p=5474","url":"https:\/\/periodicocentroccidente.com\/?p=5474","name":"Guanare se prepara para la 2da Caninata Familiar en el marco del Grito de Carnaval 2026 -","isPartOf":{"@id":"https:\/\/periodicocentroccidente.com\/#website"},"primaryImageOfPage":{"@id":"https:\/\/periodicocentroccidente.com\/?p=5474#primaryimage"},"image":{"@id":"https:\/\/periodicocentroccidente.com\/?p=5474#primaryimage"},"thumbnailUrl":"https:\/\/periodicocentroccidente.com\/wp-content\/uploads\/2026\/01\/unnamed-1.jpg","datePublished":"2026-01-28T15:02:30+00:00","author":{"@id":"https:\/\/periodicocentroccidente.com\/#\/schema\/person\/f4e4a651098f3db198244657b7130e7e"},"breadcrumb":{"@id":"https:\/\/periodicocentroccidente.com\/?p=5474#breadcrumb"},"inLanguage":"es","potentialAction":[{"@type":"ReadAction","target":["https:\/\/periodicocentroccidente.com\/?p=5474"]}]},{"@type":"ImageObject","inLanguage":"es","@id":"https:\/\/periodicocentroccidente.com\/?p=5474#primaryimage","url":"https:\/\/periodicocentroccidente.com\/wp-content\/uploads\/2026\/01\/unnamed-1.jpg","contentUrl":"https:\/\/periodicocentroccidente.com\/wp-content\/uploads\/2026\/01\/unnamed-1.jpg","width":1040,"height":1600},{"@type":"BreadcrumbList","@id":"https:\/\/periodicocentroccidente.com\/?p=5474#breadcrumb","itemListElement":[{"@type":"ListItem","position":1,"name":"Portada","item":"https:\/\/periodicocentroccidente.com\/"},{"@type":"ListItem","position":2,"name":"Guanare se prepara para la 2da Caninata Familiar en el marco del Grito de Carnaval 2026"}]},{"@type":"WebSite","@id":"https:\/\/periodicocentroccidente.com\/#website","url":"https:\/\/periodicocentroccidente.com\/","name":"","description":"Periodismo serio y responsable","potentialAction":[{"@type":"SearchAction","target":{"@type":"EntryPoint","urlTemplate":"https:\/\/periodicocentroccidente.com\/?s={search_term_string}"},"query-input":{"@type":"PropertyValueSpecification","valueRequired":true,"valueName":"search_term_string"}}],"inLanguage":"es"},{"@type":"Person","@id":"https:\/\/periodicocentroccidente.com\/#\/schema\/person\/f4e4a651098f3db198244657b7130e7e","name":"Ricardo","image":{"@type":"ImageObject","inLanguage":"es","@id":"https:\/\/periodicocentroccidente.com\/#\/schema\/person\/image\/","url":"https:\/\/secure.gravatar.com\/avatar\/402e6137108ec0fdaa7809184382fb1dd2f8b00264c1d945d341f2b8f90db429?s=96&d=mm&r=g","contentUrl":"https:\/\/secure.gravatar.com\/avatar\/402e6137108ec0fdaa7809184382fb1dd2f8b00264c1d945d341f2b8f90db429?s=96&d=mm&r=g","caption":"Ricardo"},"url":"https:\/\/periodicocentroccidente.com\/?author=2"}]}},"jetpack_featured_media_url":"https:\/\/periodicocentroccidente.com\/wp-content\/uploads\/2026\/01\/unnamed-1.jpg","jetpack_sharing_enabled":true,"jetpack-related-posts":[],"_links":{"self":[{"href":"https:\/\/periodicocentroccidente.com\/index.php?rest_route=\/wp\/v2\/posts\/5474","targetHints":{"allow":["GET"]}}],"collection":[{"href":"https:\/\/periodicocentroccidente.com\/index.php?rest_route=\/wp\/v2\/posts"}],"about":[{"href":"https:\/\/periodicocentroccidente.com\/index.php?rest_route=\/wp\/v2\/types\/post"}],"author":[{"embeddable":true,"href":"https:\/\/periodicocentroccidente.com\/index.php?rest_route=\/wp\/v2\/users\/2"}],"replies":[{"embeddable":true,"href":"https:\/\/periodicocentroccidente.com\/index.php?rest_route=%2Fwp%2Fv2%2Fcomments&post=5474"}],"version-history":[{"count":1,"href":"https:\/\/periodicocentroccidente.com\/index.php?rest_route=\/wp\/v2\/posts\/5474\/revisions"}],"predecessor-version":[{"id":5476,"href":"https:\/\/periodicocentroccidente.com\/index.php?rest_route=\/wp\/v2\/posts\/5474\/revisions\/5476"}],"wp:featuredmedia":[{"embeddable":true,"href":"https:\/\/periodicocentroccidente.com\/index.php?rest_route=\/wp\/v2\/media\/5475"}],"wp:attachment":[{"href":"https:\/\/periodicocentroccidente.com\/index.php?rest_route=%2Fwp%2Fv2%2Fmedia&parent=5474"}],"wp:term":[{"taxonomy":"category","embeddable":true,"href":"https:\/\/periodicocentroccidente.com\/index.php?rest_route=%2Fwp%2Fv2%2Fcategories&post=5474"},{"taxonomy":"post_tag","embeddable":true,"href":"https:\/\/periodicocentroccidente.com\/index.php?rest_route=%2Fwp%2Fv2%2Ftags&post=5474"}],"curies":[{"name":"wp","href":"https:\/\/api.w.org\/{rel}","templated":true}]}}