{"id":5460,"date":"2026-01-27T17:48:00","date_gmt":"2026-01-27T17:48:00","guid":{"rendered":"https:\/\/periodicocentroccidente.com\/?p=5460"},"modified":"2026-01-27T17:48:00","modified_gmt":"2026-01-27T17:48:00","slug":"poliportuguesa-refuerza-la-seguridad-y-supervision-durante-el-mes-de-enero","status":"publish","type":"post","link":"https:\/\/periodicocentroccidente.com\/?p=5460","title":{"rendered":"PoliPortuguesa refuerza la seguridad y supervisi\u00f3n durante el mes de enero"},"content":{"rendered":"<p><strong>Especial.-<\/strong><\/p>\n<div dir=\"auto\">Como parte del reporte informativo mensual, la Polic\u00eda del estado Portuguesa present\u00f3 su balance de efectividad correspondiente al mes de enero, destacando importantes avances en materia de prevenci\u00f3n, supervisi\u00f3n y control de delitos en la regi\u00f3n, bajo cumplimiento de los lineamientos establecidos por el Ministro de Relaciones Interiores, Justicia y Paz, Cap. Diosdado Cabello, el Gobernador Bolivariano Primitivo Cede\u00f1o y el Director General de la Polic\u00eda Estadal de Portuguesa, G\/B Luis Alberto Morales Guerrero.<\/div>\n<div dir=\"auto\"><\/div>\n<div dir=\"auto\">Durante este periodo transcurrido, las autoridades lograron la detenci\u00f3n de 21 ciudadanos, de los cuales 18 fueron capturados en flagrancia y 3 se encontraban solicitados por la justicia. Entre las causas principales de detenci\u00f3n destacan casos de violencia de g\u00e9nero (6), lesiones personales (5) y delitos relacionados con drogas (1).<\/div>\n<div dir=\"auto\"><\/div>\n<div dir=\"auto\"><strong>Supervisi\u00f3n y Prevenci\u00f3n<\/strong><\/div>\n<div dir=\"auto\"><\/div>\n<div dir=\"auto\">En un esfuerzo por garantizar la tranquilidad ciudadana, el cuerpo policial realiz\u00f3 un despliegue masivo de supervisi\u00f3n en sectores clave:\u00a0 Licorer\u00edas (1,125 inspecciones); Dispositivos de seguridad (700 operativos realizados); Revisiones SIIPOL (se verificaron un total de 16,856 personas, 2,085 veh\u00edculos y 5,328 motocicletas); Instituciones (se supervisaron 294 estaciones de servicio y 257 unidades educativas).<\/div>\n<div dir=\"auto\"><\/div>\n<div dir=\"auto\"><strong>Seguridad Vial<\/strong><\/div>\n<div dir=\"auto\"><\/div>\n<div dir=\"auto\">En materia de tr\u00e1nsito, se registraron 40 accidentes en total, con una mayor incidencia en motocicletas (36 casos). El municipio Guanare concentr\u00f3 la cifra m\u00e1s alta de siniestros. Afortunadamente, a pesar de reportarse 60 lesionados en total, no se registraron fallecidos por estas causas durante el mes.<\/div>\n<div dir=\"auto\"><\/div>\n<div dir=\"auto\">Finalmente, las autoridades informaron la incautaci\u00f3n de 21 gramos de presunta droga tipo \u00abcripy\u00bb en el municipio Ospino, reafirmando el compromiso del Gobierno Nacional Bolivariano y de la instituci\u00f3n con la lucha contra el narcotr\u00e1fico.<\/div>\n<div dir=\"auto\"><\/div>\n<div dir=\"auto\">La vocer\u00eda oficial del ente en cuesti\u00f3n, inform\u00f3 que se intensifican los operativos durante el fin de semana, bajo el control operacional de la Zodi, posicionando a Portuguesa entre los estados con mejor seguridad de Venezuela.<\/div>\n<div dir=\"auto\"><\/div>\n<div dir=\"auto\"><strong>Fuente: Cuerpo de Polic\u00eda Bolivariana del estado Portuguesa\u00a0<\/strong><\/div>\n<div dir=\"auto\"><strong>Redacci\u00f3n: M. Far\u00eda. CNP:19087<\/strong><\/div>\n<div dir=\"auto\"><\/div>\n<div dir=\"auto\"><img loading=\"lazy\" decoding=\"async\" class=\"alignnone size-medium wp-image-5465\" src=\"https:\/\/periodicocentroccidente.com\/wp-content\/uploads\/2026\/01\/IMG-20260126-WA0735-300x225.jpg\" alt=\"\" width=\"300\" height=\"225\" srcset=\"https:\/\/periodicocentroccidente.com\/wp-content\/uploads\/2026\/01\/IMG-20260126-WA0735-300x225.jpg 300w, https:\/\/periodicocentroccidente.com\/wp-content\/uploads\/2026\/01\/IMG-20260126-WA0735-1024x768.jpg 1024w, https:\/\/periodicocentroccidente.com\/wp-content\/uploads\/2026\/01\/IMG-20260126-WA0735-768x576.jpg 768w, https:\/\/periodicocentroccidente.com\/wp-content\/uploads\/2026\/01\/IMG-20260126-WA0735-1536x1152.jpg 1536w, https:\/\/periodicocentroccidente.com\/wp-content\/uploads\/2026\/01\/IMG-20260126-WA0735-2048x1536.jpg 2048w\" sizes=\"auto, (max-width: 300px) 100vw, 300px\" \/>\u00a0 \u00a0 \u00a0 <img loading=\"lazy\" decoding=\"async\" class=\"alignnone size-medium wp-image-5464\" src=\"https:\/\/periodicocentroccidente.com\/wp-content\/uploads\/2026\/01\/IMG-20260126-WA0733-300x225.jpg\" alt=\"\" width=\"300\" height=\"225\" srcset=\"https:\/\/periodicocentroccidente.com\/wp-content\/uploads\/2026\/01\/IMG-20260126-WA0733-300x225.jpg 300w, https:\/\/periodicocentroccidente.com\/wp-content\/uploads\/2026\/01\/IMG-20260126-WA0733-1024x768.jpg 1024w, https:\/\/periodicocentroccidente.com\/wp-content\/uploads\/2026\/01\/IMG-20260126-WA0733-768x576.jpg 768w, https:\/\/periodicocentroccidente.com\/wp-content\/uploads\/2026\/01\/IMG-20260126-WA0733-1536x1152.jpg 1536w, https:\/\/periodicocentroccidente.com\/wp-content\/uploads\/2026\/01\/IMG-20260126-WA0733-2048x1536.jpg 2048w\" sizes=\"auto, (max-width: 300px) 100vw, 300px\" \/><\/div>\n<div dir=\"auto\"><\/div>\n<div dir=\"auto\"><img loading=\"lazy\" decoding=\"async\" class=\"alignnone size-medium wp-image-5461\" src=\"https:\/\/periodicocentroccidente.com\/wp-content\/uploads\/2026\/01\/IMG-20260126-WA0725-300x225.jpg\" alt=\"\" width=\"300\" height=\"225\" srcset=\"https:\/\/periodicocentroccidente.com\/wp-content\/uploads\/2026\/01\/IMG-20260126-WA0725-300x225.jpg 300w, https:\/\/periodicocentroccidente.com\/wp-content\/uploads\/2026\/01\/IMG-20260126-WA0725-768x577.jpg 768w, https:\/\/periodicocentroccidente.com\/wp-content\/uploads\/2026\/01\/IMG-20260126-WA0725.jpg 958w\" sizes=\"auto, (max-width: 300px) 100vw, 300px\" \/>\u00a0 \u00a0 <img loading=\"lazy\" decoding=\"async\" class=\"alignnone size-medium wp-image-5463\" src=\"https:\/\/periodicocentroccidente.com\/wp-content\/uploads\/2026\/01\/IMG-20260126-WA0731-225x300.jpg\" alt=\"\" width=\"225\" height=\"300\" srcset=\"https:\/\/periodicocentroccidente.com\/wp-content\/uploads\/2026\/01\/IMG-20260126-WA0731-225x300.jpg 225w, https:\/\/periodicocentroccidente.com\/wp-content\/uploads\/2026\/01\/IMG-20260126-WA0731-768x1024.jpg 768w, https:\/\/periodicocentroccidente.com\/wp-content\/uploads\/2026\/01\/IMG-20260126-WA0731-1152x1536.jpg 1152w, https:\/\/periodicocentroccidente.com\/wp-content\/uploads\/2026\/01\/IMG-20260126-WA0731-1536x2048.jpg 1536w, https:\/\/periodicocentroccidente.com\/wp-content\/uploads\/2026\/01\/IMG-20260126-WA0731.jpg 1920w\" sizes=\"auto, (max-width: 225px) 100vw, 225px\" \/><\/div>\n","protected":false},"excerpt":{"rendered":"<p>Especial.- Como parte del reporte informativo mensual, la Polic&iacute;a del estado Portuguesa present&oacute; su balance de efectividad correspondiente al mes de enero, destacando importantes avances en materia de prevenci&oacute;n, supervisi&oacute;n y control de delitos en la regi&oacute;n, bajo cumplimiento de los lineamientos establecidos por el Ministro de Relaciones Interiores, Justicia y Paz, Cap. Diosdado Cabello, &hellip;<\/p>\n","protected":false},"author":2,"featured_media":5462,"comment_status":"open","ping_status":"open","sticky":false,"template":"","format":"standard","meta":{"_jetpack_memberships_contains_paid_content":false,"footnotes":""},"categories":[127],"tags":[],"class_list":["post-5460","post","type-post","status-publish","format-standard","has-post-thumbnail","hentry","category-noticias-recientes"],"yoast_head":"<!-- This site is optimized with the Yoast SEO plugin v24.8.1 - https:\/\/yoast.com\/wordpress\/plugins\/seo\/ -->\n<title>PoliPortuguesa refuerza la seguridad y supervisi\u00f3n durante el mes de enero -<\/title>\n<meta name=\"robots\" content=\"index, follow, max-snippet:-1, max-image-preview:large, max-video-preview:-1\" \/>\n<link rel=\"canonical\" href=\"https:\/\/periodicocentroccidente.com\/?p=5460\" \/>\n<meta property=\"og:locale\" content=\"es_ES\" \/>\n<meta property=\"og:type\" content=\"article\" \/>\n<meta property=\"og:title\" content=\"PoliPortuguesa refuerza la seguridad y supervisi\u00f3n durante el mes de enero -\" \/>\n<meta property=\"og:description\" content=\"Especial.- Como parte del reporte informativo mensual, la Polic&iacute;a del estado Portuguesa present&oacute; su balance de efectividad correspondiente al mes de enero, destacando importantes avances en materia de prevenci&oacute;n, supervisi&oacute;n y control de delitos en la regi&oacute;n, bajo cumplimiento de los lineamientos establecidos por el Ministro de Relaciones Interiores, Justicia y Paz, Cap. Diosdado Cabello, &hellip;\" \/>\n<meta property=\"og:url\" content=\"https:\/\/periodicocentroccidente.com\/?p=5460\" \/>\n<meta property=\"article:published_time\" content=\"2026-01-27T17:48:00+00:00\" \/>\n<meta property=\"og:image\" content=\"https:\/\/periodicocentroccidente.com\/wp-content\/uploads\/2026\/01\/IMG-20260126-WA0728.jpg\" \/>\n\t<meta property=\"og:image:width\" content=\"992\" \/>\n\t<meta property=\"og:image:height\" content=\"744\" \/>\n\t<meta property=\"og:image:type\" content=\"image\/jpeg\" \/>\n<meta name=\"author\" content=\"Ricardo\" \/>\n<meta name=\"twitter:card\" content=\"summary_large_image\" \/>\n<meta name=\"twitter:label1\" content=\"Escrito por\" \/>\n\t<meta name=\"twitter:data1\" content=\"Ricardo\" \/>\n\t<meta name=\"twitter:label2\" content=\"Tiempo de lectura\" \/>\n\t<meta name=\"twitter:data2\" content=\"3 minutos\" \/>\n<script type=\"application\/ld+json\" class=\"yoast-schema-graph\">{\"@context\":\"https:\/\/schema.org\",\"@graph\":[{\"@type\":\"WebPage\",\"@id\":\"https:\/\/periodicocentroccidente.com\/?p=5460\",\"url\":\"https:\/\/periodicocentroccidente.com\/?p=5460\",\"name\":\"PoliPortuguesa refuerza la seguridad y supervisi\u00f3n durante el mes de enero -\",\"isPartOf\":{\"@id\":\"https:\/\/periodicocentroccidente.com\/#website\"},\"primaryImageOfPage\":{\"@id\":\"https:\/\/periodicocentroccidente.com\/?p=5460#primaryimage\"},\"image\":{\"@id\":\"https:\/\/periodicocentroccidente.com\/?p=5460#primaryimage\"},\"thumbnailUrl\":\"https:\/\/periodicocentroccidente.com\/wp-content\/uploads\/2026\/01\/IMG-20260126-WA0728.jpg\",\"datePublished\":\"2026-01-27T17:48:00+00:00\",\"author\":{\"@id\":\"https:\/\/periodicocentroccidente.com\/#\/schema\/person\/f4e4a651098f3db198244657b7130e7e\"},\"breadcrumb\":{\"@id\":\"https:\/\/periodicocentroccidente.com\/?p=5460#breadcrumb\"},\"inLanguage\":\"es\",\"potentialAction\":[{\"@type\":\"ReadAction\",\"target\":[\"https:\/\/periodicocentroccidente.com\/?p=5460\"]}]},{\"@type\":\"ImageObject\",\"inLanguage\":\"es\",\"@id\":\"https:\/\/periodicocentroccidente.com\/?p=5460#primaryimage\",\"url\":\"https:\/\/periodicocentroccidente.com\/wp-content\/uploads\/2026\/01\/IMG-20260126-WA0728.jpg\",\"contentUrl\":\"https:\/\/periodicocentroccidente.com\/wp-content\/uploads\/2026\/01\/IMG-20260126-WA0728.jpg\",\"width\":992,\"height\":744},{\"@type\":\"BreadcrumbList\",\"@id\":\"https:\/\/periodicocentroccidente.com\/?p=5460#breadcrumb\",\"itemListElement\":[{\"@type\":\"ListItem\",\"position\":1,\"name\":\"Portada\",\"item\":\"https:\/\/periodicocentroccidente.com\/\"},{\"@type\":\"ListItem\",\"position\":2,\"name\":\"PoliPortuguesa refuerza la seguridad y supervisi\u00f3n durante el mes de enero\"}]},{\"@type\":\"WebSite\",\"@id\":\"https:\/\/periodicocentroccidente.com\/#website\",\"url\":\"https:\/\/periodicocentroccidente.com\/\",\"name\":\"\",\"description\":\"Periodismo serio y responsable\",\"potentialAction\":[{\"@type\":\"SearchAction\",\"target\":{\"@type\":\"EntryPoint\",\"urlTemplate\":\"https:\/\/periodicocentroccidente.com\/?s={search_term_string}\"},\"query-input\":{\"@type\":\"PropertyValueSpecification\",\"valueRequired\":true,\"valueName\":\"search_term_string\"}}],\"inLanguage\":\"es\"},{\"@type\":\"Person\",\"@id\":\"https:\/\/periodicocentroccidente.com\/#\/schema\/person\/f4e4a651098f3db198244657b7130e7e\",\"name\":\"Ricardo\",\"image\":{\"@type\":\"ImageObject\",\"inLanguage\":\"es\",\"@id\":\"https:\/\/periodicocentroccidente.com\/#\/schema\/person\/image\/\",\"url\":\"https:\/\/secure.gravatar.com\/avatar\/402e6137108ec0fdaa7809184382fb1dd2f8b00264c1d945d341f2b8f90db429?s=96&d=mm&r=g\",\"contentUrl\":\"https:\/\/secure.gravatar.com\/avatar\/402e6137108ec0fdaa7809184382fb1dd2f8b00264c1d945d341f2b8f90db429?s=96&d=mm&r=g\",\"caption\":\"Ricardo\"},\"url\":\"https:\/\/periodicocentroccidente.com\/?author=2\"}]}<\/script>\n<!-- \/ Yoast SEO plugin. -->","yoast_head_json":{"title":"PoliPortuguesa refuerza la seguridad y supervisi\u00f3n durante el mes de enero -","robots":{"index":"index","follow":"follow","max-snippet":"max-snippet:-1","max-image-preview":"max-image-preview:large","max-video-preview":"max-video-preview:-1"},"canonical":"https:\/\/periodicocentroccidente.com\/?p=5460","og_locale":"es_ES","og_type":"article","og_title":"PoliPortuguesa refuerza la seguridad y supervisi\u00f3n durante el mes de enero -","og_description":"Especial.- Como parte del reporte informativo mensual, la Polic&iacute;a del estado Portuguesa present&oacute; su balance de efectividad correspondiente al mes de enero, destacando importantes avances en materia de prevenci&oacute;n, supervisi&oacute;n y control de delitos en la regi&oacute;n, bajo cumplimiento de los lineamientos establecidos por el Ministro de Relaciones Interiores, Justicia y Paz, Cap. Diosdado Cabello, &hellip;","og_url":"https:\/\/periodicocentroccidente.com\/?p=5460","article_published_time":"2026-01-27T17:48:00+00:00","og_image":[{"width":992,"height":744,"url":"https:\/\/periodicocentroccidente.com\/wp-content\/uploads\/2026\/01\/IMG-20260126-WA0728.jpg","type":"image\/jpeg"}],"author":"Ricardo","twitter_card":"summary_large_image","twitter_misc":{"Escrito por":"Ricardo","Tiempo de lectura":"3 minutos"},"schema":{"@context":"https:\/\/schema.org","@graph":[{"@type":"WebPage","@id":"https:\/\/periodicocentroccidente.com\/?p=5460","url":"https:\/\/periodicocentroccidente.com\/?p=5460","name":"PoliPortuguesa refuerza la seguridad y supervisi\u00f3n durante el mes de enero -","isPartOf":{"@id":"https:\/\/periodicocentroccidente.com\/#website"},"primaryImageOfPage":{"@id":"https:\/\/periodicocentroccidente.com\/?p=5460#primaryimage"},"image":{"@id":"https:\/\/periodicocentroccidente.com\/?p=5460#primaryimage"},"thumbnailUrl":"https:\/\/periodicocentroccidente.com\/wp-content\/uploads\/2026\/01\/IMG-20260126-WA0728.jpg","datePublished":"2026-01-27T17:48:00+00:00","author":{"@id":"https:\/\/periodicocentroccidente.com\/#\/schema\/person\/f4e4a651098f3db198244657b7130e7e"},"breadcrumb":{"@id":"https:\/\/periodicocentroccidente.com\/?p=5460#breadcrumb"},"inLanguage":"es","potentialAction":[{"@type":"ReadAction","target":["https:\/\/periodicocentroccidente.com\/?p=5460"]}]},{"@type":"ImageObject","inLanguage":"es","@id":"https:\/\/periodicocentroccidente.com\/?p=5460#primaryimage","url":"https:\/\/periodicocentroccidente.com\/wp-content\/uploads\/2026\/01\/IMG-20260126-WA0728.jpg","contentUrl":"https:\/\/periodicocentroccidente.com\/wp-content\/uploads\/2026\/01\/IMG-20260126-WA0728.jpg","width":992,"height":744},{"@type":"BreadcrumbList","@id":"https:\/\/periodicocentroccidente.com\/?p=5460#breadcrumb","itemListElement":[{"@type":"ListItem","position":1,"name":"Portada","item":"https:\/\/periodicocentroccidente.com\/"},{"@type":"ListItem","position":2,"name":"PoliPortuguesa refuerza la seguridad y supervisi\u00f3n durante el mes de enero"}]},{"@type":"WebSite","@id":"https:\/\/periodicocentroccidente.com\/#website","url":"https:\/\/periodicocentroccidente.com\/","name":"","description":"Periodismo serio y responsable","potentialAction":[{"@type":"SearchAction","target":{"@type":"EntryPoint","urlTemplate":"https:\/\/periodicocentroccidente.com\/?s={search_term_string}"},"query-input":{"@type":"PropertyValueSpecification","valueRequired":true,"valueName":"search_term_string"}}],"inLanguage":"es"},{"@type":"Person","@id":"https:\/\/periodicocentroccidente.com\/#\/schema\/person\/f4e4a651098f3db198244657b7130e7e","name":"Ricardo","image":{"@type":"ImageObject","inLanguage":"es","@id":"https:\/\/periodicocentroccidente.com\/#\/schema\/person\/image\/","url":"https:\/\/secure.gravatar.com\/avatar\/402e6137108ec0fdaa7809184382fb1dd2f8b00264c1d945d341f2b8f90db429?s=96&d=mm&r=g","contentUrl":"https:\/\/secure.gravatar.com\/avatar\/402e6137108ec0fdaa7809184382fb1dd2f8b00264c1d945d341f2b8f90db429?s=96&d=mm&r=g","caption":"Ricardo"},"url":"https:\/\/periodicocentroccidente.com\/?author=2"}]}},"jetpack_featured_media_url":"https:\/\/periodicocentroccidente.com\/wp-content\/uploads\/2026\/01\/IMG-20260126-WA0728.jpg","jetpack_sharing_enabled":true,"jetpack-related-posts":[],"_links":{"self":[{"href":"https:\/\/periodicocentroccidente.com\/index.php?rest_route=\/wp\/v2\/posts\/5460","targetHints":{"allow":["GET"]}}],"collection":[{"href":"https:\/\/periodicocentroccidente.com\/index.php?rest_route=\/wp\/v2\/posts"}],"about":[{"href":"https:\/\/periodicocentroccidente.com\/index.php?rest_route=\/wp\/v2\/types\/post"}],"author":[{"embeddable":true,"href":"https:\/\/periodicocentroccidente.com\/index.php?rest_route=\/wp\/v2\/users\/2"}],"replies":[{"embeddable":true,"href":"https:\/\/periodicocentroccidente.com\/index.php?rest_route=%2Fwp%2Fv2%2Fcomments&post=5460"}],"version-history":[{"count":1,"href":"https:\/\/periodicocentroccidente.com\/index.php?rest_route=\/wp\/v2\/posts\/5460\/revisions"}],"predecessor-version":[{"id":5467,"href":"https:\/\/periodicocentroccidente.com\/index.php?rest_route=\/wp\/v2\/posts\/5460\/revisions\/5467"}],"wp:featuredmedia":[{"embeddable":true,"href":"https:\/\/periodicocentroccidente.com\/index.php?rest_route=\/wp\/v2\/media\/5462"}],"wp:attachment":[{"href":"https:\/\/periodicocentroccidente.com\/index.php?rest_route=%2Fwp%2Fv2%2Fmedia&parent=5460"}],"wp:term":[{"taxonomy":"category","embeddable":true,"href":"https:\/\/periodicocentroccidente.com\/index.php?rest_route=%2Fwp%2Fv2%2Fcategories&post=5460"},{"taxonomy":"post_tag","embeddable":true,"href":"https:\/\/periodicocentroccidente.com\/index.php?rest_route=%2Fwp%2Fv2%2Ftags&post=5460"}],"curies":[{"name":"wp","href":"https:\/\/api.w.org\/{rel}","templated":true}]}}