{"id":5454,"date":"2026-01-27T16:48:02","date_gmt":"2026-01-27T16:48:02","guid":{"rendered":"https:\/\/periodicocentroccidente.com\/?p=5454"},"modified":"2026-01-27T16:48:02","modified_gmt":"2026-01-27T16:48:02","slug":"legislador-albin-alvarado-participo-en-asamblea-del-poder-popular-en-santa-maria","status":"publish","type":"post","link":"https:\/\/periodicocentroccidente.com\/?p=5454","title":{"rendered":"Legislador Albin Alvarado particip\u00f3 en asamblea del poder popular en Santa Mar\u00eda"},"content":{"rendered":"<p><strong>Especial.-<\/strong><\/p>\n<div dir=\"auto\">El legislador Albin Alvarado particip\u00f3 este domingo en una asamblea popular en el barrio Santa Mar\u00eda, sector I de la comuna Nueva Bel\u00e9n del municipio Guanare.<\/div>\n<div dir=\"auto\"><\/div>\n<div dir=\"auto\">Durante el encuentro, Alvarado escuch\u00f3 las voces del Poder Popular.<\/div>\n<div dir=\"auto\"><\/div>\n<div dir=\"auto\">\u00abEs fundamental que la voz de cada uno de ustedes sea escuchada\u00bb, afirm\u00f3 el legislador, quien se comprometi\u00f3 a trabajar en esta comuna.<\/div>\n<div dir=\"auto\"><\/div>\n<div dir=\"auto\">La asamblea, que reuni\u00f3 a l\u00edderes comunitarios y vecinos, destac\u00f3 la importancia de la participaci\u00f3n ciudadana para mejorar la calidad de vida en la comunidad.<\/div>\n<div dir=\"auto\"><\/div>\n<div dir=\"auto\">Al finalizar, los asistentes agradecieron la cercan\u00eda y el compromiso del Presidente Nicol\u00e1s Maduro, la Presidenta encargada Dra. Delcy Rodr\u00edguez y del Gobernador Primitivo Cede\u00f1o.<\/div>\n<div dir=\"auto\"><\/div>\n<div dir=\"auto\">\n<div dir=\"auto\"><strong>Prensa, CLEP.-<\/strong><\/div>\n<div dir=\"auto\"><\/div>\n<\/div>\n","protected":false},"excerpt":{"rendered":"<p>Especial.- El legislador Albin Alvarado particip&oacute; este domingo en una asamblea popular en el barrio Santa Mar&iacute;a, sector I de la comuna Nueva Bel&eacute;n del municipio Guanare. Durante el encuentro, Alvarado escuch&oacute; las voces del Poder Popular. &laquo;Es fundamental que la voz de cada uno de ustedes sea escuchada&raquo;, afirm&oacute; el legislador, quien se comprometi&oacute; &hellip;<\/p>\n","protected":false},"author":2,"featured_media":5455,"comment_status":"open","ping_status":"open","sticky":false,"template":"","format":"standard","meta":{"_jetpack_memberships_contains_paid_content":false,"footnotes":""},"categories":[127],"tags":[],"class_list":["post-5454","post","type-post","status-publish","format-standard","has-post-thumbnail","hentry","category-noticias-recientes"],"yoast_head":"<!-- This site is optimized with the Yoast SEO plugin v24.8.1 - https:\/\/yoast.com\/wordpress\/plugins\/seo\/ -->\n<title>Legislador Albin Alvarado particip\u00f3 en asamblea del poder popular en Santa Mar\u00eda -<\/title>\n<meta name=\"robots\" content=\"index, follow, max-snippet:-1, max-image-preview:large, max-video-preview:-1\" \/>\n<link rel=\"canonical\" href=\"https:\/\/periodicocentroccidente.com\/?p=5454\" \/>\n<meta property=\"og:locale\" content=\"es_ES\" \/>\n<meta property=\"og:type\" content=\"article\" \/>\n<meta property=\"og:title\" content=\"Legislador Albin Alvarado particip\u00f3 en asamblea del poder popular en Santa Mar\u00eda -\" \/>\n<meta property=\"og:description\" content=\"Especial.- El legislador Albin Alvarado particip&oacute; este domingo en una asamblea popular en el barrio Santa Mar&iacute;a, sector I de la comuna Nueva Bel&eacute;n del municipio Guanare. Durante el encuentro, Alvarado escuch&oacute; las voces del Poder Popular. &laquo;Es fundamental que la voz de cada uno de ustedes sea escuchada&raquo;, afirm&oacute; el legislador, quien se comprometi&oacute; &hellip;\" \/>\n<meta property=\"og:url\" content=\"https:\/\/periodicocentroccidente.com\/?p=5454\" \/>\n<meta property=\"article:published_time\" content=\"2026-01-27T16:48:02+00:00\" \/>\n<meta property=\"og:image\" content=\"https:\/\/periodicocentroccidente.com\/wp-content\/uploads\/2026\/01\/albin.jpg\" \/>\n\t<meta property=\"og:image:width\" content=\"1280\" \/>\n\t<meta property=\"og:image:height\" content=\"720\" \/>\n\t<meta property=\"og:image:type\" content=\"image\/jpeg\" \/>\n<meta name=\"author\" content=\"Ricardo\" \/>\n<meta name=\"twitter:card\" content=\"summary_large_image\" \/>\n<meta name=\"twitter:label1\" content=\"Escrito por\" \/>\n\t<meta name=\"twitter:data1\" content=\"Ricardo\" \/>\n\t<meta name=\"twitter:label2\" content=\"Tiempo de lectura\" \/>\n\t<meta name=\"twitter:data2\" content=\"1 minuto\" \/>\n<script type=\"application\/ld+json\" class=\"yoast-schema-graph\">{\"@context\":\"https:\/\/schema.org\",\"@graph\":[{\"@type\":\"WebPage\",\"@id\":\"https:\/\/periodicocentroccidente.com\/?p=5454\",\"url\":\"https:\/\/periodicocentroccidente.com\/?p=5454\",\"name\":\"Legislador Albin Alvarado particip\u00f3 en asamblea del poder popular en Santa Mar\u00eda -\",\"isPartOf\":{\"@id\":\"https:\/\/periodicocentroccidente.com\/#website\"},\"primaryImageOfPage\":{\"@id\":\"https:\/\/periodicocentroccidente.com\/?p=5454#primaryimage\"},\"image\":{\"@id\":\"https:\/\/periodicocentroccidente.com\/?p=5454#primaryimage\"},\"thumbnailUrl\":\"https:\/\/periodicocentroccidente.com\/wp-content\/uploads\/2026\/01\/albin.jpg\",\"datePublished\":\"2026-01-27T16:48:02+00:00\",\"author\":{\"@id\":\"https:\/\/periodicocentroccidente.com\/#\/schema\/person\/f4e4a651098f3db198244657b7130e7e\"},\"breadcrumb\":{\"@id\":\"https:\/\/periodicocentroccidente.com\/?p=5454#breadcrumb\"},\"inLanguage\":\"es\",\"potentialAction\":[{\"@type\":\"ReadAction\",\"target\":[\"https:\/\/periodicocentroccidente.com\/?p=5454\"]}]},{\"@type\":\"ImageObject\",\"inLanguage\":\"es\",\"@id\":\"https:\/\/periodicocentroccidente.com\/?p=5454#primaryimage\",\"url\":\"https:\/\/periodicocentroccidente.com\/wp-content\/uploads\/2026\/01\/albin.jpg\",\"contentUrl\":\"https:\/\/periodicocentroccidente.com\/wp-content\/uploads\/2026\/01\/albin.jpg\",\"width\":1280,\"height\":720},{\"@type\":\"BreadcrumbList\",\"@id\":\"https:\/\/periodicocentroccidente.com\/?p=5454#breadcrumb\",\"itemListElement\":[{\"@type\":\"ListItem\",\"position\":1,\"name\":\"Portada\",\"item\":\"https:\/\/periodicocentroccidente.com\/\"},{\"@type\":\"ListItem\",\"position\":2,\"name\":\"Legislador Albin Alvarado particip\u00f3 en asamblea del poder popular en Santa Mar\u00eda\"}]},{\"@type\":\"WebSite\",\"@id\":\"https:\/\/periodicocentroccidente.com\/#website\",\"url\":\"https:\/\/periodicocentroccidente.com\/\",\"name\":\"\",\"description\":\"Periodismo serio y responsable\",\"potentialAction\":[{\"@type\":\"SearchAction\",\"target\":{\"@type\":\"EntryPoint\",\"urlTemplate\":\"https:\/\/periodicocentroccidente.com\/?s={search_term_string}\"},\"query-input\":{\"@type\":\"PropertyValueSpecification\",\"valueRequired\":true,\"valueName\":\"search_term_string\"}}],\"inLanguage\":\"es\"},{\"@type\":\"Person\",\"@id\":\"https:\/\/periodicocentroccidente.com\/#\/schema\/person\/f4e4a651098f3db198244657b7130e7e\",\"name\":\"Ricardo\",\"image\":{\"@type\":\"ImageObject\",\"inLanguage\":\"es\",\"@id\":\"https:\/\/periodicocentroccidente.com\/#\/schema\/person\/image\/\",\"url\":\"https:\/\/secure.gravatar.com\/avatar\/402e6137108ec0fdaa7809184382fb1dd2f8b00264c1d945d341f2b8f90db429?s=96&d=mm&r=g\",\"contentUrl\":\"https:\/\/secure.gravatar.com\/avatar\/402e6137108ec0fdaa7809184382fb1dd2f8b00264c1d945d341f2b8f90db429?s=96&d=mm&r=g\",\"caption\":\"Ricardo\"},\"url\":\"https:\/\/periodicocentroccidente.com\/?author=2\"}]}<\/script>\n<!-- \/ Yoast SEO plugin. -->","yoast_head_json":{"title":"Legislador Albin Alvarado particip\u00f3 en asamblea del poder popular en Santa Mar\u00eda -","robots":{"index":"index","follow":"follow","max-snippet":"max-snippet:-1","max-image-preview":"max-image-preview:large","max-video-preview":"max-video-preview:-1"},"canonical":"https:\/\/periodicocentroccidente.com\/?p=5454","og_locale":"es_ES","og_type":"article","og_title":"Legislador Albin Alvarado particip\u00f3 en asamblea del poder popular en Santa Mar\u00eda -","og_description":"Especial.- El legislador Albin Alvarado particip&oacute; este domingo en una asamblea popular en el barrio Santa Mar&iacute;a, sector I de la comuna Nueva Bel&eacute;n del municipio Guanare. Durante el encuentro, Alvarado escuch&oacute; las voces del Poder Popular. &laquo;Es fundamental que la voz de cada uno de ustedes sea escuchada&raquo;, afirm&oacute; el legislador, quien se comprometi&oacute; &hellip;","og_url":"https:\/\/periodicocentroccidente.com\/?p=5454","article_published_time":"2026-01-27T16:48:02+00:00","og_image":[{"width":1280,"height":720,"url":"https:\/\/periodicocentroccidente.com\/wp-content\/uploads\/2026\/01\/albin.jpg","type":"image\/jpeg"}],"author":"Ricardo","twitter_card":"summary_large_image","twitter_misc":{"Escrito por":"Ricardo","Tiempo de lectura":"1 minuto"},"schema":{"@context":"https:\/\/schema.org","@graph":[{"@type":"WebPage","@id":"https:\/\/periodicocentroccidente.com\/?p=5454","url":"https:\/\/periodicocentroccidente.com\/?p=5454","name":"Legislador Albin Alvarado particip\u00f3 en asamblea del poder popular en Santa Mar\u00eda -","isPartOf":{"@id":"https:\/\/periodicocentroccidente.com\/#website"},"primaryImageOfPage":{"@id":"https:\/\/periodicocentroccidente.com\/?p=5454#primaryimage"},"image":{"@id":"https:\/\/periodicocentroccidente.com\/?p=5454#primaryimage"},"thumbnailUrl":"https:\/\/periodicocentroccidente.com\/wp-content\/uploads\/2026\/01\/albin.jpg","datePublished":"2026-01-27T16:48:02+00:00","author":{"@id":"https:\/\/periodicocentroccidente.com\/#\/schema\/person\/f4e4a651098f3db198244657b7130e7e"},"breadcrumb":{"@id":"https:\/\/periodicocentroccidente.com\/?p=5454#breadcrumb"},"inLanguage":"es","potentialAction":[{"@type":"ReadAction","target":["https:\/\/periodicocentroccidente.com\/?p=5454"]}]},{"@type":"ImageObject","inLanguage":"es","@id":"https:\/\/periodicocentroccidente.com\/?p=5454#primaryimage","url":"https:\/\/periodicocentroccidente.com\/wp-content\/uploads\/2026\/01\/albin.jpg","contentUrl":"https:\/\/periodicocentroccidente.com\/wp-content\/uploads\/2026\/01\/albin.jpg","width":1280,"height":720},{"@type":"BreadcrumbList","@id":"https:\/\/periodicocentroccidente.com\/?p=5454#breadcrumb","itemListElement":[{"@type":"ListItem","position":1,"name":"Portada","item":"https:\/\/periodicocentroccidente.com\/"},{"@type":"ListItem","position":2,"name":"Legislador Albin Alvarado particip\u00f3 en asamblea del poder popular en Santa Mar\u00eda"}]},{"@type":"WebSite","@id":"https:\/\/periodicocentroccidente.com\/#website","url":"https:\/\/periodicocentroccidente.com\/","name":"","description":"Periodismo serio y responsable","potentialAction":[{"@type":"SearchAction","target":{"@type":"EntryPoint","urlTemplate":"https:\/\/periodicocentroccidente.com\/?s={search_term_string}"},"query-input":{"@type":"PropertyValueSpecification","valueRequired":true,"valueName":"search_term_string"}}],"inLanguage":"es"},{"@type":"Person","@id":"https:\/\/periodicocentroccidente.com\/#\/schema\/person\/f4e4a651098f3db198244657b7130e7e","name":"Ricardo","image":{"@type":"ImageObject","inLanguage":"es","@id":"https:\/\/periodicocentroccidente.com\/#\/schema\/person\/image\/","url":"https:\/\/secure.gravatar.com\/avatar\/402e6137108ec0fdaa7809184382fb1dd2f8b00264c1d945d341f2b8f90db429?s=96&d=mm&r=g","contentUrl":"https:\/\/secure.gravatar.com\/avatar\/402e6137108ec0fdaa7809184382fb1dd2f8b00264c1d945d341f2b8f90db429?s=96&d=mm&r=g","caption":"Ricardo"},"url":"https:\/\/periodicocentroccidente.com\/?author=2"}]}},"jetpack_featured_media_url":"https:\/\/periodicocentroccidente.com\/wp-content\/uploads\/2026\/01\/albin.jpg","jetpack_sharing_enabled":true,"jetpack-related-posts":[],"_links":{"self":[{"href":"https:\/\/periodicocentroccidente.com\/index.php?rest_route=\/wp\/v2\/posts\/5454","targetHints":{"allow":["GET"]}}],"collection":[{"href":"https:\/\/periodicocentroccidente.com\/index.php?rest_route=\/wp\/v2\/posts"}],"about":[{"href":"https:\/\/periodicocentroccidente.com\/index.php?rest_route=\/wp\/v2\/types\/post"}],"author":[{"embeddable":true,"href":"https:\/\/periodicocentroccidente.com\/index.php?rest_route=\/wp\/v2\/users\/2"}],"replies":[{"embeddable":true,"href":"https:\/\/periodicocentroccidente.com\/index.php?rest_route=%2Fwp%2Fv2%2Fcomments&post=5454"}],"version-history":[{"count":1,"href":"https:\/\/periodicocentroccidente.com\/index.php?rest_route=\/wp\/v2\/posts\/5454\/revisions"}],"predecessor-version":[{"id":5456,"href":"https:\/\/periodicocentroccidente.com\/index.php?rest_route=\/wp\/v2\/posts\/5454\/revisions\/5456"}],"wp:featuredmedia":[{"embeddable":true,"href":"https:\/\/periodicocentroccidente.com\/index.php?rest_route=\/wp\/v2\/media\/5455"}],"wp:attachment":[{"href":"https:\/\/periodicocentroccidente.com\/index.php?rest_route=%2Fwp%2Fv2%2Fmedia&parent=5454"}],"wp:term":[{"taxonomy":"category","embeddable":true,"href":"https:\/\/periodicocentroccidente.com\/index.php?rest_route=%2Fwp%2Fv2%2Fcategories&post=5454"},{"taxonomy":"post_tag","embeddable":true,"href":"https:\/\/periodicocentroccidente.com\/index.php?rest_route=%2Fwp%2Fv2%2Ftags&post=5454"}],"curies":[{"name":"wp","href":"https:\/\/api.w.org\/{rel}","templated":true}]}}