{"id":5408,"date":"2026-01-24T17:48:56","date_gmt":"2026-01-24T17:48:56","guid":{"rendered":"https:\/\/periodicocentroccidente.com\/?p=5408"},"modified":"2026-01-24T17:48:56","modified_gmt":"2026-01-24T17:48:56","slug":"movimiento-de-maestros-y-maestras-urdanetista-luis-beltran-prieto-figueroa-propone-para-portuguesa-y-a-nivel-nacional-las-innovadoras-comunidades-de-aprendizaje","status":"publish","type":"post","link":"https:\/\/periodicocentroccidente.com\/?p=5408","title":{"rendered":"Movimiento de Maestros y Maestras Urdanetista \u00abLuis Beltr\u00e1n Prieto Figueroa\u00bb propone para Portuguesa y a Nivel Nacional las innovadoras \u00abComunidades de Aprendizaje\u00bb"},"content":{"rendered":"<p><strong>Especial.-<\/strong><\/p>\n<div dir=\"auto\">\u00a0En el marco de la b\u00fasqueda de soluciones pedag\u00f3gicas innovadoras para fortalecer la educaci\u00f3n superior venezolana, la Coordinadora Regional del Movimiento de Maestros y Maestras Urdanetista \u00abLuis Beltr\u00e1n Prieto Figueroa\u00bb, doctora Gioskamary Karina Vargas M\u00e9ndez, present\u00f3 una propuesta acad\u00e9mica de vanguardia para el pr\u00f3ximo a\u00f1o 2026: la creaci\u00f3n de \u00abComunidades de Aprendizaje\u00bb dirigidas a los estudiantes del cuarto nivel de educaci\u00f3n universitaria.<\/div>\n<div dir=\"auto\"><\/div>\n<div dir=\"auto\">La iniciativa est\u00e1 dise\u00f1ada espec\u00edficamente Maestr\u00eda y Doctorado en Ciencias de la Educaci\u00f3n y Patrimonio Cultural, \u00e1reas consideradas estrat\u00e9gicas para el desarrollo nacional y la preservaci\u00f3n de la identidad.<\/div>\n<div dir=\"auto\"><\/div>\n<div dir=\"auto\"><strong>Una Propuesta Colaborativa y de Impacto Social<\/strong><\/div>\n<div dir=\"auto\"><\/div>\n<div dir=\"auto\">Seg\u00fan explic\u00f3 la doctora Vargas M\u00e9ndez, las \u00abComunidades de Aprendizaje\u00bb buscan trascender el modelo tradicional de aulas cerradas. \u00abProponemos un espacio de formaci\u00f3n permanente, colaborativo y vinculado directamente con el contexto social. No se trata solo de adquirir conocimiento te\u00f3rico, sino de generar un di\u00e1logo de saberes donde los doctorantes y mag\u00edsteres, junto a tutores, comunidades y especialistas, co-construyan soluciones aplicadas a los desaf\u00edos educativos y culturales de nuestro pa\u00eds\u00bb, se\u00f1al\u00f3 la coordinadora.<\/div>\n<div dir=\"auto\"><\/div>\n<div dir=\"auto\">El modelo se fundamenta en los principios del maestro Luis Beltr\u00e1n Prieto Figueroa, quien abogaba por una educaci\u00f3n democr\u00e1tica, popular y al servicio de la transformaci\u00f3n social.<\/div>\n<div dir=\"auto\"><\/div>\n<div dir=\"auto\"><strong>Objetivos Claves de las Comunidades de Aprendizaje:<\/strong><\/div>\n<div dir=\"auto\"><\/div>\n<div dir=\"auto\">1. Fortalecer la investigaci\u00f3n aplicada en educaci\u00f3n y patrimonio cultural, con proyectos directamente ligados a las necesidades locales y nacionales.<\/div>\n<div dir=\"auto\">2. Crear redes de conocimiento s\u00f3lidas entre estudiantes, profesores, instituciones y comunidades, rompiendo el aislamiento acad\u00e9mico.<\/div>\n<div dir=\"auto\">3. Promover la formaci\u00f3n de un docente-investigador comprometido con la preservaci\u00f3n, divulgaci\u00f3n y ense\u00f1anza del patrimonio cultural venezolano.<\/div>\n<div dir=\"auto\">4. Aportar respuestas concretas desde la academia a los retos del sistema educativo venezolano, en sinton\u00eda con la realidad nacional.<\/div>\n<div dir=\"auto\"><\/div>\n<div dir=\"auto\"><strong>Implementaci\u00f3n y Proyecci\u00f3n<\/strong><\/div>\n<div dir=\"auto\"><\/div>\n<div dir=\"auto\">La propuesta contempla una modalidad mixta (presencial y virtual) para garantizar la participaci\u00f3n a nivel nacional, aprovechando las experiencias y recursos patrimoniales de cada regi\u00f3n. Se plantea la firma de convenios con universidades, centros de investigaci\u00f3n, museos e instituciones culturales para servir como laboratorios y espacios de pr\u00e1ctica.<\/div>\n<div dir=\"auto\"><\/div>\n<div dir=\"auto\">\u00abConvocamos a todos los actores del sector educativo y cultural a sumarse a este proyecto. Es hora de repensar los postgrados en Venezuela como motores de cambio, desde una perspectiva comunitaria, cr\u00edtica y profundamente arraigada en nuestro patrimonio\u00bb, concluy\u00f3 la doctora Gioskamary Karina Vargas M\u00e9ndez.<\/div>\n<div dir=\"auto\"><\/div>\n<div dir=\"auto\"><\/div>\n","protected":false},"excerpt":{"rendered":"<p>Especial.- &nbsp;En el marco de la b&uacute;squeda de soluciones pedag&oacute;gicas innovadoras para fortalecer la educaci&oacute;n superior venezolana, la Coordinadora Regional del Movimiento de Maestros y Maestras Urdanetista &laquo;Luis Beltr&aacute;n Prieto Figueroa&raquo;, doctora Gioskamary Karina Vargas M&eacute;ndez, present&oacute; una propuesta acad&eacute;mica de vanguardia para el pr&oacute;ximo a&ntilde;o 2026: la creaci&oacute;n de &laquo;Comunidades de Aprendizaje&raquo; dirigidas a &hellip;<\/p>\n","protected":false},"author":2,"featured_media":5409,"comment_status":"open","ping_status":"open","sticky":false,"template":"","format":"standard","meta":{"_jetpack_memberships_contains_paid_content":false,"footnotes":""},"categories":[127],"tags":[],"class_list":["post-5408","post","type-post","status-publish","format-standard","has-post-thumbnail","hentry","category-noticias-recientes"],"yoast_head":"<!-- This site is optimized with the Yoast SEO plugin v24.8.1 - https:\/\/yoast.com\/wordpress\/plugins\/seo\/ -->\n<title>Movimiento de Maestros y Maestras Urdanetista &quot;Luis Beltr\u00e1n Prieto Figueroa&quot; propone para Portuguesa y a Nivel Nacional las innovadoras &quot;Comunidades de Aprendizaje&quot; -<\/title>\n<meta name=\"robots\" content=\"index, follow, max-snippet:-1, max-image-preview:large, max-video-preview:-1\" \/>\n<link rel=\"canonical\" href=\"https:\/\/periodicocentroccidente.com\/?p=5408\" \/>\n<meta property=\"og:locale\" content=\"es_ES\" \/>\n<meta property=\"og:type\" content=\"article\" \/>\n<meta property=\"og:title\" content=\"Movimiento de Maestros y Maestras Urdanetista &quot;Luis Beltr\u00e1n Prieto Figueroa&quot; propone para Portuguesa y a Nivel Nacional las innovadoras &quot;Comunidades de Aprendizaje&quot; -\" \/>\n<meta property=\"og:description\" content=\"Especial.- &nbsp;En el marco de la b&uacute;squeda de soluciones pedag&oacute;gicas innovadoras para fortalecer la educaci&oacute;n superior venezolana, la Coordinadora Regional del Movimiento de Maestros y Maestras Urdanetista &laquo;Luis Beltr&aacute;n Prieto Figueroa&raquo;, doctora Gioskamary Karina Vargas M&eacute;ndez, present&oacute; una propuesta acad&eacute;mica de vanguardia para el pr&oacute;ximo a&ntilde;o 2026: la creaci&oacute;n de &laquo;Comunidades de Aprendizaje&raquo; dirigidas a &hellip;\" \/>\n<meta property=\"og:url\" content=\"https:\/\/periodicocentroccidente.com\/?p=5408\" \/>\n<meta property=\"article:published_time\" content=\"2026-01-24T17:48:56+00:00\" \/>\n<meta property=\"og:image\" content=\"https:\/\/periodicocentroccidente.com\/wp-content\/uploads\/2026\/01\/unnamed.jpg\" \/>\n\t<meta property=\"og:image:width\" content=\"1080\" \/>\n\t<meta property=\"og:image:height\" content=\"923\" \/>\n\t<meta property=\"og:image:type\" content=\"image\/jpeg\" \/>\n<meta name=\"author\" content=\"Ricardo\" \/>\n<meta name=\"twitter:card\" content=\"summary_large_image\" \/>\n<meta name=\"twitter:label1\" content=\"Escrito por\" \/>\n\t<meta name=\"twitter:data1\" content=\"Ricardo\" \/>\n\t<meta name=\"twitter:label2\" content=\"Tiempo de lectura\" \/>\n\t<meta name=\"twitter:data2\" content=\"2 minutos\" \/>\n<script type=\"application\/ld+json\" class=\"yoast-schema-graph\">{\"@context\":\"https:\/\/schema.org\",\"@graph\":[{\"@type\":\"WebPage\",\"@id\":\"https:\/\/periodicocentroccidente.com\/?p=5408\",\"url\":\"https:\/\/periodicocentroccidente.com\/?p=5408\",\"name\":\"Movimiento de Maestros y Maestras Urdanetista \\\"Luis Beltr\u00e1n Prieto Figueroa\\\" propone para Portuguesa y a Nivel Nacional las innovadoras \\\"Comunidades de Aprendizaje\\\" -\",\"isPartOf\":{\"@id\":\"https:\/\/periodicocentroccidente.com\/#website\"},\"primaryImageOfPage\":{\"@id\":\"https:\/\/periodicocentroccidente.com\/?p=5408#primaryimage\"},\"image\":{\"@id\":\"https:\/\/periodicocentroccidente.com\/?p=5408#primaryimage\"},\"thumbnailUrl\":\"https:\/\/periodicocentroccidente.com\/wp-content\/uploads\/2026\/01\/unnamed.jpg\",\"datePublished\":\"2026-01-24T17:48:56+00:00\",\"author\":{\"@id\":\"https:\/\/periodicocentroccidente.com\/#\/schema\/person\/f4e4a651098f3db198244657b7130e7e\"},\"breadcrumb\":{\"@id\":\"https:\/\/periodicocentroccidente.com\/?p=5408#breadcrumb\"},\"inLanguage\":\"es\",\"potentialAction\":[{\"@type\":\"ReadAction\",\"target\":[\"https:\/\/periodicocentroccidente.com\/?p=5408\"]}]},{\"@type\":\"ImageObject\",\"inLanguage\":\"es\",\"@id\":\"https:\/\/periodicocentroccidente.com\/?p=5408#primaryimage\",\"url\":\"https:\/\/periodicocentroccidente.com\/wp-content\/uploads\/2026\/01\/unnamed.jpg\",\"contentUrl\":\"https:\/\/periodicocentroccidente.com\/wp-content\/uploads\/2026\/01\/unnamed.jpg\",\"width\":1080,\"height\":923},{\"@type\":\"BreadcrumbList\",\"@id\":\"https:\/\/periodicocentroccidente.com\/?p=5408#breadcrumb\",\"itemListElement\":[{\"@type\":\"ListItem\",\"position\":1,\"name\":\"Portada\",\"item\":\"https:\/\/periodicocentroccidente.com\/\"},{\"@type\":\"ListItem\",\"position\":2,\"name\":\"Movimiento de Maestros y Maestras Urdanetista \u00abLuis Beltr\u00e1n Prieto Figueroa\u00bb propone para Portuguesa y a Nivel Nacional las innovadoras \u00abComunidades de Aprendizaje\u00bb\"}]},{\"@type\":\"WebSite\",\"@id\":\"https:\/\/periodicocentroccidente.com\/#website\",\"url\":\"https:\/\/periodicocentroccidente.com\/\",\"name\":\"\",\"description\":\"Periodismo serio y responsable\",\"potentialAction\":[{\"@type\":\"SearchAction\",\"target\":{\"@type\":\"EntryPoint\",\"urlTemplate\":\"https:\/\/periodicocentroccidente.com\/?s={search_term_string}\"},\"query-input\":{\"@type\":\"PropertyValueSpecification\",\"valueRequired\":true,\"valueName\":\"search_term_string\"}}],\"inLanguage\":\"es\"},{\"@type\":\"Person\",\"@id\":\"https:\/\/periodicocentroccidente.com\/#\/schema\/person\/f4e4a651098f3db198244657b7130e7e\",\"name\":\"Ricardo\",\"image\":{\"@type\":\"ImageObject\",\"inLanguage\":\"es\",\"@id\":\"https:\/\/periodicocentroccidente.com\/#\/schema\/person\/image\/\",\"url\":\"https:\/\/secure.gravatar.com\/avatar\/402e6137108ec0fdaa7809184382fb1dd2f8b00264c1d945d341f2b8f90db429?s=96&d=mm&r=g\",\"contentUrl\":\"https:\/\/secure.gravatar.com\/avatar\/402e6137108ec0fdaa7809184382fb1dd2f8b00264c1d945d341f2b8f90db429?s=96&d=mm&r=g\",\"caption\":\"Ricardo\"},\"url\":\"https:\/\/periodicocentroccidente.com\/?author=2\"}]}<\/script>\n<!-- \/ Yoast SEO plugin. -->","yoast_head_json":{"title":"Movimiento de Maestros y Maestras Urdanetista \"Luis Beltr\u00e1n Prieto Figueroa\" propone para Portuguesa y a Nivel Nacional las innovadoras \"Comunidades de Aprendizaje\" -","robots":{"index":"index","follow":"follow","max-snippet":"max-snippet:-1","max-image-preview":"max-image-preview:large","max-video-preview":"max-video-preview:-1"},"canonical":"https:\/\/periodicocentroccidente.com\/?p=5408","og_locale":"es_ES","og_type":"article","og_title":"Movimiento de Maestros y Maestras Urdanetista \"Luis Beltr\u00e1n Prieto Figueroa\" propone para Portuguesa y a Nivel Nacional las innovadoras \"Comunidades de Aprendizaje\" -","og_description":"Especial.- &nbsp;En el marco de la b&uacute;squeda de soluciones pedag&oacute;gicas innovadoras para fortalecer la educaci&oacute;n superior venezolana, la Coordinadora Regional del Movimiento de Maestros y Maestras Urdanetista &laquo;Luis Beltr&aacute;n Prieto Figueroa&raquo;, doctora Gioskamary Karina Vargas M&eacute;ndez, present&oacute; una propuesta acad&eacute;mica de vanguardia para el pr&oacute;ximo a&ntilde;o 2026: la creaci&oacute;n de &laquo;Comunidades de Aprendizaje&raquo; dirigidas a &hellip;","og_url":"https:\/\/periodicocentroccidente.com\/?p=5408","article_published_time":"2026-01-24T17:48:56+00:00","og_image":[{"width":1080,"height":923,"url":"https:\/\/periodicocentroccidente.com\/wp-content\/uploads\/2026\/01\/unnamed.jpg","type":"image\/jpeg"}],"author":"Ricardo","twitter_card":"summary_large_image","twitter_misc":{"Escrito por":"Ricardo","Tiempo de lectura":"2 minutos"},"schema":{"@context":"https:\/\/schema.org","@graph":[{"@type":"WebPage","@id":"https:\/\/periodicocentroccidente.com\/?p=5408","url":"https:\/\/periodicocentroccidente.com\/?p=5408","name":"Movimiento de Maestros y Maestras Urdanetista \"Luis Beltr\u00e1n Prieto Figueroa\" propone para Portuguesa y a Nivel Nacional las innovadoras \"Comunidades de Aprendizaje\" -","isPartOf":{"@id":"https:\/\/periodicocentroccidente.com\/#website"},"primaryImageOfPage":{"@id":"https:\/\/periodicocentroccidente.com\/?p=5408#primaryimage"},"image":{"@id":"https:\/\/periodicocentroccidente.com\/?p=5408#primaryimage"},"thumbnailUrl":"https:\/\/periodicocentroccidente.com\/wp-content\/uploads\/2026\/01\/unnamed.jpg","datePublished":"2026-01-24T17:48:56+00:00","author":{"@id":"https:\/\/periodicocentroccidente.com\/#\/schema\/person\/f4e4a651098f3db198244657b7130e7e"},"breadcrumb":{"@id":"https:\/\/periodicocentroccidente.com\/?p=5408#breadcrumb"},"inLanguage":"es","potentialAction":[{"@type":"ReadAction","target":["https:\/\/periodicocentroccidente.com\/?p=5408"]}]},{"@type":"ImageObject","inLanguage":"es","@id":"https:\/\/periodicocentroccidente.com\/?p=5408#primaryimage","url":"https:\/\/periodicocentroccidente.com\/wp-content\/uploads\/2026\/01\/unnamed.jpg","contentUrl":"https:\/\/periodicocentroccidente.com\/wp-content\/uploads\/2026\/01\/unnamed.jpg","width":1080,"height":923},{"@type":"BreadcrumbList","@id":"https:\/\/periodicocentroccidente.com\/?p=5408#breadcrumb","itemListElement":[{"@type":"ListItem","position":1,"name":"Portada","item":"https:\/\/periodicocentroccidente.com\/"},{"@type":"ListItem","position":2,"name":"Movimiento de Maestros y Maestras Urdanetista \u00abLuis Beltr\u00e1n Prieto Figueroa\u00bb propone para Portuguesa y a Nivel Nacional las innovadoras \u00abComunidades de Aprendizaje\u00bb"}]},{"@type":"WebSite","@id":"https:\/\/periodicocentroccidente.com\/#website","url":"https:\/\/periodicocentroccidente.com\/","name":"","description":"Periodismo serio y responsable","potentialAction":[{"@type":"SearchAction","target":{"@type":"EntryPoint","urlTemplate":"https:\/\/periodicocentroccidente.com\/?s={search_term_string}"},"query-input":{"@type":"PropertyValueSpecification","valueRequired":true,"valueName":"search_term_string"}}],"inLanguage":"es"},{"@type":"Person","@id":"https:\/\/periodicocentroccidente.com\/#\/schema\/person\/f4e4a651098f3db198244657b7130e7e","name":"Ricardo","image":{"@type":"ImageObject","inLanguage":"es","@id":"https:\/\/periodicocentroccidente.com\/#\/schema\/person\/image\/","url":"https:\/\/secure.gravatar.com\/avatar\/402e6137108ec0fdaa7809184382fb1dd2f8b00264c1d945d341f2b8f90db429?s=96&d=mm&r=g","contentUrl":"https:\/\/secure.gravatar.com\/avatar\/402e6137108ec0fdaa7809184382fb1dd2f8b00264c1d945d341f2b8f90db429?s=96&d=mm&r=g","caption":"Ricardo"},"url":"https:\/\/periodicocentroccidente.com\/?author=2"}]}},"jetpack_featured_media_url":"https:\/\/periodicocentroccidente.com\/wp-content\/uploads\/2026\/01\/unnamed.jpg","jetpack_sharing_enabled":true,"jetpack-related-posts":[],"_links":{"self":[{"href":"https:\/\/periodicocentroccidente.com\/index.php?rest_route=\/wp\/v2\/posts\/5408","targetHints":{"allow":["GET"]}}],"collection":[{"href":"https:\/\/periodicocentroccidente.com\/index.php?rest_route=\/wp\/v2\/posts"}],"about":[{"href":"https:\/\/periodicocentroccidente.com\/index.php?rest_route=\/wp\/v2\/types\/post"}],"author":[{"embeddable":true,"href":"https:\/\/periodicocentroccidente.com\/index.php?rest_route=\/wp\/v2\/users\/2"}],"replies":[{"embeddable":true,"href":"https:\/\/periodicocentroccidente.com\/index.php?rest_route=%2Fwp%2Fv2%2Fcomments&post=5408"}],"version-history":[{"count":1,"href":"https:\/\/periodicocentroccidente.com\/index.php?rest_route=\/wp\/v2\/posts\/5408\/revisions"}],"predecessor-version":[{"id":5410,"href":"https:\/\/periodicocentroccidente.com\/index.php?rest_route=\/wp\/v2\/posts\/5408\/revisions\/5410"}],"wp:featuredmedia":[{"embeddable":true,"href":"https:\/\/periodicocentroccidente.com\/index.php?rest_route=\/wp\/v2\/media\/5409"}],"wp:attachment":[{"href":"https:\/\/periodicocentroccidente.com\/index.php?rest_route=%2Fwp%2Fv2%2Fmedia&parent=5408"}],"wp:term":[{"taxonomy":"category","embeddable":true,"href":"https:\/\/periodicocentroccidente.com\/index.php?rest_route=%2Fwp%2Fv2%2Fcategories&post=5408"},{"taxonomy":"post_tag","embeddable":true,"href":"https:\/\/periodicocentroccidente.com\/index.php?rest_route=%2Fwp%2Fv2%2Ftags&post=5408"}],"curies":[{"name":"wp","href":"https:\/\/api.w.org\/{rel}","templated":true}]}}