{"id":5401,"date":"2026-01-24T17:19:09","date_gmt":"2026-01-24T17:19:09","guid":{"rendered":"https:\/\/periodicocentroccidente.com\/?p=5401"},"modified":"2026-01-24T17:19:09","modified_gmt":"2026-01-24T17:19:09","slug":"sucre-rinde-tributo-al-magisterio-una-semana-de-compromiso-etico-y-renovacion-educativa","status":"publish","type":"post","link":"https:\/\/periodicocentroccidente.com\/?p=5401","title":{"rendered":"Sucre rinde tributo al Magisterio: Una semana de compromiso \u00e9tico y renovaci\u00f3n educativa"},"content":{"rendered":"<p><strong>Especial.-<\/strong><\/p>\n<p>Bajo la visi\u00f3n estrat\u00e9gica del Gobernador Luis Caldera y la Secretar\u00eda Regional de Educaci\u00f3n, el municipio celebr\u00f3 por todo lo alto el D\u00eda del Educador, reafirmando el papel del docente como pilar fundamental de la transformaci\u00f3n social.<\/p>\n<p><strong>Vanguardia Pedag\u00f3gica y Sentido de Pertenencia<\/strong><br \/>\nEl municipio Sucre se visti\u00f3 de gala para conmemorar la Semana del Educador, una jornada que trascendi\u00f3 lo festivo para convertirse en un espacio de reivindicaci\u00f3n de la labor docente.<br \/>\nSiguiendo las directrices del Territorio Educativo Zuliano (TEZ), las actividades integraron el civismo, la cultura y la institucionalidad en un despliegue que honr\u00f3 a quienes forjan el futuro de la naci\u00f3n.<br \/>\nLa agenda inici\u00f3 con el ritmo y la disciplina de la Banda Show San Isidro, marcando el paso de un desfile que culmin\u00f3 con la elecci\u00f3n de la Novia del Magisterio. \u00c1lvaro Cubill\u00e1n, coordinador del TEZ en la jurisdicci\u00f3n, destac\u00f3 que este agasajo es un acto de justicia:<br \/>\n\u00abHonramos a nuestros docentes, arquitectos del saber, por su loable e inquebrantable labor de formar a la generaci\u00f3n de relevo\u00bb.<\/p>\n<p><strong>Unidad Institucional: El Concejo Municipal sesion\u00f3 por la Educaci\u00f3n<\/strong><br \/>\n\u200bEl punto \u00e1lgido de la celebraci\u00f3n tuvo lugar en el Concejo Municipal Bolivariano de Sucre, donde una Sesi\u00f3n Solemne unific\u00f3 a los sectores nacional, estadal y municipal. El acto estuvo encabezado por la presidenta del cuerpo legislativo, Zulma Mu\u00f1oz, junto al alcalde Yonys Gonz\u00e1lez y el diputado a la Asamblea Nacional, Jos\u00e9 Luis Araujo.<br \/>\nLa Profa. Ciria M\u00e9ndez, designada Oradora de Orden, conmovi\u00f3 al auditorio con un discurso centrado en la m\u00edstica profesional. \u00abEste reconocimiento es un tributo colectivo a los hombres y mujeres que, con amor y \u00e9tica, sirven a Venezuela desde las aulas\u00bb, sentenci\u00f3 M\u00e9ndez entre aplausos.<\/p>\n<p><strong>M\u00e9rito y Excelencia:<\/strong><br \/>\nEdgar Mar\u00edn, Hijo Ilustre de Sucre<br \/>\n\u200bLa solemnidad dio paso al reconocimiento de la trayectoria. La Presidenta del Concejo, Zulma Mu\u00f1oz, exhort\u00f3 al gremio a mantener la resiliencia y \u00abtemplar el alma ante los desaf\u00edos\u00bb, mientras que el alcalde Yonys Gonz\u00e1lez proyect\u00f3 una visi\u00f3n optimista: \u00abLa educaci\u00f3n entra en una nueva etapa de esperanza; este gremio ha vuelto a so\u00f1ar y a construir\u00bb.<br \/>\n\u200bEl momento de mayor trascendencia institucional fue la imposici\u00f3n de la Orden Luis Beltr\u00e1n Prieto Figueroa en su \u00danica Clase al Profesor Edgar Mar\u00edn, quien adem\u00e1s fue distinguido con la declaratoria de Hijo Ilustre del Municipio Sucre, un reconocimiento a una vida dedicada a la excelencia acad\u00e9mica y la formaci\u00f3n ciudadana.<\/p>\n<p><strong>Luis Alonso Cede\u00f1o\/ Panamericana y Sur del Lago.\u00a0<\/strong><\/p>\n<p><img loading=\"lazy\" decoding=\"async\" class=\"alignnone size-medium wp-image-5402\" src=\"https:\/\/periodicocentroccidente.com\/wp-content\/uploads\/2026\/01\/1002747551-300x300.jpg\" alt=\"\" width=\"300\" height=\"300\" srcset=\"https:\/\/periodicocentroccidente.com\/wp-content\/uploads\/2026\/01\/1002747551-300x300.jpg 300w, https:\/\/periodicocentroccidente.com\/wp-content\/uploads\/2026\/01\/1002747551-150x150.jpg 150w, https:\/\/periodicocentroccidente.com\/wp-content\/uploads\/2026\/01\/1002747551.jpg 720w\" sizes=\"auto, (max-width: 300px) 100vw, 300px\" \/>\u00a0 \u00a0 \u00a0 <img loading=\"lazy\" decoding=\"async\" class=\"alignnone size-medium wp-image-5403\" src=\"https:\/\/periodicocentroccidente.com\/wp-content\/uploads\/2026\/01\/1002747552-300x300.jpg\" alt=\"\" width=\"300\" height=\"300\" srcset=\"https:\/\/periodicocentroccidente.com\/wp-content\/uploads\/2026\/01\/1002747552-300x300.jpg 300w, https:\/\/periodicocentroccidente.com\/wp-content\/uploads\/2026\/01\/1002747552-150x150.jpg 150w, https:\/\/periodicocentroccidente.com\/wp-content\/uploads\/2026\/01\/1002747552.jpg 720w\" sizes=\"auto, (max-width: 300px) 100vw, 300px\" \/><\/p>\n","protected":false},"excerpt":{"rendered":"<p>Especial.- Bajo la visi&oacute;n estrat&eacute;gica del Gobernador Luis Caldera y la Secretar&iacute;a Regional de Educaci&oacute;n, el municipio celebr&oacute; por todo lo alto el D&iacute;a del Educador, reafirmando el papel del docente como pilar fundamental de la transformaci&oacute;n social. Vanguardia Pedag&oacute;gica y Sentido de Pertenencia El municipio Sucre se visti&oacute; de gala para conmemorar la Semana &hellip;<\/p>\n","protected":false},"author":2,"featured_media":5404,"comment_status":"open","ping_status":"open","sticky":false,"template":"","format":"standard","meta":{"_jetpack_memberships_contains_paid_content":false,"footnotes":""},"categories":[127],"tags":[],"class_list":["post-5401","post","type-post","status-publish","format-standard","has-post-thumbnail","hentry","category-noticias-recientes"],"yoast_head":"<!-- This site is optimized with the Yoast SEO plugin v24.8.1 - https:\/\/yoast.com\/wordpress\/plugins\/seo\/ -->\n<title>Sucre rinde tributo al Magisterio: Una semana de compromiso \u00e9tico y renovaci\u00f3n educativa -<\/title>\n<meta name=\"robots\" content=\"index, follow, max-snippet:-1, max-image-preview:large, max-video-preview:-1\" \/>\n<link rel=\"canonical\" href=\"https:\/\/periodicocentroccidente.com\/?p=5401\" \/>\n<meta property=\"og:locale\" content=\"es_ES\" \/>\n<meta property=\"og:type\" content=\"article\" \/>\n<meta property=\"og:title\" content=\"Sucre rinde tributo al Magisterio: Una semana de compromiso \u00e9tico y renovaci\u00f3n educativa -\" \/>\n<meta property=\"og:description\" content=\"Especial.- Bajo la visi&oacute;n estrat&eacute;gica del Gobernador Luis Caldera y la Secretar&iacute;a Regional de Educaci&oacute;n, el municipio celebr&oacute; por todo lo alto el D&iacute;a del Educador, reafirmando el papel del docente como pilar fundamental de la transformaci&oacute;n social. Vanguardia Pedag&oacute;gica y Sentido de Pertenencia El municipio Sucre se visti&oacute; de gala para conmemorar la Semana &hellip;\" \/>\n<meta property=\"og:url\" content=\"https:\/\/periodicocentroccidente.com\/?p=5401\" \/>\n<meta property=\"article:published_time\" content=\"2026-01-24T17:19:09+00:00\" \/>\n<meta property=\"og:image\" content=\"https:\/\/periodicocentroccidente.com\/wp-content\/uploads\/2026\/01\/1002747553.jpg\" \/>\n\t<meta property=\"og:image:width\" content=\"720\" \/>\n\t<meta property=\"og:image:height\" content=\"720\" \/>\n\t<meta property=\"og:image:type\" content=\"image\/jpeg\" \/>\n<meta name=\"author\" content=\"Ricardo\" \/>\n<meta name=\"twitter:card\" content=\"summary_large_image\" \/>\n<meta name=\"twitter:label1\" content=\"Escrito por\" \/>\n\t<meta name=\"twitter:data1\" content=\"Ricardo\" \/>\n\t<meta name=\"twitter:label2\" content=\"Tiempo de lectura\" \/>\n\t<meta name=\"twitter:data2\" content=\"3 minutos\" \/>\n<script type=\"application\/ld+json\" class=\"yoast-schema-graph\">{\"@context\":\"https:\/\/schema.org\",\"@graph\":[{\"@type\":\"WebPage\",\"@id\":\"https:\/\/periodicocentroccidente.com\/?p=5401\",\"url\":\"https:\/\/periodicocentroccidente.com\/?p=5401\",\"name\":\"Sucre rinde tributo al Magisterio: Una semana de compromiso \u00e9tico y renovaci\u00f3n educativa -\",\"isPartOf\":{\"@id\":\"https:\/\/periodicocentroccidente.com\/#website\"},\"primaryImageOfPage\":{\"@id\":\"https:\/\/periodicocentroccidente.com\/?p=5401#primaryimage\"},\"image\":{\"@id\":\"https:\/\/periodicocentroccidente.com\/?p=5401#primaryimage\"},\"thumbnailUrl\":\"https:\/\/periodicocentroccidente.com\/wp-content\/uploads\/2026\/01\/1002747553.jpg\",\"datePublished\":\"2026-01-24T17:19:09+00:00\",\"author\":{\"@id\":\"https:\/\/periodicocentroccidente.com\/#\/schema\/person\/f4e4a651098f3db198244657b7130e7e\"},\"breadcrumb\":{\"@id\":\"https:\/\/periodicocentroccidente.com\/?p=5401#breadcrumb\"},\"inLanguage\":\"es\",\"potentialAction\":[{\"@type\":\"ReadAction\",\"target\":[\"https:\/\/periodicocentroccidente.com\/?p=5401\"]}]},{\"@type\":\"ImageObject\",\"inLanguage\":\"es\",\"@id\":\"https:\/\/periodicocentroccidente.com\/?p=5401#primaryimage\",\"url\":\"https:\/\/periodicocentroccidente.com\/wp-content\/uploads\/2026\/01\/1002747553.jpg\",\"contentUrl\":\"https:\/\/periodicocentroccidente.com\/wp-content\/uploads\/2026\/01\/1002747553.jpg\",\"width\":720,\"height\":720},{\"@type\":\"BreadcrumbList\",\"@id\":\"https:\/\/periodicocentroccidente.com\/?p=5401#breadcrumb\",\"itemListElement\":[{\"@type\":\"ListItem\",\"position\":1,\"name\":\"Portada\",\"item\":\"https:\/\/periodicocentroccidente.com\/\"},{\"@type\":\"ListItem\",\"position\":2,\"name\":\"Sucre rinde tributo al Magisterio: Una semana de compromiso \u00e9tico y renovaci\u00f3n educativa\"}]},{\"@type\":\"WebSite\",\"@id\":\"https:\/\/periodicocentroccidente.com\/#website\",\"url\":\"https:\/\/periodicocentroccidente.com\/\",\"name\":\"\",\"description\":\"Periodismo serio y responsable\",\"potentialAction\":[{\"@type\":\"SearchAction\",\"target\":{\"@type\":\"EntryPoint\",\"urlTemplate\":\"https:\/\/periodicocentroccidente.com\/?s={search_term_string}\"},\"query-input\":{\"@type\":\"PropertyValueSpecification\",\"valueRequired\":true,\"valueName\":\"search_term_string\"}}],\"inLanguage\":\"es\"},{\"@type\":\"Person\",\"@id\":\"https:\/\/periodicocentroccidente.com\/#\/schema\/person\/f4e4a651098f3db198244657b7130e7e\",\"name\":\"Ricardo\",\"image\":{\"@type\":\"ImageObject\",\"inLanguage\":\"es\",\"@id\":\"https:\/\/periodicocentroccidente.com\/#\/schema\/person\/image\/\",\"url\":\"https:\/\/secure.gravatar.com\/avatar\/402e6137108ec0fdaa7809184382fb1dd2f8b00264c1d945d341f2b8f90db429?s=96&d=mm&r=g\",\"contentUrl\":\"https:\/\/secure.gravatar.com\/avatar\/402e6137108ec0fdaa7809184382fb1dd2f8b00264c1d945d341f2b8f90db429?s=96&d=mm&r=g\",\"caption\":\"Ricardo\"},\"url\":\"https:\/\/periodicocentroccidente.com\/?author=2\"}]}<\/script>\n<!-- \/ Yoast SEO plugin. -->","yoast_head_json":{"title":"Sucre rinde tributo al Magisterio: Una semana de compromiso \u00e9tico y renovaci\u00f3n educativa -","robots":{"index":"index","follow":"follow","max-snippet":"max-snippet:-1","max-image-preview":"max-image-preview:large","max-video-preview":"max-video-preview:-1"},"canonical":"https:\/\/periodicocentroccidente.com\/?p=5401","og_locale":"es_ES","og_type":"article","og_title":"Sucre rinde tributo al Magisterio: Una semana de compromiso \u00e9tico y renovaci\u00f3n educativa -","og_description":"Especial.- Bajo la visi&oacute;n estrat&eacute;gica del Gobernador Luis Caldera y la Secretar&iacute;a Regional de Educaci&oacute;n, el municipio celebr&oacute; por todo lo alto el D&iacute;a del Educador, reafirmando el papel del docente como pilar fundamental de la transformaci&oacute;n social. Vanguardia Pedag&oacute;gica y Sentido de Pertenencia El municipio Sucre se visti&oacute; de gala para conmemorar la Semana &hellip;","og_url":"https:\/\/periodicocentroccidente.com\/?p=5401","article_published_time":"2026-01-24T17:19:09+00:00","og_image":[{"width":720,"height":720,"url":"https:\/\/periodicocentroccidente.com\/wp-content\/uploads\/2026\/01\/1002747553.jpg","type":"image\/jpeg"}],"author":"Ricardo","twitter_card":"summary_large_image","twitter_misc":{"Escrito por":"Ricardo","Tiempo de lectura":"3 minutos"},"schema":{"@context":"https:\/\/schema.org","@graph":[{"@type":"WebPage","@id":"https:\/\/periodicocentroccidente.com\/?p=5401","url":"https:\/\/periodicocentroccidente.com\/?p=5401","name":"Sucre rinde tributo al Magisterio: Una semana de compromiso \u00e9tico y renovaci\u00f3n educativa -","isPartOf":{"@id":"https:\/\/periodicocentroccidente.com\/#website"},"primaryImageOfPage":{"@id":"https:\/\/periodicocentroccidente.com\/?p=5401#primaryimage"},"image":{"@id":"https:\/\/periodicocentroccidente.com\/?p=5401#primaryimage"},"thumbnailUrl":"https:\/\/periodicocentroccidente.com\/wp-content\/uploads\/2026\/01\/1002747553.jpg","datePublished":"2026-01-24T17:19:09+00:00","author":{"@id":"https:\/\/periodicocentroccidente.com\/#\/schema\/person\/f4e4a651098f3db198244657b7130e7e"},"breadcrumb":{"@id":"https:\/\/periodicocentroccidente.com\/?p=5401#breadcrumb"},"inLanguage":"es","potentialAction":[{"@type":"ReadAction","target":["https:\/\/periodicocentroccidente.com\/?p=5401"]}]},{"@type":"ImageObject","inLanguage":"es","@id":"https:\/\/periodicocentroccidente.com\/?p=5401#primaryimage","url":"https:\/\/periodicocentroccidente.com\/wp-content\/uploads\/2026\/01\/1002747553.jpg","contentUrl":"https:\/\/periodicocentroccidente.com\/wp-content\/uploads\/2026\/01\/1002747553.jpg","width":720,"height":720},{"@type":"BreadcrumbList","@id":"https:\/\/periodicocentroccidente.com\/?p=5401#breadcrumb","itemListElement":[{"@type":"ListItem","position":1,"name":"Portada","item":"https:\/\/periodicocentroccidente.com\/"},{"@type":"ListItem","position":2,"name":"Sucre rinde tributo al Magisterio: Una semana de compromiso \u00e9tico y renovaci\u00f3n educativa"}]},{"@type":"WebSite","@id":"https:\/\/periodicocentroccidente.com\/#website","url":"https:\/\/periodicocentroccidente.com\/","name":"","description":"Periodismo serio y responsable","potentialAction":[{"@type":"SearchAction","target":{"@type":"EntryPoint","urlTemplate":"https:\/\/periodicocentroccidente.com\/?s={search_term_string}"},"query-input":{"@type":"PropertyValueSpecification","valueRequired":true,"valueName":"search_term_string"}}],"inLanguage":"es"},{"@type":"Person","@id":"https:\/\/periodicocentroccidente.com\/#\/schema\/person\/f4e4a651098f3db198244657b7130e7e","name":"Ricardo","image":{"@type":"ImageObject","inLanguage":"es","@id":"https:\/\/periodicocentroccidente.com\/#\/schema\/person\/image\/","url":"https:\/\/secure.gravatar.com\/avatar\/402e6137108ec0fdaa7809184382fb1dd2f8b00264c1d945d341f2b8f90db429?s=96&d=mm&r=g","contentUrl":"https:\/\/secure.gravatar.com\/avatar\/402e6137108ec0fdaa7809184382fb1dd2f8b00264c1d945d341f2b8f90db429?s=96&d=mm&r=g","caption":"Ricardo"},"url":"https:\/\/periodicocentroccidente.com\/?author=2"}]}},"jetpack_featured_media_url":"https:\/\/periodicocentroccidente.com\/wp-content\/uploads\/2026\/01\/1002747553.jpg","jetpack_sharing_enabled":true,"jetpack-related-posts":[],"_links":{"self":[{"href":"https:\/\/periodicocentroccidente.com\/index.php?rest_route=\/wp\/v2\/posts\/5401","targetHints":{"allow":["GET"]}}],"collection":[{"href":"https:\/\/periodicocentroccidente.com\/index.php?rest_route=\/wp\/v2\/posts"}],"about":[{"href":"https:\/\/periodicocentroccidente.com\/index.php?rest_route=\/wp\/v2\/types\/post"}],"author":[{"embeddable":true,"href":"https:\/\/periodicocentroccidente.com\/index.php?rest_route=\/wp\/v2\/users\/2"}],"replies":[{"embeddable":true,"href":"https:\/\/periodicocentroccidente.com\/index.php?rest_route=%2Fwp%2Fv2%2Fcomments&post=5401"}],"version-history":[{"count":1,"href":"https:\/\/periodicocentroccidente.com\/index.php?rest_route=\/wp\/v2\/posts\/5401\/revisions"}],"predecessor-version":[{"id":5405,"href":"https:\/\/periodicocentroccidente.com\/index.php?rest_route=\/wp\/v2\/posts\/5401\/revisions\/5405"}],"wp:featuredmedia":[{"embeddable":true,"href":"https:\/\/periodicocentroccidente.com\/index.php?rest_route=\/wp\/v2\/media\/5404"}],"wp:attachment":[{"href":"https:\/\/periodicocentroccidente.com\/index.php?rest_route=%2Fwp%2Fv2%2Fmedia&parent=5401"}],"wp:term":[{"taxonomy":"category","embeddable":true,"href":"https:\/\/periodicocentroccidente.com\/index.php?rest_route=%2Fwp%2Fv2%2Fcategories&post=5401"},{"taxonomy":"post_tag","embeddable":true,"href":"https:\/\/periodicocentroccidente.com\/index.php?rest_route=%2Fwp%2Fv2%2Ftags&post=5401"}],"curies":[{"name":"wp","href":"https:\/\/api.w.org\/{rel}","templated":true}]}}